{"id":10241,"date":"2023-06-06T15:41:13","date_gmt":"2023-06-06T18:41:13","guid":{"rendered":"https:\/\/www.acordocerto.com.br\/?p=10241"},"modified":"2024-03-07T12:03:52","modified_gmt":"2024-03-07T15:03:52","slug":"beneficio-de-prestacao-continuada","status":"publish","type":"post","link":"https:\/\/www.acordocerto.com.br\/blog\/beneficio-de-prestacao-continuada\/","title":{"rendered":"Benef\u00edcio de Presta\u00e7\u00e3o Continuada: O que \u00e9, quem tem direito e como conseguir\u00a0"},"content":{"rendered":"\n<p>Viver em uma sociedade que valoriza a inclus\u00e3o e o cuidado com o pr\u00f3ximo \u00e9 um ideal que buscamos constantemente. E uma das formas de promover essa inclus\u00e3o \u00e9 atrav\u00e9s do Benef\u00edcio de Presta\u00e7\u00e3o Continuada (BPC), um importante recurso principalmente para idosos e pessoas com defici\u00eancias. &nbsp;<\/p>\n\n\n\n<p class=\"has-text-align-center\"><\/p>\n\n\n\n<div class=\"cta-btn-block\">\n  <a class=\"cta-btn\" href=\"https:\/\/app.acordocerto.com.br\/login?utm_source=blog&amp;utm_medium=acordocerto&amp;utm_term=cta-post\" target=\"_blank\">Consulte seu CPF<\/a>\n<\/div>\n\n\n\n<p>De acordo com o site Desenvolvimento Social SP, em mar\u00e7o de 2022 eram quase 800 mil benefici\u00e1rios do BPC s\u00f3 em S\u00e3o Paulo! Ao todo, s\u00e3o mais de 4,7 milh\u00f5es de benefici\u00e1rios no Brasil de segundo o site <a href=\"https:\/\/portaldatransparencia.gov.br\/comunicados\/603478-portal-da-transparencia-divulga-gastos-com-beneficio-de-prestacao-continuada-bpc\" target=\"_blank\" rel=\"noreferrer noopener\">Portal da Transpar\u00eancia GOV<\/a>. &nbsp;<\/p>\n\n\n\n<p>\u00c9 por isso que no conte\u00fado de hoje vamos explorar o&nbsp;que \u00e9 o Benef\u00edcio de Presta\u00e7\u00e3o Continuada, quem tem direito a ele e as condi\u00e7\u00f5es necess\u00e1rias para pedir e garantir a aprova\u00e7\u00e3o. &nbsp;<\/p>\n\n\n\n\n\n<h2 class=\"wp-block-heading\"><strong>O que \u00e9 Benef\u00edcio de Presta\u00e7\u00e3o Continuada?&nbsp;<\/strong><\/h2>\n\n\n\n<p>O Benef\u00edcio de Presta\u00e7\u00e3o Continuada (BPC) \u00e9 um aux\u00edlio assistencial que paga um <a href=\"https:\/\/www.acordocerto.com.br\/blog\/salario-minimo\/\" target=\"_blank\" rel=\"noreferrer noopener\">sal\u00e1rio-m\u00ednimo<\/a> mensal aos idoso com 65 anos ou mais, ou \u00e0 pessoa com defici\u00eancia independentemente da idade. O BPC \u00e9 assegurado pela Lei Org\u00e2nica da Assist\u00eancia Social (LOAS) e \u00e9&nbsp;pago pelo <a href=\"https:\/\/www.acordocerto.com.br\/blog\/o-que-e-inss\/\" target=\"_blank\" rel=\"noreferrer noopener\">INSS<\/a> (Instituto Nacional do Seguro Social).&nbsp;&nbsp;<\/p>\n\n\n\n<p class=\"has-text-align-center\"><\/p>\n\n\n\n<div class=\"cta-btn-block\">\n  <a class=\"cta-btn\" href=\"https:\/\/app.acordocerto.com.br\/login?utm_source=blog&amp;utm_medium=acordocerto&amp;utm_term=cta-post\" target=\"_blank\">Consulte seu CPF<\/a>\n<\/div>\n\n\n\n<p>Este aux\u00edlio social tem como maior objetivo dar apoio financeiro e&nbsp;promover dignidade e qualidade de vida para aqueles que est\u00e3o em situa\u00e7\u00e3o de vulnerabilidade social.&nbsp;<\/p>\n\n\n\n<h2 class=\"wp-block-heading\"><strong>Quem tem direito ao Benef\u00edcio de Presta\u00e7\u00e3o Continuada?<\/strong><\/h2>\n\n\n\n<p>Pode receber o BPC idosos com 65 anos ou mais e pessoas com defici\u00eancia de qualquer idade e que s\u00e3o brasileiros, portugueses ou que se tornaram cidad\u00e3os do Brasil, comprovando que moram aqui. &nbsp;<\/p>\n\n\n\n<p>Al\u00e9m disso, \u00e9 necess\u00e1rio ter inscri\u00e7\u00e3o no <a href=\"https:\/\/www.acordocerto.com.br\/blog\/o-que-e-cadastro-unico\/\" target=\"_blank\" rel=\"noreferrer noopener\">Cadastro \u00danico<\/a> e a renda de cada pessoa da fam\u00edlia n\u00e3o pode ser maior que 25% sal\u00e1rio-m\u00ednimo. Por exemplo, em 2023 o sal\u00e1rio-m\u00ednimo \u00e9 de R$1.320, logo, a renda de cada pessoa n\u00e3o pode passar de R$330.&nbsp;<\/p>\n\n\n\n<p>Agora confira quais s\u00e3o os crit\u00e9rios principais para garantir o recebimento do Benef\u00edcio de Presta\u00e7\u00e3o Continuada:&nbsp;<\/p>\n\n\n\n<h3 class=\"wp-block-heading\"><strong>Pessoas idosas ou com defici\u00eancia&nbsp;<\/strong><\/h3>\n\n\n\n<p>O primeiro grupo que tem direito ao BPC s\u00e3o as pessoas idosas:&nbsp;<\/p>\n\n\n\n<ol class=\"wp-block-list\">\n<li>Homens e mulheres que tenham 65 anos ou mais&nbsp;<\/li>\n\n\n\n<li>Que n\u00e3o possuam meios de garantir seu sustento e&nbsp;<\/li>\n\n\n\n<li>E com renda familiar seja de at\u00e9 1\/4 do sal\u00e1rio-m\u00ednimo por pessoa&nbsp;<\/li>\n<\/ol>\n\n\n\n<p><\/p>\n\n\n\n<p>Ali\u00e1s, vale dizer que o BPC LOAS n\u00e3o \u00e9 <a href=\"https:\/\/www.acordocerto.com.br\/blog\/aposentadoria\/\" target=\"_blank\" rel=\"noreferrer noopener\">aposentadoria<\/a> para os idosos: se voc\u00ea n\u00e3o tiver contribu\u00eddo para o INSS, est\u00e1 tudo bem, voc\u00ea ainda poder\u00e1 solicitar o Benef\u00edcio de Presta\u00e7\u00e3o Continuada a pessoa idosa. &nbsp;<\/p>\n\n\n\n\n\n\n<p>E o segundo grupo s\u00e3o as pessoas com defici\u00eancias de natureza f\u00edsica, mental, intelectual ou sensorial. Para receber o Benef\u00edcio de Presta\u00e7\u00e3o Continuada BPC LOAS, ser\u00e1 necess\u00e1rio: &nbsp;<\/p>\n\n\n\n<ol class=\"wp-block-list\">\n<li>Ter qualquer idade e comprovar a defici\u00eancia atrav\u00e9s de uma avalia\u00e7\u00e3o, que vai constatar os impedimentos de longa dura\u00e7\u00e3o que geram o limite da pessoa em executar as tarefas di\u00e1rias e participar efetivamente na sociedade&nbsp;<\/li>\n\n\n\n<li>Ter a renda por pessoa da fam\u00edlia de at\u00e9 \u00bc do sal\u00e1rio-m\u00ednimo&nbsp;<\/li>\n<\/ol>\n\n\n\n<p><\/p>\n\n\n\n<p>Veja aqui <a href=\"https:\/\/www.acordocerto.com.br\/blog\/renda-familiar-per-capita\/\">como calcular renda familiar per capita<\/a> (por pessoa). &nbsp;<\/p>\n\n\n\n<h3 class=\"wp-block-heading\"><strong>Condi\u00e7\u00e3o de necessidades<\/strong>&nbsp;<\/h3>\n\n\n\n<p>Para receber o Benef\u00edcio de Presta\u00e7\u00e3o Continuada, al\u00e9m dos crit\u00e9rios mencionados anteriormente, \u00e9 necess\u00e1rio comprovar que a pessoa n\u00e3o possui meios de se sustentar e nem de prover para sua fam\u00edlia. Essa condi\u00e7\u00e3o de necessidade \u00e9 avaliada pelo Instituto Nacional do Seguro Social (INSS) ou pelo \u00f3rg\u00e3o respons\u00e1vel em cada munic\u00edpio.&nbsp;<\/p>\n\n\n\n<p class=\"has-text-align-center\"><\/p>\n\n\n\n<div class=\"cta-btn-block\">\n  <a class=\"cta-btn\" href=\"https:\/\/app.acordocerto.com.br\/login?utm_source=blog&amp;utm_medium=acordocerto&amp;utm_term=cta-post\" target=\"_blank\">Consulte seu CPF<\/a>\n<\/div>\n\n\n\n<p>\u00c9 importante ressaltar que o BPC n\u00e3o exige contribui\u00e7\u00e3o pr\u00e9via ao sistema previdenci\u00e1rio, sendo um benef\u00edcio assistencial. Assim, mesmo que a pessoa nunca tenha contribu\u00eddo para a Previd\u00eancia Social INSS, ela pode ter direito ao benef\u00edcio, desde que cumpra os requisitos estabelecidos.&nbsp;<\/p>\n\n\n\n<p><\/p>\n\n\n\n<h2 class=\"wp-block-heading\"><strong>Como conseguir o Benef\u00edcio de Presta\u00e7\u00e3o Continuada&nbsp;<\/strong><\/h2>\n\n\n\n<p>Para conseguir ser contemplado pelo Benef\u00edcio de Presta\u00e7\u00e3o Continuada, voc\u00ea precisar\u00e1 seguir algumas etapas espec\u00edficas. Aqui est\u00e3o os principais passos para solicitar o benef\u00edcio:&nbsp;<\/p>\n\n\n\n<p><\/p>\n\n\n\n<h3 class=\"wp-block-heading\"><strong>1 &#8211; Requisitos para conseguir o BPC&nbsp;&nbsp;<\/strong><\/h3>\n\n\n\n<p>Ent\u00e3o vamos repassar os principais requisitos: &nbsp;<\/p>\n\n\n\n<ol class=\"wp-block-list\">\n<li>Ter a idade de 65 anos ou mais para idosos&nbsp;<\/li>\n\n\n\n<li>Ter comprova\u00e7\u00e3o de defici\u00eancia&nbsp;<\/li>\n\n\n\n<li>Ter a renda por pessoa do seu grupo familiar de at\u00e9&nbsp;1\/4 do sal\u00e1rio-m\u00ednimo o ano vigente&nbsp;<\/li>\n\n\n\n<li>Ter a inscri\u00e7\u00e3o pr\u00f3pria e da fam\u00edlia no Cadastro \u00danico &nbsp;<\/li>\n\n\n\n<li>N\u00e3o estar recebendo outro benef\u00edcio previdenci\u00e1rio do INSS, como o <a href=\"https:\/\/www.acordocerto.com.br\/blog\/consulta-seguro-desemprego-pelo-cpf\/\" target=\"_blank\" rel=\"noreferrer noopener\">seguro-desemprego<\/a>, pens\u00e3o por morte, aposentadoria, <a href=\"https:\/\/www.acordocerto.com.br\/blog\/auxilio-maternidade\/\" target=\"_blank\" rel=\"noreferrer noopener\">aux\u00edlio maternidade<\/a> e aux\u00edlio-doen\u00e7a.&nbsp;<\/li>\n<\/ol>\n\n\n\n<p><\/p>\n\n\n\n<h3 class=\"wp-block-heading\"><strong>2 &#8211; Documentos necess\u00e1rios&nbsp;<\/strong><\/h3>\n\n\n\n<p>E para&nbsp;solicitar o BPC, \u00e9 necess\u00e1rio apresentar documentos que comprovem a sua situa\u00e7\u00e3o e da sua fam\u00edlia (pessoas que moram com voc\u00ea). Os documentos para dar entrada no processo s\u00e3o os seguintes:&nbsp;<\/p>\n\n\n\n<ul class=\"wp-block-list\">\n<li>Documento de identidade (<a href=\"https:\/\/www.acordocerto.com.br\/blog\/rg-o-que-e-guia-completo\/\" target=\"_blank\" rel=\"noreferrer noopener\">RG<\/a> ou <a href=\"https:\/\/www.acordocerto.com.br\/blog\/consultar-cnh-pelo-cpf\/\" target=\"_blank\" rel=\"noreferrer noopener\">CNH<\/a>);&nbsp;<\/li>\n\n\n\n<li><a href=\"https:\/\/www.acordocerto.com.br\/blog\/cpf-o-que-e\/\" target=\"_blank\" rel=\"noreferrer noopener\">CPF<\/a> (Cadastro de Pessoa F\u00edsica);&nbsp;<\/li>\n\n\n\n<li>Comprovante de resid\u00eancia;&nbsp;<\/li>\n\n\n\n<li>Comprovante de renda ou declara\u00e7\u00e3o de aus\u00eancia de renda;&nbsp;<\/li>\n\n\n\n<li>Laudos ou relat\u00f3rios m\u00e9dicos que atestem a condi\u00e7\u00e3o de defici\u00eancia (no caso de pessoas com defici\u00eancia);&nbsp;<\/li>\n\n\n\n<li>Outros documentos que voc\u00ea considera necess\u00e1rios, como cadastro no Cad\u00danico, extrato <a href=\"https:\/\/www.acordocerto.com.br\/blog\/consultar-bolsa-familia-pelo-cpf\/\" target=\"_blank\" rel=\"noreferrer noopener\">Bolsa Fam\u00edlia<\/a>, <a href=\"https:\/\/www.acordocerto.com.br\/blog\/consultar-carteira-de-trabalho-pelo-cpf\/\" target=\"_blank\" rel=\"noreferrer noopener\">carteira de trabalho<\/a>, etc.). &nbsp;<\/li>\n<\/ul>\n\n\n\n<p><\/p>\n\n\n\n<p>Veja tamb\u00e9m: <a href=\"https:\/\/www.acordocerto.com.br\/blog\/cnh-social\/\" target=\"_blank\" rel=\"noreferrer noopener\">CNH Social: Saiba o que \u00e9, como se inscrever e quem tem direito \u00e0 CNH gratuita<\/a><\/p>\n\n\n\n<h2 class=\"wp-block-heading\"><strong>Como solicitar Benef\u00edcio de Presta\u00e7\u00e3o Continuada LOAS? Passo a passo<\/strong>&nbsp;<\/h2>\n\n\n\n<p>Voc\u00ea pode fazer a solicita\u00e7\u00e3o do seu BPC pelos canais do INSS atrav\u00e9s do seu celular ou computador, por uma liga\u00e7\u00e3o telef\u00f4nica gratuita no n\u00famero 135 ou ainda de forma presencial, em uma das Ag\u00eancias da Previd\u00eancia Social (APS).&nbsp;<\/p>\n\n\n\n<div class=\"cta-btn-block\">\n  <a class=\"cta-btn\" href=\"https:\/\/app.acordocerto.com.br\/login?utm_source=blog&amp;utm_medium=acordocerto&amp;utm_term=cta-post\" target=\"_blank\">Consulte seu CPF<\/a>\n<\/div>\n\n\n\n<p><\/p>\n\n\n\n<p>Veja os passos para fazer pela internet, no aplicativo Meu INSS: &nbsp;<\/p>\n\n\n\n<ol class=\"wp-block-list\">\n<li>Baixe o <a href=\"https:\/\/meu.inss.gov.br\/#\/login\" target=\"_blank\" rel=\"noreferrer noopener\">app Meu INSS<\/a> e fa\u00e7a login com sua <a href=\"https:\/\/www.acordocerto.com.br\/blog\/criar-conta-gov-br\/\" target=\"_blank\" rel=\"noreferrer noopener\">conta gov.br<\/a>&nbsp;<\/li>\n\n\n\n<li>Na tela principal do app, clique em \u201cNovo pedido\u201d e digite \u201cBPC\u201d ou \u201cBenef\u00edcio de Presta\u00e7\u00e3o Continuada\u201d&nbsp;<\/li>\n\n\n\n<li>Siga as instru\u00e7\u00f5es e complete os dados solicitados no aplicativo&nbsp;<\/li>\n<\/ol>\n\n\n\n<p><\/p>\n\n\n\n<h2 class=\"wp-block-heading\"><strong>Quanto tempo dura o Benef\u00edcio de Presta\u00e7\u00e3o Continuada?<\/strong>&nbsp;<\/h2>\n\n\n\n<p>O Benef\u00edcio de Presta\u00e7\u00e3o Continuada \u00e9 pago de forma cont\u00ednua enquanto o benefici\u00e1rio cumprir todos os requisitos estabelecidos. Ou seja, se a situa\u00e7\u00e3o financeira da fam\u00edlia felizmente melhorar e a renda familiar por pessoa subir e ultrapassar 25% de um sal\u00e1rio-m\u00ednimo, ent\u00e3o os pagamentos do BPC ser\u00e3o encerrados e o benef\u00edcio terminar\u00e1 para essa pessoa.&nbsp;<\/p>\n\n\n\n<p>\u00c9 importante lembrar que as pessoas que recebem este benef\u00edcio est\u00e3o sujeitas a revis\u00f5es peri\u00f3dicas do INSS, que ir\u00e1 verificar se as condi\u00e7\u00f5es de elegibilidade continuam sendo atendidas ou se elas foram alteradas. &nbsp;<\/p>\n\n\n\n<p>Por isso, \u00e9 essencial estar sempre de olho e manter a documenta\u00e7\u00e3o e o Cadastro \u00danico atualizados.&nbsp;<\/p>\n\n\n\n<h2 class=\"wp-block-heading\"><strong>Como funciona o Calend\u00e1rio de Bloqueios e Suspens\u00f5es do BPC?<\/strong>&nbsp;<\/h2>\n\n\n\n<p>O Calend\u00e1rio de Bloqueios e Suspens\u00f5es do BPC \u00e9 uma ferramenta utilizada pelo Instituto Nacional do Seguro Social (INSS) para informar os benefici\u00e1rios sobre poss\u00edveis suspens\u00f5es e bloqueios tempor\u00e1rios no pagamento do benef\u00edcio. Geralmente, isso acontece devido a pend\u00eancias de documentos e irregularidades em cadastros (principalmente no Cadastro \u00danico). &nbsp;<\/p>\n\n\n\n<p class=\"has-text-align-center\"><\/p>\n\n\n\n<div class=\"cta-btn-block\">\n  <a class=\"cta-btn\" href=\"https:\/\/app.acordocerto.com.br\/login?utm_source=blog&amp;utm_medium=acordocerto&amp;utm_term=cta-post\" target=\"_blank\">Consulte seu CPF<\/a>\n<\/div>\n\n\n\n<p>Mas calma: se voc\u00ea estiver com algum problema nos seus cadastros, saiba que o Benef\u00edcio de Presta\u00e7\u00e3o Continuada N\u00c3O ser\u00e1 imediatamente bloqueado, pois existem algumas etapas antes dessa medida acontecer. &nbsp;<\/p>\n\n\n\n<p>A primeira etapa e a notifica\u00e7\u00e3o do problema j\u00e1 com um prazo. Se voc\u00ea n\u00e3o atualizar seu Cadastro \u00danico ou fazer os ajustes necess\u00e1rios na documenta\u00e7\u00e3o durante o prazo sugerido, ent\u00e3o o INSS parte para a etapa 2, que \u00e9 o bloqueio do pagamento do seu BPC. E se depois de 30 dias voc\u00ea n\u00e3o recorrer ao INSS, ent\u00e3o acontece a etapa 3, que \u00e9 a suspens\u00e3o do benef\u00edcio. &nbsp;<\/p>\n\n\n\n<p>\u00c9 por isso que \u00e9 t\u00e3o importante ficar atento ao calend\u00e1rio divulgado pelo INSS para saber as datas de vencimento para a regulariza\u00e7\u00e3o de pend\u00eancias e tamb\u00e9m manter seu Cadastro \u00danico sempre atualizado (a recomenda\u00e7\u00e3o \u00e9 que ele seja atualizado pelo menos de 2 em 2 anos).&nbsp;<\/p>\n\n\n\n<p>Caso haja algum problema ou necessidade de atualiza\u00e7\u00e3o cadastral, \u00e9 importante entrar em contato com o INSS ou o \u00f3rg\u00e3o respons\u00e1vel para resolver a situa\u00e7\u00e3o o mais r\u00e1pido poss\u00edvel. Assim, voc\u00ea evita a suspens\u00e3o ou o bloqueio do benef\u00edcio e garante o recebimento cont\u00ednuo.&nbsp;<\/p>\n\n\n<ul class=\"wp-block-latest-posts__list wp-block-latest-posts\"><li><a class=\"wp-block-latest-posts__post-title\" href=\"https:\/\/www.acordocerto.com.br\/blog\/divida-pode-bloquear-ou-penhorar-salario\/\">D\u00edvida pode bloquear ou penhorar sal\u00e1rio? Entenda o que a lei permite<\/a><\/li>\n<li><a class=\"wp-block-latest-posts__post-title\" href=\"https:\/\/www.acordocerto.com.br\/blog\/cnh-pai-d-egua-para\/\">CNH Pai D\u2019\u00e9gua 2026: como funciona e quem pode se inscrever na CNH Social do Par\u00e1<\/a><\/li>\n<li><a class=\"wp-block-latest-posts__post-title\" href=\"https:\/\/www.acordocerto.com.br\/blog\/cnh-social-sergipe\/\">CNH Social Sergipe 2026: como funciona o programa de habilita\u00e7\u00e3o gratuita no estado<\/a><\/li>\n<li><a class=\"wp-block-latest-posts__post-title\" href=\"https:\/\/www.acordocerto.com.br\/blog\/cnh-social-bahia\/\">CNH Social Bahia 2026: tudo sobre o programa CNH da Gente e o impacto da nova lei federal<\/a><\/li>\n<\/ul>\n\n\n<h2 class=\"wp-block-heading\"><strong>Conclus\u00e3o<\/strong>&nbsp;<\/h2>\n\n\n\n<p>O Benef\u00edcio de Presta\u00e7\u00e3o Continuada \u00e9 um recurso que proporciona apoio financeiro e dignidade a pessoas idosas e com defici\u00eancia que se encontram em condi\u00e7\u00f5es de vulnerabilidade e aqui voc\u00ea entendeu quem tem direito a ele e os requisitos necess\u00e1rios para pedir, como idade,&nbsp;renda familiar, comprova\u00e7\u00e3o de defici\u00eancia, entre outros. &nbsp;<\/p>\n\n\n\n<p>Tamb\u00e9m compartilhamos o funcionamento do Calend\u00e1rio de Bloqueios e Suspens\u00f5es do BPC, ressaltando a import\u00e2ncia de estar atento \u00e0s datas e resolver prontamente qualquer pend\u00eancia para evitar interrup\u00e7\u00f5es no pagamento do benef\u00edcio.&nbsp;<\/p>\n\n\n\n<p>Por fim, o Benef\u00edcio de Presta\u00e7\u00e3o Continuada representa um passo importante na busca pela inclus\u00e3o e pelo cuidado com aqueles que mais necessitam de apoio financeiro e social. Ent\u00e3o, se voc\u00ea atende aos requisitos ou conhece algu\u00e9m que conhece se enquadra nos crit\u00e9rios para receber o BPC, n\u00e3o deixe de buscar informa\u00e7\u00f5es, fazer a solicita\u00e7\u00e3o e compartilhar este conte\u00fado! &nbsp;<\/p>\n\n\n\n<h3 class=\"wp-block-heading\"><strong>FAQ: Perguntas frequentes<\/strong><\/h3>\n\n\n<div id=\"rank-math-faq\" class=\"rank-math-block\">\n<div class=\"rank-math-list \">\n<div id=\"faq-question-1680723276120\" class=\"rank-math-list-item\">\n<h3 class=\"rank-math-question \"><strong>Qual o valor do BPC em 2023?<\/strong>\u00a0<\/h3>\n<div class=\"rank-math-answer \">\n\n<p>O valor do BPC em 2023 \u00e9 de R$1.320,00, que corresponde a 1 sal\u00e1rio-m\u00ednimo em 2023. \u00a0<\/p>\n\n<\/div>\n<\/div>\n<div id=\"faq-question-1680723280484\" class=\"rank-math-list-item\">\n<h3 class=\"rank-math-question \"><strong>Benef\u00edcio de Presta\u00e7\u00e3o Continuada \u00e9 aposentadoria?<\/strong>\u00a0<\/h3>\n<div class=\"rank-math-answer \">\n\n<p>N\u00e3o, o BPC n\u00e3o \u00e9 aposentadoria, afinal, este benef\u00edcio n\u00e3o oferece <a href=\"https:\/\/www.acordocerto.com.br\/blog\/decimo-terceiro\/\" target=\"_blank\" rel=\"noreferrer noopener\">d\u00e9cimo terceiro<\/a> e nem <a href=\"https:\/\/www.acordocerto.com.br\/blog\/14-salario\/\" target=\"_blank\" rel=\"noreferrer noopener\">14\u00ba sal\u00e1rio<\/a> e tamb\u00e9m n\u00e3o tem pens\u00e3o por morte. Ali\u00e1s, o BPC \u00e9 um benef\u00edcio assistencial, enquanto a aposentadoria \u00e9 um benef\u00edcio previdenci\u00e1rio. \u00a0<\/p>\n\n<\/div>\n<\/div>\n<div id=\"faq-question-1686076033917\" class=\"rank-math-list-item\">\n<h3 class=\"rank-math-question \"><strong>Quanto tempo leva para receber BPC depois de aprovado?<\/strong>\u00a0<\/h3>\n<div class=\"rank-math-answer \">\n\n<p>O recebimento do BPC tem um prazo m\u00e9dio de 45 dias ap\u00f3s a aprova\u00e7\u00e3o. O calend\u00e1rio do INSS indica as datas de pagamento, permitindo saber com anteced\u00eancia o dia em que o benef\u00edcio ser\u00e1 liberado e os dias de pagamento ao longo do ano.\u00a0<\/p>\n\n<\/div>\n<\/div>\n<div id=\"faq-question-1686076037540\" class=\"rank-math-list-item\">\n<h3 class=\"rank-math-question \"><strong>Quem recebe BPC tem direito a outros benef\u00edcios do Governo?<\/strong>\u00a0<\/h3>\n<div class=\"rank-math-answer \">\n\n<p>Depende do benef\u00edcio: se for por exemplo <a href=\"https:\/\/www.acordocerto.com.br\/blog\/auxilio-brasil\/\" target=\"_blank\" rel=\"noreferrer noopener\">Aux\u00edlio Brasil<\/a> \/ Bolsa Fam\u00edlia, ent\u00e3o sim, \u00e9 poss\u00edvel receber BPC. Mas se voc\u00ea estiver recebendo aux\u00edlios previdenci\u00e1rios, como seguro-desemprego, pens\u00e3o ou aposentadoria, ent\u00e3o N\u00c3O \u00e9 poss\u00edvel receber o Benef\u00edcio de Presta\u00e7\u00e3o Continuada. \u00a0<\/p>\n\n<\/div>\n<\/div>\n<div id=\"faq-question-1686076038925\" class=\"rank-math-list-item\">\n<h3 class=\"rank-math-question \"><strong>\u00c9 poss\u00edvel receber BPC e Bolsa Fam\u00edlia ao mesmo tempo?<\/strong>\u00a0<\/h3>\n<div class=\"rank-math-answer \">\n\n<p>Sim, voc\u00ea pode receber tanto o BPC quanto o Bolsa Fam\u00edlia ao mesmo tempo. No entanto, \u00e9 essencial verificar se a renda mensal por pessoa da sua fam\u00edlia atende aos requisitos para ambos os benef\u00edcios.\u00a0<\/p>\n\n<\/div>\n<\/div>\n<\/div>\n<\/div>\n\n\n<h3 class=\"wp-block-heading\"><strong>Web Stories<\/strong><\/h3>\n\n\n\t\t<div class=\"web-stories-list alignnone has-archive-link is-view-type-carousel is-style-default is-carousel\" data-id=\"1\">\n\t\t\t<div\n\t\t\tclass=\"web-stories-list__inner-wrapper carousel-1\"\n\t\t\tstyle=\"--ws-story-max-width:185px\"\n\t\t\t>\n\t\t\t\t\t\t<div class=\"web-stories-list__archive-link\">\n\t\t\t<a href=\"https:\/\/www.acordocerto.com.br\/blog\/web-stories\/\">\n\t\t\t\tVisualizando todos Stories\t\t\t<\/a>\n\t\t<\/div>\n\t\t\t\t\t\t\t<div\n\t\t\t\t\tclass=\"web-stories-list__carousel carousel\"\n\t\t\t\t\tdata-id=\"carousel-1\"\n\t\t\t\t\tdata-prev=\"Voltar\"\n\t\t\t\t\tdata-next=\"Avan\u00e7ar\"\n\t\t\t\t\t>\n\t\t\t\t\t\t\t\t\t<div\n\t\t\t\tclass=\"web-stories-list__story\"\n\t\t\t\tdata-wp-interactive=\"web-stories-block\"\n\t\t\t\tdata-wp-context='{\"instanceId\":1}'\t\t\t\tdata-wp-on--click=\"actions.open\"\n\t\t\t\tdata-wp-on-window--popstate=\"actions.onPopstate\"\n\t\t\t\t>\n\t\t\t\t\t\t\t<div class=\"web-stories-list__story-poster\">\n\t\t\t\t<a href=\"https:\/\/www.acordocerto.com.br\/blog\/web-stories\/15-beneficios-para-mulheres-que-voce-precisa-conhecer\/\">\n\t\t\t\t\t<img\n\t\t\t\t\t\tsrc=\"https:\/\/www.acordocerto.com.br\/blog\/wp-content\/uploads\/2023\/02\/cropped-Blog_beneficios-para-mulheres.png\"\n\t\t\t\t\t\talt=\"15 Benef\u00edcios para Mulheres que voc\u00ea PRECISA conhecer\"\n\t\t\t\t\t\twidth=\"185\"\n\t\t\t\t\t\theight=\"308\"\n\t\t\t\t\t\t\t\t\t\t\t\t\tsrcset=\"https:\/\/www.acordocerto.com.br\/blog\/wp-content\/uploads\/2023\/02\/cropped-Blog_beneficios-para-mulheres.png 640w, https:\/\/www.acordocerto.com.br\/blog\/wp-content\/uploads\/2023\/02\/cropped-Blog_beneficios-para-mulheres-150x200.png 150w\"\n\t\t\t\t\t\t\t\t\t\t\t\t\t\t\t\t\t\t\tsizes=\"auto, (max-width: 640px) 100vw, 640px\"\n\t\t\t\t\t\t\t\t\t\t\t\tloading=\"lazy\"\n\t\t\t\t\t\tdecoding=\"async\"\n\t\t\t\t\t>\n\t\t\t\t<\/a>\n\t\t\t<\/div>\n\t\t\t\t\t<div class=\"web-stories-list__story-content-overlay\">\n\t\t\t\t\t\t\t<div class=\"story-content-overlay__title\">\n\t\t\t\t\t15 Benef\u00edcios para Mulheres que voc\u00ea PRECISA conhecer\t\t\t\t<\/div>\n\t\t\t\n\t\t\t\n\t\t\t\n\t\t\t\t\t<\/div>\n\t\t\t\t\t<\/div>\n\t\t\t\t\t\t<div\n\t\t\t\tclass=\"web-stories-list__story\"\n\t\t\t\tdata-wp-interactive=\"web-stories-block\"\n\t\t\t\tdata-wp-context='{\"instanceId\":1}'\t\t\t\tdata-wp-on--click=\"actions.open\"\n\t\t\t\tdata-wp-on-window--popstate=\"actions.onPopstate\"\n\t\t\t\t>\n\t\t\t\t\t\t\t<div class=\"web-stories-list__story-poster\">\n\t\t\t\t<a href=\"https:\/\/www.acordocerto.com.br\/blog\/web-stories\/atualize-seu-cadastro-unico\/\">\n\t\t\t\t\t<img\n\t\t\t\t\t\tsrc=\"https:\/\/www.acordocerto.com.br\/blog\/wp-content\/uploads\/2022\/09\/cropped-blog_cadunico.png\"\n\t\t\t\t\t\talt=\"N\u00e3o perca benef\u00edcios! Atualize seu Cadastro \u00danico agora\"\n\t\t\t\t\t\twidth=\"185\"\n\t\t\t\t\t\theight=\"308\"\n\t\t\t\t\t\t\t\t\t\t\t\t\tsrcset=\"https:\/\/www.acordocerto.com.br\/blog\/wp-content\/uploads\/2022\/09\/cropped-blog_cadunico.png 640w, https:\/\/www.acordocerto.com.br\/blog\/wp-content\/uploads\/2022\/09\/cropped-blog_cadunico-150x200.png 150w\"\n\t\t\t\t\t\t\t\t\t\t\t\t\t\t\t\t\t\t\tsizes=\"auto, (max-width: 640px) 100vw, 640px\"\n\t\t\t\t\t\t\t\t\t\t\t\tloading=\"lazy\"\n\t\t\t\t\t\tdecoding=\"async\"\n\t\t\t\t\t>\n\t\t\t\t<\/a>\n\t\t\t<\/div>\n\t\t\t\t\t<div class=\"web-stories-list__story-content-overlay\">\n\t\t\t\t\t\t\t<div class=\"story-content-overlay__title\">\n\t\t\t\t\tN\u00e3o perca benef\u00edcios! Atualize seu Cadastro \u00danico agora\t\t\t\t<\/div>\n\t\t\t\n\t\t\t\n\t\t\t\n\t\t\t\t\t<\/div>\n\t\t\t\t\t<\/div>\n\t\t\t\t\t\t<div\n\t\t\t\tclass=\"web-stories-list__story\"\n\t\t\t\tdata-wp-interactive=\"web-stories-block\"\n\t\t\t\tdata-wp-context='{\"instanceId\":1}'\t\t\t\tdata-wp-on--click=\"actions.open\"\n\t\t\t\tdata-wp-on-window--popstate=\"actions.onPopstate\"\n\t\t\t\t>\n\t\t\t\t\t\t\t<div class=\"web-stories-list__story-poster\">\n\t\t\t\t<a href=\"https:\/\/www.acordocerto.com.br\/blog\/web-stories\/descubra-se-voce-tem-direito-ao-abono-salarial\/\">\n\t\t\t\t\t<img\n\t\t\t\t\t\tsrc=\"https:\/\/www.acordocerto.com.br\/blog\/wp-content\/uploads\/2023\/03\/cropped-CLT3-1.jpg\"\n\t\t\t\t\t\talt=\"Descubra se voc\u00ea tem direito ao abono salarial!\"\n\t\t\t\t\t\twidth=\"185\"\n\t\t\t\t\t\theight=\"308\"\n\t\t\t\t\t\t\t\t\t\t\t\t\tsrcset=\"https:\/\/www.acordocerto.com.br\/blog\/wp-content\/uploads\/2023\/03\/cropped-CLT3-1.jpg 640w, https:\/\/www.acordocerto.com.br\/blog\/wp-content\/uploads\/2023\/03\/cropped-CLT3-1-150x200.jpg 150w\"\n\t\t\t\t\t\t\t\t\t\t\t\t\t\t\t\t\t\t\tsizes=\"auto, (max-width: 640px) 100vw, 640px\"\n\t\t\t\t\t\t\t\t\t\t\t\tloading=\"lazy\"\n\t\t\t\t\t\tdecoding=\"async\"\n\t\t\t\t\t>\n\t\t\t\t<\/a>\n\t\t\t<\/div>\n\t\t\t\t\t<div class=\"web-stories-list__story-content-overlay\">\n\t\t\t\t\t\t\t<div class=\"story-content-overlay__title\">\n\t\t\t\t\tDescubra se voc\u00ea tem direito ao abono salarial!\t\t\t\t<\/div>\n\t\t\t\n\t\t\t\n\t\t\t\n\t\t\t\t\t<\/div>\n\t\t\t\t\t<\/div>\n\t\t\t\t\t\t<div\n\t\t\t\tclass=\"web-stories-list__story\"\n\t\t\t\tdata-wp-interactive=\"web-stories-block\"\n\t\t\t\tdata-wp-context='{\"instanceId\":1}'\t\t\t\tdata-wp-on--click=\"actions.open\"\n\t\t\t\tdata-wp-on-window--popstate=\"actions.onPopstate\"\n\t\t\t\t>\n\t\t\t\t\t\t\t<div class=\"web-stories-list__story-poster\">\n\t\t\t\t<a href=\"https:\/\/www.acordocerto.com.br\/blog\/web-stories\/novo-bolsa-familia-disponivel\/\">\n\t\t\t\t\t<img\n\t\t\t\t\t\tsrc=\"https:\/\/www.acordocerto.com.br\/blog\/wp-content\/uploads\/2023\/03\/cropped-bolsa-familia2-1.jpg\"\n\t\t\t\t\t\talt=\"Novo Bolsa Fam\u00edlia dispon\u00edvel. Quem recebe hoje?\"\n\t\t\t\t\t\twidth=\"185\"\n\t\t\t\t\t\theight=\"308\"\n\t\t\t\t\t\t\t\t\t\t\t\t\tsrcset=\"https:\/\/www.acordocerto.com.br\/blog\/wp-content\/uploads\/2023\/03\/cropped-bolsa-familia2-1.jpg 640w, https:\/\/www.acordocerto.com.br\/blog\/wp-content\/uploads\/2023\/03\/cropped-bolsa-familia2-1-150x200.jpg 150w\"\n\t\t\t\t\t\t\t\t\t\t\t\t\t\t\t\t\t\t\tsizes=\"auto, (max-width: 640px) 100vw, 640px\"\n\t\t\t\t\t\t\t\t\t\t\t\tloading=\"lazy\"\n\t\t\t\t\t\tdecoding=\"async\"\n\t\t\t\t\t>\n\t\t\t\t<\/a>\n\t\t\t<\/div>\n\t\t\t\t\t<div class=\"web-stories-list__story-content-overlay\">\n\t\t\t\t\t\t\t<div class=\"story-content-overlay__title\">\n\t\t\t\t\tNovo Bolsa Fam\u00edlia dispon\u00edvel. Quem recebe hoje?\t\t\t\t<\/div>\n\t\t\t\n\t\t\t\n\t\t\t\n\t\t\t\t\t<\/div>\n\t\t\t\t\t<\/div>\n\t\t\t\t\t\t<div\n\t\t\t\tclass=\"web-stories-list__story\"\n\t\t\t\tdata-wp-interactive=\"web-stories-block\"\n\t\t\t\tdata-wp-context='{\"instanceId\":1}'\t\t\t\tdata-wp-on--click=\"actions.open\"\n\t\t\t\tdata-wp-on-window--popstate=\"actions.onPopstate\"\n\t\t\t\t>\n\t\t\t\t\t\t\t<div class=\"web-stories-list__story-poster\">\n\t\t\t\t<a href=\"https:\/\/www.acordocerto.com.br\/blog\/web-stories\/quanto-custa-ter-um-filho\/\">\n\t\t\t\t\t<img\n\t\t\t\t\t\tsrc=\"https:\/\/www.acordocerto.com.br\/blog\/wp-content\/uploads\/2023\/05\/cropped-sebastian-leon-prado-dBiIcdxMWfE-unsplash-scaled-1.jpg\"\n\t\t\t\t\t\talt=\"Quanto custa ter um filho em 2023 no Brasil?\"\n\t\t\t\t\t\twidth=\"185\"\n\t\t\t\t\t\theight=\"308\"\n\t\t\t\t\t\t\t\t\t\t\t\t\tsrcset=\"https:\/\/www.acordocerto.com.br\/blog\/wp-content\/uploads\/2023\/05\/cropped-sebastian-leon-prado-dBiIcdxMWfE-unsplash-scaled-1.jpg 640w, https:\/\/www.acordocerto.com.br\/blog\/wp-content\/uploads\/2023\/05\/cropped-sebastian-leon-prado-dBiIcdxMWfE-unsplash-scaled-1-150x200.jpg 150w\"\n\t\t\t\t\t\t\t\t\t\t\t\t\t\t\t\t\t\t\tsizes=\"auto, (max-width: 640px) 100vw, 640px\"\n\t\t\t\t\t\t\t\t\t\t\t\tloading=\"lazy\"\n\t\t\t\t\t\tdecoding=\"async\"\n\t\t\t\t\t>\n\t\t\t\t<\/a>\n\t\t\t<\/div>\n\t\t\t\t\t<div class=\"web-stories-list__story-content-overlay\">\n\t\t\t\t\t\t\t<div class=\"story-content-overlay__title\">\n\t\t\t\t\tQuanto custa ter um filho em 2023 no Brasil?\t\t\t\t<\/div>\n\t\t\t\n\t\t\t\n\t\t\t\n\t\t\t\t\t<\/div>\n\t\t\t\t\t<\/div>\n\t\t\t\t\t\t<div\n\t\t\t\tclass=\"web-stories-list__story\"\n\t\t\t\tdata-wp-interactive=\"web-stories-block\"\n\t\t\t\tdata-wp-context='{\"instanceId\":1}'\t\t\t\tdata-wp-on--click=\"actions.open\"\n\t\t\t\tdata-wp-on-window--popstate=\"actions.onPopstate\"\n\t\t\t\t>\n\t\t\t\t\t\t\t<div class=\"web-stories-list__story-poster\">\n\t\t\t\t<a href=\"https:\/\/www.acordocerto.com.br\/blog\/web-stories\/como-consultar-nis-pelo-cpf\/\">\n\t\t\t\t\t<img\n\t\t\t\t\t\tsrc=\"https:\/\/www.acordocerto.com.br\/blog\/wp-content\/uploads\/2023\/04\/cropped-Carteira-de-Trabalho.jpg\"\n\t\t\t\t\t\talt=\"Como consultar NIS pelo CPF?\"\n\t\t\t\t\t\twidth=\"185\"\n\t\t\t\t\t\theight=\"308\"\n\t\t\t\t\t\t\t\t\t\t\t\t\tsrcset=\"https:\/\/www.acordocerto.com.br\/blog\/wp-content\/uploads\/2023\/04\/cropped-Carteira-de-Trabalho.jpg 640w, https:\/\/www.acordocerto.com.br\/blog\/wp-content\/uploads\/2023\/04\/cropped-Carteira-de-Trabalho-150x200.jpg 150w\"\n\t\t\t\t\t\t\t\t\t\t\t\t\t\t\t\t\t\t\tsizes=\"auto, (max-width: 640px) 100vw, 640px\"\n\t\t\t\t\t\t\t\t\t\t\t\tloading=\"lazy\"\n\t\t\t\t\t\tdecoding=\"async\"\n\t\t\t\t\t>\n\t\t\t\t<\/a>\n\t\t\t<\/div>\n\t\t\t\t\t<div class=\"web-stories-list__story-content-overlay\">\n\t\t\t\t\t\t\t<div class=\"story-content-overlay__title\">\n\t\t\t\t\tComo consultar NIS pelo CPF?\t\t\t\t<\/div>\n\t\t\t\n\t\t\t\n\t\t\t\n\t\t\t\t\t<\/div>\n\t\t\t\t\t<\/div>\n\t\t\t\t\t\t<div\n\t\t\t\tclass=\"web-stories-list__story\"\n\t\t\t\tdata-wp-interactive=\"web-stories-block\"\n\t\t\t\tdata-wp-context='{\"instanceId\":1}'\t\t\t\tdata-wp-on--click=\"actions.open\"\n\t\t\t\tdata-wp-on-window--popstate=\"actions.onPopstate\"\n\t\t\t\t>\n\t\t\t\t\t\t\t<div class=\"web-stories-list__story-poster\">\n\t\t\t\t<a href=\"https:\/\/www.acordocerto.com.br\/blog\/web-stories\/7-dicas-de-economia\/\">\n\t\t\t\t\t<img\n\t\t\t\t\t\tsrc=\"https:\/\/www.acordocerto.com.br\/blog\/wp-content\/uploads\/2023\/05\/cropped-perdendo-dinheiro-scaled-1.jpg\"\n\t\t\t\t\t\talt=\"Voc\u00ea est\u00e1 perdendo dinheiro! Veja 7 dicas de economia\"\n\t\t\t\t\t\twidth=\"185\"\n\t\t\t\t\t\theight=\"308\"\n\t\t\t\t\t\t\t\t\t\t\t\t\tsrcset=\"https:\/\/www.acordocerto.com.br\/blog\/wp-content\/uploads\/2023\/05\/cropped-perdendo-dinheiro-scaled-1.jpg 640w, https:\/\/www.acordocerto.com.br\/blog\/wp-content\/uploads\/2023\/05\/cropped-perdendo-dinheiro-scaled-1-150x200.jpg 150w\"\n\t\t\t\t\t\t\t\t\t\t\t\t\t\t\t\t\t\t\tsizes=\"auto, (max-width: 640px) 100vw, 640px\"\n\t\t\t\t\t\t\t\t\t\t\t\tloading=\"lazy\"\n\t\t\t\t\t\tdecoding=\"async\"\n\t\t\t\t\t>\n\t\t\t\t<\/a>\n\t\t\t<\/div>\n\t\t\t\t\t<div class=\"web-stories-list__story-content-overlay\">\n\t\t\t\t\t\t\t<div class=\"story-content-overlay__title\">\n\t\t\t\t\tVoc\u00ea est\u00e1 perdendo dinheiro! Veja 7 dicas de economia\t\t\t\t<\/div>\n\t\t\t\n\t\t\t\n\t\t\t\n\t\t\t\t\t<\/div>\n\t\t\t\t\t<\/div>\n\t\t\t\t\t\t<div\n\t\t\t\tclass=\"web-stories-list__story\"\n\t\t\t\tdata-wp-interactive=\"web-stories-block\"\n\t\t\t\tdata-wp-context='{\"instanceId\":1}'\t\t\t\tdata-wp-on--click=\"actions.open\"\n\t\t\t\tdata-wp-on-window--popstate=\"actions.onPopstate\"\n\t\t\t\t>\n\t\t\t\t\t\t\t<div class=\"web-stories-list__story-poster\">\n\t\t\t\t<a href=\"https:\/\/www.acordocerto.com.br\/blog\/web-stories\/bolsa-familia-suspenso-saiba-como-regularizar\/\">\n\t\t\t\t\t<img\n\t\t\t\t\t\tsrc=\"https:\/\/www.acordocerto.com.br\/blog\/wp-content\/uploads\/2022\/02\/cropped-cpf-o-que-e-acordo-certo.jpg\"\n\t\t\t\t\t\talt=\"Bolsa fam\u00edlia suspenso? Saiba como regularizar\"\n\t\t\t\t\t\twidth=\"185\"\n\t\t\t\t\t\theight=\"308\"\n\t\t\t\t\t\t\t\t\t\t\t\t\tsrcset=\"https:\/\/www.acordocerto.com.br\/blog\/wp-content\/uploads\/2022\/02\/cropped-cpf-o-que-e-acordo-certo.jpg 640w, https:\/\/www.acordocerto.com.br\/blog\/wp-content\/uploads\/2022\/02\/cropped-cpf-o-que-e-acordo-certo-150x200.jpg 150w\"\n\t\t\t\t\t\t\t\t\t\t\t\t\t\t\t\t\t\t\tsizes=\"auto, (max-width: 640px) 100vw, 640px\"\n\t\t\t\t\t\t\t\t\t\t\t\tloading=\"lazy\"\n\t\t\t\t\t\tdecoding=\"async\"\n\t\t\t\t\t>\n\t\t\t\t<\/a>\n\t\t\t<\/div>\n\t\t\t\t\t<div class=\"web-stories-list__story-content-overlay\">\n\t\t\t\t\t\t\t<div class=\"story-content-overlay__title\">\n\t\t\t\t\tBolsa fam\u00edlia suspenso? Saiba como regularizar\t\t\t\t<\/div>\n\t\t\t\n\t\t\t\n\t\t\t\n\t\t\t\t\t<\/div>\n\t\t\t\t\t<\/div>\n\t\t\t\t\t\t\t\t<\/div>\n\t\t\t\t\t<div tabindex=\"0\" aria-label=\"Voltar\" class=\"glider-prev\"><\/div>\n\t\t\t\t\t<div tabindex=\"0\" aria-label=\"Avan\u00e7ar\" class=\"glider-next\"><\/div>\n\t\t\t\t\t\t\t\t<\/div>\n\t\t<\/div>\n\t\t<div style='text-align:center' class='yasr-auto-insert-visitor'><\/div>","protected":false},"excerpt":{"rendered":"<p>Veja TUDO que \u00e9 necess\u00e1rio para conseguir a aprova\u00e7\u00e3o do BPC, ou Benef\u00edcio de Presta\u00e7\u00e3o Continuada LOAS para idosos e pessoas com defici\u00eancia: requisitos de idade, renda e mais.<\/p>\n","protected":false},"author":10,"featured_media":10242,"comment_status":"open","ping_status":"open","sticky":false,"template":"","format":"standard","meta":{"_acf_changed":false,"inline_featured_image":false,"yasr_overall_rating":0,"yasr_post_is_review":"","yasr_auto_insert_disabled":"","yasr_review_type":"","footnotes":""},"categories":[33],"tags":[],"class_list":["post-10241","post","type-post","status-publish","format-standard","has-post-thumbnail","hentry","category-direitos-e-beneficios"],"acf":[],"yasr_visitor_votes":{"stars_attributes":{"read_only":false,"span_bottom":false},"number_of_votes":6,"sum_votes":30},"_links":{"self":[{"href":"https:\/\/www.acordocerto.com.br\/blog\/wp-json\/wp\/v2\/posts\/10241","targetHints":{"allow":["GET"]}}],"collection":[{"href":"https:\/\/www.acordocerto.com.br\/blog\/wp-json\/wp\/v2\/posts"}],"about":[{"href":"https:\/\/www.acordocerto.com.br\/blog\/wp-json\/wp\/v2\/types\/post"}],"author":[{"embeddable":true,"href":"https:\/\/www.acordocerto.com.br\/blog\/wp-json\/wp\/v2\/users\/10"}],"replies":[{"embeddable":true,"href":"https:\/\/www.acordocerto.com.br\/blog\/wp-json\/wp\/v2\/comments?post=10241"}],"version-history":[{"count":4,"href":"https:\/\/www.acordocerto.com.br\/blog\/wp-json\/wp\/v2\/posts\/10241\/revisions"}],"predecessor-version":[{"id":16054,"href":"https:\/\/www.acordocerto.com.br\/blog\/wp-json\/wp\/v2\/posts\/10241\/revisions\/16054"}],"wp:featuredmedia":[{"embeddable":true,"href":"https:\/\/www.acordocerto.com.br\/blog\/wp-json\/wp\/v2\/media\/10242"}],"wp:attachment":[{"href":"https:\/\/www.acordocerto.com.br\/blog\/wp-json\/wp\/v2\/media?parent=10241"}],"wp:term":[{"taxonomy":"category","embeddable":true,"href":"https:\/\/www.acordocerto.com.br\/blog\/wp-json\/wp\/v2\/categories?post=10241"},{"taxonomy":"post_tag","embeddable":true,"href":"https:\/\/www.acordocerto.com.br\/blog\/wp-json\/wp\/v2\/tags?post=10241"}],"curies":[{"name":"wp","href":"https:\/\/api.w.org\/{rel}","templated":true}]}}