{"id":13097,"date":"2023-09-26T17:42:29","date_gmt":"2023-09-26T20:42:29","guid":{"rendered":"https:\/\/www.acordocerto.com.br\/?p=13097"},"modified":"2024-09-10T17:33:05","modified_gmt":"2024-09-10T20:33:05","slug":"desenrola-brasil-segunda-fase","status":"publish","type":"post","link":"https:\/\/www.acordocerto.com.br\/blog\/desenrola-brasil-segunda-fase\/","title":{"rendered":"Desenrola Brasil: Nova fase! Saiba Quando come\u00e7a e Como vai funcionar"},"content":{"rendered":"\n<p>O <a href=\"https:\/\/www.acordocerto.com.br\/desenrola-brasil\" target=\"_blank\" rel=\"noreferrer noopener\">Desenrola Brasil<\/a> \u00e9 um programa emergencial que foi criado em julho de 2023 pelo Governo Federal, que tem como principal meta ajudar no processo de renegocia\u00e7\u00e3o de d\u00edvidas da popula\u00e7\u00e3o.<\/p>\n\n\n\n<div class=\"cta-btn-block\">\n  <a class=\"cta-btn\" href=\"https:\/\/app.acordocerto.com.br\/login?utm_source=blog&amp;utm_medium=acordocerto&amp;utm_term=cta-post\" target=\"_blank\">Consulte seu CPF<\/a>\n<\/div>\n\n\n\n<p>O programa foi desenvolvido em parceria com a Secretaria de Reformas Econ\u00f4micas do Minist\u00e9rio da Fazenda especialmente para combater a <a href=\"https:\/\/www.acordocerto.com.br\/blog\/inadimplencia-o-que-e\/\" target=\"_blank\" rel=\"noreferrer noopener\">inadimpl\u00eancia<\/a> gerada durante a pandemia e se adequar ao novo cen\u00e1rio de taxas de juros.&nbsp;<\/p>\n\n\n\n<p>Na primeira fase do programa foram permitidas somente negocia\u00e7\u00f5es de d\u00edvidas banc\u00e1rias que estavam negativadas. Essa oportunidade foi mais voltada para pessoas com renda mensal de at\u00e9 R$ 20 mil.<\/p>\n\n\n\n<p>E em setembro de 2023 come\u00e7ou o Desenrola Brasil Segunda Fase, que ter\u00e1 foco em pessoas que t\u00eam renda mensal de at\u00e9 2 sal\u00e1rio-m\u00ednimo e possuem qualquer tipo de d\u00edvida negativada. Veja mais detalhes abaixo.<\/p>\n\n\n\n\n\n<h2 class=\"wp-block-heading\"><strong>Desenrola Brasil: o projeto do Governo para negocia\u00e7\u00e3o de d\u00edvidas<\/strong><\/h2>\n\n\n\n<figure class=\"wp-block-embed is-type-video is-provider-youtube wp-block-embed-youtube wp-embed-aspect-16-9 wp-has-aspect-ratio\"><div class=\"wp-block-embed__wrapper\">\n<iframe title=\"Desenrola Brasil: O Que \u00c9? Quem Tem Direito e Como Entrar para Limpar o Nome? - Acordo Certo\" width=\"500\" height=\"281\" src=\"https:\/\/www.youtube.com\/embed\/rBpvIgcxi3U?feature=oembed\" frameborder=\"0\" allow=\"accelerometer; autoplay; clipboard-write; encrypted-media; gyroscope; picture-in-picture; web-share\" referrerpolicy=\"strict-origin-when-cross-origin\" allowfullscreen><\/iframe>\n<\/div><\/figure>\n\n\n\n<p>O Programa Desenrola Brasil oferece uma \u00f3tima oportunidade para quem est\u00e1 lidando com d\u00edvidas e <a href=\"https:\/\/www.acordocerto.com.br\/dividas\/nome-sujo\" target=\"_blank\" rel=\"noreferrer noopener\">nome sujo<\/a>.&nbsp;<\/p>\n\n\n\n<p>Lan\u00e7ado pelo Governo em 2023, ele possibilita a recupera\u00e7\u00e3o de cr\u00e9dito e o acerto de compromissos financeiros registrados em ag\u00eancias de cr\u00e9dito, como <a href=\"https:\/\/www.consumidorpositivo.com.br\/\" target=\"_blank\" rel=\"noreferrer noopener\">Consumidor Positivo<\/a>, Serasa e SPC. Ou seja, ele serve justamente para ajudar os brasileiros a limparem o nome de forma f\u00e1cil.<\/p>\n\n\n\n<div class=\"cta-btn-block\">\n  <a class=\"cta-btn\" href=\"https:\/\/app.acordocerto.com.br\/login?utm_source=blog&amp;utm_medium=acordocerto&amp;utm_term=cta-post\" target=\"_blank\">Consulte seu CPF<\/a>\n<\/div>\n\n\n\n<p>Atrav\u00e9s de colabora\u00e7\u00f5es entre o Governo e leil\u00f5es realizados por empresas credoras (aquelas que querem receber valores devidos), o programa disponibiliza a chance de obter descontos exclusivos ao negociar por meio dessa plataforma.<\/p>\n\n\n\n<h2 class=\"wp-block-heading\"><strong>Quando come\u00e7a a segunda fase do Desenrola Brasil?<\/strong><\/h2>\n\n\n\t\t<div class=\"web-stories-list alignnone has-archive-link is-view-type-list is-style-default\" data-id=\"1\">\n\t\t\t<div class=\"web-stories-list__inner-wrapper\" style=\"\">\n\t\t\t\t\t\t\t<div\n\t\t\t\tclass=\"web-stories-list__story\"\n\t\t\t\tdata-wp-interactive=\"web-stories-block\"\n\t\t\t\tdata-wp-context='{\"instanceId\":1}'\t\t\t\tdata-wp-on--click=\"actions.open\"\n\t\t\t\tdata-wp-on-window--popstate=\"actions.onPopstate\"\n\t\t\t\t>\n\t\t\t\t\t\t\t<div class=\"web-stories-list__story-poster\">\n\t\t\t\t<a href=\"https:\/\/www.acordocerto.com.br\/blog\/web-stories\/como-vai-ser-a-segunda-fase-do-desenrola-brasil\/\">\n\t\t\t\t\t<img\n\t\t\t\t\t\tsrc=\"https:\/\/www.acordocerto.com.br\/blog\/wp-content\/uploads\/2023\/09\/cropped-Programa-Desenrola.jpg\"\n\t\t\t\t\t\talt=\"Como vai ser a segunda fase do Desenrola Brasil?\"\n\t\t\t\t\t\twidth=\"185\"\n\t\t\t\t\t\theight=\"308\"\n\t\t\t\t\t\t\t\t\t\t\t\t\tsrcset=\"https:\/\/www.acordocerto.com.br\/blog\/wp-content\/uploads\/2023\/09\/cropped-Programa-Desenrola.jpg 640w, https:\/\/www.acordocerto.com.br\/blog\/wp-content\/uploads\/2023\/09\/cropped-Programa-Desenrola-150x200.jpg 150w\"\n\t\t\t\t\t\t\t\t\t\t\t\t\t\t\t\t\t\t\tsizes=\"auto, (max-width: 640px) 100vw, 640px\"\n\t\t\t\t\t\t\t\t\t\t\t\tloading=\"lazy\"\n\t\t\t\t\t\tdecoding=\"async\"\n\t\t\t\t\t>\n\t\t\t\t<\/a>\n\t\t\t<\/div>\n\t\t\t\t\t<div class=\"web-stories-list__story-content-overlay\">\n\t\t\t\t\t\t\t<div class=\"story-content-overlay__title\">\n\t\t\t\t\tComo vai ser a segunda fase do Desenrola Brasil?\t\t\t\t<\/div>\n\t\t\t\n\t\t\t\t\t\t\t<div class=\"story-content-overlay__excerpt\">\n\t\t\t\t\tDescubra como participar da segunda fase do Programa Desenrola Brasil 2023 e negocie suas d\u00edvidas com descontos imperd\u00edveis!\t\t\t\t<\/div>\n\t\t\t\n\t\t\t\t\t\t\t<div class=\"story-content-overlay__author\">\n\t\t\t\t\tPor Carolina Jacob\t\t\t\t<\/div>\n\t\t\t\n\t\t\t\t\t\t\t<time class=\"story-content-overlay__date\">\n\t\t\t\t\tEm 25 de setembro, 2023\t\t\t\t<\/time>\n\t\t\t\t\t<\/div>\n\t\t\t\t\t<\/div>\n\t\t\t\t\t<div class=\"web-stories-list__archive-link\">\n\t\t\t<a href=\"https:\/\/www.acordocerto.com.br\/blog\/web-stories\/\">\n\t\t\t\tVisualizando todos Stories\t\t\t<\/a>\n\t\t<\/div>\n\t\t\t\t\t<\/div>\n\t\t<\/div>\n\t\t\n\n\n<p>A segunda fase Desenrola Brasil come\u00e7ou no final de setembro de 2023, entretanto, os consumidores puderam negociar e aproveitar as condi\u00e7\u00f5es do programa somente em Outubro de 2023.&nbsp;<\/p>\n\n\n\n<p>Esta fase 2 Desenrola teve in\u00edcio no dia 25 de setembro de 2023 e foi at\u00e9 o dia 27 de setembro, e foi focada para as empresas credoras, para que pudessem aderir as d\u00edvidas e participar de um leil\u00e3o. A empresa que ofereceu as melhores condi\u00e7\u00f5es e descontos foi contemplada com a participa\u00e7\u00e3o no programa.&nbsp;<\/p>\n\n\n\n<p>Em seguida, a segunda etapa Desenrola Brasil para os consumidores iniciou no come\u00e7o de outubro de 2023. Foi neste momento que os brasileiros inadimplentes puderam finalmente acessar a plataforma oficial do Desenrola Brasil e conferir se suas d\u00edvidas estavam participando do programa do Governo.<\/p>\n\n\n\n<p>Veja tamb\u00e9m: <a href=\"https:\/\/www.acordocerto.com.br\/blog\/cnh-social\/\" target=\"_blank\" rel=\"noreferrer noopener\">CNH Social: Saiba o que \u00e9, como se inscrever e quem tem direito \u00e0 CNH gratuita<\/a><\/p>\n\n\n\n<h2 class=\"wp-block-heading\"><strong>Como funciona a segunda etapa do Projeto Desenrola?&nbsp;<\/strong><\/h2>\n\n\n\n<p>A nova fase Desenrola Brasil foi dedicada para os consumidores que fazem parte da faixa 1 do programa, e as negocia\u00e7\u00f5es funcionaram atrav\u00e9s do site oficial do Governo. <\/p>\n\n\n\n<p>Para entender como funciona e como participar, voc\u00ea vai precisar ter uma conta gov.br no n\u00edvel prata ou ouro.&nbsp;<\/p>\n\n\n\n<div class=\"cta-btn-block\">\n  <a class=\"cta-btn\" href=\"https:\/\/app.acordocerto.com.br\/login?utm_source=blog&amp;utm_medium=acordocerto&amp;utm_term=cta-post\" target=\"_blank\">Consulte seu CPF<\/a>\n<\/div>\n\n\n\n<p>Mas afinal, como fazer esta conta e como autenticar para deix\u00e1-la em um n\u00edvel mais elevado?&nbsp;<\/p>\n\n\n\n<p>Voc\u00ea pode criar a conta gov.br gratuitamente, e depois fazer as valida\u00e7\u00f5es necess\u00e1rias para conquistar os n\u00edveis prata ou ouro. Veja como abaixo:<\/p>\n\n\n\n<p>Para alcan\u00e7ar o n\u00edvel prata da conta gov.br, voc\u00ea deve fazer pelo menos uma das a\u00e7\u00f5es de autentica\u00e7\u00e3o:&nbsp;<\/p>\n\n\n\n<ol class=\"wp-block-list\">\n<li>Fazer reconhecimento facial pelo aplicativo gov.br e valida\u00e7\u00e3o da foto cadastrada Senatran \/ Detran<\/li>\n\n\n\n<li>Validar seus dados em um internet banking em um dos bancos credenciados pelo Governo<\/li>\n\n\n\n<li>Validar sues dados com usu\u00e1rio e senha do SIGEPE (para servidores p\u00fablicos)<\/li>\n<\/ol>\n\n\n\n<p><\/p>\n\n\n\n<p>J\u00e1 para alcan\u00e7ar o n\u00edvel ouro da sua conta gov.br, voc\u00ea precisar\u00e1 seguir pelo menos um dos seguintes passos.&nbsp;<\/p>\n\n\n\n<ol class=\"wp-block-list\">\n<li>Fazer reconhecimento facial pelo aplicativo gov.br para valida\u00e7\u00e3o da foto cadastrada no site da Justi\u00e7a Federal&nbsp;<\/li>\n\n\n\n<li>Validar seus dados pelo aplicativo gov.br e ler o QR code da nova carteira de identidade nacional CIN<\/li>\n\n\n\n<li>Validar seus dados usando um certificado digital ICP-Brasil<\/li>\n<\/ol>\n\n\n\n<p><\/p>\n\n\n\n<p>Depois de criar sua conta, deix\u00e1-la no n\u00edvel prata ou ouro, e fazer login na p\u00e1gina do Programa Desenrola na segunda fase, voc\u00ea conseguir\u00e1 verificar se as suas pend\u00eancias financeiras est\u00e3o dentro do programa, e ent\u00e3o finalmente fazer o acordo de d\u00edvida utilizando os descontos disponibilizados pelo Projeto Desenrola.&nbsp;<\/p>\n\n\n\n<article\n  class=\"custom-post-block\"\n  style=\"background-color: #ebeef5; color: #506172;\"\n>\n  \n\n<p>Veja mais aqui: <\/p>\n\n\n\n<ol class=\"wp-block-list\">\n<li><a href=\"https:\/\/www.acordocerto.com.br\/blog\/criar-conta-gov-br\/\" target=\"_blank\" rel=\"noreferrer noopener\">Como criar conta gov.br<\/a><\/li>\n\n\n\n<li><a href=\"https:\/\/www.acordocerto.com.br\/blog\/consultar-contracheque-pelo-cpf\/\" target=\"_blank\" rel=\"noreferrer noopener\">Como consultar contracheque pelo CPF no SouGov<\/a><\/li>\n\n\n\n<li><a href=\"https:\/\/www.acordocerto.com.br\/blog\/consultar-registrato\/\" target=\"_blank\" rel=\"noreferrer noopener\">Consultar Registrato: saiba como ver suas d\u00edvidas<\/a><\/li>\n<\/ol>\n\n<\/article>\n\n\n\n<h3 class=\"wp-block-heading\"><strong>Quais os crit\u00e9rios para negociar d\u00edvida na nova fase do Desenrola?&nbsp;<\/strong><\/h3>\n\n\n\n<ol class=\"wp-block-list\">\n<li>Ganhar at\u00e9 R$ 2.640 de renda mensal (at\u00e9 2 sal\u00e1rios-m\u00ednimos) ou estar inscrito no <a href=\"https:\/\/www.acordocerto.com.br\/blog\/o-que-e-cadastro-unico\/\" target=\"_blank\" rel=\"noreferrer noopener\">Cadastro \u00danico<\/a><\/li>\n\n\n\n<li>Ter d\u00edvidas de valor at\u00e9 R$5 mil de qualquer tipo e segmento (como <a href=\"https:\/\/www.acordocerto.com.br\/dividas\/divida-com-faculdade\">d\u00edvida com faculdade<\/a>, <a href=\"https:\/\/www.acordocerto.com.br\/dividas\/divida-com-cartao-de-credito\">d\u00edvida com cart\u00e3o de cr\u00e9dito<\/a>, com varejo, etc.)<\/li>\n<\/ol>\n\n\n\n<p><\/p>\n\n\n\n<h2 class=\"wp-block-heading\"><strong>Como negociar minhas d\u00edvidas pelo Desenrola Brasil?&nbsp;<\/strong><\/h2>\n\n\n\n<p>Veja os passos para negociar suas d\u00edvidas usando as condi\u00e7\u00f5es especiais do Desenrola Brasil:&nbsp;<\/p>\n\n\n\n<ol class=\"wp-block-list\">\n<li>Entre no site <a href=\"https:\/\/www.gov.br\/desenrola\" target=\"_blank\" rel=\"noreferrer noopener\">Gov.Br\/Desenrola<\/a><\/li>\n\n\n\n<li>Fa\u00e7a login usando sua conta gov.br do n\u00edvel prata ou ouro<\/li>\n\n\n\n<li>Confira quais s\u00e3o as d\u00edvidas listadas no seu nome<\/li>\n\n\n\n<li>Veja as oportunidades de negocia\u00e7\u00e3o<\/li>\n\n\n\n<li>Escolha a melhor forma de pagamento para voc\u00ea<\/li>\n\n\n\n<li>Finalize seu acordo e comece a pagar<\/li>\n<\/ol>\n\n\n\n<p><\/p>\n\n\n\n<article\n  class=\"custom-post-block\"\n  style=\"background-color: #ebeef5; color: #506172;\"\n>\n  \n\n<p>Veja mais aqui: <a href=\"https:\/\/www.acordocerto.com.br\/blog\/desenrola-brasil-como-vai-funcionar\/\" target=\"_blank\" rel=\"noreferrer noopener\">Desenrola Brasil como vai funcionar<\/a> e como entrar no programa para limpar o nome<\/p>\n\n<\/article>\n\n\n\n<h2 class=\"wp-block-heading\"><strong>O Governo vai pagar minhas d\u00edvidas de at\u00e9 5 mil?&nbsp;<\/strong><\/h2>\n\n\n\n<p>N\u00e3o, o Governo n\u00e3o ir\u00e1 conceder perd\u00e3o de d\u00edvidas no Desenrola.&nbsp;<\/p>\n\n\n\n<p>O programa na verdade oferece condi\u00e7\u00f5es especiais para negocia\u00e7\u00e3o, e tem o objetivo de ajudar os brasileiros a se livrarem do nome sujo por conta de d\u00edvidas no valor de at\u00e9 R$ 5mil e feitas at\u00e9 o dia 31 de dezembro de 2022.<\/p>\n\n\n\n\n\n\n<h2 class=\"wp-block-heading\"><strong>At\u00e9 quando vai o programa Desenrola Brasil do Governo Federal?&nbsp;<\/strong><\/h2>\n\n\n\n<p>De acordo com a&nbsp;Medida Provis\u00f3ria 1.211\/2024, a segunda prorroga\u00e7\u00e3o do programa foi aprovada, logo, ele ir\u00e1 at\u00e9 o dia 20 de maio de 2024. At\u00e9 este dia voc\u00ea poder\u00e1 aproveitar as condi\u00e7\u00f5es de negocia\u00e7\u00f5es de d\u00edvidas na plataforma do Governo.<\/p>\n\n\n\n<h2 class=\"wp-block-heading\"><strong>O Desenrola Brasil pode ser suspenso?&nbsp;<\/strong><\/h2>\n\n\n\n<p>Sim, pois por enquanto o programa est\u00e1 valendo atrav\u00e9s de uma MP (Medida Provis\u00f3ria). Logo, se o projeto n\u00e3o for votado no Senado, novas prorroga\u00e7\u00f5es do Desenrola Brasil podem ser suspensas.<\/p>\n\n\n\n<h2 class=\"wp-block-heading\"><strong>E nossa dica final \u00e9: al\u00e9m do Desenrola Brasil Segunda Fase, voc\u00ea tamb\u00e9m pode renegociar suas d\u00edvidas na Acordo Certo<\/strong><\/h2>\n\n\n\n<p>Como vimos, o programa Desenrola Brasil entrou na sua segunda fase, e ajudou brasileiros que recebem at\u00e9 R$2.640,00 de sal\u00e1rio mensal (2 sal\u00e1rios-m\u00ednimos)&nbsp; a negociarem d\u00edvidas de at\u00e9 R$ 5 mil reais.&nbsp;<\/p>\n\n\n\n<p>Entretanto, como este projeto est\u00e1 funcionando atrav\u00e9s de uma Medida Provis\u00f3ria, ele ainda tem chances de ser suspenso.&nbsp;<\/p>\n\n\n\n<p>Mas nem tudo est\u00e1 perdido: se o programa for suspenso ou se a sua d\u00edvida n\u00e3o estiver dentro dos requisitos para participar do Desenrola Brasil Segunda Fase, voc\u00ea ainda poder\u00e1 negociar aqui na Acordo Certo, que \u00e9 uma plataforma segura e confi\u00e1vel para renegocia\u00e7\u00f5es.&nbsp;<\/p>\n\n\n\n<div class=\"cta-btn-block\">\n  <a class=\"cta-btn\" href=\"https:\/\/app.acordocerto.com.br\/login?utm_source=blog&amp;utm_medium=acordocerto&amp;utm_term=cta-post\" target=\"_blank\">Consulte seu CPF<\/a>\n<\/div>\n\n\n\n<p>Contamos com mais de 45 parceiros que oferecem condi\u00e7\u00f5es exclusivas e \u00f3timos descontos! Aproveite: \u00e9 s\u00f3 consultar seu CPF no nosso site e verificar quais oportunidades de negocia\u00e7\u00e3o temos para voc\u00ea.<\/p>\n\n\n<ul class=\"wp-block-latest-posts__list wp-block-latest-posts\"><li><a class=\"wp-block-latest-posts__post-title\" href=\"https:\/\/www.acordocerto.com.br\/blog\/como-saber-se-vou-ser-aprovado-no-cartao\/\">Como saber se vou ser aprovado no cart\u00e3o de cr\u00e9dito antes de pedir? Leia este guia completo!<\/a><\/li>\n<li><a class=\"wp-block-latest-posts__post-title\" href=\"https:\/\/www.acordocerto.com.br\/blog\/divida-pode-bloquear-ou-penhorar-salario\/\">D\u00edvida pode bloquear ou penhorar sal\u00e1rio? Entenda o que a lei permite<\/a><\/li>\n<li><a class=\"wp-block-latest-posts__post-title\" href=\"https:\/\/www.acordocerto.com.br\/blog\/cobranca-de-dividas\/\">Cobran\u00e7a de D\u00edvidas: conhe\u00e7a os direitos do consumidor e o que a lei pro\u00edbe<\/a><\/li>\n<li><a class=\"wp-block-latest-posts__post-title\" href=\"https:\/\/www.acordocerto.com.br\/blog\/por-que-nao-dizer-nome-sujo\/\">7 motivos para voc\u00ea n\u00e3o dizer que est\u00e1 com o \u201cnome sujo\u201d<\/a><\/li>\n<li><a class=\"wp-block-latest-posts__post-title\" href=\"https:\/\/www.acordocerto.com.br\/blog\/nome-sujo\/\">&#8220;Nome Sujo&#8221;, por que n\u00e3o usamos esse termo: um manifesto Acordo Certo<\/a><\/li>\n<\/ul>\n\n\n<h3 class=\"wp-block-heading\"><strong>FAQ: Perguntas frequentes<\/strong><\/h3>\n\n\n<div id=\"rank-math-faq\" class=\"rank-math-block\">\n<div class=\"rank-math-list \">\n<div id=\"faq-question-1680723276120\" class=\"rank-math-list-item\">\n<h3 class=\"rank-math-question \">Desenrola Brasil varejistas: como vai funcionar?<\/h3>\n<div class=\"rank-math-answer \">\n\n<p>As empresas varejistas participaram do leil\u00e3o durante os dias 25 a 27 de setembro. Aquelas lojas e varejistas que oferecem os maiores descontos para as negocia\u00e7\u00f5es de d\u00edvidas, ser\u00e3o contemplados com a participa\u00e7\u00e3o no Programa Desenrola Brasil.<\/p>\n\n<\/div>\n<\/div>\n<div id=\"faq-question-1680723279284\" class=\"rank-math-list-item\">\n<h3 class=\"rank-math-question \">Desenrola Brasil nova etapa: quando come\u00e7am as negocia\u00e7\u00f5es?<\/h3>\n<div class=\"rank-math-answer \">\n\n<p>Ainda ser\u00e1 confirmado, mas a previs\u00e3o \u00e9 que os consumidores poder\u00e3o negociar a partir de outubro de 2023.\u00a0<\/p>\n\n<\/div>\n<\/div>\n<div id=\"faq-question-1680723280484\" class=\"rank-math-list-item\">\n<h3 class=\"rank-math-question \">Quando come\u00e7a a segunda fase do Desenrola Brasil 2023?\u00a0<\/h3>\n<div class=\"rank-math-answer \">\n\n<p>A nova etapa Desenrola Brasil come\u00e7ou em setembro de 2023 para as empresas credoras, e as negocia\u00e7\u00f5es come\u00e7ar\u00e3o em outubro de 2023 para os consumidores.\u00a0<\/p>\n\n<\/div>\n<\/div>\n<div id=\"faq-question-1695759749195\" class=\"rank-math-list-item\">\n<h3 class=\"rank-math-question \">Quando encerra o Desenrola Brasil?<\/h3>\n<div class=\"rank-math-answer \">\n\n<p>De acordo com a Medida Provis\u00f3ria, voc\u00ea poder\u00e1 negociar sua d\u00edvida at\u00e9 o dia 31 de dezembro de 2023.\u00a0<\/p>\n\n<\/div>\n<\/div>\n<div id=\"faq-question-1714056937912\" class=\"rank-math-list-item\">\n<h3 class=\"rank-math-question \">Vai ter Desenrola Brasil em 2024?<\/h3>\n<div class=\"rank-math-answer \">\n\n<p>Sim, o programa foi estendido pelo Governo at\u00e9 o dia 30 de maio de 2024. <\/p>\n\n<\/div>\n<\/div>\n<div id=\"faq-question-1714056997722\" class=\"rank-math-list-item\">\n<h3 class=\"rank-math-question \">Quando acaba o Desenrola Brasil 2024?<\/h3>\n<div class=\"rank-math-answer \">\n\n<p>De acordo com as \u00faltimas not\u00edcias e com a nova Medida Provis\u00f3ria 1.211\/2024, o programa ir\u00e1 acabar em 30 de maio de 2024. <\/p>\n\n<\/div>\n<\/div>\n<\/div>\n<\/div>\n\n\n<h3 class=\"wp-block-heading\"><strong>Web Stories<\/strong><\/h3>\n\n\n\t\t<div class=\"web-stories-list alignnone has-archive-link is-view-type-carousel is-style-default is-carousel\" data-id=\"2\">\n\t\t\t<div\n\t\t\tclass=\"web-stories-list__inner-wrapper carousel-2\"\n\t\t\tstyle=\"--ws-story-max-width:185px\"\n\t\t\t>\n\t\t\t\t\t\t<div class=\"web-stories-list__archive-link\">\n\t\t\t<a href=\"https:\/\/www.acordocerto.com.br\/blog\/web-stories\/\">\n\t\t\t\tVisualizando todos Stories\t\t\t<\/a>\n\t\t<\/div>\n\t\t\t\t\t\t\t<div\n\t\t\t\t\tclass=\"web-stories-list__carousel carousel\"\n\t\t\t\t\tdata-id=\"carousel-2\"\n\t\t\t\t\tdata-prev=\"Voltar\"\n\t\t\t\t\tdata-next=\"Avan\u00e7ar\"\n\t\t\t\t\t>\n\t\t\t\t\t\t\t\t\t<div\n\t\t\t\tclass=\"web-stories-list__story\"\n\t\t\t\tdata-wp-interactive=\"web-stories-block\"\n\t\t\t\tdata-wp-context='{\"instanceId\":2}'\t\t\t\tdata-wp-on--click=\"actions.open\"\n\t\t\t\tdata-wp-on-window--popstate=\"actions.onPopstate\"\n\t\t\t\t>\n\t\t\t\t\t\t\t<div class=\"web-stories-list__story-poster\">\n\t\t\t\t<a href=\"https:\/\/www.acordocerto.com.br\/blog\/web-stories\/como-participar-do-desenrola-brasil\/\">\n\t\t\t\t\t<img\n\t\t\t\t\t\tsrc=\"https:\/\/www.acordocerto.com.br\/blog\/wp-content\/uploads\/2023\/09\/cropped-Desenrola.jpg\"\n\t\t\t\t\t\talt=\"Como participar do Desenrola Brasil?\"\n\t\t\t\t\t\twidth=\"185\"\n\t\t\t\t\t\theight=\"308\"\n\t\t\t\t\t\t\t\t\t\t\t\t\tsrcset=\"https:\/\/www.acordocerto.com.br\/blog\/wp-content\/uploads\/2023\/09\/cropped-Desenrola.jpg 640w, https:\/\/www.acordocerto.com.br\/blog\/wp-content\/uploads\/2023\/09\/cropped-Desenrola-150x200.jpg 150w\"\n\t\t\t\t\t\t\t\t\t\t\t\t\t\t\t\t\t\t\tsizes=\"auto, (max-width: 640px) 100vw, 640px\"\n\t\t\t\t\t\t\t\t\t\t\t\tloading=\"lazy\"\n\t\t\t\t\t\tdecoding=\"async\"\n\t\t\t\t\t>\n\t\t\t\t<\/a>\n\t\t\t<\/div>\n\t\t\t\t\t<div class=\"web-stories-list__story-content-overlay\">\n\t\t\t\t\t\t\t<div class=\"story-content-overlay__title\">\n\t\t\t\t\tComo participar do Desenrola Brasil?\t\t\t\t<\/div>\n\t\t\t\n\t\t\t\n\t\t\t\n\t\t\t\t\t<\/div>\n\t\t\t\t\t<\/div>\n\t\t\t\t\t\t<div\n\t\t\t\tclass=\"web-stories-list__story\"\n\t\t\t\tdata-wp-interactive=\"web-stories-block\"\n\t\t\t\tdata-wp-context='{\"instanceId\":2}'\t\t\t\tdata-wp-on--click=\"actions.open\"\n\t\t\t\tdata-wp-on-window--popstate=\"actions.onPopstate\"\n\t\t\t\t>\n\t\t\t\t\t\t\t<div class=\"web-stories-list__story-poster\">\n\t\t\t\t<a href=\"https:\/\/www.acordocerto.com.br\/blog\/web-stories\/itau-entrara-no-desenrola-brasil\/\">\n\t\t\t\t\t<img\n\t\t\t\t\t\tsrc=\"https:\/\/www.acordocerto.com.br\/blog\/wp-content\/uploads\/2023\/07\/cropped-Itau.jpg\"\n\t\t\t\t\t\talt=\"Ita\u00fa entrar\u00e1 no Desenrola Brasil?\"\n\t\t\t\t\t\twidth=\"185\"\n\t\t\t\t\t\theight=\"308\"\n\t\t\t\t\t\t\t\t\t\t\t\t\tsrcset=\"https:\/\/www.acordocerto.com.br\/blog\/wp-content\/uploads\/2023\/07\/cropped-Itau.jpg 640w, https:\/\/www.acordocerto.com.br\/blog\/wp-content\/uploads\/2023\/07\/cropped-Itau-150x200.jpg 150w\"\n\t\t\t\t\t\t\t\t\t\t\t\t\t\t\t\t\t\t\tsizes=\"auto, (max-width: 640px) 100vw, 640px\"\n\t\t\t\t\t\t\t\t\t\t\t\tloading=\"lazy\"\n\t\t\t\t\t\tdecoding=\"async\"\n\t\t\t\t\t>\n\t\t\t\t<\/a>\n\t\t\t<\/div>\n\t\t\t\t\t<div class=\"web-stories-list__story-content-overlay\">\n\t\t\t\t\t\t\t<div class=\"story-content-overlay__title\">\n\t\t\t\t\tIta\u00fa entrar\u00e1 no Desenrola Brasil?\t\t\t\t<\/div>\n\t\t\t\n\t\t\t\n\t\t\t\n\t\t\t\t\t<\/div>\n\t\t\t\t\t<\/div>\n\t\t\t\t\t\t<div\n\t\t\t\tclass=\"web-stories-list__story\"\n\t\t\t\tdata-wp-interactive=\"web-stories-block\"\n\t\t\t\tdata-wp-context='{\"instanceId\":2}'\t\t\t\tdata-wp-on--click=\"actions.open\"\n\t\t\t\tdata-wp-on-window--popstate=\"actions.onPopstate\"\n\t\t\t\t>\n\t\t\t\t\t\t\t<div class=\"web-stories-list__story-poster\">\n\t\t\t\t<a href=\"https:\/\/www.acordocerto.com.br\/blog\/web-stories\/bradesco-entrara-no-desenrola-brasil\/\">\n\t\t\t\t\t<img\n\t\t\t\t\t\tsrc=\"https:\/\/www.acordocerto.com.br\/blog\/wp-content\/uploads\/2023\/07\/cropped-Bradesco1-1.jpg\"\n\t\t\t\t\t\talt=\"Bradesco entrar\u00e1 no Desenrola Brasil?\"\n\t\t\t\t\t\twidth=\"185\"\n\t\t\t\t\t\theight=\"308\"\n\t\t\t\t\t\t\t\t\t\t\t\t\tsrcset=\"https:\/\/www.acordocerto.com.br\/blog\/wp-content\/uploads\/2023\/07\/cropped-Bradesco1-1.jpg 640w, https:\/\/www.acordocerto.com.br\/blog\/wp-content\/uploads\/2023\/07\/cropped-Bradesco1-1-150x200.jpg 150w\"\n\t\t\t\t\t\t\t\t\t\t\t\t\t\t\t\t\t\t\tsizes=\"auto, (max-width: 640px) 100vw, 640px\"\n\t\t\t\t\t\t\t\t\t\t\t\tloading=\"lazy\"\n\t\t\t\t\t\tdecoding=\"async\"\n\t\t\t\t\t>\n\t\t\t\t<\/a>\n\t\t\t<\/div>\n\t\t\t\t\t<div class=\"web-stories-list__story-content-overlay\">\n\t\t\t\t\t\t\t<div class=\"story-content-overlay__title\">\n\t\t\t\t\tBradesco entrar\u00e1 no Desenrola Brasil?\t\t\t\t<\/div>\n\t\t\t\n\t\t\t\n\t\t\t\n\t\t\t\t\t<\/div>\n\t\t\t\t\t<\/div>\n\t\t\t\t\t\t<div\n\t\t\t\tclass=\"web-stories-list__story\"\n\t\t\t\tdata-wp-interactive=\"web-stories-block\"\n\t\t\t\tdata-wp-context='{\"instanceId\":2}'\t\t\t\tdata-wp-on--click=\"actions.open\"\n\t\t\t\tdata-wp-on-window--popstate=\"actions.onPopstate\"\n\t\t\t\t>\n\t\t\t\t\t\t\t<div class=\"web-stories-list__story-poster\">\n\t\t\t\t<a href=\"https:\/\/www.acordocerto.com.br\/blog\/web-stories\/como-vai-funcionar-o-desenrola-brasil\/\">\n\t\t\t\t\t<img\n\t\t\t\t\t\tsrc=\"https:\/\/www.acordocerto.com.br\/blog\/wp-content\/uploads\/2023\/07\/cropped-Desenrola-Brasil-1.jpg\"\n\t\t\t\t\t\talt=\"Como vai funcionar o Desenrola Brasil?\"\n\t\t\t\t\t\twidth=\"185\"\n\t\t\t\t\t\theight=\"308\"\n\t\t\t\t\t\t\t\t\t\t\t\t\tsrcset=\"https:\/\/www.acordocerto.com.br\/blog\/wp-content\/uploads\/2023\/07\/cropped-Desenrola-Brasil-1.jpg 640w, https:\/\/www.acordocerto.com.br\/blog\/wp-content\/uploads\/2023\/07\/cropped-Desenrola-Brasil-1-150x200.jpg 150w\"\n\t\t\t\t\t\t\t\t\t\t\t\t\t\t\t\t\t\t\tsizes=\"auto, (max-width: 640px) 100vw, 640px\"\n\t\t\t\t\t\t\t\t\t\t\t\tloading=\"lazy\"\n\t\t\t\t\t\tdecoding=\"async\"\n\t\t\t\t\t>\n\t\t\t\t<\/a>\n\t\t\t<\/div>\n\t\t\t\t\t<div class=\"web-stories-list__story-content-overlay\">\n\t\t\t\t\t\t\t<div class=\"story-content-overlay__title\">\n\t\t\t\t\tComo vai funcionar o Desenrola Brasil?\t\t\t\t<\/div>\n\t\t\t\n\t\t\t\n\t\t\t\n\t\t\t\t\t<\/div>\n\t\t\t\t\t<\/div>\n\t\t\t\t\t\t<div\n\t\t\t\tclass=\"web-stories-list__story\"\n\t\t\t\tdata-wp-interactive=\"web-stories-block\"\n\t\t\t\tdata-wp-context='{\"instanceId\":2}'\t\t\t\tdata-wp-on--click=\"actions.open\"\n\t\t\t\tdata-wp-on-window--popstate=\"actions.onPopstate\"\n\t\t\t\t>\n\t\t\t\t\t\t\t<div class=\"web-stories-list__story-poster\">\n\t\t\t\t<a href=\"https:\/\/www.acordocerto.com.br\/blog\/web-stories\/se-proteja-contra-golpes-no-desenrola-brasil\/\">\n\t\t\t\t\t<img\n\t\t\t\t\t\tsrc=\"https:\/\/www.acordocerto.com.br\/blog\/wp-content\/uploads\/2023\/08\/cropped-desenrola-brasil-1.jpeg\"\n\t\t\t\t\t\talt=\"Se proteja contra GOLPES no Desenrola Brasil\"\n\t\t\t\t\t\twidth=\"185\"\n\t\t\t\t\t\theight=\"308\"\n\t\t\t\t\t\t\t\t\t\t\t\t\tsrcset=\"https:\/\/www.acordocerto.com.br\/blog\/wp-content\/uploads\/2023\/08\/cropped-desenrola-brasil-1.jpeg 640w, https:\/\/www.acordocerto.com.br\/blog\/wp-content\/uploads\/2023\/08\/cropped-desenrola-brasil-1-150x200.jpeg 150w\"\n\t\t\t\t\t\t\t\t\t\t\t\t\t\t\t\t\t\t\tsizes=\"auto, (max-width: 640px) 100vw, 640px\"\n\t\t\t\t\t\t\t\t\t\t\t\tloading=\"lazy\"\n\t\t\t\t\t\tdecoding=\"async\"\n\t\t\t\t\t>\n\t\t\t\t<\/a>\n\t\t\t<\/div>\n\t\t\t\t\t<div class=\"web-stories-list__story-content-overlay\">\n\t\t\t\t\t\t\t<div class=\"story-content-overlay__title\">\n\t\t\t\t\tSe proteja contra GOLPES no Desenrola Brasil\t\t\t\t<\/div>\n\t\t\t\n\t\t\t\n\t\t\t\n\t\t\t\t\t<\/div>\n\t\t\t\t\t<\/div>\n\t\t\t\t\t\t\t\t<\/div>\n\t\t\t\t\t<div tabindex=\"0\" aria-label=\"Voltar\" class=\"glider-prev\"><\/div>\n\t\t\t\t\t<div tabindex=\"0\" aria-label=\"Avan\u00e7ar\" class=\"glider-next\"><\/div>\n\t\t\t\t\t\t\t\t<\/div>\n\t\t<\/div>\n\t\t<div style='text-align:center' class='yasr-auto-insert-visitor'><\/div>","protected":false},"excerpt":{"rendered":"<p>D\u00ea adeus ao nome sujo! Veja como vai funcionar Desenrola Brasil Segunda Fase: quais tipos de d\u00edvidas poder\u00e3o ser negociadas e quem pode participar? Veja aqui!<\/p>\n","protected":false},"author":10,"featured_media":13101,"comment_status":"open","ping_status":"open","sticky":false,"template":"","format":"standard","meta":{"_acf_changed":false,"inline_featured_image":false,"yasr_overall_rating":0,"yasr_post_is_review":"","yasr_auto_insert_disabled":"","yasr_review_type":"","footnotes":""},"categories":[5],"tags":[49,133],"class_list":["post-13097","post","type-post","status-publish","format-standard","has-post-thumbnail","hentry","category-dividas","tag-dividas","tag-nome-sujo"],"acf":[],"yasr_visitor_votes":{"stars_attributes":{"read_only":false,"span_bottom":false},"number_of_votes":9,"sum_votes":28},"_links":{"self":[{"href":"https:\/\/www.acordocerto.com.br\/blog\/wp-json\/wp\/v2\/posts\/13097","targetHints":{"allow":["GET"]}}],"collection":[{"href":"https:\/\/www.acordocerto.com.br\/blog\/wp-json\/wp\/v2\/posts"}],"about":[{"href":"https:\/\/www.acordocerto.com.br\/blog\/wp-json\/wp\/v2\/types\/post"}],"author":[{"embeddable":true,"href":"https:\/\/www.acordocerto.com.br\/blog\/wp-json\/wp\/v2\/users\/10"}],"replies":[{"embeddable":true,"href":"https:\/\/www.acordocerto.com.br\/blog\/wp-json\/wp\/v2\/comments?post=13097"}],"version-history":[{"count":13,"href":"https:\/\/www.acordocerto.com.br\/blog\/wp-json\/wp\/v2\/posts\/13097\/revisions"}],"predecessor-version":[{"id":20787,"href":"https:\/\/www.acordocerto.com.br\/blog\/wp-json\/wp\/v2\/posts\/13097\/revisions\/20787"}],"wp:featuredmedia":[{"embeddable":true,"href":"https:\/\/www.acordocerto.com.br\/blog\/wp-json\/wp\/v2\/media\/13101"}],"wp:attachment":[{"href":"https:\/\/www.acordocerto.com.br\/blog\/wp-json\/wp\/v2\/media?parent=13097"}],"wp:term":[{"taxonomy":"category","embeddable":true,"href":"https:\/\/www.acordocerto.com.br\/blog\/wp-json\/wp\/v2\/categories?post=13097"},{"taxonomy":"post_tag","embeddable":true,"href":"https:\/\/www.acordocerto.com.br\/blog\/wp-json\/wp\/v2\/tags?post=13097"}],"curies":[{"name":"wp","href":"https:\/\/api.w.org\/{rel}","templated":true}]}}