{"id":14717,"date":"2023-12-06T18:11:40","date_gmt":"2023-12-06T21:11:40","guid":{"rendered":"https:\/\/www.acordocerto.com.br\/?p=14717"},"modified":"2024-12-23T17:12:27","modified_gmt":"2024-12-23T20:12:27","slug":"programa-progredir","status":"publish","type":"post","link":"https:\/\/www.acordocerto.com.br\/blog\/programa-progredir\/","title":{"rendered":"Programa Progredir: O que \u00e9 e como fazer parte em 2025"},"content":{"rendered":"\n<p>Em um cen\u00e1rio em que oportunidades de emprego, qualifica\u00e7\u00e3o profissional e empreendedorismo s\u00e3o fundamentais, o Programa Progredir surge como mais uma op\u00e7\u00e3o de incentivo a mudan\u00e7as, oferecendo um super suporte para o desenvolvimento econ\u00f4mico e social da popula\u00e7\u00e3o, principalmente para aqueles que s\u00e3o benefici\u00e1rios do Bolsa Fam\u00edlia.&nbsp;<\/p>\n\n\n\n<div class=\"cta-btn-block\">\n  <a class=\"cta-btn\" href=\"https:\/\/app.acordocerto.com.br\/login?utm_source=blog&amp;utm_medium=acordocerto&amp;utm_term=cta-post\" target=\"_blank\">Consulte seu CPF<\/a>\n<\/div>\n\n\n\n<p>E a\u00ed, gostou da ideia? Hoje vamos explorar os principais aspectos do Programa Progredir, desde seu funcionamento at\u00e9 as etapas pr\u00e1ticas para participar.<\/p>\n\n\n\n<p>Sem tempo para ler? Clique no play abaixo para ouvir o conte\u00fado&nbsp;\ud83d\udd0a<\/p>\n\n\n\n<iframe width=\"100%\" height=\"83\" scrolling=\"no\" src=\"https:\/\/go.vooozer.com\/embed\/04d60a52\" frameborder=\"0\" title=\"Narra\u00e7\u00e3o humana do artigo\" style=\"height: 83px !important;\" allowfullscreen><\/iframe>\n\n\n\n\n\n<h2 class=\"wp-block-heading\">O que \u00e9 o Programa Progredir?<\/h2>\n\n\n\n<p>O Programa Progredir \u00e9 uma iniciativa do Governo do Brasil destinada a apoiar pessoas inscritas no Cadastro \u00danico a conquistar autonomia financeira por meio de emprego, qualifica\u00e7\u00e3o profissional, empreendedorismo e acesso ao microcr\u00e9dito produtivo orientado. Buscando ir al\u00e9m da assist\u00eancia, o Progredir visa promover o desenvolvimento econ\u00f4mico e social.<\/p>\n\n\n\n<figure class=\"wp-block-embed is-type-video is-provider-youtube wp-block-embed-youtube wp-embed-aspect-16-9 wp-has-aspect-ratio\"><div class=\"wp-block-embed__wrapper\">\n<iframe title=\"Programa Progredir: Cr\u00e9dito Pra Empreender! Empr\u00e9stimo Bolsa Fam\u00edlia \u00c9 A Mesma Coisa? - Acordo Certo\" width=\"500\" height=\"281\" src=\"https:\/\/www.youtube.com\/embed\/KklHSeSD3MU?feature=oembed\" frameborder=\"0\" allow=\"accelerometer; autoplay; clipboard-write; encrypted-media; gyroscope; picture-in-picture; web-share\" referrerpolicy=\"strict-origin-when-cross-origin\" allowfullscreen><\/iframe>\n<\/div><\/figure>\n\n\n\n<h2 class=\"wp-block-heading\">Como funciona o Microcr\u00e9dito Progredir Bolsa Fam\u00edlia?<\/h2>\n\n\n\n<p>O Microcr\u00e9dito Progredir para benefici\u00e1rios do Bolsa Fam\u00edlia \u00e9 uma oportunidade de impulsionar empreendimentos, proporcionando acesso a recursos financeiros de maneira orientada e respons\u00e1vel.&nbsp;<\/p>\n\n\n\n<div class=\"cta-btn-block\">\n  <a class=\"cta-btn\" href=\"https:\/\/app.acordocerto.com.br\/login?utm_source=blog&amp;utm_medium=acordocerto&amp;utm_term=cta-post\" target=\"_blank\">Consulte seu CPF<\/a>\n<\/div>\n\n\n\n<p>Ao participar do Programa Progredir, os benefici\u00e1rios t\u00eam a chance de transformar suas realidades, construindo um caminho s\u00f3lido rumo \u00e0 autonomia financeira e ao crescimento profissional.&nbsp;<\/p>\n\n\n\n<p>Para mais informa\u00e7\u00f5es detalhadas, consulte o site oficial do <a href=\"https:\/\/www.gov.br\/mds\/pt-br\/acoes-e-programas\/progredir\" target=\"_blank\" rel=\"noreferrer noopener nofollow\">Programa Progredir<\/a>.<\/p>\n\n\n\n<h3 class=\"wp-block-heading\">Empr\u00e9stimo Bolsa Fam\u00edlia e Microcr\u00e9dito Progredir \u00e9 a mesma coisa?<\/h3>\n\n\n\n<p>N\u00e3o, o empr\u00e9stimo do Bolsa Fam\u00edlia e o microcr\u00e9dito do Programa Progredir n\u00e3o s\u00e3o a mesma coisa. Vamos entender as diferen\u00e7as:<\/p>\n\n\n\n<h4 class=\"wp-block-heading\">Empr\u00e9stimo do Bolsa Fam\u00edlia<\/h4>\n\n\n\n<p>O <a href=\"https:\/\/www.acordocerto.com.br\/blog\/emprestimo-bolsa-familia\/\">empr\u00e9stimo Bolsa Fam\u00edlia<\/a> foi uma modalidade de cr\u00e9dito criada em 2022. Era um cr\u00e9dito consignado, onde os benefici\u00e1rios do Bolsa Fam\u00edlia podiam colocar o benef\u00edcio como garantia de pagamento do empr\u00e9stimo.<\/p>\n\n\n\n<div class=\"cta-btn-block\">\n  <a class=\"cta-btn\" href=\"https:\/\/app.acordocerto.com.br\/login?utm_source=blog&amp;utm_medium=acordocerto&amp;utm_term=cta-post\" target=\"_blank\">Consulte seu CPF<\/a>\n<\/div>\n\n\n\n<p>Em 2023 essa modalidade de empr\u00e9stimo foi suspensa pelo Governo e pela CAIXA, e ainda n\u00e3o foi retomada.<\/p>\n\n\n\n<h4 class=\"wp-block-heading\">Microcr\u00e9dito do Programa Progredir<\/h4>\n\n\n\n<p>O Programa Progredir oferece microcr\u00e9dito produtivo orientado, que \u00e9 uma forma de empr\u00e9stimo destinada a impulsionar empreendimentos e neg\u00f3cios de pessoas de baixa renda. Ele \u00e9 voltado para investimentos espec\u00edficos no desenvolvimento ou expans\u00e3o de atividades empreendedoras.&nbsp;<\/p>\n\n\n\n<p>O foco \u00e9 promover a autonomia financeira, proporcionando acesso a recursos financeiros que podem ser utilizados para fortalecer neg\u00f3cios pr\u00f3prios.<\/p>\n\n\n\n<p>Portanto, enquanto o Empr\u00e9stimo Bolsa Fam\u00edlia era um cr\u00e9dito consignado pessoal, onde n\u00e3o era necess\u00e1rio apresentar um objetivo para usar o dinheiro, o microcr\u00e9dito do Programa Progredir \u00e9 uma forma de empr\u00e9stimo focado para o desenvolvimento econ\u00f4mico das fam\u00edlias atrav\u00e9s principalmente do empreendedorismo.&nbsp;<\/p>\n\n\n\n<h2 class=\"wp-block-heading\">Como acessar o Programa Progredir?<\/h2>\n\n\n\n<p>Para acessar o Programa Progredir, basta visitar o portal oficial do Progredir e seguir os passos indicados.&nbsp;<\/p>\n\n\n\n<p>Veja as regras:<\/p>\n\n\n\n<ol class=\"wp-block-list\">\n<li>\u00c9 necess\u00e1rio estar inscrito no Cadastro \u00danico<\/li>\n\n\n\n<li>Depois de estar com cadastro ativado, escolha entre as op\u00e7\u00f5es oferecidas pelo programa, como &#8220;Quero trabalhar&#8221;, &#8220;Quero fazer cursos&#8221; ou &#8220;Quero empreender&#8221;<\/li>\n\n\n\n<li>O portal tamb\u00e9m \u00e9 o ponto de contato com os operadores de microcr\u00e9dito parceiros do programa<\/li>\n<\/ol>\n\n\n\n<p><\/p>\n\n\n\n<h2 class=\"wp-block-heading\">Quem pode se inscrever no Programa Progredir?<\/h2>\n\n\n\n<p>Qualquer pessoa inscrita no Cadastro \u00danico pode participar do Programa Progredir.&nbsp;<\/p>\n\n\n\n<div class=\"cta-btn-block\">\n  <a class=\"cta-btn\" href=\"https:\/\/app.acordocerto.com.br\/login?utm_source=blog&amp;utm_medium=acordocerto&amp;utm_term=cta-post\" target=\"_blank\">Consulte seu CPF<\/a>\n<\/div>\n\n\n\n<p>O programa est\u00e1 aberto a indiv\u00edduos que buscam emprego, qualifica\u00e7\u00e3o profissional ou desejam empreender, independente da formalidade do neg\u00f3cio.<\/p>\n\n\n\n<h3 class=\"wp-block-heading\">Quais documentos s\u00e3o necess\u00e1rios para participar do Programa Progredir?<\/h3>\n\n\n\n<p>Os documentos necess\u00e1rios podem variar dependendo da a\u00e7\u00e3o escolhida.&nbsp;<\/p>\n\n\n\n<p>Geralmente, \u00e9 preciso fornecer informa\u00e7\u00f5es presentes no Cadastro \u00danico, como dados de contato e situa\u00e7\u00e3o socioecon\u00f4mica. No caso de participa\u00e7\u00e3o em a\u00e7\u00f5es de empreendedorismo, pode ser necess\u00e1rio autorizar o compartilhamento de informa\u00e7\u00f5es com os operadores de microcr\u00e9dito.<\/p>\n\n\n\n<article\n  class=\"custom-post-block\"\n  style=\"background-color: #ebeef5; color: #506172;\"\n>\n  \n\n<p>Veja tamb\u00e9m: <\/p>\n\n\n\n<ol class=\"wp-block-list\">\n<li><a href=\"https:\/\/www.acordocerto.com.br\/blog\/quem-mora-sozinho-recebe-bolsa-familia\/\" target=\"_blank\" rel=\"noreferrer noopener\">Quem mora sozinho recebe Bolsa Fam\u00edlia? Descubra agora!<\/a><\/li>\n\n\n\n<li><a href=\"https:\/\/www.acordocerto.com.br\/blog\/consultar-bolsa-familia-pelo-cpf\/\" target=\"_blank\" rel=\"noreferrer noopener\">Como Consultar Bolsa Fam\u00edlia pelo CPF<\/a><\/li>\n\n\n\n<li><a href=\"https:\/\/www.acordocerto.com.br\/blog\/poupanca-social-digital\/\" target=\"_blank\" rel=\"noreferrer noopener\">Poupan\u00e7a Social Digital <\/a>(Caixa Tem): Entenda o que \u00e9, como funciona e quanto rende&nbsp;<\/li>\n<\/ol>\n\n<\/article>\n\n\n\n<h2 class=\"wp-block-heading\">Conclus\u00e3o<\/h2>\n\n\n\n<p>O Programa Progredir representa mais do que uma simples iniciativa governamental; \u00e9 uma promessa de mudan\u00e7a e crescimento para milhares de brasileiros.&nbsp;<\/p>\n\n\n\n<div class=\"cta-btn-block\">\n  <a class=\"cta-btn\" href=\"https:\/\/app.acordocerto.com.br\/login?utm_source=blog&amp;utm_medium=acordocerto&amp;utm_term=cta-post\" target=\"_blank\">Consulte seu CPF<\/a>\n<\/div>\n\n\n\n<p>Ao proporcionar acesso facilitado a empregos, cursos de qualifica\u00e7\u00e3o e oportunidades de empreendedorismo, o Progredir visa n\u00e3o apenas aliviar as dificuldades financeiras, mas tamb\u00e9m abrir portas para um futuro mais promissor.&nbsp;<\/p>\n\n\n\n<p>Ao participar ativamente do Progredir, os benefici\u00e1rios t\u00eam a chance n\u00e3o apenas de superar desafios financeiros, mas de construir bases s\u00f3lidas para uma vida mais pr\u00f3spera.&nbsp;<\/p>\n\n\n\n<p>Este \u00e9 um convite para explorar as possibilidades oferecidas pelo Programa Progredir e iniciar uma jornada de autossufici\u00eancia financeira e desenvolvimento pessoal. Estamos aqui para apoiar cada passo nesse caminho de progresso.<\/p>\n\n\n\n\n\n<ul class=\"wp-block-latest-posts__list wp-block-latest-posts\"><li><a class=\"wp-block-latest-posts__post-title\" href=\"https:\/\/www.acordocerto.com.br\/blog\/divida-pode-bloquear-ou-penhorar-salario\/\">D\u00edvida pode bloquear ou penhorar sal\u00e1rio? Entenda o que a lei permite<\/a><\/li>\n<li><a class=\"wp-block-latest-posts__post-title\" href=\"https:\/\/www.acordocerto.com.br\/blog\/cnh-pai-d-egua-para\/\">CNH Pai D\u2019\u00e9gua 2026: como funciona e quem pode se inscrever na CNH Social do Par\u00e1<\/a><\/li>\n<li><a class=\"wp-block-latest-posts__post-title\" href=\"https:\/\/www.acordocerto.com.br\/blog\/cnh-social-sergipe\/\">CNH Social Sergipe 2026: como funciona o programa de habilita\u00e7\u00e3o gratuita no estado<\/a><\/li>\n<li><a class=\"wp-block-latest-posts__post-title\" href=\"https:\/\/www.acordocerto.com.br\/blog\/cnh-social-bahia\/\">CNH Social Bahia 2026: tudo sobre o programa CNH da Gente e o impacto da nova lei federal<\/a><\/li>\n<li><a class=\"wp-block-latest-posts__post-title\" href=\"https:\/\/www.acordocerto.com.br\/blog\/cnh-social-go\/\">CNH Social GO 2026: como tirar sua primeira habilita\u00e7\u00e3o gratuita em Goi\u00e1s e o que muda com a nova lei federal<\/a><\/li>\n<li><a class=\"wp-block-latest-posts__post-title\" href=\"https:\/\/www.acordocerto.com.br\/blog\/cnh-social-mt\/\">CNH Social MT 2026: veja como funciona, quem tem direito e o que muda com a nova lei federal<\/a><\/li>\n<\/ul>\n\n\n<h3 class=\"wp-block-heading\"><strong>FAQ: Perguntas frequentes<\/strong><\/h3>\n\n\n<div id=\"rank-math-faq\" class=\"rank-math-block\">\n<div class=\"rank-math-list \">\n<div id=\"faq-question-1680723276120\" class=\"rank-math-list-item\">\n<h3 class=\"rank-math-question \">Como Fazer parte do Programa Progredir?<\/h3>\n<div class=\"rank-math-answer \">\n\n<p>Para fazer parte do Programa Progredir, acesse o portal oficial, escolha a op\u00e7\u00e3o que melhor atenda \u00e0s suas necessidades (trabalhar, fazer cursos ou empreender) e siga as instru\u00e7\u00f5es para cadastro.<\/p>\n\n<\/div>\n<\/div>\n<div id=\"faq-question-1680723279284\" class=\"rank-math-list-item\">\n<h3 class=\"rank-math-question \">Como funciona o empr\u00e9stimo Progredir?<\/h3>\n<div class=\"rank-math-answer \">\n\n<p>O empr\u00e9stimo Progredir, realizado por operadores de microcr\u00e9dito parceiros, \u00e9 destinado\u00a0 exclusivamente a investimentos no seu micro e pequeno neg\u00f3cio. \u00c9 essencial seguir as diretrizes e n\u00e3o utilizar os recursos para despesas pessoais.<\/p>\n\n<\/div>\n<\/div>\n<div id=\"faq-question-1680723280484\" class=\"rank-math-list-item\">\n<h3 class=\"rank-math-question \">O que \u00e9 Plano Progredir: Programa Nacional do Microcr\u00e9dito Produtivo Orientado?<\/h3>\n<div class=\"rank-math-answer \">\n\n<p>O Plano Progredir \u00e9 uma estrat\u00e9gia nacional que visa orientar e facilitar o acesso ao microcr\u00e9dito produtivo. Ele faz parte do Programa Progredir, oferecendo suporte espec\u00edfico para empreendedores.<\/p>\n\n<\/div>\n<\/div>\n<div id=\"faq-question-1701896685614\" class=\"rank-math-list-item\">\n<h3 class=\"rank-math-question \">Quais s\u00e3o os parceiros do Plano Progredir?<\/h3>\n<div class=\"rank-math-answer \">\n\n<p>Os parceiros do Plano Progredir s\u00e3o operadores de microcr\u00e9dito que colaboram na oferta de recursos financeiros e orienta\u00e7\u00e3o para empreendedores cadastrados no Programa Progredir.<\/p>\n\n<\/div>\n<\/div>\n<div id=\"faq-question-1701896686327\" class=\"rank-math-list-item\">\n<h3 class=\"rank-math-question \">Como participar do Progredir?<\/h3>\n<div class=\"rank-math-answer \">\n\n<p>Participar do Progredir envolve acessar o portal, escolher a a\u00e7\u00e3o desejada e seguir os passos indicados. O programa oferece suporte para emprego, cursos e empreendedorismo.<\/p>\n\n<\/div>\n<\/div>\n<\/div>\n<\/div>\n\n\n<h3 class=\"wp-block-heading\"><strong>Web Stories<\/strong><\/h3>\n\n\n\t\t<div class=\"web-stories-list alignnone has-archive-link is-view-type-carousel is-style-default is-carousel\" data-id=\"1\">\n\t\t\t<div\n\t\t\tclass=\"web-stories-list__inner-wrapper carousel-1\"\n\t\t\tstyle=\"--ws-story-max-width:185px\"\n\t\t\t>\n\t\t\t\t\t\t<div class=\"web-stories-list__archive-link\">\n\t\t\t<a href=\"https:\/\/www.acordocerto.com.br\/blog\/web-stories\/\">\n\t\t\t\tVisualizando todos Stories\t\t\t<\/a>\n\t\t<\/div>\n\t\t\t\t\t\t\t<div\n\t\t\t\t\tclass=\"web-stories-list__carousel carousel\"\n\t\t\t\t\tdata-id=\"carousel-1\"\n\t\t\t\t\tdata-prev=\"Voltar\"\n\t\t\t\t\tdata-next=\"Avan\u00e7ar\"\n\t\t\t\t\t>\n\t\t\t\t\t\t\t\t\t<div\n\t\t\t\tclass=\"web-stories-list__story\"\n\t\t\t\tdata-wp-interactive=\"web-stories-block\"\n\t\t\t\tdata-wp-context='{\"instanceId\":1}'\t\t\t\tdata-wp-on--click=\"actions.open\"\n\t\t\t\tdata-wp-on-window--popstate=\"actions.onPopstate\"\n\t\t\t\t>\n\t\t\t\t\t\t\t<div class=\"web-stories-list__story-poster\">\n\t\t\t\t<a href=\"https:\/\/www.acordocerto.com.br\/blog\/web-stories\/posso-receber-bolsa-familia-morando-sozinho\/\">\n\t\t\t\t\t<img\n\t\t\t\t\t\tsrc=\"https:\/\/www.acordocerto.com.br\/blog\/wp-content\/uploads\/2023\/07\/cropped-Calendario-bolsa-familia-agosto-2023.jpg\"\n\t\t\t\t\t\talt=\"Posso receber Bolsa Fam\u00edlia morando sozinho?\"\n\t\t\t\t\t\twidth=\"185\"\n\t\t\t\t\t\theight=\"308\"\n\t\t\t\t\t\t\t\t\t\t\t\t\tsrcset=\"https:\/\/www.acordocerto.com.br\/blog\/wp-content\/uploads\/2023\/07\/cropped-Calendario-bolsa-familia-agosto-2023.jpg 640w, https:\/\/www.acordocerto.com.br\/blog\/wp-content\/uploads\/2023\/07\/cropped-Calendario-bolsa-familia-agosto-2023-150x200.jpg 150w\"\n\t\t\t\t\t\t\t\t\t\t\t\t\t\t\t\t\t\t\tsizes=\"auto, (max-width: 640px) 100vw, 640px\"\n\t\t\t\t\t\t\t\t\t\t\t\tloading=\"lazy\"\n\t\t\t\t\t\tdecoding=\"async\"\n\t\t\t\t\t>\n\t\t\t\t<\/a>\n\t\t\t<\/div>\n\t\t\t\t\t<div class=\"web-stories-list__story-content-overlay\">\n\t\t\t\t\t\t\t<div class=\"story-content-overlay__title\">\n\t\t\t\t\tPosso receber Bolsa Fam\u00edlia morando sozinho?\t\t\t\t<\/div>\n\t\t\t\n\t\t\t\n\t\t\t\n\t\t\t\t\t<\/div>\n\t\t\t\t\t<\/div>\n\t\t\t\t\t\t<div\n\t\t\t\tclass=\"web-stories-list__story\"\n\t\t\t\tdata-wp-interactive=\"web-stories-block\"\n\t\t\t\tdata-wp-context='{\"instanceId\":1}'\t\t\t\tdata-wp-on--click=\"actions.open\"\n\t\t\t\tdata-wp-on-window--popstate=\"actions.onPopstate\"\n\t\t\t\t>\n\t\t\t\t\t\t\t<div class=\"web-stories-list__story-poster\">\n\t\t\t\t<a href=\"https:\/\/www.acordocerto.com.br\/blog\/web-stories\/novo-bolsa-familia-disponivel\/\">\n\t\t\t\t\t<img\n\t\t\t\t\t\tsrc=\"https:\/\/www.acordocerto.com.br\/blog\/wp-content\/uploads\/2023\/03\/cropped-bolsa-familia2-1.jpg\"\n\t\t\t\t\t\talt=\"Novo Bolsa Fam\u00edlia dispon\u00edvel. Quem recebe hoje?\"\n\t\t\t\t\t\twidth=\"185\"\n\t\t\t\t\t\theight=\"308\"\n\t\t\t\t\t\t\t\t\t\t\t\t\tsrcset=\"https:\/\/www.acordocerto.com.br\/blog\/wp-content\/uploads\/2023\/03\/cropped-bolsa-familia2-1.jpg 640w, https:\/\/www.acordocerto.com.br\/blog\/wp-content\/uploads\/2023\/03\/cropped-bolsa-familia2-1-150x200.jpg 150w\"\n\t\t\t\t\t\t\t\t\t\t\t\t\t\t\t\t\t\t\tsizes=\"auto, (max-width: 640px) 100vw, 640px\"\n\t\t\t\t\t\t\t\t\t\t\t\tloading=\"lazy\"\n\t\t\t\t\t\tdecoding=\"async\"\n\t\t\t\t\t>\n\t\t\t\t<\/a>\n\t\t\t<\/div>\n\t\t\t\t\t<div class=\"web-stories-list__story-content-overlay\">\n\t\t\t\t\t\t\t<div class=\"story-content-overlay__title\">\n\t\t\t\t\tNovo Bolsa Fam\u00edlia dispon\u00edvel. Quem recebe hoje?\t\t\t\t<\/div>\n\t\t\t\n\t\t\t\n\t\t\t\n\t\t\t\t\t<\/div>\n\t\t\t\t\t<\/div>\n\t\t\t\t\t\t<div\n\t\t\t\tclass=\"web-stories-list__story\"\n\t\t\t\tdata-wp-interactive=\"web-stories-block\"\n\t\t\t\tdata-wp-context='{\"instanceId\":1}'\t\t\t\tdata-wp-on--click=\"actions.open\"\n\t\t\t\tdata-wp-on-window--popstate=\"actions.onPopstate\"\n\t\t\t\t>\n\t\t\t\t\t\t\t<div class=\"web-stories-list__story-poster\">\n\t\t\t\t<a href=\"https:\/\/www.acordocerto.com.br\/blog\/web-stories\/bolsa-familia-possivel-aumento-de-4\/\">\n\t\t\t\t\t<img\n\t\t\t\t\t\tsrc=\"https:\/\/www.acordocerto.com.br\/blog\/wp-content\/uploads\/2023\/07\/cropped-Calendario-bolsa-familia-agosto-2023.jpg\"\n\t\t\t\t\t\talt=\"Bolsa Fam\u00edlia: Poss\u00edvel Aumento de 4% em Discuss\u00e3o\"\n\t\t\t\t\t\twidth=\"185\"\n\t\t\t\t\t\theight=\"308\"\n\t\t\t\t\t\t\t\t\t\t\t\t\tsrcset=\"https:\/\/www.acordocerto.com.br\/blog\/wp-content\/uploads\/2023\/07\/cropped-Calendario-bolsa-familia-agosto-2023.jpg 640w, https:\/\/www.acordocerto.com.br\/blog\/wp-content\/uploads\/2023\/07\/cropped-Calendario-bolsa-familia-agosto-2023-150x200.jpg 150w\"\n\t\t\t\t\t\t\t\t\t\t\t\t\t\t\t\t\t\t\tsizes=\"auto, (max-width: 640px) 100vw, 640px\"\n\t\t\t\t\t\t\t\t\t\t\t\tloading=\"lazy\"\n\t\t\t\t\t\tdecoding=\"async\"\n\t\t\t\t\t>\n\t\t\t\t<\/a>\n\t\t\t<\/div>\n\t\t\t\t\t<div class=\"web-stories-list__story-content-overlay\">\n\t\t\t\t\t\t\t<div class=\"story-content-overlay__title\">\n\t\t\t\t\tBolsa Fam\u00edlia: Poss\u00edvel Aumento de 4% em Discuss\u00e3o\t\t\t\t<\/div>\n\t\t\t\n\t\t\t\n\t\t\t\n\t\t\t\t\t<\/div>\n\t\t\t\t\t<\/div>\n\t\t\t\t\t\t\t\t<\/div>\n\t\t\t\t\t<div tabindex=\"0\" aria-label=\"Voltar\" class=\"glider-prev\"><\/div>\n\t\t\t\t\t<div tabindex=\"0\" aria-label=\"Avan\u00e7ar\" class=\"glider-next\"><\/div>\n\t\t\t\t\t\t\t\t<\/div>\n\t\t<\/div>\n\t\t<div style='text-align:center' class='yasr-auto-insert-visitor'><\/div>","protected":false},"excerpt":{"rendered":"<p>Participe do Programa Progredir e alcance autonomia financeira: empregos, qualifica\u00e7\u00e3o e microcr\u00e9dito em 2025 para benefici\u00e1rios do Bolsa Fam\u00edlia e inscritos no Cad\u00danico.<\/p>\n","protected":false},"author":10,"featured_media":14741,"comment_status":"open","ping_status":"open","sticky":false,"template":"","format":"standard","meta":{"_acf_changed":false,"inline_featured_image":false,"yasr_overall_rating":0,"yasr_post_is_review":"","yasr_auto_insert_disabled":"","yasr_review_type":"","footnotes":""},"categories":[33],"tags":[627,138],"class_list":["post-14717","post","type-post","status-publish","format-standard","has-post-thumbnail","hentry","category-direitos-e-beneficios","tag-auxilio-do-governo","tag-bolsa-familia"],"acf":[],"yasr_visitor_votes":{"stars_attributes":{"read_only":false,"span_bottom":false},"number_of_votes":41,"sum_votes":183},"_links":{"self":[{"href":"https:\/\/www.acordocerto.com.br\/blog\/wp-json\/wp\/v2\/posts\/14717","targetHints":{"allow":["GET"]}}],"collection":[{"href":"https:\/\/www.acordocerto.com.br\/blog\/wp-json\/wp\/v2\/posts"}],"about":[{"href":"https:\/\/www.acordocerto.com.br\/blog\/wp-json\/wp\/v2\/types\/post"}],"author":[{"embeddable":true,"href":"https:\/\/www.acordocerto.com.br\/blog\/wp-json\/wp\/v2\/users\/10"}],"replies":[{"embeddable":true,"href":"https:\/\/www.acordocerto.com.br\/blog\/wp-json\/wp\/v2\/comments?post=14717"}],"version-history":[{"count":10,"href":"https:\/\/www.acordocerto.com.br\/blog\/wp-json\/wp\/v2\/posts\/14717\/revisions"}],"predecessor-version":[{"id":19061,"href":"https:\/\/www.acordocerto.com.br\/blog\/wp-json\/wp\/v2\/posts\/14717\/revisions\/19061"}],"wp:featuredmedia":[{"embeddable":true,"href":"https:\/\/www.acordocerto.com.br\/blog\/wp-json\/wp\/v2\/media\/14741"}],"wp:attachment":[{"href":"https:\/\/www.acordocerto.com.br\/blog\/wp-json\/wp\/v2\/media?parent=14717"}],"wp:term":[{"taxonomy":"category","embeddable":true,"href":"https:\/\/www.acordocerto.com.br\/blog\/wp-json\/wp\/v2\/categories?post=14717"},{"taxonomy":"post_tag","embeddable":true,"href":"https:\/\/www.acordocerto.com.br\/blog\/wp-json\/wp\/v2\/tags?post=14717"}],"curies":[{"name":"wp","href":"https:\/\/api.w.org\/{rel}","templated":true}]}}