{"id":15449,"date":"2024-02-06T08:08:00","date_gmt":"2024-02-06T11:08:00","guid":{"rendered":"https:\/\/www.acordocerto.com.br\/?p=15449"},"modified":"2024-05-13T17:00:29","modified_gmt":"2024-05-13T20:00:29","slug":"auxilio-jovem","status":"publish","type":"post","link":"https:\/\/www.acordocerto.com.br\/blog\/auxilio-jovem\/","title":{"rendered":"O Fim do Aux\u00edlio Jovem Brasil? Entenda tudo aqui"},"content":{"rendered":"\n<p>Desde mar\u00e7o de 2023, as coisas mudaram nos programas sociais do Brasil. O Aux\u00edlio Brasil deixou de existir, abrindo espa\u00e7o para o retorno do t\u00e3o conhecido Bolsa Fam\u00edlia. Essa mudan\u00e7a mexeu com os benef\u00edcios, incluindo o Aux\u00edlio Jovem.<\/p>\n\n\n\n<div class=\"cta-btn-block\">\n  <a class=\"cta-btn\" href=\"https:\/\/app.acordocerto.com.br\/login?utm_source=blog&amp;utm_medium=acordocerto&amp;utm_term=cta-post\" target=\"_blank\">Consulte seu CPF<\/a>\n<\/div>\n\n\n\n<p>Leia este artigo para entender melhor essa troca e as mudan\u00e7as nos programas sociais. Descubra os novos valores e quais fam\u00edlias t\u00eam direito a receber benef\u00edcios extras do Governo.<\/p>\n\n\n\n\n\n<h2 class=\"wp-block-heading\">O que era o Auxilio Brasil jovem?<\/h2>\n\n\n\n<p>O Aux\u00edlio Brasil Jovem, anteriormente conhecido como Aux\u00edlio Jovem, representava uma iniciativa do governo federal destinada a proporcionar apoio financeiro a jovens que se destacavam em campos como educa\u00e7\u00e3o, esportes e outras \u00e1reas espec\u00edficas.<\/p>\n\n\n\n<div class=\"cta-btn-block\">\n  <a class=\"cta-btn\" href=\"https:\/\/app.acordocerto.com.br\/login?utm_source=blog&amp;utm_medium=acordocerto&amp;utm_term=cta-post\" target=\"_blank\">Consulte seu CPF<\/a>\n<\/div>\n\n\n\n<p>E ent\u00e3o, em junho de 2023, o Aux\u00edlio Jovem foi oficialmente descontinuado. A decis\u00e3o do governo resultou na transi\u00e7\u00e3o dos benef\u00edcios anteriormente associados a esse programa para outras modalidades dentro do \u00e2mbito do Bolsa Fam\u00edlia.<\/p>\n\n\n\n<p>Veja tamb\u00e9m: <a href=\"https:\/\/www.acordocerto.com.br\/blog\/emprestimo-bolsa-familia\/\" target=\"_blank\" rel=\"noreferrer noopener\">Empr\u00e9stimo Bolsa Fam\u00edlia: Conhe\u00e7a as Mudan\u00e7as e Novidades para 2024<\/a><\/p>\n\n\n\n<h2 class=\"wp-block-heading\">Quem tinha direito ao Aux\u00edlio Jovem? Quais eram os requisitos?<\/h2>\n\n\n\n<p>Para ser eleg\u00edvel ao Aux\u00edlio Brasil Jovem, era necess\u00e1rio atender a determinados requisitos.&nbsp;<\/p>\n\n\n\n<p>O jovem e seu respons\u00e1vel legal precisavam estar cadastrados no <a href=\"https:\/\/www.acordocerto.com.br\/blog\/o-que-e-cadastro-unico\/\" target=\"_blank\" rel=\"noreferrer noopener\">Cadastro \u00danico<\/a> (Cad\u00danico), uma base de dados governamental que monitora pessoas em situa\u00e7\u00e3o de vulnerabilidade econ\u00f4mica e social.<\/p>\n\n\n\n<p>Ap\u00f3s a descontinua\u00e7\u00e3o do Aux\u00edlio Brasil Jovem, os requisitos para os benef\u00edcios associados foram ajustados para se alinharem \u00e0s novas modalidades do Bolsa Fam\u00edlia.<\/p>\n\n\n\n<p>Agora, o requisito para receber o aux\u00edlio \u00e9 que as fam\u00edlias benefici\u00e1rias do Bolsa Fam\u00edlia tenham:<\/p>\n\n\n\n<ol class=\"wp-block-list\">\n<li>Crian\u00e7as e adolescentes de 07 a 18 anos;<\/li>\n\n\n\n<li>Caso tenham, ent\u00e3o \u00e9 pago um adicional de R$50 por crian\u00e7a ou jovem.&nbsp;<\/li>\n\n\n\n<li>Se a fam\u00edlia inscrita no Bolsa Fam\u00edlia tamb\u00e9m tiver gestantes, ent\u00e3o tamb\u00e9m s\u00e3o pagos mais R$50.&nbsp;<\/li>\n\n\n\n<li>Para fam\u00edlias com crian\u00e7as de at\u00e9 seis anos, o benef\u00edcio extra chega a R$150.<\/li>\n<\/ol>\n\n\n\n<p><\/p>\n\n\n\n<p>Veja tamb\u00e9m: <a href=\"https:\/\/www.acordocerto.com.br\/blog\/quem-mora-sozinho-recebe-bolsa-familia\/\" target=\"_blank\" rel=\"noreferrer noopener\">Quem mora sozinho recebe Bolsa Fam\u00edlia? Descubra agora!<\/a><\/p>\n\n\n\n<h2 class=\"wp-block-heading\">Quais eram as 5 modalidades do Aux\u00edlio Jovem?<\/h2>\n\n\n\n<p>O Aux\u00edlio Brasil Jovem era dividido em v\u00e1rias modalidades, cada uma voltada para \u00e1reas espec\u00edficas que buscam incentivar o desenvolvimento dos jovens brasileiros. Abaixo est\u00e3o algumas das modalidades que formavam o Aux\u00edlio Brasil Jovem:<\/p>\n\n\n\n<ol class=\"wp-block-list\">\n<li>Aux\u00edlio Esporte Escolar<\/li>\n\n\n\n<li>Bolsa de Inicia\u00e7\u00e3o Cient\u00edfica J\u00fanior<\/li>\n\n\n\n<li>Aux\u00edlio Crian\u00e7a Cidad\u00e3<\/li>\n\n\n\n<li>Aux\u00edlio Inclus\u00e3o Produtiva Rural<\/li>\n\n\n\n<li>Aux\u00edlio Inclus\u00e3o Produtiva Urbana<\/li>\n<\/ol>\n\n\n\n<p><\/p>\n\n\n<ul class=\"wp-block-latest-posts__list wp-block-latest-posts\"><li><a class=\"wp-block-latest-posts__post-title\" href=\"https:\/\/www.acordocerto.com.br\/blog\/agiotagem-e-crime\/\">Agiotagem \u00e9 crime? O que acontece se eu denunciar? Tudo o que voc\u00ea precisa saber!<\/a><\/li>\n<li><a class=\"wp-block-latest-posts__post-title\" href=\"https:\/\/www.acordocerto.com.br\/blog\/emprestimo-com-agiota\/\">Vale a pena tomar um empr\u00e9stimo com agiota? Descubra os pr\u00f3s e contras!<\/a><\/li>\n<li><a class=\"wp-block-latest-posts__post-title\" href=\"https:\/\/www.acordocerto.com.br\/blog\/consulta-de-cpf-e-emprestimo\/\">Consulta de CPF e empr\u00e9stimo: qual \u00e9 a rela\u00e7\u00e3o?<\/a><\/li>\n<li><a class=\"wp-block-latest-posts__post-title\" href=\"https:\/\/www.acordocerto.com.br\/blog\/portabilidade-de-consignado\/\">Portabilidade de consignado: como funciona<\/a><\/li>\n<\/ul>\n\n\n<h2 class=\"wp-block-heading\">Qual o valor do Aux\u00edlio Jovem e do Bolsa Fam\u00edlia?<\/h2>\n\n\n\n<p>Os valores do Aux\u00edlio Jovem e do Bolsa Fam\u00edlia podem variar, pois dependem de alguns fatores.&nbsp;<\/p>\n\n\n\n<p>Antes, o valor do Aux\u00edlio Jovem dependia da modalidade que a crian\u00e7a ou adolescente estava inserida, por isso, podia chegar at\u00e9 R$1.200,00. Ou seja, o jovem precisava estar inserido no Aux\u00edlio Esporte Escolar, Bolsa de Inicia\u00e7\u00e3o Cient\u00edfica J\u00fanior, Aux\u00edlio Crian\u00e7a Cidad\u00e3, Aux\u00edlio Inclus\u00e3o Produtiva Rural ou no Aux\u00edlio Inclus\u00e3o Produtiva Urbana para tentar alcan\u00e7ar este valor m\u00e1ximo de benef\u00edcio.&nbsp;<\/p>\n\n\n\n<div class=\"cta-btn-block\">\n  <a class=\"cta-btn\" href=\"https:\/\/app.acordocerto.com.br\/login?utm_source=blog&amp;utm_medium=acordocerto&amp;utm_term=cta-post\" target=\"_blank\">Consulte seu CPF<\/a>\n<\/div>\n\n\n\n<p>J\u00e1 nas regras novas n\u00e3o \u00e9 mais necess\u00e1rio estar participando de uma destas modalidades de aux\u00edlio. Hoje, basta a fam\u00edlia ter uma crian\u00e7a ou adolescente no grupo familiar para come\u00e7ar a receber um acr\u00e9scimo no benef\u00edcio do Bolsa Fam\u00edlia.&nbsp;<\/p>\n\n\n\n<p>O valor m\u00ednimo do <a href=\"https:\/\/www.gov.br\/mds\/pt-br\/acoes-e-programas\/bolsa-familia\" target=\"_blank\" rel=\"noreferrer noopener nofollow\">Bolsa Fam\u00edlia 2024<\/a> \u00e9 de R$600 por m\u00eas, mas pode variar de acordo com a qualidade dos jovens na fam\u00edlia. Desde junho de 2023, h\u00e1 um adicional de R$50 para fam\u00edlias com crian\u00e7as e adolescentes de sete a 18 anos, al\u00e9m de um adicional de R$50 para gestantes. Fam\u00edlias com crian\u00e7as de at\u00e9 seis anos recebem um adicional de R$150.<\/p>\n\n\n\n\n\n\n<p>\u00c9 importante <a href=\"https:\/\/www.acordocerto.com.br\/blog\/consultar-bolsa-familia-pelo-cpf\/\" target=\"_blank\" rel=\"noreferrer noopener\">consultar Bolsa Familia pelo CPF<\/a> e acessar os canais oficiais do governo ou \u00f3rg\u00e3os respons\u00e1veis para obter informa\u00e7\u00f5es atualizadas sobre os valores, pois podem ocorrer ajustes ao longo do tempo.<\/p>\n\n\n\n<p>Veja tamb\u00e9m: <\/p>\n\n\n\n<ul class=\"wp-block-list\">\n<li><a href=\"https:\/\/www.acordocerto.com.br\/blog\/educacao-financeira-infantil\/\" target=\"_blank\" rel=\"noreferrer noopener\">Educa\u00e7\u00e3o financeira infantil: entenda a import\u00e2ncia e saiba como ensinar suas crian\u00e7as<\/a><\/li>\n\n\n\n<li><a href=\"https:\/\/www.acordocerto.com.br\/blog\/poupanca-social-digital\/\" target=\"_blank\" rel=\"noreferrer noopener\">Poupan\u00e7a Social Digital<\/a> (Caixa Tem): Entenda o que \u00e9, como funciona e quanto rende\u00a0<\/li>\n<\/ul>\n\n\n\n<p><\/p>\n\n\n\n<h2 class=\"wp-block-heading\">E para finalizar: veja como consultar aux\u00edlios do Governo para n\u00e3o perder nenhuma oportunidade&nbsp;<\/h2>\n\n\n\n<p>O Aux\u00edlio Jovem desempenhou um papel importante, e mesmo passando por mudan\u00e7as, ainda ajuda milhares de fam\u00edlias brasileiras. Tais altera\u00e7\u00f5es t\u00eam o objetivo de proporcionar uma abordagem mais integrada e eficaz por meio do Bolsa Fam\u00edlia.&nbsp;<\/p>\n\n\n\n<div class=\"cta-btn-block\">\n  <a class=\"cta-btn\" href=\"https:\/\/app.acordocerto.com.br\/login?utm_source=blog&amp;utm_medium=acordocerto&amp;utm_term=cta-post\" target=\"_blank\">Consulte seu CPF<\/a>\n<\/div>\n\n\n\n<p>Entender os novos requisitos, modalidades e processos de consulta \u00e9 fundamental para os benefici\u00e1rios aproveitarem ao m\u00e1ximo essas iniciativas governamentais adaptadas \u00e0s necessidades do pa\u00eds.<\/p>\n\n\n\n<p>Ali\u00e1s, se voc\u00ea quer saber mais detalhes sobre os benef\u00edcios do Governo, confira os conte\u00fados a seguir:<\/p>\n\n\n\n<ol class=\"wp-block-list\">\n<li><a href=\"https:\/\/www.acordocerto.com.br\/blog\/programa-crianca-feliz\/\" target=\"_blank\" rel=\"noreferrer noopener\">Programa Crian\u00e7a Feliz: o que \u00e9, quem tem direito e quais os benef\u00edcios<\/a><\/li>\n\n\n\n<li><a href=\"https:\/\/www.acordocerto.com.br\/blog\/beneficio-de-prestacao-continuada\/\" target=\"_blank\" rel=\"noreferrer noopener\">Benef\u00edcio de Presta\u00e7\u00e3o Continuada: O que \u00e9, quem tem direito e como conseguir&nbsp;<\/a><\/li>\n\n\n\n<li><a href=\"https:\/\/www.acordocerto.com.br\/blog\/beneficios-para-mulheres\/\" target=\"_blank\" rel=\"noreferrer noopener\">13 Benef\u00edcios para Mulheres que voc\u00ea deve conhecer<\/a><\/li>\n\n\n\n<li><a href=\"https:\/\/www.acordocerto.com.br\/blog\/auxilio-maternidade\/\" target=\"_blank\" rel=\"noreferrer noopener\">Aux\u00edlio Maternidade: Qual Valor, Quem Tem Direito e Como Receber em 2024<\/a><\/li>\n\n\n\n<li><a href=\"https:\/\/www.acordocerto.com.br\/blog\/auxilio-creche\/\" target=\"_blank\" rel=\"noreferrer noopener\">Aux\u00edlio-creche: entenda como funciona e quem tem direito ao benef\u00edcio<\/a><\/li>\n\n\n\n<li><a href=\"https:\/\/www.acordocerto.com.br\/blog\/dataprev-consulta-cpf\/\" target=\"_blank\" rel=\"noreferrer noopener\">Aux\u00edlio Emergencial DATAPREV: Consulta CPF<\/a><\/li>\n<\/ol>\n\n\n\n<p>Conte com a gente caso tenha qualquer d\u00favida, ok?<\/p>\n\n\n\n<h3 class=\"wp-block-heading\"><strong>FAQ: Perguntas frequentes<\/strong><\/h3>\n\n\n<div id=\"rank-math-faq\" class=\"rank-math-block\">\n<div class=\"rank-math-list \">\n<div id=\"faq-question-1680723276120\" class=\"rank-math-list-item\">\n<h3 class=\"rank-math-question \">O Aux\u00edlio Jovem ainda existe?<\/h3>\n<div class=\"rank-math-answer \">\n\n<p>N\u00e3o, o Auxilio Brasil Jovem foi descontinuado em junho de 2023, sendo incorporado \u00e0s novas modalidades do Bolsa Fam\u00edlia.<\/p>\n\n<\/div>\n<\/div>\n<div id=\"faq-question-1680723279284\" class=\"rank-math-list-item\">\n<h3 class=\"rank-math-question \">Como fa\u00e7o para receber os benef\u00edcios atuais?<\/h3>\n<div class=\"rank-math-answer \">\n\n<p>Os interessados devem direcionar suas solicita\u00e7\u00f5es e consultas para as novas modalidades do Bolsa Fam\u00edlia. Ou seja, basta ter o Cadastro \u00danico e mant\u00ea-lo atualizado.\u00a0<\/p>\n\n<\/div>\n<\/div>\n<div id=\"faq-question-1680723280484\" class=\"rank-math-list-item\">\n<h3 class=\"rank-math-question \">\u00c9 verdade esse Aux\u00edlio Jovem?<\/h3>\n<div class=\"rank-math-answer \">\n\n<p>Sim, o Aux\u00edlio Jovem era sim verdade, e foi um programa real do governo brasileiro, proporcionando benef\u00edcios financeiros a jovens com destaque em diversas \u00e1reas. Entretanto, ele foi descontinuado em 2023.<\/p>\n\n<\/div>\n<\/div>\n<\/div>\n<\/div>\n\n\n<h3 class=\"wp-block-heading\"><strong>Web Stories<\/strong><\/h3>\n\n\n\t\t<div class=\"web-stories-list alignnone has-archive-link is-view-type-carousel is-style-default is-carousel\" data-id=\"1\">\n\t\t\t<div\n\t\t\tclass=\"web-stories-list__inner-wrapper carousel-1\"\n\t\t\tstyle=\"--ws-story-max-width:185px\"\n\t\t\t>\n\t\t\t\t\t\t<div class=\"web-stories-list__archive-link\">\n\t\t\t<a href=\"https:\/\/www.acordocerto.com.br\/blog\/web-stories\/\">\n\t\t\t\tVisualizando todos Stories\t\t\t<\/a>\n\t\t<\/div>\n\t\t\t\t\t\t\t<div\n\t\t\t\t\tclass=\"web-stories-list__carousel carousel\"\n\t\t\t\t\tdata-id=\"carousel-1\"\n\t\t\t\t\tdata-prev=\"Voltar\"\n\t\t\t\t\tdata-next=\"Avan\u00e7ar\"\n\t\t\t\t\t>\n\t\t\t\t\t\t\t\t\t<div\n\t\t\t\tclass=\"web-stories-list__story\"\n\t\t\t\tdata-wp-interactive=\"web-stories-block\"\n\t\t\t\tdata-wp-context='{\"instanceId\":1}'\t\t\t\tdata-wp-on--click=\"actions.open\"\n\t\t\t\tdata-wp-on-window--popstate=\"actions.onPopstate\"\n\t\t\t\t>\n\t\t\t\t\t\t\t<div class=\"web-stories-list__story-poster\">\n\t\t\t\t<a href=\"https:\/\/www.acordocerto.com.br\/blog\/web-stories\/como-consultar-bolsa-familia-pelo-cpf\/\">\n\t\t\t\t\t<img\n\t\t\t\t\t\tsrc=\"https:\/\/www.acordocerto.com.br\/blog\/wp-content\/uploads\/2023\/07\/cropped-Calendario-bolsa-familia-agosto-2023.jpg\"\n\t\t\t\t\t\talt=\"Como consultar Bolsa Fam\u00edlia pelo CPF?\"\n\t\t\t\t\t\twidth=\"185\"\n\t\t\t\t\t\theight=\"308\"\n\t\t\t\t\t\t\t\t\t\t\t\t\tsrcset=\"https:\/\/www.acordocerto.com.br\/blog\/wp-content\/uploads\/2023\/07\/cropped-Calendario-bolsa-familia-agosto-2023.jpg 640w, https:\/\/www.acordocerto.com.br\/blog\/wp-content\/uploads\/2023\/07\/cropped-Calendario-bolsa-familia-agosto-2023-150x200.jpg 150w\"\n\t\t\t\t\t\t\t\t\t\t\t\t\t\t\t\t\t\t\tsizes=\"auto, (max-width: 640px) 100vw, 640px\"\n\t\t\t\t\t\t\t\t\t\t\t\tloading=\"lazy\"\n\t\t\t\t\t\tdecoding=\"async\"\n\t\t\t\t\t>\n\t\t\t\t<\/a>\n\t\t\t<\/div>\n\t\t\t\t\t<div class=\"web-stories-list__story-content-overlay\">\n\t\t\t\t\t\t\t<div class=\"story-content-overlay__title\">\n\t\t\t\t\tComo consultar Bolsa Fam\u00edlia pelo CPF?\t\t\t\t<\/div>\n\t\t\t\n\t\t\t\n\t\t\t\n\t\t\t\t\t<\/div>\n\t\t\t\t\t<\/div>\n\t\t\t\t\t\t<div\n\t\t\t\tclass=\"web-stories-list__story\"\n\t\t\t\tdata-wp-interactive=\"web-stories-block\"\n\t\t\t\tdata-wp-context='{\"instanceId\":1}'\t\t\t\tdata-wp-on--click=\"actions.open\"\n\t\t\t\tdata-wp-on-window--popstate=\"actions.onPopstate\"\n\t\t\t\t>\n\t\t\t\t\t\t\t<div class=\"web-stories-list__story-poster\">\n\t\t\t\t<a href=\"https:\/\/www.acordocerto.com.br\/blog\/web-stories\/novo-bolsa-familia-disponivel\/\">\n\t\t\t\t\t<img\n\t\t\t\t\t\tsrc=\"https:\/\/www.acordocerto.com.br\/blog\/wp-content\/uploads\/2023\/03\/cropped-bolsa-familia2-1.jpg\"\n\t\t\t\t\t\talt=\"Novo Bolsa Fam\u00edlia dispon\u00edvel. Quem recebe hoje?\"\n\t\t\t\t\t\twidth=\"185\"\n\t\t\t\t\t\theight=\"308\"\n\t\t\t\t\t\t\t\t\t\t\t\t\tsrcset=\"https:\/\/www.acordocerto.com.br\/blog\/wp-content\/uploads\/2023\/03\/cropped-bolsa-familia2-1.jpg 640w, https:\/\/www.acordocerto.com.br\/blog\/wp-content\/uploads\/2023\/03\/cropped-bolsa-familia2-1-150x200.jpg 150w\"\n\t\t\t\t\t\t\t\t\t\t\t\t\t\t\t\t\t\t\tsizes=\"auto, (max-width: 640px) 100vw, 640px\"\n\t\t\t\t\t\t\t\t\t\t\t\tloading=\"lazy\"\n\t\t\t\t\t\tdecoding=\"async\"\n\t\t\t\t\t>\n\t\t\t\t<\/a>\n\t\t\t<\/div>\n\t\t\t\t\t<div class=\"web-stories-list__story-content-overlay\">\n\t\t\t\t\t\t\t<div class=\"story-content-overlay__title\">\n\t\t\t\t\tNovo Bolsa Fam\u00edlia dispon\u00edvel. Quem recebe hoje?\t\t\t\t<\/div>\n\t\t\t\n\t\t\t\n\t\t\t\n\t\t\t\t\t<\/div>\n\t\t\t\t\t<\/div>\n\t\t\t\t\t\t<div\n\t\t\t\tclass=\"web-stories-list__story\"\n\t\t\t\tdata-wp-interactive=\"web-stories-block\"\n\t\t\t\tdata-wp-context='{\"instanceId\":1}'\t\t\t\tdata-wp-on--click=\"actions.open\"\n\t\t\t\tdata-wp-on-window--popstate=\"actions.onPopstate\"\n\t\t\t\t>\n\t\t\t\t\t\t\t<div class=\"web-stories-list__story-poster\">\n\t\t\t\t<a href=\"https:\/\/www.acordocerto.com.br\/blog\/web-stories\/15-beneficios-para-mulheres-que-voce-precisa-conhecer\/\">\n\t\t\t\t\t<img\n\t\t\t\t\t\tsrc=\"https:\/\/www.acordocerto.com.br\/blog\/wp-content\/uploads\/2023\/02\/cropped-Blog_beneficios-para-mulheres.png\"\n\t\t\t\t\t\talt=\"15 Benef\u00edcios para Mulheres que voc\u00ea PRECISA conhecer\"\n\t\t\t\t\t\twidth=\"185\"\n\t\t\t\t\t\theight=\"308\"\n\t\t\t\t\t\t\t\t\t\t\t\t\tsrcset=\"https:\/\/www.acordocerto.com.br\/blog\/wp-content\/uploads\/2023\/02\/cropped-Blog_beneficios-para-mulheres.png 640w, https:\/\/www.acordocerto.com.br\/blog\/wp-content\/uploads\/2023\/02\/cropped-Blog_beneficios-para-mulheres-150x200.png 150w\"\n\t\t\t\t\t\t\t\t\t\t\t\t\t\t\t\t\t\t\tsizes=\"auto, (max-width: 640px) 100vw, 640px\"\n\t\t\t\t\t\t\t\t\t\t\t\tloading=\"lazy\"\n\t\t\t\t\t\tdecoding=\"async\"\n\t\t\t\t\t>\n\t\t\t\t<\/a>\n\t\t\t<\/div>\n\t\t\t\t\t<div class=\"web-stories-list__story-content-overlay\">\n\t\t\t\t\t\t\t<div class=\"story-content-overlay__title\">\n\t\t\t\t\t15 Benef\u00edcios para Mulheres que voc\u00ea PRECISA conhecer\t\t\t\t<\/div>\n\t\t\t\n\t\t\t\n\t\t\t\n\t\t\t\t\t<\/div>\n\t\t\t\t\t<\/div>\n\t\t\t\t\t\t<div\n\t\t\t\tclass=\"web-stories-list__story\"\n\t\t\t\tdata-wp-interactive=\"web-stories-block\"\n\t\t\t\tdata-wp-context='{\"instanceId\":1}'\t\t\t\tdata-wp-on--click=\"actions.open\"\n\t\t\t\tdata-wp-on-window--popstate=\"actions.onPopstate\"\n\t\t\t\t>\n\t\t\t\t\t\t\t<div class=\"web-stories-list__story-poster\">\n\t\t\t\t<a href=\"https:\/\/www.acordocerto.com.br\/blog\/web-stories\/novo-valor-do-bolsa-familia\/\">\n\t\t\t\t\t<img\n\t\t\t\t\t\tsrc=\"https:\/\/www.acordocerto.com.br\/blog\/wp-content\/uploads\/2023\/01\/cropped-Blog_Consultar_Bolsa_Familia_pelo_CPF.png\"\n\t\t\t\t\t\talt=\"NOVO VALOR do Bolsa Fam\u00edlia \u00e9 pago hoje. Como sacar?\"\n\t\t\t\t\t\twidth=\"185\"\n\t\t\t\t\t\theight=\"308\"\n\t\t\t\t\t\t\t\t\t\t\t\t\tsrcset=\"https:\/\/www.acordocerto.com.br\/blog\/wp-content\/uploads\/2023\/01\/cropped-Blog_Consultar_Bolsa_Familia_pelo_CPF.png 640w, https:\/\/www.acordocerto.com.br\/blog\/wp-content\/uploads\/2023\/01\/cropped-Blog_Consultar_Bolsa_Familia_pelo_CPF-150x200.png 150w\"\n\t\t\t\t\t\t\t\t\t\t\t\t\t\t\t\t\t\t\tsizes=\"auto, (max-width: 640px) 100vw, 640px\"\n\t\t\t\t\t\t\t\t\t\t\t\tloading=\"lazy\"\n\t\t\t\t\t\tdecoding=\"async\"\n\t\t\t\t\t>\n\t\t\t\t<\/a>\n\t\t\t<\/div>\n\t\t\t\t\t<div class=\"web-stories-list__story-content-overlay\">\n\t\t\t\t\t\t\t<div class=\"story-content-overlay__title\">\n\t\t\t\t\tNOVO VALOR do Bolsa Fam\u00edlia \u00e9 pago hoje. Como sacar?\t\t\t\t<\/div>\n\t\t\t\n\t\t\t\n\t\t\t\n\t\t\t\t\t<\/div>\n\t\t\t\t\t<\/div>\n\t\t\t\t\t\t<div\n\t\t\t\tclass=\"web-stories-list__story\"\n\t\t\t\tdata-wp-interactive=\"web-stories-block\"\n\t\t\t\tdata-wp-context='{\"instanceId\":1}'\t\t\t\tdata-wp-on--click=\"actions.open\"\n\t\t\t\tdata-wp-on-window--popstate=\"actions.onPopstate\"\n\t\t\t\t>\n\t\t\t\t\t\t\t<div class=\"web-stories-list__story-poster\">\n\t\t\t\t<a href=\"https:\/\/www.acordocerto.com.br\/blog\/web-stories\/auxilio-maternidade-quem-tem-direito\/\">\n\t\t\t\t\t<img\n\t\t\t\t\t\tsrc=\"https:\/\/www.acordocerto.com.br\/blog\/wp-content\/uploads\/2023\/02\/cropped-juan-encalada-SCteCA0Mf1A-unsplash-scaled-1.jpg\"\n\t\t\t\t\t\talt=\"Quem tem direito ao Aux\u00edlio Maternidade?\"\n\t\t\t\t\t\twidth=\"185\"\n\t\t\t\t\t\theight=\"308\"\n\t\t\t\t\t\t\t\t\t\t\t\t\tsrcset=\"https:\/\/www.acordocerto.com.br\/blog\/wp-content\/uploads\/2023\/02\/cropped-juan-encalada-SCteCA0Mf1A-unsplash-scaled-1.jpg 640w, https:\/\/www.acordocerto.com.br\/blog\/wp-content\/uploads\/2023\/02\/cropped-juan-encalada-SCteCA0Mf1A-unsplash-scaled-1-150x200.jpg 150w, https:\/\/www.acordocerto.com.br\/blog\/wp-content\/uploads\/2023\/02\/cropped-juan-encalada-SCteCA0Mf1A-unsplash-scaled-1-225x300.jpg 225w\"\n\t\t\t\t\t\t\t\t\t\t\t\t\t\t\t\t\t\t\tsizes=\"auto, (max-width: 640px) 100vw, 640px\"\n\t\t\t\t\t\t\t\t\t\t\t\tloading=\"lazy\"\n\t\t\t\t\t\tdecoding=\"async\"\n\t\t\t\t\t>\n\t\t\t\t<\/a>\n\t\t\t<\/div>\n\t\t\t\t\t<div class=\"web-stories-list__story-content-overlay\">\n\t\t\t\t\t\t\t<div class=\"story-content-overlay__title\">\n\t\t\t\t\tQuem tem direito ao Aux\u00edlio Maternidade?\t\t\t\t<\/div>\n\t\t\t\n\t\t\t\n\t\t\t\n\t\t\t\t\t<\/div>\n\t\t\t\t\t<\/div>\n\t\t\t\t\t\t<div\n\t\t\t\tclass=\"web-stories-list__story\"\n\t\t\t\tdata-wp-interactive=\"web-stories-block\"\n\t\t\t\tdata-wp-context='{\"instanceId\":1}'\t\t\t\tdata-wp-on--click=\"actions.open\"\n\t\t\t\tdata-wp-on-window--popstate=\"actions.onPopstate\"\n\t\t\t\t>\n\t\t\t\t\t\t\t<div class=\"web-stories-list__story-poster\">\n\t\t\t\t<a href=\"https:\/\/www.acordocerto.com.br\/blog\/web-stories\/auxilio-maternidade\/\">\n\t\t\t\t\t<img\n\t\t\t\t\t\tsrc=\"https:\/\/www.acordocerto.com.br\/blog\/wp-content\/uploads\/2023\/01\/cropped-web-story-auxilio-maternidade.jpg\"\n\t\t\t\t\t\talt=\"Saiba tudo sobre o Aux\u00edlio Maternidade\"\n\t\t\t\t\t\twidth=\"185\"\n\t\t\t\t\t\theight=\"308\"\n\t\t\t\t\t\t\t\t\t\t\t\t\tsrcset=\"https:\/\/www.acordocerto.com.br\/blog\/wp-content\/uploads\/2023\/01\/cropped-web-story-auxilio-maternidade.jpg 640w, https:\/\/www.acordocerto.com.br\/blog\/wp-content\/uploads\/2023\/01\/cropped-web-story-auxilio-maternidade-150x200.jpg 150w, https:\/\/www.acordocerto.com.br\/blog\/wp-content\/uploads\/2023\/01\/cropped-web-story-auxilio-maternidade-225x300.jpg 225w\"\n\t\t\t\t\t\t\t\t\t\t\t\t\t\t\t\t\t\t\tsizes=\"auto, (max-width: 640px) 100vw, 640px\"\n\t\t\t\t\t\t\t\t\t\t\t\tloading=\"lazy\"\n\t\t\t\t\t\tdecoding=\"async\"\n\t\t\t\t\t>\n\t\t\t\t<\/a>\n\t\t\t<\/div>\n\t\t\t\t\t<div class=\"web-stories-list__story-content-overlay\">\n\t\t\t\t\t\t\t<div class=\"story-content-overlay__title\">\n\t\t\t\t\tSaiba tudo sobre o Aux\u00edlio Maternidade\t\t\t\t<\/div>\n\t\t\t\n\t\t\t\n\t\t\t\n\t\t\t\t\t<\/div>\n\t\t\t\t\t<\/div>\n\t\t\t\t\t\t<div\n\t\t\t\tclass=\"web-stories-list__story\"\n\t\t\t\tdata-wp-interactive=\"web-stories-block\"\n\t\t\t\tdata-wp-context='{\"instanceId\":1}'\t\t\t\tdata-wp-on--click=\"actions.open\"\n\t\t\t\tdata-wp-on-window--popstate=\"actions.onPopstate\"\n\t\t\t\t>\n\t\t\t\t\t\t\t<div class=\"web-stories-list__story-poster\">\n\t\t\t\t<a href=\"https:\/\/www.acordocerto.com.br\/blog\/web-stories\/bolsa-familia-2024-datas-de-pagamento\/\">\n\t\t\t\t\t<img\n\t\t\t\t\t\tsrc=\"https:\/\/www.acordocerto.com.br\/blog\/wp-content\/uploads\/2023\/07\/cropped-Calendario-bolsa-familia-agosto-2023.jpg\"\n\t\t\t\t\t\talt=\"Calend\u00e1rio Bolsa Fam\u00edlia 2024: veja datas de pagamento\"\n\t\t\t\t\t\twidth=\"185\"\n\t\t\t\t\t\theight=\"308\"\n\t\t\t\t\t\t\t\t\t\t\t\t\tsrcset=\"https:\/\/www.acordocerto.com.br\/blog\/wp-content\/uploads\/2023\/07\/cropped-Calendario-bolsa-familia-agosto-2023.jpg 640w, https:\/\/www.acordocerto.com.br\/blog\/wp-content\/uploads\/2023\/07\/cropped-Calendario-bolsa-familia-agosto-2023-150x200.jpg 150w\"\n\t\t\t\t\t\t\t\t\t\t\t\t\t\t\t\t\t\t\tsizes=\"auto, (max-width: 640px) 100vw, 640px\"\n\t\t\t\t\t\t\t\t\t\t\t\tloading=\"lazy\"\n\t\t\t\t\t\tdecoding=\"async\"\n\t\t\t\t\t>\n\t\t\t\t<\/a>\n\t\t\t<\/div>\n\t\t\t\t\t<div class=\"web-stories-list__story-content-overlay\">\n\t\t\t\t\t\t\t<div class=\"story-content-overlay__title\">\n\t\t\t\t\tCalend\u00e1rio Bolsa Fam\u00edlia 2024: veja datas de pagamento\t\t\t\t<\/div>\n\t\t\t\n\t\t\t\n\t\t\t\n\t\t\t\t\t<\/div>\n\t\t\t\t\t<\/div>\n\t\t\t\t\t\t\t\t<\/div>\n\t\t\t\t\t<div tabindex=\"0\" aria-label=\"Voltar\" class=\"glider-prev\"><\/div>\n\t\t\t\t\t<div tabindex=\"0\" aria-label=\"Avan\u00e7ar\" class=\"glider-next\"><\/div>\n\t\t\t\t\t\t\t\t<\/div>\n\t\t<\/div>\n\t\t<div style='text-align:center' class='yasr-auto-insert-visitor'><\/div>","protected":false},"excerpt":{"rendered":"<p>Despedida ao Aux\u00edlio Jovem: Reflexos, transforma\u00e7\u00f5es e a nova era com o Bolsa Fam\u00edlia. O que voc\u00ea precisa saber sobre essa transi\u00e7\u00e3o? Confira aqui. <\/p>\n","protected":false},"author":10,"featured_media":15523,"comment_status":"open","ping_status":"open","sticky":false,"template":"","format":"standard","meta":{"_acf_changed":false,"inline_featured_image":false,"yasr_overall_rating":0,"yasr_post_is_review":"","yasr_auto_insert_disabled":"","yasr_review_type":"","footnotes":""},"categories":[33],"tags":[627],"class_list":["post-15449","post","type-post","status-publish","format-standard","has-post-thumbnail","hentry","category-direitos-e-beneficios","tag-auxilio-do-governo"],"acf":[],"yasr_visitor_votes":{"stars_attributes":{"read_only":false,"span_bottom":false},"number_of_votes":1,"sum_votes":5},"_links":{"self":[{"href":"https:\/\/www.acordocerto.com.br\/blog\/wp-json\/wp\/v2\/posts\/15449","targetHints":{"allow":["GET"]}}],"collection":[{"href":"https:\/\/www.acordocerto.com.br\/blog\/wp-json\/wp\/v2\/posts"}],"about":[{"href":"https:\/\/www.acordocerto.com.br\/blog\/wp-json\/wp\/v2\/types\/post"}],"author":[{"embeddable":true,"href":"https:\/\/www.acordocerto.com.br\/blog\/wp-json\/wp\/v2\/users\/10"}],"replies":[{"embeddable":true,"href":"https:\/\/www.acordocerto.com.br\/blog\/wp-json\/wp\/v2\/comments?post=15449"}],"version-history":[{"count":3,"href":"https:\/\/www.acordocerto.com.br\/blog\/wp-json\/wp\/v2\/posts\/15449\/revisions"}],"predecessor-version":[{"id":15587,"href":"https:\/\/www.acordocerto.com.br\/blog\/wp-json\/wp\/v2\/posts\/15449\/revisions\/15587"}],"wp:featuredmedia":[{"embeddable":true,"href":"https:\/\/www.acordocerto.com.br\/blog\/wp-json\/wp\/v2\/media\/15523"}],"wp:attachment":[{"href":"https:\/\/www.acordocerto.com.br\/blog\/wp-json\/wp\/v2\/media?parent=15449"}],"wp:term":[{"taxonomy":"category","embeddable":true,"href":"https:\/\/www.acordocerto.com.br\/blog\/wp-json\/wp\/v2\/categories?post=15449"},{"taxonomy":"post_tag","embeddable":true,"href":"https:\/\/www.acordocerto.com.br\/blog\/wp-json\/wp\/v2\/tags?post=15449"}],"curies":[{"name":"wp","href":"https:\/\/api.w.org\/{rel}","templated":true}]}}