{"id":15503,"date":"2024-02-13T08:19:00","date_gmt":"2024-02-13T11:19:00","guid":{"rendered":"https:\/\/www.acordocerto.com.br\/?p=15503"},"modified":"2024-04-09T14:27:44","modified_gmt":"2024-04-09T17:27:44","slug":"o-que-e-taxa-selic","status":"publish","type":"post","link":"https:\/\/www.acordocerto.com.br\/blog\/o-que-e-taxa-selic\/","title":{"rendered":"O que \u00e9 taxa selic e como ela influencia a taxa de juros cobradas pelos bancos"},"content":{"rendered":"\n<p>Jo\u00e3o tinha chegado em casa um pouco cansado do servi\u00e7o. Ligou a TV para ver o notici\u00e1rio e se deparou com a not\u00edcia de que a taxa selic havia subido. Intrigado ele perguntou para sua esposa: <strong>o que \u00e9 taxa selic<\/strong> que tanto falam nesse jornal?<\/p>\n\n\n\n<div class=\"cta-btn-block\">\n  <a class=\"cta-btn\" href=\"https:\/\/app.acordocerto.com.br\/login?utm_source=blog&amp;utm_medium=acordocerto&amp;utm_term=cta-post\" target=\"_blank\">Consulte seu CPF<\/a>\n<\/div>\n\n\n\n<p>Pega de surpresa, Maria n\u00e3o soube responder, e aquela pergunta n\u00e3o saiu da mente do Jo\u00e3o. Ele queria saber o que \u00e9 a Selic, e como ela poderia afetar a sua vida di\u00e1ria.<\/p>\n\n\n\n<p>Teria a Selic alguma rela\u00e7\u00e3o com o empr\u00e9stimo que ele havia tomado para comprar sua t\u00e3o sonhada casa pr\u00f3pria? Para descobrir isso, ele decidiu ir at\u00e9 o banco para tirar suas d\u00favidas com o gerente da sua conta.<\/p>\n\n\n\n<p>E se voc\u00ea, assim como o Jo\u00e3o, j\u00e1 ouviu falar bastante nessa tal da Selic, mas n\u00e3o tem nem ideia do que ela seja, n\u00e3o precisa ir at\u00e9 o banco. Aqui a gente explica tudo para voc\u00ea. \u00c9 s\u00f3 continuar mais 3 minutinhos neste artigo!<\/p>\n\n\n\n\n\n<h2 class=\"wp-block-heading\">O que \u00e9 Taxa Selic e como ela funciona?<\/h2>\n\n\n\n<figure class=\"wp-block-embed is-type-video is-provider-youtube wp-block-embed-youtube wp-embed-aspect-16-9 wp-has-aspect-ratio\"><div class=\"wp-block-embed__wrapper\">\n<iframe title=\"Taxa Selic: Qual o Impacto no Financiamento Imobili\u00e1rio? Minha Casa Minha Vida - Acordo Certo\" width=\"500\" height=\"281\" src=\"https:\/\/www.youtube.com\/embed\/_adSYL5Rq8s?feature=oembed\" frameborder=\"0\" allow=\"accelerometer; autoplay; clipboard-write; encrypted-media; gyroscope; picture-in-picture; web-share\" referrerpolicy=\"strict-origin-when-cross-origin\" allowfullscreen><\/iframe>\n<\/div><\/figure>\n\n\n\n<p><strong>A taxa Selic representa a taxa b\u00e1sica de juros da economia. Ela \u00e9 definida por um Comit\u00ea, ou seja, uma esp\u00e9cie de organiza\u00e7\u00e3o onde algumas pessoas importantes que estudaram economia costumam se reunir.<\/strong><\/p>\n\n\n\n<p>Esse comit\u00ea \u00e9 chamado de Copom, que significa <strong>Comit\u00ea de Pol\u00edticas Monet\u00e1rias<\/strong>. Esse pessoal se re\u00fane a cada 45 dias para decidir algumas quest\u00f5es importantes na economia, entre elas a Taxa Selic.<\/p>\n\n\n\n<div class=\"cta-btn-block\">\n  <a class=\"cta-btn\" href=\"https:\/\/app.acordocerto.com.br\/login?utm_source=blog&amp;utm_medium=acordocerto&amp;utm_term=cta-post\" target=\"_blank\">Consulte seu CPF<\/a>\n<\/div>\n\n\n\n<p>\u00c9 nessa reuni\u00e3o que eles decidem entre baixar, manter ou aumentar essa taxa b\u00e1sica da economia. Mas com qual objetivo eles decidem? A ideia central \u00e9 aquecer e desaquecer a economia para conter a infla\u00e7\u00e3o.<\/p>\n\n\n\n<h3 class=\"wp-block-heading\">E o que \u00e9 essa tal de infla\u00e7\u00e3o?<\/h3>\n\n\n\n<p><strong>A <\/strong><a href=\"https:\/\/www.acordocerto.com.br\/blog\/o-que-e-inflacao\/\"><strong>infla\u00e7\u00e3o<\/strong><\/a><strong> \u00e9 um fen\u00f4meno que representa a alta generalizada de pre\u00e7os. Quando os pre\u00e7os dos alimentos, roupas, aluguel, dentre outros itens que a gente usa no dia a dia come\u00e7a a subir, isso quer dizer que h\u00e1 infla\u00e7\u00e3o.<\/strong><\/p>\n\n\n\n<p>Imagine que no ano passado, o Jo\u00e3o pagava R$20 no pacote de arroz, e agora ele paga R$30. Esse aumento de pre\u00e7o, quando generalizado, representa a infla\u00e7\u00e3o.<\/p>\n\n\n\n<p>Bom, ent\u00e3o agora voc\u00ea j\u00e1 sabe que a infla\u00e7\u00e3o \u00e9 o aumento generalizado de pre\u00e7os, vamos ent\u00e3o mostrar como o Copom decide aumentar e subir a Selic para conter essa alta.<\/p>\n\n\n\n<h3 class=\"wp-block-heading\">Taxa Selic tabela<\/h3>\n\n\n\n<p>Conforme falamos, a <strong>Selic \u00e9 a taxa b\u00e1sica de juros da economia<\/strong>, ent\u00e3o quando os pre\u00e7os come\u00e7am a subir, o Copom aumenta a taxa Selic. Mas por qu\u00ea?<\/p>\n\n\n\n<p>A maioria das pessoas n\u00e3o compra tudo \u00e0 vista. \u00c9 comum parcelar geladeira, fog\u00e3o, casa pr\u00f3pria, carro e diversos itens que tem valor mais elevado, n\u00e3o \u00e9 mesmo?<\/p>\n\n\n\n<p>Ent\u00e3o quando o Copom sobe a taxa Selic, o juro fica mais alto para comprar esses produtos parcelados, e o que o brasileiro faz ent\u00e3o? Deixa para comprar depois.<\/p>\n\n\n\n<div class=\"cta-btn-block\">\n  <a class=\"cta-btn\" href=\"https:\/\/app.acordocerto.com.br\/login?utm_source=blog&amp;utm_medium=acordocerto&amp;utm_term=cta-post\" target=\"_blank\">Consulte seu CPF<\/a>\n<\/div>\n\n\n\n<p>Portanto, isso gera um desaquecimento do consumo, ou seja, os estabelecimentos vendem menos aqueles produtos, e qual o resultado? Eles baixam os pre\u00e7os, e consequentemente, acaba a infla\u00e7\u00e3o.<\/p>\n\n\n\n<p>Mas e quando n\u00e3o tem infla\u00e7\u00e3o? Quando n\u00e3o h\u00e1 uma press\u00e3o de aumento dos pre\u00e7os, o Copom decide por manter ou baixar a taxa de juros, para estimular a economia, fazer as pessoas tomarem mais empr\u00e9stimos e gastarem mais.<\/p>\n\n\n\n<p>Por isso, a taxa Selic n\u00e3o \u00e9 constante, ela costuma subir e descer ao longo do tempo, formando assim uma tabela, um gr\u00e1fico que pode ser acompanhado principalmente no site do <a href=\"https:\/\/www.bcb.gov.br\/controleinflacao\/taxaselic\" target=\"_blank\" rel=\"noreferrer noopener nofollow\">Banco Central do Brasil<\/a>.&nbsp;<\/p>\n\n\n\n<ul class=\"wp-block-list\">\n<li>Est\u00e1 gostando deste artigo? Ent\u00e3o leia tamb\u00e9m &#8211; <a href=\"https:\/\/www.acordocerto.com.br\/blog\/por-que-negociar-suas-dividas-online\/\" target=\"_blank\" rel=\"noreferrer noopener\">Negociar d\u00edvidas online: 5 vantagens<\/a><\/li>\n<\/ul>\n\n\n\n<p><\/p>\n\n\n\n<h2 class=\"wp-block-heading\">Para que serve a Selic?<\/h2>\n\n\n\n<p>Como voc\u00ea pode ver, <strong>a Selic serve para controlar a oferta de cr\u00e9dito no pa\u00eds<\/strong>. Quando o Jo\u00e3o descobriu isso ele ficou meio intrigado e perguntou para o gerente da sua conta: mas como essa Selic afeta meu empr\u00e9stimo?<\/p>\n\n\n\n<p>O gerente paciente respondeu: Jo\u00e3o, uma parte do que o banco arrecada \u00e9 investido em t\u00edtulos do governo. Ou seja, a gente n\u00e3o empresta s\u00f3 para voc\u00ea, mas empresta dinheiro tamb\u00e9m para o governo.<\/p>\n\n\n\n<p>Ent\u00e3o quando o governo paga mais <a href=\"https:\/\/www.acordocerto.com.br\/blog\/o-que-sao-juros\/\">juros<\/a> pra gente \u00e9 mais atrativo emprestar dinheiro para eles, ent\u00e3o a gente sobe o juros como um todo, inclusive para voc\u00ea. A\u00ed o que acontece: a Maria, o Jos\u00e9, a Ana, n\u00e3o tomam empr\u00e9stimo porque acham que est\u00e1 caro.<\/p>\n\n\n\n<div class=\"cta-btn-block\">\n  <a class=\"cta-btn\" href=\"https:\/\/app.acordocerto.com.br\/login?utm_source=blog&amp;utm_medium=acordocerto&amp;utm_term=cta-post\" target=\"_blank\">Consulte seu CPF<\/a>\n<\/div>\n\n\n\n<p>E esse dinheiro n\u00e3o sai do banco. Eles poderiam usar esse dinheiro para comprar, construir, viajar, ou seja, o dinheiro ia movimentar a economia, e com a Selic alta n\u00e3o foi.<\/p>\n\n\n\n<p><strong>Por isso, a Selic serve para aquecer ou desaquecer a economia. Se ela est\u00e1 alta, tem menos dinheiro circulando porque as pessoas tomam menos empr\u00e9stimos, e se ela est\u00e1 baixa, tem mais dinheiro circulando.<\/strong><\/p>\n\n\n\n<p>O Jo\u00e3o pensou e falou: hum, ent\u00e3o uma parte do dinheiro que circula \u00e9 empr\u00e9stimo, e quando os <a href=\"https:\/\/www.acordocerto.com.br\/blog\/juros-altos\/\">juros est\u00e3o altos<\/a> tem menos empr\u00e9stimo, menos dinheiro, as empresas vendem menos e o pre\u00e7o das coisas baixam?<\/p>\n\n\n\n<p>Seu gerente satisfeito respondeu: isso mesmo Jo\u00e3o, a\u00ed a infla\u00e7\u00e3o fica controlada, e quando os pre\u00e7os come\u00e7am cair demais, a\u00ed eles baixam a taxa de juros para voltar a ter mais dinheiro na economia, estimulando a tomada de empr\u00e9stimos.<\/p>\n\n\n<ul class=\"wp-block-latest-posts__list wp-block-latest-posts\"><li><a class=\"wp-block-latest-posts__post-title\" href=\"https:\/\/www.acordocerto.com.br\/blog\/agiotagem-e-crime\/\">Agiotagem \u00e9 crime? O que acontece se eu denunciar? Tudo o que voc\u00ea precisa saber!<\/a><\/li>\n<li><a class=\"wp-block-latest-posts__post-title\" href=\"https:\/\/www.acordocerto.com.br\/blog\/emprestimo-com-agiota\/\">Vale a pena tomar um empr\u00e9stimo com agiota? Descubra os pr\u00f3s e contras!<\/a><\/li>\n<li><a class=\"wp-block-latest-posts__post-title\" href=\"https:\/\/www.acordocerto.com.br\/blog\/consulta-de-cpf-e-emprestimo\/\">Consulta de CPF e empr\u00e9stimo: qual \u00e9 a rela\u00e7\u00e3o?<\/a><\/li>\n<li><a class=\"wp-block-latest-posts__post-title\" href=\"https:\/\/www.acordocerto.com.br\/blog\/portabilidade-de-consignado\/\">Portabilidade de consignado: como funciona<\/a><\/li>\n<li><a class=\"wp-block-latest-posts__post-title\" href=\"https:\/\/www.acordocerto.com.br\/blog\/simulador-de-emprestimo\/\">Simulador de empr\u00e9stimo: seu melhor amigo na hora de conseguir cr\u00e9dito!<\/a><\/li>\n<\/ul>\n\n\n<h2 class=\"wp-block-heading\">Como funciona a taxa Selic?<\/h2>\n\n\n\n<p>Essa pergunta o Jo\u00e3o fez logo na sequ\u00eancia, afinal, ele queria entender melhor essa din\u00e2mica. Ent\u00e3o seu gerente disse: ela funciona como um term\u00f4metro. Sabe aqueles que a gente coloca no bra\u00e7o?<\/p>\n\n\n\n<div class=\"cta-btn-block\">\n  <a class=\"cta-btn\" href=\"https:\/\/app.acordocerto.com.br\/login?utm_source=blog&amp;utm_medium=acordocerto&amp;utm_term=cta-post\" target=\"_blank\">Consulte seu CPF<\/a>\n<\/div>\n\n\n\n<p>Quando nossa febre est\u00e1 alta, n\u00f3s tomamos rem\u00e9dio para baixar, n\u00e3o \u00e9 mesmo? Ent\u00e3o, \u00e9 assim a Selic. Esse pessoal do Copom estuda muito, e fica avaliando a melhor hora de subir ou baixar a taxa de juros.<\/p>\n\n\n\n<p><strong>A ideia \u00e9 que cheguem a um valor que n\u00e3o gere infla\u00e7\u00e3o e estimule a economia ao mesmo tempo. <\/strong>Mas como na economia tudo \u00e9 muito din\u00e2mico, eles precisam ficar acompanhando o tempo todo.<\/p>\n\n\n\n<p>Como assim din\u00e2mico? Bem, a todo momento pode acontecer do arroz ter uma safra ruim, do gado n\u00e3o ter dado muito leite, de um pa\u00eds entrar em guerra, tudo isso interfere no pre\u00e7o dos produtos e o Copom precisa ficar atento a tudo.<\/p>\n\n\n\n<h2 class=\"wp-block-heading\">Mas como a Selic afeta minha d\u00edvida, empr\u00e9stimo ou financiamento?<\/h2>\n\n\n\n<p>Ao ser questionado, o gerente do banco abriu um largo sorriso e respondeu: <strong>no caso do seu empr\u00e9stimo pessoal, ela n\u00e3o vai afetar agora, mas se voc\u00ea tomar um novo empr\u00e9stimo, a taxa de juros ser\u00e1 diferente.<\/strong><\/p>\n\n\n\n<p>Isso porque, quando eu fiz o seu empr\u00e9stimo, a gente definiu a taxa de juros na hora que voc\u00ea assinou o contrato, ent\u00e3o as parcelas s\u00e3o fixas e voc\u00ea n\u00e3o precisa se preocupar, t\u00e1 bem?<\/p>\n\n\n\n<p>Mas esse apartamento aqui que voc\u00ea fez com a construtora e que vamos financiar ele no final da obra, pode variar. Pois estou vendo o seu contrato, e o valor dos juros das parcelas segue a taxa Selic.<\/p>\n\n\n\n<p>Ent\u00e3o se ela aumentar, sua d\u00edvida vai ficar muito maior, j\u00e1 se ela baixar, sua d\u00edvida vai diminuir e voc\u00ea ter\u00e1 mais f\u00f4lego para pagar.<\/p>\n\n\n\n<ul class=\"wp-block-list\">\n<li>Leia mais &#8211; <a href=\"https:\/\/www.acordocerto.com.br\/blog\/emprestimo-para-negativado-liberado-na-hora\/\" target=\"_blank\" rel=\"noreferrer noopener\">Como pegar empr\u00e9stimo para negativado liberado na hora<\/a>&nbsp;<\/li>\n<\/ul>\n\n\n\n<p><\/p>\n\n\n\n<h2 class=\"wp-block-heading\">E a Selic afeta muito o inadimplente?<\/h2>\n\n\n\n<p>Como voc\u00ea pode ver, Jo\u00e3o, continuou o gerente, <strong>se voc\u00ea tem uma d\u00edvida que o valor dos juros est\u00e1 atrelado \u00e0 taxa Selic, ou qualquer outro \u00edndice que siga ela, voc\u00ea ser\u00e1 afetado.<\/strong><\/p>\n\n\n\n<p>Portanto, quanto mais d\u00edvidas voc\u00ea tem desse jeito, maior ser\u00e1 o valor que voc\u00ea deve, e isso pode impactar negativamente seu <a href=\"https:\/\/www.acordocerto.com.br\/guias\/planejamento-financeiro\">planejamento financeiro<\/a>. Inclusive, se voc\u00ea precisar de um outro empr\u00e9stimo pessoal com a Selic mais alta, vai pagar mais caro.<\/p>\n\n\n\n<p>O Jo\u00e3o ficou satisfeito com a resposta. Ele entendeu que a Selic serve para controlar a infla\u00e7\u00e3o impactando a taxa de juros dos empr\u00e9stimos e financiamento. Ent\u00e3o quem tem d\u00edvida precisa ficar atento a ela. Com base nisso, ele questionou:<\/p>\n\n\n\n<ol class=\"wp-block-list\">\n<li><a href=\"https:\/\/www.acordocerto.com.br\/blog\/emprestimo-para-mei-negativado\/\">Empr\u00e9stimo para MEI Negativado: conhe\u00e7a as op\u00e7\u00f5es e veja como solicitar<\/a><\/li>\n\n\n\n<li><a href=\"https:\/\/www.acordocerto.com.br\/blog\/o-que-significa-negativado\/\">Aprenda o que significa negativado e como sair desse problema<\/a><\/li>\n\n\n\n<li><a href=\"https:\/\/www.acordocerto.com.br\/blog\/financiamento-para-negativado\/\">Financiamento para negativado existe mesmo? Vale a pena fazer?<\/a><\/li>\n\n\n\n<li><a href=\"https:\/\/www.acordocerto.com.br\/blog\/inadimplencia-o-que-e\/\">Inadimpl\u00eancia: O que \u00e9, 5 Consequ\u00eancias que Afetam sua Vida e Como Sair desta Situa\u00e7\u00e3o<\/a><\/li>\n<\/ol>\n\n\n\n<p><\/p>\n\n\n\n<h2 class=\"wp-block-heading\">Ent\u00e3o a reuni\u00e3o do Copom preciso acompanhar?<\/h2>\n\n\n\n<p>Ao fazer essa \u00faltima pergunta, o gerente falou que ele n\u00e3o precisa acompanhar a reuni\u00e3o, mas ler notici\u00e1rios sobre economia, pois, <strong>a cada 45 dias eles falam se a Selic aumentou ou diminuiu.<\/strong><\/p>\n\n\n\n<p>Ele foi ainda mais longe e explicou para o Jo\u00e3o que o Banco Central toda segunda-feira \u00e0s 08h30 da manh\u00e3 emite um relat\u00f3rio chamado <a href=\"https:\/\/www.bcb.gov.br\/publicacoes\/focus\" target=\"_blank\" rel=\"noopener\">Relat\u00f3rio Focus<\/a> que mostra a expectativa da taxa Selic para os pr\u00f3ximos anos.<\/p>\n\n\n\n<div class=\"cta-btn-block\">\n  <a class=\"cta-btn\" href=\"https:\/\/app.acordocerto.com.br\/login?utm_source=blog&amp;utm_medium=acordocerto&amp;utm_term=cta-post\" target=\"_blank\">Consulte seu CPF<\/a>\n<\/div>\n\n\n\n<p>Ent\u00e3o o Jo\u00e3o disse: hum interessante, se eu ver esse relat\u00f3rio toda semana posso saber se a tend\u00eancia da Selic \u00e9 aumentar ou diminuir e descobrir a hora certa de tomar um empr\u00e9stimo, ou renegociar a minha d\u00edvida? Exatamente, respondeu o gerente.<\/p>\n\n\n\n<p>Jo\u00e3o ficou muito satisfeito com a explica\u00e7\u00e3o, mas ele tinha uma \u00faltima d\u00favida antes de ir embora do banco.<\/p>\n\n\n\n<h2 class=\"wp-block-heading\">E meus investimentos, como ficam?<\/h2>\n\n\n\n<p>O gerente falou que nesse caso acontece o inverso. <strong>Quando a Selic est\u00e1 alta, os juros que ele ganha sobre seus investimentos aumentam, e quando a Selic cai os juros sobre o seu investimento tamb\u00e9m caem.<\/strong><\/p>\n\n\n\n<p>A l\u00f3gica disso \u00e9 estimular que a popula\u00e7\u00e3o fa\u00e7a <a href=\"https:\/\/www.acordocerto.com.br\/blog\/poupanca\/\" target=\"_blank\" rel=\"noreferrer noopener\">poupan\u00e7a<\/a>, ou seja, tamb\u00e9m fique com mais dinheiro guardado, fazendo com que haja menos gastos dom\u00e9sticos para os pre\u00e7os ca\u00edrem.<\/p>\n\n\n\n<p>Ent\u00e3o se a Selic est\u00e1 alta, falou Jo\u00e3o, o ideal \u00e9 guardar mais dinheiro e s\u00f3 tomar empr\u00e9stimo se for muito necess\u00e1rio, e quando ela est\u00e1 baixa, posso usar o dinheiro para comprar alguma coisa, e at\u00e9 mesmo tomar um empr\u00e9stimo?<\/p>\n\n\n\n<p>Isso mesmo, respondeu o gerente, voc\u00ea aprendeu direitinho como funciona a Selic, agora j\u00e1 pode come\u00e7ar a acompanhar o relat\u00f3rio e aplicar no seu dia a dia.<\/p>\n\n\n\n<h2 class=\"wp-block-heading\">Conclus\u00e3o<\/h2>\n\n\n\n<p>Contamos essa hist\u00f3ria para mostrar que <strong>a taxa Selic interfere na nossa vida<\/strong>, assim como do Jo\u00e3o. Portanto, uma decis\u00e3o de aumentar a taxa de juros ou diminuir deve ser vista por todos n\u00f3s brasileiros.<\/p>\n\n\n\n<p>Assim, podemos saber a hora certa de realizar um sonho como fazer o <a href=\"https:\/\/www.acordocerto.com.br\/blog\/financiamento-conheca-os-tipos\/\" target=\"_blank\" rel=\"noreferrer noopener\">financiamento<\/a> de uma casa, aproveitando a melhor taxa de juros, e tamb\u00e9m saber a hora de guardar um pouco de dinheiro para comprar algo maior mais para frente.<\/p>\n\n\n\n<div class=\"cta-btn-block\">\n  <a class=\"cta-btn\" href=\"https:\/\/app.acordocerto.com.br\/login?utm_source=blog&amp;utm_medium=acordocerto&amp;utm_term=cta-post\" target=\"_blank\">Consulte seu CPF<\/a>\n<\/div>\n\n\n\n<p>Apesar de ser uma taxa usada para conter a infla\u00e7\u00e3o, ela impacta diretamente nossos empr\u00e9stimos, o <a href=\"https:\/\/www.acordocerto.com.br\/blog\/juros-rotativo-saiba-o-que-e-e-descubra-como-nao-cair-nessa-armadilha\/\">juros rotativo<\/a> do cart\u00e3o de cr\u00e9dito e at\u00e9 mesmo nos nossos investimentos por menores que eles sejam.<\/p>\n\n\n\n<p>Por isso, \u00e9 t\u00e3o importante saber <strong>o que \u00e9 a taxa selic<\/strong>. Gostou? Ent\u00e3o aproveite, acesse o <a href=\"https:\/\/www.acordocerto.com.br\/\" target=\"_blank\" rel=\"noreferrer noopener\">blog do Acordo Certo<\/a> e leia outros artigos como esse.<\/p>\n\n\n\n\n\n\n<h3 class=\"wp-block-heading\"><strong>FAQ: Perguntas frequentes<\/strong><\/h3>\n\n\n<div id=\"rank-math-faq\" class=\"rank-math-block\">\n<div class=\"rank-math-list \">\n<div id=\"faq-question-1680723276120\" class=\"rank-math-list-item\">\n<h3 class=\"rank-math-question \">O que \u00e9 melhor a taxa Selic alta ou baixa?<\/h3>\n<div class=\"rank-math-answer \">\n\n<p>A taxa Selic alta \u00e9 boa para conter os pre\u00e7os dos produtos, evitando que a infla\u00e7\u00e3o acabe com o poder de compra dos brasileiros. J\u00e1 baixa, permite a tomada de empr\u00e9stimos e a realiza\u00e7\u00e3o de sonhos. Portanto, a melhor taxa depende do momento da economia.<\/p>\n\n<\/div>\n<\/div>\n<div id=\"faq-question-1680723279284\" class=\"rank-math-list-item\">\n<h3 class=\"rank-math-question \">O que acontece quando a taxa Selic cai?<\/h3>\n<div class=\"rank-math-answer \">\n\n<p>Quando a Selic cai, os empr\u00e9stimos banc\u00e1rios se tornam mais baratos, possibilitando a tomada de empr\u00e9stimos com juros menores. Por outro lado, o dinheiro guardado no banco em CDB, LCI e outras aplica\u00e7\u00f5es passa a render menos.<\/p>\n\n<\/div>\n<\/div>\n<\/div>\n<\/div>\n\n\n<h3 class=\"wp-block-heading\"><strong>Web Stories<\/strong><\/h3>\n\n\n\t\t<div class=\"web-stories-list alignnone has-archive-link is-view-type-carousel is-style-default is-carousel\" data-id=\"1\">\n\t\t\t<div\n\t\t\tclass=\"web-stories-list__inner-wrapper carousel-1\"\n\t\t\tstyle=\"--ws-story-max-width:185px\"\n\t\t\t>\n\t\t\t\t\t\t<div class=\"web-stories-list__archive-link\">\n\t\t\t<a href=\"https:\/\/www.acordocerto.com.br\/blog\/web-stories\/\">\n\t\t\t\tVisualizando todos Stories\t\t\t<\/a>\n\t\t<\/div>\n\t\t\t\t\t\t\t<div\n\t\t\t\t\tclass=\"web-stories-list__carousel carousel\"\n\t\t\t\t\tdata-id=\"carousel-1\"\n\t\t\t\t\tdata-prev=\"Voltar\"\n\t\t\t\t\tdata-next=\"Avan\u00e7ar\"\n\t\t\t\t\t>\n\t\t\t\t\t\t\t\t\t<div\n\t\t\t\tclass=\"web-stories-list__story\"\n\t\t\t\tdata-wp-interactive=\"web-stories-block\"\n\t\t\t\tdata-wp-context='{\"instanceId\":1}'\t\t\t\tdata-wp-on--click=\"actions.open\"\n\t\t\t\tdata-wp-on-window--popstate=\"actions.onPopstate\"\n\t\t\t\t>\n\t\t\t\t\t\t\t<div class=\"web-stories-list__story-poster\">\n\t\t\t\t<a href=\"https:\/\/www.acordocerto.com.br\/blog\/web-stories\/emprestimo-liberado-na-hora-via-pix\/\">\n\t\t\t\t\t<img\n\t\t\t\t\t\tsrc=\"https:\/\/www.acordocerto.com.br\/blog\/wp-content\/uploads\/2020\/03\/cropped-PIX_Saque_vem_por_ai_Saiba_como_usar.png\"\n\t\t\t\t\t\talt=\"Empr\u00e9stimo Liberado na Hora via PIX?\"\n\t\t\t\t\t\twidth=\"185\"\n\t\t\t\t\t\theight=\"308\"\n\t\t\t\t\t\t\t\t\t\t\t\t\tsrcset=\"https:\/\/www.acordocerto.com.br\/blog\/wp-content\/uploads\/2020\/03\/cropped-PIX_Saque_vem_por_ai_Saiba_como_usar.png 640w, https:\/\/www.acordocerto.com.br\/blog\/wp-content\/uploads\/2020\/03\/cropped-PIX_Saque_vem_por_ai_Saiba_como_usar-150x200.png 150w\"\n\t\t\t\t\t\t\t\t\t\t\t\t\t\t\t\t\t\t\tsizes=\"auto, (max-width: 640px) 100vw, 640px\"\n\t\t\t\t\t\t\t\t\t\t\t\tloading=\"lazy\"\n\t\t\t\t\t\tdecoding=\"async\"\n\t\t\t\t\t>\n\t\t\t\t<\/a>\n\t\t\t<\/div>\n\t\t\t\t\t<div class=\"web-stories-list__story-content-overlay\">\n\t\t\t\t\t\t\t<div class=\"story-content-overlay__title\">\n\t\t\t\t\tEmpr\u00e9stimo Liberado na Hora via PIX?\t\t\t\t<\/div>\n\t\t\t\n\t\t\t\n\t\t\t\n\t\t\t\t\t<\/div>\n\t\t\t\t\t<\/div>\n\t\t\t\t\t\t<div\n\t\t\t\tclass=\"web-stories-list__story\"\n\t\t\t\tdata-wp-interactive=\"web-stories-block\"\n\t\t\t\tdata-wp-context='{\"instanceId\":1}'\t\t\t\tdata-wp-on--click=\"actions.open\"\n\t\t\t\tdata-wp-on-window--popstate=\"actions.onPopstate\"\n\t\t\t\t>\n\t\t\t\t\t\t\t<div class=\"web-stories-list__story-poster\">\n\t\t\t\t<a href=\"https:\/\/www.acordocerto.com.br\/blog\/web-stories\/5-mitos-e-verdades-sobre-cartao-de-credito\/\">\n\t\t\t\t\t<img\n\t\t\t\t\t\tsrc=\"https:\/\/www.acordocerto.com.br\/blog\/wp-content\/uploads\/2022\/11\/cropped-Blog_Cartao_de_credito_para_desempregado.png\"\n\t\t\t\t\t\talt=\"5 mitos e verdades sobre cart\u00e3o de cr\u00e9dito\"\n\t\t\t\t\t\twidth=\"185\"\n\t\t\t\t\t\theight=\"308\"\n\t\t\t\t\t\t\t\t\t\t\t\t\tsrcset=\"https:\/\/www.acordocerto.com.br\/blog\/wp-content\/uploads\/2022\/11\/cropped-Blog_Cartao_de_credito_para_desempregado.png 640w, https:\/\/www.acordocerto.com.br\/blog\/wp-content\/uploads\/2022\/11\/cropped-Blog_Cartao_de_credito_para_desempregado-150x200.png 150w, https:\/\/www.acordocerto.com.br\/blog\/wp-content\/uploads\/2022\/11\/cropped-Blog_Cartao_de_credito_para_desempregado-225x300.png 225w\"\n\t\t\t\t\t\t\t\t\t\t\t\t\t\t\t\t\t\t\tsizes=\"auto, (max-width: 640px) 100vw, 640px\"\n\t\t\t\t\t\t\t\t\t\t\t\tloading=\"lazy\"\n\t\t\t\t\t\tdecoding=\"async\"\n\t\t\t\t\t>\n\t\t\t\t<\/a>\n\t\t\t<\/div>\n\t\t\t\t\t<div class=\"web-stories-list__story-content-overlay\">\n\t\t\t\t\t\t\t<div class=\"story-content-overlay__title\">\n\t\t\t\t\t5 mitos e verdades sobre cart\u00e3o de cr\u00e9dito\t\t\t\t<\/div>\n\t\t\t\n\t\t\t\n\t\t\t\n\t\t\t\t\t<\/div>\n\t\t\t\t\t<\/div>\n\t\t\t\t\t\t<div\n\t\t\t\tclass=\"web-stories-list__story\"\n\t\t\t\tdata-wp-interactive=\"web-stories-block\"\n\t\t\t\tdata-wp-context='{\"instanceId\":1}'\t\t\t\tdata-wp-on--click=\"actions.open\"\n\t\t\t\tdata-wp-on-window--popstate=\"actions.onPopstate\"\n\t\t\t\t>\n\t\t\t\t\t\t\t<div class=\"web-stories-list__story-poster\">\n\t\t\t\t<a href=\"https:\/\/www.acordocerto.com.br\/blog\/web-stories\/emprestimo-mei-mudancas-trazem-preocupacao\/\">\n\t\t\t\t\t<img\n\t\t\t\t\t\tsrc=\"https:\/\/www.acordocerto.com.br\/blog\/wp-content\/uploads\/2023\/05\/cropped-microsoft-edge-Px0X7g1mc8k-unsplash-scaled-1.jpg\"\n\t\t\t\t\t\talt=\"Empr\u00e9stimo MEI: mudan\u00e7as trazem preocupa\u00e7\u00e3o!\"\n\t\t\t\t\t\twidth=\"185\"\n\t\t\t\t\t\theight=\"308\"\n\t\t\t\t\t\t\t\t\t\t\t\t\tsrcset=\"https:\/\/www.acordocerto.com.br\/blog\/wp-content\/uploads\/2023\/05\/cropped-microsoft-edge-Px0X7g1mc8k-unsplash-scaled-1.jpg 640w, https:\/\/www.acordocerto.com.br\/blog\/wp-content\/uploads\/2023\/05\/cropped-microsoft-edge-Px0X7g1mc8k-unsplash-scaled-1-150x200.jpg 150w\"\n\t\t\t\t\t\t\t\t\t\t\t\t\t\t\t\t\t\t\tsizes=\"auto, (max-width: 640px) 100vw, 640px\"\n\t\t\t\t\t\t\t\t\t\t\t\tloading=\"lazy\"\n\t\t\t\t\t\tdecoding=\"async\"\n\t\t\t\t\t>\n\t\t\t\t<\/a>\n\t\t\t<\/div>\n\t\t\t\t\t<div class=\"web-stories-list__story-content-overlay\">\n\t\t\t\t\t\t\t<div class=\"story-content-overlay__title\">\n\t\t\t\t\tEmpr\u00e9stimo MEI: mudan\u00e7as trazem preocupa\u00e7\u00e3o!\t\t\t\t<\/div>\n\t\t\t\n\t\t\t\n\t\t\t\n\t\t\t\t\t<\/div>\n\t\t\t\t\t<\/div>\n\t\t\t\t\t\t\t\t<\/div>\n\t\t\t\t\t<div tabindex=\"0\" aria-label=\"Voltar\" class=\"glider-prev\"><\/div>\n\t\t\t\t\t<div tabindex=\"0\" aria-label=\"Avan\u00e7ar\" class=\"glider-next\"><\/div>\n\t\t\t\t\t\t\t\t<\/div>\n\t\t<\/div>\n\t\t<div style='text-align:center' class='yasr-auto-insert-visitor'><\/div>","protected":false},"excerpt":{"rendered":"<p>Saber o que \u00e9 taxa selic \u00e9 fundamental para saber a hora certa de tomar um empr\u00e9stimo no banco. Descubra como ela afeta os empr\u00e9stimos!<\/p>\n","protected":false},"author":2,"featured_media":15504,"comment_status":"open","ping_status":"open","sticky":false,"template":"","format":"standard","meta":{"_acf_changed":false,"inline_featured_image":false,"yasr_overall_rating":0,"yasr_post_is_review":"","yasr_auto_insert_disabled":"","yasr_review_type":"","footnotes":""},"categories":[15],"tags":[],"class_list":["post-15503","post","type-post","status-publish","format-standard","has-post-thumbnail","hentry","category-financas-pessoais"],"acf":[],"yasr_visitor_votes":{"stars_attributes":{"read_only":false,"span_bottom":false},"number_of_votes":2,"sum_votes":6},"_links":{"self":[{"href":"https:\/\/www.acordocerto.com.br\/blog\/wp-json\/wp\/v2\/posts\/15503","targetHints":{"allow":["GET"]}}],"collection":[{"href":"https:\/\/www.acordocerto.com.br\/blog\/wp-json\/wp\/v2\/posts"}],"about":[{"href":"https:\/\/www.acordocerto.com.br\/blog\/wp-json\/wp\/v2\/types\/post"}],"author":[{"embeddable":true,"href":"https:\/\/www.acordocerto.com.br\/blog\/wp-json\/wp\/v2\/users\/2"}],"replies":[{"embeddable":true,"href":"https:\/\/www.acordocerto.com.br\/blog\/wp-json\/wp\/v2\/comments?post=15503"}],"version-history":[{"count":3,"href":"https:\/\/www.acordocerto.com.br\/blog\/wp-json\/wp\/v2\/posts\/15503\/revisions"}],"predecessor-version":[{"id":16846,"href":"https:\/\/www.acordocerto.com.br\/blog\/wp-json\/wp\/v2\/posts\/15503\/revisions\/16846"}],"wp:featuredmedia":[{"embeddable":true,"href":"https:\/\/www.acordocerto.com.br\/blog\/wp-json\/wp\/v2\/media\/15504"}],"wp:attachment":[{"href":"https:\/\/www.acordocerto.com.br\/blog\/wp-json\/wp\/v2\/media?parent=15503"}],"wp:term":[{"taxonomy":"category","embeddable":true,"href":"https:\/\/www.acordocerto.com.br\/blog\/wp-json\/wp\/v2\/categories?post=15503"},{"taxonomy":"post_tag","embeddable":true,"href":"https:\/\/www.acordocerto.com.br\/blog\/wp-json\/wp\/v2\/tags?post=15503"}],"curies":[{"name":"wp","href":"https:\/\/api.w.org\/{rel}","templated":true}]}}