{"id":15711,"date":"2024-02-26T08:04:00","date_gmt":"2024-02-26T11:04:00","guid":{"rendered":"https:\/\/www.acordocerto.com.br\/?p=15711"},"modified":"2024-12-23T17:02:30","modified_gmt":"2024-12-23T20:02:30","slug":"auxilio-mae-solteira","status":"publish","type":"post","link":"https:\/\/www.acordocerto.com.br\/blog\/auxilio-mae-solteira\/","title":{"rendered":"Aux\u00edlio M\u00e3e Solteira 2025: como funciona e o que fazer para se cadastrar"},"content":{"rendered":"\n<p>Uma das maiores d\u00favidas de mulheres que cuidam sozinhas de seus filhos \u00e9 se existe <strong>Aux\u00edlio M\u00e3e Solteira<\/strong> e o que \u00e9 preciso fazer para receb\u00ea-lo.<\/p>\n\n\n\n<div class=\"cta-btn-block\">\n  <a class=\"cta-btn\" href=\"https:\/\/app.acordocerto.com.br\/login?utm_source=blog&amp;utm_medium=acordocerto&amp;utm_term=cta-post\" target=\"_blank\">Consulte seu CPF<\/a>\n<\/div>\n\n\n\n<p>A verdade \u00e9 que h\u00e1 um <a href=\"https:\/\/www.camara.leg.br\/proposicoesWeb\/fichadetramitacao?idProposicao=2250387\" target=\"_blank\" rel=\"noreferrer noopener\">Projeto de Lei (PL 2099\/20)<\/a> que trata do assunto.&nbsp;<\/p>\n\n\n\n<p>Para situar, um projeto de lei \u00e9 uma proposta para que esse aux\u00edlio seja implementado. Ent\u00e3o isso quer dizer que esse benef\u00edcio ainda n\u00e3o foi aprovado, mas ao que tudo indica, em breve poder\u00e1 ser.&nbsp;<\/p>\n\n\n\n<p>De toda forma, existem alguns benef\u00edcios voltados exclusivamente para m\u00e3es solteiras no Brasil. Neste artigo vamos explicar um pouco sobre cada um deles, e mostrar como as mulheres que cuidam sozinha dos seus filhos podem se beneficiar. Ent\u00e3o vem com a gente!<\/p>\n\n\n\n<p>Sem tempo para ler? Clique no play abaixo para ouvir o conte\u00fado&nbsp;\ud83d\udd0a<\/p>\n\n\n\n<iframe width=\"100%\" height=\"83\" scrolling=\"no\" src=\"https:\/\/go.vooozer.com\/embed\/b8dd0d5e\" frameborder=\"0\" title=\"Narra\u00e7\u00e3o humana do artigo\" style=\"height: 83px !important;\" allowfullscreen><\/iframe>\n\n\n\n\n\n<h2 class=\"wp-block-heading\">Aux\u00edlio M\u00e3e Solteira: o que \u00e9 e como funciona?<\/h2>\n\n\n\n<p><strong>O Aux\u00edlio M\u00e3e Solteira \u00e9 um benef\u00edcio que est\u00e1 tramitando no Congresso Nacional desde 2020, quando o aux\u00edlio emergencial diminuiu at\u00e9 ser completamente extinto.<\/strong><\/p>\n\n\n\n<div class=\"cta-btn-block\">\n  <a class=\"cta-btn\" href=\"https:\/\/app.acordocerto.com.br\/login?utm_source=blog&amp;utm_medium=acordocerto&amp;utm_term=cta-post\" target=\"_blank\">Consulte seu CPF<\/a>\n<\/div>\n\n\n\n<p>Desde ent\u00e3o, os deputados e senadores passaram a discutir a possibilidade de introduzir novos projetos para oferecer suporte \u00e0s fam\u00edlias de baixa renda, principalmente aquelas nas quais uma m\u00e3e \u00e9 a provedora de tudo.<\/p>\n\n\n\n<p>Foi ent\u00e3o que o Projeto de Lei que falamos no in\u00edcio deste artigo foi criado, sendo chamado de Aux\u00edlio M\u00e3e Solteira, com o objetivo de ajudar as m\u00e3es que s\u00e3o chefes de fam\u00edlia e que cumprem alguns crit\u00e9rios estabelecidos.<\/p>\n\n\n\n<p>No entanto, \u00e9 preciso destacar que apesar do tempo ter passado, o Projeto de Lei ainda n\u00e3o foi aprovado, o que quer dizer que ainda n\u00e3o existe esse benef\u00edcio na pr\u00e1tica.<\/p>\n\n\n\n<figure class=\"wp-block-embed is-type-video is-provider-youtube wp-block-embed-youtube wp-embed-aspect-16-9 wp-has-aspect-ratio\"><div class=\"wp-block-embed__wrapper\">\n<iframe title=\"Quem Mora Sozinho Tem Direito ao Bolsa Fam\u00edlia? Solteiro Recebe Bolsa Fam\u00edlia? - Acordo Certo\" width=\"500\" height=\"281\" src=\"https:\/\/www.youtube.com\/embed\/7p6k9zxyqRI?feature=oembed\" frameborder=\"0\" allow=\"accelerometer; autoplay; clipboard-write; encrypted-media; gyroscope; picture-in-picture; web-share\" referrerpolicy=\"strict-origin-when-cross-origin\" allowfullscreen><\/iframe>\n<\/div><\/figure>\n\n\n\n<h3 class=\"wp-block-heading\">Quem tem direito ao Aux\u00edlio para M\u00e3es Solteira?<\/h3>\n\n\n\n<p>Por se tratar apenas de um Projeto de Lei que ainda n\u00e3o foi aprovado, ele pode sofrer diversas mudan\u00e7as, inclusive no perfil das mulheres que t\u00eam direito a receb\u00ea-lo. Mas de modo geral, os crit\u00e9rios s\u00e3o:<\/p>\n\n\n\n<ol class=\"wp-block-list\">\n<li><strong>ter mais de 18 anos de idade;<\/strong><\/li>\n\n\n\n<li><strong>ser solteira e chefe de fam\u00edlia;<\/strong><\/li>\n\n\n\n<li><strong>n\u00e3o ter outra fonte de renda da fam\u00edlia, como de pais ou c\u00f4njuge;<\/strong><\/li>\n\n\n\n<li><strong>possuir um filho com menos de 18 anos de idade;<\/strong><\/li>\n\n\n\n<li><strong>cada membro da fam\u00edlia n\u00e3o pode receber mais que meio sal\u00e1rio m\u00ednimo;<\/strong><\/li>\n\n\n\n<li><strong>n\u00e3o ter carteira assinada;<\/strong><\/li>\n\n\n\n<li><strong>n\u00e3o estar recebendo nenhum outro benef\u00edcio previdenci\u00e1rio ou assistencial;<\/strong><\/li>\n\n\n\n<li><strong>estar cadastrada no Cadastro \u00danico.<\/strong><\/li>\n<\/ol>\n\n\n\n<p><\/p>\n\n\n\n<h3 class=\"wp-block-heading\">Qual valor pago para as m\u00e3es solteiras pelo aux\u00edlio?<\/h3>\n\n\n\n<p><strong>A inten\u00e7\u00e3o do governo \u00e9 que o benef\u00edcio seja o dobro do valor do <\/strong><a href=\"https:\/\/www.acordocerto.com.br\/blog\/consultar-bolsa-familia-pelo-cpf\/\" target=\"_blank\" rel=\"noreferrer noopener\"><strong>Bolsa Fam\u00edlia<\/strong><\/a><strong>, que atualmente est\u00e1 em R$600. Isso quer dizer que a proposta ser\u00e1 um pagamento de R$ 1.200 para as benefici\u00e1rias.<\/strong><\/p>\n\n\n\n<p>Vamos imaginar um exemplo. A Maria tem 30 anos, trabalha como auxiliar de costura em uma f\u00e1brica e recebe 2 sal\u00e1rios m\u00ednimos. Ela \u00e9 m\u00e3e do Joaquim, que tem 4 anos e fica na creche enquanto ela vai trabalhar.<\/p>\n\n\n\n<div class=\"cta-btn-block\">\n  <a class=\"cta-btn\" href=\"https:\/\/app.acordocerto.com.br\/login?utm_source=blog&amp;utm_medium=acordocerto&amp;utm_term=cta-post\" target=\"_blank\">Consulte seu CPF<\/a>\n<\/div>\n\n\n\n<p>Como a Maria \u00e9 uma trabalhadora com <a href=\"https:\/\/www.acordocerto.com.br\/blog\/consultar-carteira-de-trabalho-pelo-cpf\/\" target=\"_blank\" rel=\"noreferrer noopener\">carteira de trabalho<\/a> assinada, ent\u00e3o ela n\u00e3o ter\u00e1 direito a esse benef\u00edcio. Mas considere que por conta de uma crise, ela foi demitida.<\/p>\n\n\n\n<p>Ela passa a receber o seguro-desemprego, e como esse \u00e9 um benef\u00edcio assistencial, ela continua sem direito ao Aux\u00edlio M\u00e3e Solteira. Por\u00e9m, passados 6 meses ela continua sem emprego, e o seguro-desemprego acaba.<\/p>\n\n\n\n<p>A\u00ed entra o Aux\u00edlio M\u00e3e Solteira. Ela passa a receber esse benef\u00edcio para que sua fam\u00edlia tenha um sustento at\u00e9 que ela consiga se realocar no mercado. \u00c9 justamente para a Maria, a Ana, a F\u00e1tima e tantas outras brasileiras que esse benef\u00edcio \u00e9 importante.<\/p>\n\n\n\n<p>Est\u00e1 gostando deste artigo? Ent\u00e3o leia tamb\u00e9m:<\/p>\n\n\n\n<ol class=\"wp-block-list\">\n<li><a href=\"https:\/\/www.acordocerto.com.br\/blog\/poupanca-social-digital\/\" target=\"_blank\" rel=\"noreferrer noopener\">Poupan\u00e7a Social Digital (Caixa Tem): Entenda o que \u00e9, como funciona e quanto rende;<\/a><\/li>\n\n\n\n<li><a href=\"https:\/\/www.acordocerto.com.br\/blog\/beneficios-para-mulheres\/\" target=\"_blank\" rel=\"noreferrer noopener\">13 Benef\u00edcios para Mulheres que voc\u00ea deve conhecer;<\/a><\/li>\n\n\n\n<li><a href=\"https:\/\/www.acordocerto.com.br\/blog\/fazer-cartao-do-sus\/\" target=\"_blank\" rel=\"noreferrer noopener\">Como fazer Cart\u00e3o do SUS: confira todas as formas de emit<\/a>ir<\/li>\n<\/ol>\n\n\n\n<p><\/p>\n\n\n\n<h2 class=\"wp-block-heading\">O Aux\u00edlio M\u00e3e Solteira foi aprovado em 2025?<\/h2>\n\n\n\n<p><strong>Ainda que esteja para aprova\u00e7\u00e3o desde 2020, o benef\u00edcio n\u00e3o foi aprovado em 2025. Ele segue em tramita\u00e7\u00e3o no Congresso, sem previs\u00e3o.<\/strong><\/p>\n\n\n\n<p>Vale destacar, que a tramita\u00e7\u00e3o do PL j\u00e1 foi aprovada pela <strong>Comiss\u00e3o dos Direitos da Mulher da C\u00e2mara dos Deputados<\/strong>, todavia, ainda est\u00e1 em an\u00e1lise pela Comiss\u00e3o de Seguridade Social e Fam\u00edlia.<\/p>\n\n\n\n<p>E o que a Maria faz ent\u00e3o? Nesse caso, como ela perdeu o emprego, e o seguro-desemprego chegou ao fim, ela ter\u00e1 que recorrer ao Bolsa Fam\u00edlia.<\/p>\n\n\n\n<div class=\"cta-btn-block\">\n  <a class=\"cta-btn\" href=\"https:\/\/app.acordocerto.com.br\/login?utm_source=blog&amp;utm_medium=acordocerto&amp;utm_term=cta-post\" target=\"_blank\">Consulte seu CPF<\/a>\n<\/div>\n\n\n\n<p>Esse \u00e9 um benef\u00edcio mais generalizado, voltado para todas as fam\u00edlias de baixa renda que possuem uma renda familiar per capita m\u00e1xima de R$218 por pessoa da fam\u00edlia.<\/p>\n\n\n\n<p>A boa not\u00edcia \u00e9 que para a Maria que \u00e9 m\u00e3e solteira, ela ainda recebe junto com os R$ 600, o <strong>Benef\u00edcio Primeira Inf\u00e2ncia<\/strong> no valor de R$150 para seu filho que \u00e9 menor de 6 anos.<\/p>\n\n\n\n<p>Quando ele completar 7 anos, ela passa a receber R$50 por filho at\u00e9 que cheguem aos 18 anos, ou at\u00e9 que ela consiga uma recoloca\u00e7\u00e3o no mercado.<\/p>\n\n\n\n<p>Veja tamb\u00e9m:<\/p>\n\n\n\n<ol class=\"wp-block-list\">\n<li><a href=\"https:\/\/www.acordocerto.com.br\/blog\/emprestimo-bolsa-familia\/\" target=\"_blank\" rel=\"noreferrer noopener\">Empr\u00e9stimo Bolsa Fam\u00edlia: Conhe\u00e7a as Mudan\u00e7as e Novidades<\/a><\/li>\n\n\n\n<li><a href=\"https:\/\/www.acordocerto.com.br\/blog\/quem-mora-sozinho-recebe-bolsa-familia\/\" target=\"_blank\" rel=\"noreferrer noopener\">Quem mora sozinho recebe Bolsa Fam\u00edlia? Descubra agora!<\/a><\/li>\n\n\n\n<li><a href=\"https:\/\/www.acordocerto.com.br\/blog\/consultar-bolsa-familia-pelo-cpf\/\" target=\"_blank\" rel=\"noreferrer noopener\">Como Consultar Bolsa Fam\u00edlia pelo CPF ou NIS<\/a><\/li>\n<\/ol>\n\n\n\n<p><\/p>\n\n\n\n<h2 class=\"wp-block-heading\">Aux\u00edlio permanente para m\u00e3es solteiras: como se cadastrar<\/h2>\n\n\n\n<p><strong>Conforme antecipamos, o Aux\u00edlio M\u00e3e Solteira n\u00e3o foi aprovado ainda. Por isso, n\u00e3o h\u00e1 como fazer um cadastro no programa, ao menos por enquanto.<\/strong><\/p>\n\n\n\n<p>O que se sabe \u00e9 que \u00e9 necess\u00e1rio ter um <a href=\"https:\/\/www.acordocerto.com.br\/blog\/o-que-e-cadastro-unico\/\" target=\"_blank\" rel=\"noreferrer noopener\">cadastro no Cad\u00danico<\/a>. Nesse caso, a Maria pode ir at\u00e9 o CRAS (Centro de Refer\u00eancia de Assist\u00eancia Social) da sua regi\u00e3o.<\/p>\n\n\n\n<div class=\"cta-btn-block\">\n  <a class=\"cta-btn\" href=\"https:\/\/app.acordocerto.com.br\/login?utm_source=blog&amp;utm_medium=acordocerto&amp;utm_term=cta-post\" target=\"_blank\">Consulte seu CPF<\/a>\n<\/div>\n\n\n\n<p>L\u00e1 ela vai passar por uma entrevista com uma assistente social que vai avaliar o seu caso, e exigir alguns documentos. Dentre os principais est\u00e3o:<\/p>\n\n\n\n<ol class=\"wp-block-list\">\n<li>CPF;<\/li>\n\n\n\n<li>T\u00edtulo de Eleitor;<\/li>\n\n\n\n<li>RG.<\/li>\n<\/ol>\n\n\n\n<p><\/p>\n\n\n\n<p>Como a Maria \u00e9 m\u00e3e solteira e tem filho, ela tamb\u00e9m ter\u00e1 que apresentar alguns documentos do filho, como por exemplo:<\/p>\n\n\n\n<ol class=\"wp-block-list\">\n<li>Certid\u00e3o de nascimento;<\/li>\n\n\n\n<li>Carteira de vacina\u00e7\u00e3o;<\/li>\n\n\n\n<li>Comprovante de matr\u00edcula escolar.<\/li>\n<\/ol>\n\n\n\n<p><\/p>\n\n\n\n<p>A partir da\u00ed ela estar\u00e1 cadastrada no Cad\u00danico, e ser\u00e1 informada pela assistente social quais s\u00e3o os benef\u00edcios que poder\u00e1 ter acesso sendo uma m\u00e3e solteira.<\/p>\n\n\n\n<h2 class=\"wp-block-heading\">Quais outros aux\u00edlios para m\u00e3es solteiras em 2025?<\/h2>\n\n\n\n<p>Como o Aux\u00edlio M\u00e3e Solteira n\u00e3o foi aprovado, a Maria ser\u00e1 informada sobre outros benef\u00edcios sociais que ela pode ter acesso, como:<\/p>\n\n\n\n<ol class=\"wp-block-list\">\n<li><strong>Novo Bolsa Fam\u00edlia com adicional;<\/strong><\/li>\n\n\n\n<li><strong>Creche gratuita;<\/strong><\/li>\n\n\n\n<li><strong>Assist\u00eancia social.<\/strong><\/li>\n<\/ol>\n\n\n\n<p><\/p>\n\n\n\n<h3 class=\"wp-block-heading\">Novo Bolsa Fam\u00edlia com adicional<\/h3>\n\n\n\n<p>Conforme j\u00e1 antecipamos, o <strong>Bolsa Fam\u00edlia \u00e9 um benef\u00edcio voltado para fam\u00edlias que est\u00e3o em situa\u00e7\u00e3o de vulnerabilidade<\/strong>, e que possuem uma renda m\u00e1xima de R$218 por pessoa.<\/p>\n\n\n\n<p>Nesse caso, o valor que a Maria vai receber \u00e9 de R$600, e ela ainda ter\u00e1 direito aos valores adicionais, como o Benef\u00edcio Primeira Inf\u00e2ncia no valor de R$150 por filho com idade at\u00e9 6 anos e o Benef\u00edcio Vari\u00e1vel Familiar.<\/p>\n\n\n\n<div class=\"cta-btn-block\">\n  <a class=\"cta-btn\" href=\"https:\/\/app.acordocerto.com.br\/login?utm_source=blog&amp;utm_medium=acordocerto&amp;utm_term=cta-post\" target=\"_blank\">Consulte seu CPF<\/a>\n<\/div>\n\n\n\n<p>Esse segundo tem um valor de R$50 e \u00e9 destinado para fam\u00edlias com crian\u00e7as e adolescentes entre 7 e 18 anos, o que abrange tamb\u00e9m gestantes.<\/p>\n\n\n\n<h3 class=\"wp-block-heading\">Creche gratuita<\/h3>\n\n\n\n<p>A Maria, apesar de n\u00e3o estar trabalhando, precisa sair todos os dias de casa para procurar emprego. Afinal, ela ganhava dois sal\u00e1rios em sua profiss\u00e3o.<\/p>\n\n\n\n<p>Mas onde deixar o seu filho? Aqui entra outro benef\u00edcio social. Ela tem <strong>direito ao servi\u00e7o de creche gratuito, ou <a href=\"https:\/\/www.acordocerto.com.br\/blog\/auxilio-creche\/\" target=\"_blank\" rel=\"noreferrer noopener\">auxilio-creche<\/a>.<\/strong> Isso ajuda n\u00e3o s\u00f3 na hora dela procurar emprego, como tamb\u00e9m se precisar fazer algum bico aqui e outro ali.<\/p>\n\n\n\n<p>Isso sem contar que o servi\u00e7o gratuito de creche proporciona um ambiente seguro e educativo para o seu filho. Portanto, ela fica despreocupada que ele est\u00e1 em seguran\u00e7a, e aprendendo para ter um futuro melhor.<\/p>\n\n\n\n<h3 class=\"wp-block-heading\">Assist\u00eancia social<\/h3>\n\n\n\n<p>Al\u00e9m dos benef\u00edcios que citamos acima, <strong>as m\u00e3es solteiras ainda podem ter acesso aos servi\u00e7os de assist\u00eancia social. <\/strong>Eles s\u00e3o oferecidos tanto pelos estados quanto pelos munic\u00edpios.<\/p>\n\n\n\n<p>E o que isso inclui? A assist\u00eancia social inclui cursos de capacita\u00e7\u00e3o profissional, atendimento psicol\u00f3gico, orienta\u00e7\u00f5es jur\u00eddicas e at\u00e9 apoio emocional.<\/p>\n\n\n\n<p>Vamos voltar ao nosso exemplo? A Maria sempre foi trabalhadora, mas perdeu seu emprego de uma hora para outra. Passou 6 meses e ela n\u00e3o conseguiu uma recoloca\u00e7\u00e3o no mercado de trabalho.<\/p>\n\n\n\n<div class=\"cta-btn-block\">\n  <a class=\"cta-btn\" href=\"https:\/\/app.acordocerto.com.br\/login?utm_source=blog&amp;utm_medium=acordocerto&amp;utm_term=cta-post\" target=\"_blank\">Consulte seu CPF<\/a>\n<\/div>\n\n\n\n<p>Hoje ela vive de bicos de gar\u00e7onete, ajudante tempor\u00e1ria em lojas, e assim se viu totalmente vulner\u00e1vel. Ainda que receba o Bolsa Fam\u00edlia, esse valor \u00e9 menor do que ela ganhava na sua profiss\u00e3o.<\/p>\n\n\n\n<p>De certa forma, esse tempo dif\u00edcil deixar\u00e1 nossa amiga abalada. E a\u00ed entra a Assist\u00eancia Social, amparando ela para que n\u00e3o caia em depress\u00e3o, orientando a fazer cursos profissionalizantes para tentar outras profiss\u00f5es, e por a\u00ed vai.<\/p>\n\n\n\n<p>Repare que a Maria n\u00e3o precisa s\u00f3 de dinheiro, mas tamb\u00e9m de algu\u00e9m dando for\u00e7a para ela, assist\u00eancia psicol\u00f3gica e mostrando o melhor caminho a seguir. Afinal, ela n\u00e3o tem mais ningu\u00e9m, a n\u00e3o ser o seu filho pequeno.<\/p>\n\n\n\n<p>Leia mais &#8211; <a href=\"https:\/\/www.acordocerto.com.br\/blog\/como-pedir-seguro-desemprego\/\" target=\"_blank\" rel=\"noreferrer noopener\">Como pedir seguro-desemprego: veja como calcular valores<\/a><\/p>\n\n\n\n\n\n\n<h2 class=\"wp-block-heading\">Conclus\u00e3o<\/h2>\n\n\n\n<p><strong>Conforme vimos ao longo deste artigo, o Aux\u00edlio M\u00e3e Solteira ainda \u00e9 um Projeto de Lei que est\u00e1 para ser aprovado desde 2020, mas at\u00e9 o momento ainda n\u00e3o foi, e nem h\u00e1 uma previs\u00e3o de quando ser\u00e1.<\/strong><\/p>\n\n\n\n<p>Dessa forma, as m\u00e3es solteiras que est\u00e3o em situa\u00e7\u00e3o de vulnerabilidade podem procurar o CRAS do seu munic\u00edpio para se cadastrar no Cad\u00danico e ent\u00e3o ter acesso a outros benef\u00edcios sociais como o Bolsa Fam\u00edlia, Creche e Assist\u00eancia Social.<\/p>\n\n\n\n<p>Esses programas visam garantir para todas as m\u00e3es solteiras do Brasil, um apoio financeiro, um ambiente educacional para seus filhos, e apoio psicol\u00f3gico e jur\u00eddico para seguirem adiante em meio \u00e0 tempestade.<\/p>\n\n\n\n<div class=\"cta-btn-block\">\n  <a class=\"cta-btn\" href=\"https:\/\/app.acordocerto.com.br\/login?utm_source=blog&amp;utm_medium=acordocerto&amp;utm_term=cta-post\" target=\"_blank\">Consulte seu CPF<\/a>\n<\/div>\n\n\n\n<p>Vale destacar que esses programas s\u00e3o muito importantes para que as mulheres possam criar seus filhos com dignidade, mesmo na aus\u00eancia de um pai ou outro membro da fam\u00edlia.<\/p>\n\n\n\n<p>Foi poss\u00edvel entender o que \u00e9 o <strong>Aux\u00edlio M\u00e3e Solteira?<\/strong> Se gostou deste artigo, acesse o <a href=\"https:\/\/www.acordocerto.com.br\/\" target=\"_blank\" rel=\"noreferrer noopener\">blog da Acordo Certo<\/a> e confira outras mat\u00e9rias como essa!\ud83d\ude09<\/p>\n\n\n<ul class=\"wp-block-latest-posts__list wp-block-latest-posts\"><li><a class=\"wp-block-latest-posts__post-title\" href=\"https:\/\/www.acordocerto.com.br\/blog\/agiotagem-e-crime\/\">Agiotagem \u00e9 crime? O que acontece se eu denunciar? Tudo o que voc\u00ea precisa saber!<\/a><\/li>\n<li><a class=\"wp-block-latest-posts__post-title\" href=\"https:\/\/www.acordocerto.com.br\/blog\/emprestimo-com-agiota\/\">Vale a pena tomar um empr\u00e9stimo com agiota? Descubra os pr\u00f3s e contras!<\/a><\/li>\n<li><a class=\"wp-block-latest-posts__post-title\" href=\"https:\/\/www.acordocerto.com.br\/blog\/consulta-de-cpf-e-emprestimo\/\">Consulta de CPF e empr\u00e9stimo: qual \u00e9 a rela\u00e7\u00e3o?<\/a><\/li>\n<li><a class=\"wp-block-latest-posts__post-title\" href=\"https:\/\/www.acordocerto.com.br\/blog\/portabilidade-de-consignado\/\">Portabilidade de consignado: como funciona<\/a><\/li>\n<li><a class=\"wp-block-latest-posts__post-title\" href=\"https:\/\/www.acordocerto.com.br\/blog\/simulador-de-emprestimo\/\">Simulador de empr\u00e9stimo: seu melhor amigo na hora de conseguir cr\u00e9dito!<\/a><\/li>\n<\/ul>\n\n\n<h3 class=\"wp-block-heading\"><strong>FAQ: Perguntas frequentes<\/strong><\/h3>\n\n\n<div id=\"rank-math-faq\" class=\"rank-math-block\">\n<div class=\"rank-math-list \">\n<div id=\"faq-question-1680723276120\" class=\"rank-math-list-item\">\n<h3 class=\"rank-math-question \">Aux\u00edlio m\u00e3e solteira quando come\u00e7a?<\/h3>\n<div class=\"rank-math-answer \">\n\n<p>O Aux\u00edlio M\u00e3e Solteira \u00e9 um Projeto de Lei que est\u00e1 em tramita\u00e7\u00e3o desde 2020, e apesar de ser muito aguardado, n\u00e3o h\u00e1 data prevista para ser liberado. A \u00faltima movimenta\u00e7\u00e3o foi em junho de 2023 quando abriu-se um requerimento da Comiss\u00e3o de Sa\u00fade para a Comiss\u00e3o de Previd\u00eancia da C\u00e2mara dos Deputados.<\/p>\n\n<\/div>\n<\/div>\n<div id=\"faq-question-1680723279284\" class=\"rank-math-list-item\">\n<h3 class=\"rank-math-question \">Quando v\u00e3o come\u00e7ar a pagar os R$1.200 para m\u00e3e solteira?<\/h3>\n<div class=\"rank-math-answer \">\n\n<p>N\u00e3o h\u00e1 previs\u00e3o de quando v\u00e3o come\u00e7ar a pagar os R$1.200 para m\u00e3e solteira, uma vez que o Projeto de Lei que prev\u00ea esse pagamento n\u00e3o avan\u00e7ou, e depende da aprova\u00e7\u00e3o de deputados e senadores e tamb\u00e9m da san\u00e7\u00e3o do presidente para s\u00f3 ent\u00e3o ser pago.<\/p>\n\n<\/div>\n<\/div>\n<div id=\"faq-question-1680723280484\" class=\"rank-math-list-item\">\n<h3 class=\"rank-math-question \">M\u00e3e solteira com carteira assinada tem direito ao Bolsa Fam\u00edlia?<\/h3>\n<div class=\"rank-math-answer \">\n\n<p>M\u00e3e solteira com carteira assinada pode ter direito ao Bolsa Fam\u00edlia desde que atenda \u00e0s regras do programa social. Ou seja, a renda n\u00e3o pode ser superior a R$218 por membro da fam\u00edlia. Portanto, se ela ganha 1 sal\u00e1rio m\u00ednimo com carteira assinada e a fam\u00edlia \u00e9 numerosa, \u00e9 poss\u00edvel ter acesso ao benef\u00edcio.<\/p>\n\n<\/div>\n<\/div>\n<\/div>\n<\/div>\n\n\n<h3 class=\"wp-block-heading\"><strong>Web Stories<\/strong><\/h3>\n\n\n\t\t<div class=\"web-stories-list alignnone has-archive-link is-view-type-carousel is-style-default is-carousel\" data-id=\"1\">\n\t\t\t<div\n\t\t\tclass=\"web-stories-list__inner-wrapper carousel-1\"\n\t\t\tstyle=\"--ws-story-max-width:185px\"\n\t\t\t>\n\t\t\t\t\t\t<div class=\"web-stories-list__archive-link\">\n\t\t\t<a href=\"https:\/\/www.acordocerto.com.br\/blog\/web-stories\/\">\n\t\t\t\tVisualizando todos Stories\t\t\t<\/a>\n\t\t<\/div>\n\t\t\t\t\t\t\t<div\n\t\t\t\t\tclass=\"web-stories-list__carousel carousel\"\n\t\t\t\t\tdata-id=\"carousel-1\"\n\t\t\t\t\tdata-prev=\"Voltar\"\n\t\t\t\t\tdata-next=\"Avan\u00e7ar\"\n\t\t\t\t\t>\n\t\t\t\t\t\t\t\t\t<div\n\t\t\t\tclass=\"web-stories-list__story\"\n\t\t\t\tdata-wp-interactive=\"web-stories-block\"\n\t\t\t\tdata-wp-context='{\"instanceId\":1}'\t\t\t\tdata-wp-on--click=\"actions.open\"\n\t\t\t\tdata-wp-on-window--popstate=\"actions.onPopstate\"\n\t\t\t\t>\n\t\t\t\t\t\t\t<div class=\"web-stories-list__story-poster\">\n\t\t\t\t<a href=\"https:\/\/www.acordocerto.com.br\/blog\/web-stories\/bolsa-familia-bloqueado-como-nao-perder\/\">\n\t\t\t\t\t<img\n\t\t\t\t\t\tsrc=\"https:\/\/www.acordocerto.com.br\/blog\/wp-content\/uploads\/2024\/02\/cropped-Apresentacao-sem-titulo-1.jpg\"\n\t\t\t\t\t\talt=\"Bolsa Fam\u00edlia BLOQUEADO! Como n\u00e3o perder?\"\n\t\t\t\t\t\twidth=\"185\"\n\t\t\t\t\t\theight=\"308\"\n\t\t\t\t\t\t\t\t\t\t\t\t\tsrcset=\"https:\/\/www.acordocerto.com.br\/blog\/wp-content\/uploads\/2024\/02\/cropped-Apresentacao-sem-titulo-1.jpg 640w, https:\/\/www.acordocerto.com.br\/blog\/wp-content\/uploads\/2024\/02\/cropped-Apresentacao-sem-titulo-1-150x200.jpg 150w\"\n\t\t\t\t\t\t\t\t\t\t\t\t\t\t\t\t\t\t\tsizes=\"auto, (max-width: 640px) 100vw, 640px\"\n\t\t\t\t\t\t\t\t\t\t\t\tloading=\"lazy\"\n\t\t\t\t\t\tdecoding=\"async\"\n\t\t\t\t\t>\n\t\t\t\t<\/a>\n\t\t\t<\/div>\n\t\t\t\t\t<div class=\"web-stories-list__story-content-overlay\">\n\t\t\t\t\t\t\t<div class=\"story-content-overlay__title\">\n\t\t\t\t\tBolsa Fam\u00edlia BLOQUEADO! Como n\u00e3o perder?\t\t\t\t<\/div>\n\t\t\t\n\t\t\t\n\t\t\t\n\t\t\t\t\t<\/div>\n\t\t\t\t\t<\/div>\n\t\t\t\t\t\t<div\n\t\t\t\tclass=\"web-stories-list__story\"\n\t\t\t\tdata-wp-interactive=\"web-stories-block\"\n\t\t\t\tdata-wp-context='{\"instanceId\":1}'\t\t\t\tdata-wp-on--click=\"actions.open\"\n\t\t\t\tdata-wp-on-window--popstate=\"actions.onPopstate\"\n\t\t\t\t>\n\t\t\t\t\t\t\t<div class=\"web-stories-list__story-poster\">\n\t\t\t\t<a href=\"https:\/\/www.acordocerto.com.br\/blog\/web-stories\/bolsa-familia-2024-datas-de-pagamento\/\">\n\t\t\t\t\t<img\n\t\t\t\t\t\tsrc=\"https:\/\/www.acordocerto.com.br\/blog\/wp-content\/uploads\/2023\/07\/cropped-Calendario-bolsa-familia-agosto-2023.jpg\"\n\t\t\t\t\t\talt=\"Calend\u00e1rio Bolsa Fam\u00edlia 2024: veja datas de pagamento\"\n\t\t\t\t\t\twidth=\"185\"\n\t\t\t\t\t\theight=\"308\"\n\t\t\t\t\t\t\t\t\t\t\t\t\tsrcset=\"https:\/\/www.acordocerto.com.br\/blog\/wp-content\/uploads\/2023\/07\/cropped-Calendario-bolsa-familia-agosto-2023.jpg 640w, https:\/\/www.acordocerto.com.br\/blog\/wp-content\/uploads\/2023\/07\/cropped-Calendario-bolsa-familia-agosto-2023-150x200.jpg 150w\"\n\t\t\t\t\t\t\t\t\t\t\t\t\t\t\t\t\t\t\tsizes=\"auto, (max-width: 640px) 100vw, 640px\"\n\t\t\t\t\t\t\t\t\t\t\t\tloading=\"lazy\"\n\t\t\t\t\t\tdecoding=\"async\"\n\t\t\t\t\t>\n\t\t\t\t<\/a>\n\t\t\t<\/div>\n\t\t\t\t\t<div class=\"web-stories-list__story-content-overlay\">\n\t\t\t\t\t\t\t<div class=\"story-content-overlay__title\">\n\t\t\t\t\tCalend\u00e1rio Bolsa Fam\u00edlia 2024: veja datas de pagamento\t\t\t\t<\/div>\n\t\t\t\n\t\t\t\n\t\t\t\n\t\t\t\t\t<\/div>\n\t\t\t\t\t<\/div>\n\t\t\t\t\t\t<div\n\t\t\t\tclass=\"web-stories-list__story\"\n\t\t\t\tdata-wp-interactive=\"web-stories-block\"\n\t\t\t\tdata-wp-context='{\"instanceId\":1}'\t\t\t\tdata-wp-on--click=\"actions.open\"\n\t\t\t\tdata-wp-on-window--popstate=\"actions.onPopstate\"\n\t\t\t\t>\n\t\t\t\t\t\t\t<div class=\"web-stories-list__story-poster\">\n\t\t\t\t<a href=\"https:\/\/www.acordocerto.com.br\/blog\/web-stories\/material-escolar-6-dicas-economicas\/\">\n\t\t\t\t\t<img\n\t\t\t\t\t\tsrc=\"https:\/\/www.acordocerto.com.br\/blog\/wp-content\/uploads\/2023\/12\/cropped-tim-gouw-KigTvXqetXA-unsplash.jpg\"\n\t\t\t\t\t\talt=\"Material Escolar: 6 dicas econ\u00f4micas na hora da compra\"\n\t\t\t\t\t\twidth=\"185\"\n\t\t\t\t\t\theight=\"308\"\n\t\t\t\t\t\t\t\t\t\t\t\t\tsrcset=\"https:\/\/www.acordocerto.com.br\/blog\/wp-content\/uploads\/2023\/12\/cropped-tim-gouw-KigTvXqetXA-unsplash.jpg 640w, https:\/\/www.acordocerto.com.br\/blog\/wp-content\/uploads\/2023\/12\/cropped-tim-gouw-KigTvXqetXA-unsplash-150x200.jpg 150w\"\n\t\t\t\t\t\t\t\t\t\t\t\t\t\t\t\t\t\t\tsizes=\"auto, (max-width: 640px) 100vw, 640px\"\n\t\t\t\t\t\t\t\t\t\t\t\tloading=\"lazy\"\n\t\t\t\t\t\tdecoding=\"async\"\n\t\t\t\t\t>\n\t\t\t\t<\/a>\n\t\t\t<\/div>\n\t\t\t\t\t<div class=\"web-stories-list__story-content-overlay\">\n\t\t\t\t\t\t\t<div class=\"story-content-overlay__title\">\n\t\t\t\t\tMaterial Escolar: 6 dicas econ\u00f4micas na hora da compra\t\t\t\t<\/div>\n\t\t\t\n\t\t\t\n\t\t\t\n\t\t\t\t\t<\/div>\n\t\t\t\t\t<\/div>\n\t\t\t\t\t\t<div\n\t\t\t\tclass=\"web-stories-list__story\"\n\t\t\t\tdata-wp-interactive=\"web-stories-block\"\n\t\t\t\tdata-wp-context='{\"instanceId\":1}'\t\t\t\tdata-wp-on--click=\"actions.open\"\n\t\t\t\tdata-wp-on-window--popstate=\"actions.onPopstate\"\n\t\t\t\t>\n\t\t\t\t\t\t\t<div class=\"web-stories-list__story-poster\">\n\t\t\t\t<a href=\"https:\/\/www.acordocerto.com.br\/blog\/web-stories\/novo-bolsa-familia-disponivel\/\">\n\t\t\t\t\t<img\n\t\t\t\t\t\tsrc=\"https:\/\/www.acordocerto.com.br\/blog\/wp-content\/uploads\/2023\/03\/cropped-bolsa-familia2-1.jpg\"\n\t\t\t\t\t\talt=\"Novo Bolsa Fam\u00edlia dispon\u00edvel. Quem recebe hoje?\"\n\t\t\t\t\t\twidth=\"185\"\n\t\t\t\t\t\theight=\"308\"\n\t\t\t\t\t\t\t\t\t\t\t\t\tsrcset=\"https:\/\/www.acordocerto.com.br\/blog\/wp-content\/uploads\/2023\/03\/cropped-bolsa-familia2-1.jpg 640w, https:\/\/www.acordocerto.com.br\/blog\/wp-content\/uploads\/2023\/03\/cropped-bolsa-familia2-1-150x200.jpg 150w\"\n\t\t\t\t\t\t\t\t\t\t\t\t\t\t\t\t\t\t\tsizes=\"auto, (max-width: 640px) 100vw, 640px\"\n\t\t\t\t\t\t\t\t\t\t\t\tloading=\"lazy\"\n\t\t\t\t\t\tdecoding=\"async\"\n\t\t\t\t\t>\n\t\t\t\t<\/a>\n\t\t\t<\/div>\n\t\t\t\t\t<div class=\"web-stories-list__story-content-overlay\">\n\t\t\t\t\t\t\t<div class=\"story-content-overlay__title\">\n\t\t\t\t\tNovo Bolsa Fam\u00edlia dispon\u00edvel. Quem recebe hoje?\t\t\t\t<\/div>\n\t\t\t\n\t\t\t\n\t\t\t\n\t\t\t\t\t<\/div>\n\t\t\t\t\t<\/div>\n\t\t\t\t\t\t<div\n\t\t\t\tclass=\"web-stories-list__story\"\n\t\t\t\tdata-wp-interactive=\"web-stories-block\"\n\t\t\t\tdata-wp-context='{\"instanceId\":1}'\t\t\t\tdata-wp-on--click=\"actions.open\"\n\t\t\t\tdata-wp-on-window--popstate=\"actions.onPopstate\"\n\t\t\t\t>\n\t\t\t\t\t\t\t<div class=\"web-stories-list__story-poster\">\n\t\t\t\t<a href=\"https:\/\/www.acordocerto.com.br\/blog\/web-stories\/posso-receber-bolsa-familia-morando-sozinho\/\">\n\t\t\t\t\t<img\n\t\t\t\t\t\tsrc=\"https:\/\/www.acordocerto.com.br\/blog\/wp-content\/uploads\/2023\/07\/cropped-Calendario-bolsa-familia-agosto-2023.jpg\"\n\t\t\t\t\t\talt=\"Posso receber Bolsa Fam\u00edlia morando sozinho?\"\n\t\t\t\t\t\twidth=\"185\"\n\t\t\t\t\t\theight=\"308\"\n\t\t\t\t\t\t\t\t\t\t\t\t\tsrcset=\"https:\/\/www.acordocerto.com.br\/blog\/wp-content\/uploads\/2023\/07\/cropped-Calendario-bolsa-familia-agosto-2023.jpg 640w, https:\/\/www.acordocerto.com.br\/blog\/wp-content\/uploads\/2023\/07\/cropped-Calendario-bolsa-familia-agosto-2023-150x200.jpg 150w\"\n\t\t\t\t\t\t\t\t\t\t\t\t\t\t\t\t\t\t\tsizes=\"auto, (max-width: 640px) 100vw, 640px\"\n\t\t\t\t\t\t\t\t\t\t\t\tloading=\"lazy\"\n\t\t\t\t\t\tdecoding=\"async\"\n\t\t\t\t\t>\n\t\t\t\t<\/a>\n\t\t\t<\/div>\n\t\t\t\t\t<div class=\"web-stories-list__story-content-overlay\">\n\t\t\t\t\t\t\t<div class=\"story-content-overlay__title\">\n\t\t\t\t\tPosso receber Bolsa Fam\u00edlia morando sozinho?\t\t\t\t<\/div>\n\t\t\t\n\t\t\t\n\t\t\t\n\t\t\t\t\t<\/div>\n\t\t\t\t\t<\/div>\n\t\t\t\t\t\t\t\t<\/div>\n\t\t\t\t\t<div tabindex=\"0\" aria-label=\"Voltar\" class=\"glider-prev\"><\/div>\n\t\t\t\t\t<div tabindex=\"0\" aria-label=\"Avan\u00e7ar\" class=\"glider-next\"><\/div>\n\t\t\t\t\t\t\t\t<\/div>\n\t\t<\/div>\n\t\t<div style='text-align:center' class='yasr-auto-insert-visitor'><\/div>","protected":false},"excerpt":{"rendered":"<p>O Aux\u00edlio M\u00e3e Solteira \u00e9 um Projeto de Lei que tramita no Congresso Nacional. Saiba como ele funciona e como receber esse benef\u00edcio!<\/p>\n","protected":false},"author":2,"featured_media":15713,"comment_status":"open","ping_status":"open","sticky":false,"template":"","format":"standard","meta":{"_acf_changed":false,"inline_featured_image":false,"yasr_overall_rating":0,"yasr_post_is_review":"","yasr_auto_insert_disabled":"","yasr_review_type":"","footnotes":""},"categories":[33],"tags":[627],"class_list":["post-15711","post","type-post","status-publish","format-standard","has-post-thumbnail","hentry","category-direitos-e-beneficios","tag-auxilio-do-governo"],"acf":[],"yasr_visitor_votes":{"stars_attributes":{"read_only":false,"span_bottom":false},"number_of_votes":11,"sum_votes":50},"_links":{"self":[{"href":"https:\/\/www.acordocerto.com.br\/blog\/wp-json\/wp\/v2\/posts\/15711","targetHints":{"allow":["GET"]}}],"collection":[{"href":"https:\/\/www.acordocerto.com.br\/blog\/wp-json\/wp\/v2\/posts"}],"about":[{"href":"https:\/\/www.acordocerto.com.br\/blog\/wp-json\/wp\/v2\/types\/post"}],"author":[{"embeddable":true,"href":"https:\/\/www.acordocerto.com.br\/blog\/wp-json\/wp\/v2\/users\/2"}],"replies":[{"embeddable":true,"href":"https:\/\/www.acordocerto.com.br\/blog\/wp-json\/wp\/v2\/comments?post=15711"}],"version-history":[{"count":6,"href":"https:\/\/www.acordocerto.com.br\/blog\/wp-json\/wp\/v2\/posts\/15711\/revisions"}],"predecessor-version":[{"id":19053,"href":"https:\/\/www.acordocerto.com.br\/blog\/wp-json\/wp\/v2\/posts\/15711\/revisions\/19053"}],"wp:featuredmedia":[{"embeddable":true,"href":"https:\/\/www.acordocerto.com.br\/blog\/wp-json\/wp\/v2\/media\/15713"}],"wp:attachment":[{"href":"https:\/\/www.acordocerto.com.br\/blog\/wp-json\/wp\/v2\/media?parent=15711"}],"wp:term":[{"taxonomy":"category","embeddable":true,"href":"https:\/\/www.acordocerto.com.br\/blog\/wp-json\/wp\/v2\/categories?post=15711"},{"taxonomy":"post_tag","embeddable":true,"href":"https:\/\/www.acordocerto.com.br\/blog\/wp-json\/wp\/v2\/tags?post=15711"}],"curies":[{"name":"wp","href":"https:\/\/api.w.org\/{rel}","templated":true}]}}