{"id":17372,"date":"2024-05-07T08:03:00","date_gmt":"2024-05-07T11:03:00","guid":{"rendered":"https:\/\/www.acordocerto.com.br\/?p=17372"},"modified":"2024-05-13T17:03:28","modified_gmt":"2024-05-13T20:03:28","slug":"auxilio-moradia","status":"publish","type":"post","link":"https:\/\/www.acordocerto.com.br\/blog\/auxilio-moradia\/","title":{"rendered":"Aux\u00edlio Moradia: o que \u00e9, quem tem direito e como solicitar. Saiba tudo!"},"content":{"rendered":"\n<p>Voc\u00ea j\u00e1 ouviu falar do <strong>aux\u00edlio moradia?<\/strong> Esse \u00e9 um programa que foi lan\u00e7ado pelo governo de S\u00e3o Paulo em 2023 para combater a vulnerabilidade social.<\/p>\n\n\n\n<div class=\"cta-btn-block\">\n  <a class=\"cta-btn\" href=\"https:\/\/app.acordocerto.com.br\/login?utm_source=blog&amp;utm_medium=acordocerto&amp;utm_term=cta-post\" target=\"_blank\">Consulte seu CPF<\/a>\n<\/div>\n\n\n\n<p>Esse aux\u00edlio faz parte do programa <a href=\"https:\/\/www.acordocerto.com.br\/blog\/bolsa-do-povo\/\" target=\"_blank\" rel=\"noreferrer noopener\">Bolsa do Povo<\/a> que unifica v\u00e1rios benef\u00edcios e programas a fim de auxiliar as fam\u00edlias que est\u00e3o passando por alguma dificuldade econ\u00f4mica.<\/p>\n\n\n\n<p>Quer saber mais sobre esse benef\u00edcio? Ent\u00e3o continue mais 3 minutinhos por aqui e descubra o que \u00e9, quem tem direito e como voc\u00ea pode solicitar o aux\u00edlio moradia.<\/p>\n\n\n\n<p>Vem com a gente! \ud83d\ude09<\/p>\n\n\n\n\n\n<h2 class=\"wp-block-heading\">O que \u00e9 o aux\u00edlio moradia?<\/h2>\n\n\n\n<p><strong>Esse \u00e9 um benef\u00edcio voltado para fam\u00edlias que tenham sido retiradas de suas resid\u00eancias involuntariamente para ajudar com as despesas para ter um teto para morar.<\/strong><\/p>\n\n\n\n<p>Isso serve para quem perdeu a casa em raz\u00e3o de chuvas e inunda\u00e7\u00f5es, desde que o munic\u00edpio tenha decretado estado de emerg\u00eancia ou calamidade p\u00fablica.<\/p>\n\n\n\n<p>Al\u00e9m disso, o benef\u00edcio tamb\u00e9m \u00e9 v\u00e1lido para casos de interven\u00e7\u00f5es urbanas ou ambientais que foram realizadas com a participa\u00e7\u00e3o do Governo Estadual de S\u00e3o Paulo.<\/p>\n\n\n\n<p>\u00c9 importante dizer que esse benef\u00edcio foi institu\u00eddo por meio da<a href=\"https:\/\/www.al.sp.gov.br\/repositorio\/legislacao\/lei\/2021\/lei-17372-26.05.2021.html\" target=\"_blank\" rel=\"noreferrer noopener\"> Lei n\u00ba 17.372<\/a> lan\u00e7ada em 2023, e que tem o objetivo de combater a vulnerabilidade social.<\/p>\n\n\n\n<h3 class=\"wp-block-heading\">Prazo de vig\u00eancia do benef\u00edcio<\/h3>\n\n\n\n<p><strong>O benef\u00edcio tem um prazo de vig\u00eancia que pode ir de 3 a 24 meses dependendo do tipo do programa, e da necessidade da fam\u00edlia.&nbsp;<\/strong><\/p>\n\n\n\n<p>Ent\u00e3o imagine que a Dona Maria tinha uma casa em S\u00e3o Sebasti\u00e3o. A\u00ed por conta das fortes chuvas, ela acabou perdendo sua moradia e tudo o que tinha.<\/p>\n\n\n\n<div class=\"cta-btn-block\">\n  <a class=\"cta-btn\" href=\"https:\/\/app.acordocerto.com.br\/login?utm_source=blog&amp;utm_medium=acordocerto&amp;utm_term=cta-post\" target=\"_blank\">Consulte seu CPF<\/a>\n<\/div>\n\n\n\n<p>Ela pode, nesse caso, acionar o aux\u00edlio moradia para poder pagar o aluguel de uma outra casa, at\u00e9 que ela volte a morar no mesmo local, ou adquirir outra resid\u00eancia.<\/p>\n\n\n\n<p>Est\u00e1 gostando deste artigo? Ent\u00e3o leia tamb\u00e9m:<\/p>\n\n\n\n<ol class=\"wp-block-list\">\n<li><a href=\"https:\/\/www.acordocerto.com.br\/blog\/auxilio-cesta-basica\/\">Aux\u00edlio Cesta B\u00e1sica: Saiba se voc\u00ea tem direito;<\/a><\/li>\n\n\n\n<li><a href=\"https:\/\/www.acordocerto.com.br\/blog\/auxilio-maternidade\/\">Aux\u00edlio Maternidade: Qual Valor, Quem Tem Direito e Como Receber<\/a>;<\/li>\n\n\n\n<li><a href=\"https:\/\/www.acordocerto.com.br\/blog\/como-pedir-seguro-desemprego\/\">Como pedir seguro-desemprego: veja como calcular valores e dar entrada<\/a><\/li>\n<\/ol>\n\n\n\n<p><\/p>\n\n\n\n<h3 class=\"wp-block-heading\">Qual \u00e9 o valor do Aux\u00edlio Moradia?<\/h3>\n\n\n\n<p><strong>O valor do Aux\u00edlio Moradia n\u00e3o \u00e9 fixo e varia de acordo com a situa\u00e7\u00e3o socioecon\u00f4mica de cada fam\u00edlia<\/strong>, al\u00e9m do tipo de aux\u00edlio recebido, que pode ser Aux\u00edlio Moradia Emergencial, ou Aux\u00edlio Moradia Provis\u00f3rio.<\/p>\n\n\n\n<p>No caso do Aux\u00edlio Moradia Emergencial, o valor corresponde ao aluguel que \u00e9 praticado na regi\u00e3o em que a fam\u00edlia mora, mas com um teto de R$ 1.500.<\/p>\n\n\n\n<p>No nosso exemplo da Dona Maria, vamos imaginar que a m\u00e9dia dos alugueis de S\u00e3o Sebasti\u00e3o foi de R$ 1 mil, esse ser\u00e1 o valor que ela vai receber de Aux\u00edlio Moradia.<\/p>\n\n\n\n<h3 class=\"wp-block-heading\">Onde sacar o benef\u00edcio?<\/h3>\n\n\n\n<p><strong>Como o benef\u00edcio \u00e9 depositado em uma conta em nome do benefici\u00e1rio no Banco do Brasil, ele pode efetuar o saque em qualquer caixa eletr\u00f4nico do banco.<\/strong><\/p>\n\n\n\n<div class=\"cta-btn-block\">\n  <a class=\"cta-btn\" href=\"https:\/\/app.acordocerto.com.br\/login?utm_source=blog&amp;utm_medium=acordocerto&amp;utm_term=cta-post\" target=\"_blank\">Consulte seu CPF<\/a>\n<\/div>\n\n\n\n<p>Al\u00e9m disso, o saque tamb\u00e9m pode ser realizado por meio da fun\u00e7\u00e3o de d\u00e9bito em estabelecimentos comerciais credenciados. F\u00e1cil, n\u00e3o \u00e9 mesmo?<\/p>\n\n\n\n<h2 class=\"wp-block-heading\">Quais s\u00e3o os tipos de Aux\u00edlio Moradia?<\/h2>\n\n\n\n<p>Existem basicamente 2 tipos de aux\u00edlio moradia:<\/p>\n\n\n\n<ol class=\"wp-block-list\">\n<li><strong>AME &#8211; Aux\u00edlio Moradia Emergencial;<\/strong><\/li>\n\n\n\n<li><strong>AMP &#8211; Aux\u00edlio Moradia Provis\u00f3rio.<\/strong><\/li>\n<\/ol>\n\n\n\n<p><\/p>\n\n\n\n<h3 class=\"wp-block-heading\">Aux\u00edlio Moradia Emergencial<\/h3>\n\n\n\n<p>Esse benef\u00edcio tem por objetivo amparar fam\u00edlias em situa\u00e7\u00e3o de vulnerabilidade tempor\u00e1ria, v\u00edtimas de chuvas ou inunda\u00e7\u00f5es. Os principais crit\u00e9rios para ser eleg\u00edvel s\u00e3o:<\/p>\n\n\n\n<ol class=\"wp-block-list\">\n<li><strong>Renda familiar de at\u00e9 10 sal\u00e1rios m\u00ednimos;<\/strong><\/li>\n\n\n\n<li><strong>Resid\u00eancia afetada por chuvas e\/ou inunda\u00e7\u00f5es;<\/strong><\/li>\n\n\n\n<li><strong>Munic\u00edpio em estado de emerg\u00eancia ou calamidade p\u00fablica.<\/strong><\/li>\n<\/ol>\n\n\n\n<p><\/p>\n\n\n\n<p>O valor do benef\u00edcio corresponde ao aluguel m\u00e9dio da regi\u00e3o, com teto de R$ 1.500, conforme j\u00e1 antecipamos acima. O tempo de dura\u00e7\u00e3o pode ser de 3 meses prorrogado por mais 3 meses em casos excepcionais.<\/p>\n\n\n\n<h3 class=\"wp-block-heading\">Aux\u00edlio Moradia Provis\u00f3rio<\/h3>\n\n\n\n<p>Esse benef\u00edcio tem por objetivo auxiliar fam\u00edlias que precisam desocupar suas casas devido a interven\u00e7\u00f5es urbanas ou ambientais do Governo Estadual, chuvas e\/ou inunda\u00e7\u00f5es (com decreto de emerg\u00eancia ou calamidade).<\/p>\n\n\n\n<p>Dentre os crit\u00e9rios para ter acesso a ele s\u00e3o:<\/p>\n\n\n\n<ol class=\"wp-block-list\">\n<li><strong>Remo\u00e7\u00e3o involunt\u00e1ria da resid\u00eancia por a\u00e7\u00f5es do Governo Estadual ou por chuvas e\/ou inunda\u00e7\u00f5es;<\/strong><\/li>\n\n\n\n<li><strong>Renda familiar de at\u00e9 3 sal\u00e1rios m\u00ednimos;<\/strong><\/li>\n\n\n\n<li><strong>Outros crit\u00e9rios espec\u00edficos, como tipo de moradia e situa\u00e7\u00e3o de risco.<\/strong><\/li>\n<\/ol>\n\n\n\n<p><\/p>\n\n\n\n\n\n\n<p>O valor do benef\u00edcio varia de acordo com a renda familiar e o tipo de moradia que era ocupada, ou seja, se era casa pr\u00f3pria ou alugada.<\/p>\n\n\n\n<p>J\u00e1 a dura\u00e7\u00e3o do Aux\u00edlio Moradia Provis\u00f3rio \u00e9 maior, sendo de at\u00e9 12 meses, podendo ser prorrogado por at\u00e9 24 meses em casos excepcionais.<\/p>\n\n\n\n<ul class=\"wp-block-list\">\n<li>Leia tamb\u00e9m &#8211; <a href=\"https:\/\/www.acordocerto.com.br\/blog\/consultar-bolsa-familia-pelo-cpf\/\">Como Consultar Bolsa Fam\u00edlia pelo CPF ou NIS;<\/a><\/li>\n<\/ul>\n\n\n\n<p><\/p>\n\n\n\n<h2 class=\"wp-block-heading\">Quem tem direito ao Aux\u00edlio Moradia?<\/h2>\n\n\n\n<p><strong>Para cada programa acima mencionado, h\u00e1 um grupo de pessoas ou fam\u00edlias que podem ter direito a eles. Vamos explicar separadamente.<\/strong><\/p>\n\n\n\n<h3 class=\"wp-block-heading\">AME &#8211; Aux\u00edlio Moradia Emergencial<\/h3>\n\n\n\n<p>Esse benef\u00edcio \u00e9 voltado para fam\u00edlias de baixa renda que foram v\u00edtimas de chuvas ou enchentes, ou que est\u00e3o em im\u00f3veis com situa\u00e7\u00e3o de risco, como por exemplo, locais que podem sofrer alagamento.<\/p>\n\n\n\n<div class=\"cta-btn-block\">\n  <a class=\"cta-btn\" href=\"https:\/\/app.acordocerto.com.br\/login?utm_source=blog&amp;utm_medium=acordocerto&amp;utm_term=cta-post\" target=\"_blank\">Consulte seu CPF<\/a>\n<\/div>\n\n\n\n<p>De modo geral, o munic\u00edpio tem que decretar estado de emerg\u00eancia ou calamidade p\u00fablica e a renda familiar n\u00e3o pode ser superior a 10 sal\u00e1rios m\u00ednimos.<\/p>\n\n\n\n<h3 class=\"wp-block-heading\">AMP &#8211; Aux\u00edlio Moradia Provis\u00f3rio<\/h3>\n\n\n\n<p>O Aux\u00edlio Moradia Provis\u00f3rio \u00e9 destinado \u00e0s fam\u00edlias que tenham que desocupar sua resid\u00eancia, por conta de a\u00e7\u00f5es de remo\u00e7\u00e3o ou reassentamento feito pelo Governo do Estado de S\u00e3o Paulo. Isso engloba programas voltados a:<\/p>\n\n\n\n<ol class=\"wp-block-list\">\n<li>Urbaniza\u00e7\u00e3o de favelas e assentamento prec\u00e1rios;<\/li>\n\n\n\n<li>Recupera\u00e7\u00e3o ambiental da \u00e1rea;<\/li>\n\n\n\n<li>Erradica\u00e7\u00e3o de situa\u00e7\u00e3o de risco envolvendo inunda\u00e7\u00e3o, desmoronamento e outros;<\/li>\n\n\n\n<li>Execu\u00e7\u00e3o de obras p\u00fablicas;<\/li>\n\n\n\n<li>Regulariza\u00e7\u00e3o de assentamentos.<\/li>\n<\/ol>\n\n\n\n<p><\/p>\n\n\n\n<p>Ele tamb\u00e9m pode ser acionado em decorr\u00eancia de moradias que foram incendiadas, tiveram contamina\u00e7\u00e3o do solo, ou qualquer outra causa.&nbsp;<\/p>\n\n\n\n<p>Vale destacar que para ter acesso ao benef\u00edcio a fam\u00edlia n\u00e3o pode ter renda superior a 3 sal\u00e1rios m\u00ednimos. O prazo do benef\u00edcio vai de 12 a 24 meses.<\/p>\n\n\n\n<h2 class=\"wp-block-heading\">Quais os crit\u00e9rios de elegibilidade do Programa?<\/h2>\n\n\n\n<p>Primeiramente<strong>, a fam\u00edlia precisa ter sido v\u00edtima de emerg\u00eancia ou calamidade que foi atestada pela Defesa Civil do Munic\u00edpio, <\/strong>comprovando que residia no im\u00f3vel atingido.<\/p>\n\n\n\n<p>Al\u00e9m disso,<strong> o benefici\u00e1rio n\u00e3o pode ter nenhum outro im\u00f3vel <\/strong>em qualquer outra parte do territ\u00f3rio nacional, o mesmo valendo para c\u00f4njuge e filho. Isso inclui, inclusive, terrenos.<\/p>\n\n\n\n<div class=\"cta-btn-block\">\n  <a class=\"cta-btn\" href=\"https:\/\/app.acordocerto.com.br\/login?utm_source=blog&amp;utm_medium=acordocerto&amp;utm_term=cta-post\" target=\"_blank\">Consulte seu CPF<\/a>\n<\/div>\n\n\n\n<p>Tamb\u00e9m n\u00e3o pode o benefici\u00e1rio ter tido atendimento em Programas Habitacionais da CDHU ou de outros agentes promotores de habita\u00e7\u00e3o de interesse social.<\/p>\n\n\n\n<h2 class=\"wp-block-heading\">Aux\u00edlio Moradia: o cadastro precisa ser feito?<\/h2>\n\n\n\n<p>Por se tratar de situa\u00e7\u00e3o decorrente de calamidade, <strong>n\u00e3o \u00e9 preciso fazer nenhum tipo de cadastro. <\/strong>Automaticamente a fam\u00edlia que se enquadra nas situa\u00e7\u00f5es descritas j\u00e1 s\u00e3o consideradas eleg\u00edveis.<\/p>\n\n\n\n<p>Ent\u00e3o, no nosso exemplo da Dona Maria, assim que ela foi desapropriada do seu im\u00f3vel por conta do desmoronamento, automaticamente j\u00e1 se tornou eleg\u00edvel para o Aux\u00edlio Moradia.<\/p>\n\n\n\n<p>Veja tamb\u00e9m:<\/p>\n\n\n\n<ol class=\"wp-block-list\">\n<li><a href=\"https:\/\/www.acordocerto.com.br\/blog\/aluguel-sem-fiador\/\">Aluguel sem fiador: tem como fazer? Como funciona?<\/a><\/li>\n\n\n\n<li><a href=\"https:\/\/www.acordocerto.com.br\/blog\/calculo-reajuste-aluguel\/\">C\u00e1lculo Reajuste de Aluguel: Passo a passo completo<\/a><\/li>\n\n\n\n<li><a href=\"https:\/\/www.acordocerto.com.br\/blog\/caucao-aluguel\/\">Cau\u00e7\u00e3o Aluguel: O que \u00e9, como funciona e quando usar<\/a><\/li>\n\n\n\n<li><a href=\"https:\/\/www.acordocerto.com.br\/blog\/seguro-fianca-como-funciona\/\">Seguro Fian\u00e7a: como funciona, o que \u00e9 e quando optar?<\/a><\/li>\n<\/ol>\n\n\n\n<p><\/p>\n\n\n\n<h2 class=\"wp-block-heading\">Quais os requisitos para se enquadrar no Aux\u00edlio Moradia?<\/h2>\n\n\n\n<p>Para ambos os tipos de aux\u00edlio os principais requisitos s\u00e3o:<\/p>\n\n\n\n<ol class=\"wp-block-list\">\n<li><strong>Comprovar resid\u00eancia no Estado de S\u00e3o Paulo h\u00e1 pelo menos 3 anos para o AME;<\/strong><\/li>\n\n\n\n<li><strong>Comprovar resid\u00eancia no munic\u00edpio afetado por pelo menos 1 ano para o AMP.<\/strong><\/li>\n<\/ol>\n\n\n\n<p><\/p>\n\n\n\n<p>Al\u00e9m disso, o benefici\u00e1rio n\u00e3o pode ser propriet\u00e1rio de outro im\u00f3vel, com exce\u00e7\u00e3o para im\u00f3veis em situa\u00e7\u00e3o prec\u00e1ria ou doados para programas habitacionais. O benefici\u00e1rio tamb\u00e9m precisa:<\/p>\n\n\n\n<ol class=\"wp-block-list\">\n<li>Estar em situa\u00e7\u00e3o de vulnerabilidade habitacional;<\/li>\n\n\n\n<li>Ter renda familiar de at\u00e9 3 sal\u00e1rios m\u00ednimos para o AMP;<\/li>\n\n\n\n<li>Ter renda familiar de at\u00e9 10 sal\u00e1rios m\u00ednimos para o AME;<\/li>\n\n\n\n<li>Resid\u00eancia em \u00e1rea de risco ou habita\u00e7\u00e3o prec\u00e1ria.<\/li>\n<\/ol>\n\n\n\n<p><\/p>\n\n\n\n<h2 class=\"wp-block-heading\">Quais os documentos necess\u00e1rios para o Aux\u00edlio Moradia?<\/h2>\n\n\n\n<p>Ainda que n\u00e3o seja necess\u00e1rio fazer nenhum tipo de &#8220;Auxilio Moradia cadastro&#8221;, \u00e9 preciso apresentar alguns documentos para ter acesso ao aux\u00edlio moradia, como:<\/p>\n\n\n\n<ol class=\"wp-block-list\">\n<li><strong>Documentos pessoais (RG, <a href=\"https:\/\/www.acordocerto.com.br\/blog\/cpf-o-que-e\/\" target=\"_blank\" rel=\"noreferrer noopener\">CPF<\/a>) de todos os membros da fam\u00edlia;<\/strong><\/li>\n\n\n\n<li><strong>Comprovante de renda de todos membros da fam\u00edlia maiores de 16 anos;<\/strong><\/li>\n\n\n\n<li><strong>Comprovante de resid\u00eancia em nome do titular do benef\u00edcio ou c\u00f4njuge;<\/strong><\/li>\n\n\n\n<li><strong>Certid\u00e3o de nascimento ou casamento dos filhos;<\/strong><\/li>\n\n\n\n<li><strong>Laudo t\u00e9cnico (quando necess\u00e1rio) para comprovar a situa\u00e7\u00e3o prec\u00e1ria da moradia;<\/strong><\/li>\n\n\n\n<li><strong>Outros documentos espec\u00edficos, de acordo com a situa\u00e7\u00e3o do solicitante.<\/strong><\/li>\n<\/ol>\n\n\n\n<p><\/p>\n\n\n\n<h2 class=\"wp-block-heading\">Quando o aux\u00edlio moradia pode ser suspenso?<\/h2>\n\n\n\n<p>H\u00e1 diversas situa\u00e7\u00f5es em que o aux\u00edlio moradia pode ser suspenso. Uma delas \u00e9 a falsifica\u00e7\u00e3o de informa\u00e7\u00f5es, ou seja, apresentar documentos falsos.<\/p>\n\n\n\n<div class=\"cta-btn-block\">\n  <a class=\"cta-btn\" href=\"https:\/\/app.acordocerto.com.br\/login?utm_source=blog&amp;utm_medium=acordocerto&amp;utm_term=cta-post\" target=\"_blank\">Consulte seu CPF<\/a>\n<\/div>\n\n\n\n<p>Al\u00e9m disso, o n\u00e3o cumprimento de algumas obriga\u00e7\u00f5es tamb\u00e9m pode resultar em suspens\u00e3o, como:<\/p>\n\n\n\n<ol class=\"wp-block-list\">\n<li><strong>N\u00e3o comparecer para recadastramento anual;<\/strong><\/li>\n\n\n\n<li><strong>N\u00e3o entregar comprovantes de renda e aluguel dentro do prazo;<\/strong><\/li>\n\n\n\n<li><strong>N\u00e3o atualizar dados cadastrais.<\/strong><\/li>\n\n\n\n<li><strong>Aus\u00eancia em vistorias domiciliares.<\/strong><\/li>\n<\/ol>\n\n\n\n<p><\/p>\n\n\n\n<p>Al\u00e9m disso, aumento na renda familiar acima do limite permitido, aquisi\u00e7\u00e3o de outro im\u00f3vel residencial e mudan\u00e7a para outro estado ou munic\u00edpio tamb\u00e9m pode gerar suspens\u00e3o do benef\u00edcio em quest\u00e3o.<\/p>\n\n\n\n<p>Viola\u00e7\u00e3o de regras tamb\u00e9m pode causar a suspens\u00e3o, como:<\/p>\n\n\n\n<ol class=\"wp-block-list\">\n<li>Uso do aux\u00edlio para fins n\u00e3o residenciais (ex: pagamento de d\u00edvidas);<\/li>\n\n\n\n<li>Subloca\u00e7\u00e3o do im\u00f3vel;<\/li>\n\n\n\n<li>Abandono do im\u00f3vel;<\/li>\n\n\n\n<li>Recusa em participar de programas de regulariza\u00e7\u00e3o fundi\u00e1ria e habitacional.<\/li>\n<\/ol>\n\n\n\n<p><\/p>\n\n\n\n<p>Leia mais &#8211; <a href=\"https:\/\/www.acordocerto.com.br\/blog\/beneficios-para-mulheres\/\">13 Benef\u00edcios para Mulheres que voc\u00ea deve conhecer.<\/a><\/p>\n\n\n\n<h3 class=\"wp-block-heading\">Meu pagamento foi suspenso, como proceder?<\/h3>\n\n\n\n<p><strong>O primeiro passo \u00e9 procurar a CDHU para entender a situa\u00e7\u00e3o que provocou a suspens\u00e3o, e ent\u00e3o comprovar a regulariza\u00e7\u00e3o. <\/strong>Feito isso, em no m\u00e1ximo 3 meses o Aux\u00edlio Moradia Provis\u00f3rio ser\u00e1 restabelecido.<\/p>\n\n\n\n<div class=\"cta-btn-block\">\n  <a class=\"cta-btn\" href=\"https:\/\/app.acordocerto.com.br\/login?utm_source=blog&amp;utm_medium=acordocerto&amp;utm_term=cta-post\" target=\"_blank\">Consulte seu CPF<\/a>\n<\/div>\n\n\n\n<p>No entanto, se em 3 meses n\u00e3o for regularizada a situa\u00e7\u00e3o que provocou a suspens\u00e3o do benef\u00edcio, o Aux\u00edlio Moradia ser\u00e1 cancelado, assim como o compromisso do atendimento habitacional definitivo.<\/p>\n\n\n\n<h2 class=\"wp-block-heading\">A import\u00e2ncia de atualizar o cadastro do Aux\u00edlio Moradia<\/h2>\n\n\n\n<p><strong>Para evitar a suspens\u00e3o do benef\u00edcio, \u00e9 crucial atualizar o cadastro do Aux\u00edlio Moradia com frequ\u00eancia, uma vez que essa atualiza\u00e7\u00e3o evita problemas.<\/strong><\/p>\n\n\n\n<p>Al\u00e9m de evitar a suspens\u00e3o, a atualiza\u00e7\u00e3o cadastral tamb\u00e9m oferece um panorama sobre sua situa\u00e7\u00e3o atual, podendo ter a prorroga\u00e7\u00e3o do pr\u00f3prio benef\u00edcio.<\/p>\n\n\n\n<h2 class=\"wp-block-heading\">Conclus\u00e3o<\/h2>\n\n\n\n<p><strong>Como podemos ver ao longo deste artigo, o Aux\u00edlio Moradia \u00e9 um benef\u00edcio importante criado pelo Governo do Estado de S\u00e3o Paulo para ajudar as fam\u00edlias que est\u00e3o passando por uma situa\u00e7\u00e3o de vulnerabilidade.<\/strong><\/p>\n\n\n\n<p>Esse benef\u00edcio ajuda quem perdeu tudo em uma enchente, ou teve sua casa desapropriada por quest\u00f5es de reurbaniza\u00e7\u00e3o ou outros motivos de for\u00e7a maior.<\/p>\n\n\n\n<p>Vale dizer, contudo, que \u00e9 preciso sempre <a href=\"https:\/\/www.acordocerto.com.br\/consultar-o-cpf\">consultar o seu CPF na Acordo Certo<\/a> para evitar que entrem restri\u00e7\u00f5es no seu nome que possam prejudicar o acesso ao benef\u00edcio.<\/p>\n\n\n\n<p>Al\u00e9m do mais, essa \u00e9 uma forma de acompanhar o seu score de cr\u00e9dito e aproveitar algum acordo para limpar o seu nome, caso j\u00e1 tenha alguma restri\u00e7\u00e3o.<\/p>\n\n\n\n<p>Agora que voc\u00ea j\u00e1 sabe como funciona o <strong>aux\u00edlio moradia<\/strong>, pode dar entrada nele se for eleg\u00edvel. E se gostou deste artigo, visite o <a href=\"https:\/\/www.acordocerto.com.br\/blog\/\">blog da Acordo Certo<\/a> para ler outras mat\u00e9rias como essa. E at\u00e9 a pr\u00f3xima! \ud83d\udc4b<\/p>\n\n\n<ul class=\"wp-block-latest-posts__list wp-block-latest-posts\"><li><a class=\"wp-block-latest-posts__post-title\" href=\"https:\/\/www.acordocerto.com.br\/blog\/agiotagem-e-crime\/\">Agiotagem \u00e9 crime? O que acontece se eu denunciar? Tudo o que voc\u00ea precisa saber!<\/a><\/li>\n<li><a class=\"wp-block-latest-posts__post-title\" href=\"https:\/\/www.acordocerto.com.br\/blog\/emprestimo-com-agiota\/\">Vale a pena tomar um empr\u00e9stimo com agiota? Descubra os pr\u00f3s e contras!<\/a><\/li>\n<li><a class=\"wp-block-latest-posts__post-title\" href=\"https:\/\/www.acordocerto.com.br\/blog\/consulta-de-cpf-e-emprestimo\/\">Consulta de CPF e empr\u00e9stimo: qual \u00e9 a rela\u00e7\u00e3o?<\/a><\/li>\n<li><a class=\"wp-block-latest-posts__post-title\" href=\"https:\/\/www.acordocerto.com.br\/blog\/portabilidade-de-consignado\/\">Portabilidade de consignado: como funciona<\/a><\/li>\n<\/ul>\n\n\n<h3 class=\"wp-block-heading\"><strong>FAQ: Perguntas frequentes<\/strong><\/h3>\n\n\n<div id=\"rank-math-faq\" class=\"rank-math-block\">\n<div class=\"rank-math-list \">\n<div id=\"faq-question-1680723276120\" class=\"rank-math-list-item\">\n<h3 class=\"rank-math-question \">Como fa\u00e7o para conseguir o aux\u00edlio moradia?<\/h3>\n<div class=\"rank-math-answer \">\n\n<p>A solicita\u00e7\u00e3o pode ser feita tanto online quanto presencialmente, sendo necess\u00e1rio apresentar alguns documentos como CPF, RG, comprovante de renda, de resid\u00eancia e uma declara\u00e7\u00e3o que ateste a necessidade do benef\u00edcio.<\/p>\n\n<\/div>\n<\/div>\n<div id=\"faq-question-1680723279284\" class=\"rank-math-list-item\">\n<h3 class=\"rank-math-question \">Quanto tempo dura o aux\u00edlio moradia?<\/h3>\n<div class=\"rank-math-answer \">\n\n<p>O tempo varia de acordo com o tipo de benef\u00edcio, no caso do Aux\u00edlio Moradia Emergencial, ele pode ir de 3 a 6 meses, j\u00e1 o Aux\u00edlio Moradia Provis\u00f3rio tem um prazo de 12 meses que pode ser estendido por mais 12 meses dependendo da situa\u00e7\u00e3o.<\/p>\n\n<\/div>\n<\/div>\n<\/div>\n<\/div>\n\n\n<h3 class=\"wp-block-heading\"><strong>Web Stories<\/strong><\/h3>\n\n\n\t\t<div class=\"web-stories-list alignnone has-archive-link is-view-type-carousel is-style-default is-carousel\" data-id=\"1\">\n\t\t\t<div\n\t\t\tclass=\"web-stories-list__inner-wrapper carousel-1\"\n\t\t\tstyle=\"--ws-story-max-width:185px\"\n\t\t\t>\n\t\t\t\t\t\t<div class=\"web-stories-list__archive-link\">\n\t\t\t<a href=\"https:\/\/www.acordocerto.com.br\/blog\/web-stories\/\">\n\t\t\t\tVisualizando todos Stories\t\t\t<\/a>\n\t\t<\/div>\n\t\t\t\t\t\t\t<div\n\t\t\t\t\tclass=\"web-stories-list__carousel carousel\"\n\t\t\t\t\tdata-id=\"carousel-1\"\n\t\t\t\t\tdata-prev=\"Voltar\"\n\t\t\t\t\tdata-next=\"Avan\u00e7ar\"\n\t\t\t\t\t>\n\t\t\t\t\t\t\t\t\t<div\n\t\t\t\tclass=\"web-stories-list__story\"\n\t\t\t\tdata-wp-interactive=\"web-stories-block\"\n\t\t\t\tdata-wp-context='{\"instanceId\":1}'\t\t\t\tdata-wp-on--click=\"actions.open\"\n\t\t\t\tdata-wp-on-window--popstate=\"actions.onPopstate\"\n\t\t\t\t>\n\t\t\t\t\t\t\t<div class=\"web-stories-list__story-poster\">\n\t\t\t\t<a href=\"https:\/\/www.acordocerto.com.br\/blog\/web-stories\/minha-casa-minha-vida-quem-pode-participar\/\">\n\t\t\t\t\t<img\n\t\t\t\t\t\tsrc=\"https:\/\/www.acordocerto.com.br\/blog\/wp-content\/uploads\/2022\/10\/cropped-Blog_programa_minha_casa_minha_vida.png\"\n\t\t\t\t\t\talt=\"A retomada do Minha Casa Minha Vida. Veja quem pode participar!\"\n\t\t\t\t\t\twidth=\"185\"\n\t\t\t\t\t\theight=\"308\"\n\t\t\t\t\t\t\t\t\t\t\t\t\tsrcset=\"https:\/\/www.acordocerto.com.br\/blog\/wp-content\/uploads\/2022\/10\/cropped-Blog_programa_minha_casa_minha_vida.png 640w, https:\/\/www.acordocerto.com.br\/blog\/wp-content\/uploads\/2022\/10\/cropped-Blog_programa_minha_casa_minha_vida-150x200.png 150w\"\n\t\t\t\t\t\t\t\t\t\t\t\t\t\t\t\t\t\t\tsizes=\"auto, (max-width: 640px) 100vw, 640px\"\n\t\t\t\t\t\t\t\t\t\t\t\tloading=\"lazy\"\n\t\t\t\t\t\tdecoding=\"async\"\n\t\t\t\t\t>\n\t\t\t\t<\/a>\n\t\t\t<\/div>\n\t\t\t\t\t<div class=\"web-stories-list__story-content-overlay\">\n\t\t\t\t\t\t\t<div class=\"story-content-overlay__title\">\n\t\t\t\t\tA retomada do Minha Casa Minha Vida. Veja quem pode participar!\t\t\t\t<\/div>\n\t\t\t\n\t\t\t\n\t\t\t\n\t\t\t\t\t<\/div>\n\t\t\t\t\t<\/div>\n\t\t\t\t\t\t<div\n\t\t\t\tclass=\"web-stories-list__story\"\n\t\t\t\tdata-wp-interactive=\"web-stories-block\"\n\t\t\t\tdata-wp-context='{\"instanceId\":1}'\t\t\t\tdata-wp-on--click=\"actions.open\"\n\t\t\t\tdata-wp-on-window--popstate=\"actions.onPopstate\"\n\t\t\t\t>\n\t\t\t\t\t\t\t<div class=\"web-stories-list__story-poster\">\n\t\t\t\t<a href=\"https:\/\/www.acordocerto.com.br\/blog\/web-stories\/reajuste-de-aluguel\/\">\n\t\t\t\t\t<img\n\t\t\t\t\t\tsrc=\"https:\/\/www.acordocerto.com.br\/blog\/wp-content\/uploads\/2023\/01\/cropped-Calculo_reajuste_aluguel.png\"\n\t\t\t\t\t\talt=\"5% Mais Caro em 2023! Aprenda calcular o reajuste aluguel!\"\n\t\t\t\t\t\twidth=\"185\"\n\t\t\t\t\t\theight=\"308\"\n\t\t\t\t\t\t\t\t\t\t\t\t\tsrcset=\"https:\/\/www.acordocerto.com.br\/blog\/wp-content\/uploads\/2023\/01\/cropped-Calculo_reajuste_aluguel.png 640w, https:\/\/www.acordocerto.com.br\/blog\/wp-content\/uploads\/2023\/01\/cropped-Calculo_reajuste_aluguel-150x200.png 150w, https:\/\/www.acordocerto.com.br\/blog\/wp-content\/uploads\/2023\/01\/cropped-Calculo_reajuste_aluguel-225x300.png 225w\"\n\t\t\t\t\t\t\t\t\t\t\t\t\t\t\t\t\t\t\tsizes=\"auto, (max-width: 640px) 100vw, 640px\"\n\t\t\t\t\t\t\t\t\t\t\t\tloading=\"lazy\"\n\t\t\t\t\t\tdecoding=\"async\"\n\t\t\t\t\t>\n\t\t\t\t<\/a>\n\t\t\t<\/div>\n\t\t\t\t\t<div class=\"web-stories-list__story-content-overlay\">\n\t\t\t\t\t\t\t<div class=\"story-content-overlay__title\">\n\t\t\t\t\t5% Mais Caro em 2023! Aprenda calcular o reajuste aluguel!\t\t\t\t<\/div>\n\t\t\t\n\t\t\t\n\t\t\t\n\t\t\t\t\t<\/div>\n\t\t\t\t\t<\/div>\n\t\t\t\t\t\t<div\n\t\t\t\tclass=\"web-stories-list__story\"\n\t\t\t\tdata-wp-interactive=\"web-stories-block\"\n\t\t\t\tdata-wp-context='{\"instanceId\":1}'\t\t\t\tdata-wp-on--click=\"actions.open\"\n\t\t\t\tdata-wp-on-window--popstate=\"actions.onPopstate\"\n\t\t\t\t>\n\t\t\t\t\t\t\t<div class=\"web-stories-list__story-poster\">\n\t\t\t\t<a href=\"https:\/\/www.acordocerto.com.br\/blog\/web-stories\/10-cidades-com-alugueis-mais-caros-do-mundo\/\">\n\t\t\t\t\t<img\n\t\t\t\t\t\tsrc=\"https:\/\/www.acordocerto.com.br\/blog\/wp-content\/uploads\/2024\/01\/cropped-robert-bye-WTPp4wgourk-unsplash-scaled-1.jpg\"\n\t\t\t\t\t\talt=\"As 10 cidades com alugu\u00e9is mais caros do mundo\"\n\t\t\t\t\t\twidth=\"185\"\n\t\t\t\t\t\theight=\"308\"\n\t\t\t\t\t\t\t\t\t\t\t\t\tsrcset=\"https:\/\/www.acordocerto.com.br\/blog\/wp-content\/uploads\/2024\/01\/cropped-robert-bye-WTPp4wgourk-unsplash-scaled-1.jpg 640w, https:\/\/www.acordocerto.com.br\/blog\/wp-content\/uploads\/2024\/01\/cropped-robert-bye-WTPp4wgourk-unsplash-scaled-1-150x200.jpg 150w\"\n\t\t\t\t\t\t\t\t\t\t\t\t\t\t\t\t\t\t\tsizes=\"auto, (max-width: 640px) 100vw, 640px\"\n\t\t\t\t\t\t\t\t\t\t\t\tloading=\"lazy\"\n\t\t\t\t\t\tdecoding=\"async\"\n\t\t\t\t\t>\n\t\t\t\t<\/a>\n\t\t\t<\/div>\n\t\t\t\t\t<div class=\"web-stories-list__story-content-overlay\">\n\t\t\t\t\t\t\t<div class=\"story-content-overlay__title\">\n\t\t\t\t\tAs 10 cidades com alugu\u00e9is mais caros do mundo\t\t\t\t<\/div>\n\t\t\t\n\t\t\t\n\t\t\t\n\t\t\t\t\t<\/div>\n\t\t\t\t\t<\/div>\n\t\t\t\t\t\t\t\t<\/div>\n\t\t\t\t\t<div tabindex=\"0\" aria-label=\"Voltar\" class=\"glider-prev\"><\/div>\n\t\t\t\t\t<div tabindex=\"0\" aria-label=\"Avan\u00e7ar\" class=\"glider-next\"><\/div>\n\t\t\t\t\t\t\t\t<\/div>\n\t\t<\/div>\n\t\t<div style='text-align:center' class='yasr-auto-insert-visitor'><\/div>","protected":false},"excerpt":{"rendered":"<p>O aux\u00edlio moradia \u00e9 um benef\u00edcio do Governo do Estado de S\u00e3o Paulo para fam\u00edlias em situa\u00e7\u00e3o de vulnerabilidade. Saiba como ele funciona!<\/p>\n","protected":false},"author":2,"featured_media":17373,"comment_status":"open","ping_status":"open","sticky":false,"template":"","format":"standard","meta":{"_acf_changed":false,"inline_featured_image":false,"yasr_overall_rating":0,"yasr_post_is_review":"","yasr_auto_insert_disabled":"","yasr_review_type":"","footnotes":""},"categories":[33],"tags":[627,156],"class_list":["post-17372","post","type-post","status-publish","format-standard","has-post-thumbnail","hentry","category-direitos-e-beneficios","tag-auxilio-do-governo","tag-beneficios"],"acf":[],"yasr_visitor_votes":{"stars_attributes":{"read_only":false,"span_bottom":false},"number_of_votes":12,"sum_votes":48},"_links":{"self":[{"href":"https:\/\/www.acordocerto.com.br\/blog\/wp-json\/wp\/v2\/posts\/17372","targetHints":{"allow":["GET"]}}],"collection":[{"href":"https:\/\/www.acordocerto.com.br\/blog\/wp-json\/wp\/v2\/posts"}],"about":[{"href":"https:\/\/www.acordocerto.com.br\/blog\/wp-json\/wp\/v2\/types\/post"}],"author":[{"embeddable":true,"href":"https:\/\/www.acordocerto.com.br\/blog\/wp-json\/wp\/v2\/users\/2"}],"replies":[{"embeddable":true,"href":"https:\/\/www.acordocerto.com.br\/blog\/wp-json\/wp\/v2\/comments?post=17372"}],"version-history":[{"count":1,"href":"https:\/\/www.acordocerto.com.br\/blog\/wp-json\/wp\/v2\/posts\/17372\/revisions"}],"predecessor-version":[{"id":17374,"href":"https:\/\/www.acordocerto.com.br\/blog\/wp-json\/wp\/v2\/posts\/17372\/revisions\/17374"}],"wp:featuredmedia":[{"embeddable":true,"href":"https:\/\/www.acordocerto.com.br\/blog\/wp-json\/wp\/v2\/media\/17373"}],"wp:attachment":[{"href":"https:\/\/www.acordocerto.com.br\/blog\/wp-json\/wp\/v2\/media?parent=17372"}],"wp:term":[{"taxonomy":"category","embeddable":true,"href":"https:\/\/www.acordocerto.com.br\/blog\/wp-json\/wp\/v2\/categories?post=17372"},{"taxonomy":"post_tag","embeddable":true,"href":"https:\/\/www.acordocerto.com.br\/blog\/wp-json\/wp\/v2\/tags?post=17372"}],"curies":[{"name":"wp","href":"https:\/\/api.w.org\/{rel}","templated":true}]}}