{"id":17552,"date":"2024-05-29T08:03:00","date_gmt":"2024-05-29T11:03:00","guid":{"rendered":"https:\/\/www.acordocerto.com.br\/?p=17552"},"modified":"2024-05-23T17:09:09","modified_gmt":"2024-05-23T20:09:09","slug":"auxilio-emergencial-gaucho","status":"publish","type":"post","link":"https:\/\/www.acordocerto.com.br\/blog\/auxilio-emergencial-gaucho\/","title":{"rendered":"Aux\u00edlio Emergencial Ga\u00facho 2024: Tudo sobre o benef\u00edcio!"},"content":{"rendered":"\n<p>Diante das enchentes que est\u00e3o afetando a vida de milhares de pessoas no Rio Grande do Sul em maio de 2024, ganha for\u00e7a o <strong>aux\u00edlio emergencial ga\u00facho<\/strong> que foi institu\u00eddo no estado durante a pandemia de Covid-19.<\/p>\n\n\n\n<p>Este benef\u00edcio foi criado para ajudar pessoas em situa\u00e7\u00e3o de vulnerabilidade, oferecendo um al\u00edvio financeiro em meio a crises econ\u00f4mica e sanit\u00e1ria que se alastraram nesse per\u00edodo.<\/p>\n\n\n\n<p>Agora, diante das enchentes que devastaram o estado em 2024, novas medidas financeiras est\u00e3o sendo criadas pelo governo federal em parceria com o governo estadual para ajudar as fam\u00edlias que perderam tudo na enchente.<\/p>\n\n\n\n<p>Neste artigo vamos explicar o que \u00e9 o aux\u00edlio emergencial RS, para quem ser\u00e1 destinado os recursos e quais as formas de solicit\u00e1-lo. Fique mais 3 minutinhos por aqui e confira!\ud83d\ude09<\/p>\n\n\n\n\n\n<h2 class=\"wp-block-heading\">Aux\u00edlio emergencial: o que \u00e9, como funciona e quando \u00e9 disponibilizado?<\/h2>\n\n\n\n<p><strong>O aux\u00edlio emergencial \u00e9 um benef\u00edcio concedido pelo governo a fim de ajudar a popula\u00e7\u00e3o em situa\u00e7\u00f5es de vulnerabilidade. Ele foi disponibilizado de uma forma mais ampla durante a pandemia de Covid-19.<\/strong><\/p>\n\n\n\n<p>No entanto, diante das enchentes que arrastaram cidades no Rio Grande do Sul em 2024, tanto o Governo Federal quanto o Governo Estadual est\u00e3o anunciando medidas para ajudar as fam\u00edlias que foram v\u00edtimas e est\u00e3o desabrigadas.<\/p>\n\n\n\n<p>Nesse sentido, o governo ga\u00facho anunciou um aux\u00edlio emergencial no valor de R$ 2 mil que ser\u00e1 disponibilizado para 45 mil fam\u00edlias que foram afetadas pelas fortes chuvas.<\/p>\n\n\n\n<p>O valor ter\u00e1 como prop\u00f3sito ajudar essas fam\u00edlias a reconstru\u00edrem suas vidas. Vale destacar que R$ 93 milh\u00f5es desse valor arrecadado vieram da sociedade civil.<\/p>\n\n\n\n<p>Ter\u00e3o acesso ao benef\u00edcio, al\u00e9m das fam\u00edlias afetadas, pessoas residentes no Estado que estejam inscritas no Cadastro \u00danico para Programas Sociais (Cad\u00danico).<\/p>\n\n\n\n<h3 class=\"wp-block-heading\">Crit\u00e9rio de distribui\u00e7\u00e3o<\/h3>\n\n\n\n<p><strong>O crit\u00e9rio de distribui\u00e7\u00e3o ainda n\u00e3o est\u00e1 claramente definido, mas come\u00e7ar\u00e1 pelas \u00e1reas mais afetadas que j\u00e1 tenham condi\u00e7\u00f5es de come\u00e7ar o processo de recupera\u00e7\u00e3o e reconstru\u00e7\u00e3o.<\/strong><\/p>\n\n\n\n<p>Vale destacar que para ser contemplada, a fam\u00edlia n\u00e3o pode ter renda superior a tr\u00eas sal\u00e1rios-m\u00ednimos e nem ser benefici\u00e1ria do programa Volta Por Cima que destina R$ 2,5 mil para fam\u00edlias em situa\u00e7\u00e3o de pobreza ou extrema pobreza.<\/p>\n\n\n\n<div class=\"cta-btn-block\">\n  <a class=\"cta-btn\"\n     href=\"https:\/\/app.acordocerto.com.br\/login?utm_source=blog&amp;utm_medium=acordocerto&amp;utm_term=cta-post\"\n          target=\"_blank\">Conhe\u00e7a op\u00e7\u00f5es de cr\u00e9dito<\/a>\n<\/div>\n\n\n\n<p>Uma vez aprovado, o aux\u00edlio ser\u00e1 creditado em um cart\u00e3o pr\u00e9-pago, emitido pela Caixa Econ\u00f4mica Federal em nome da pessoa que \u00e9 respons\u00e1vel pela fam\u00edlia.<\/p>\n\n\n\n<p>O saque poder\u00e1 ser realizado nas ag\u00eancias da Caixa ou em pontos de atendimento, al\u00e9m de ser usado para pagamentos em lojas por meio da fun\u00e7\u00e3o d\u00e9bito.<\/p>\n\n\n\n<p>Est\u00e1 gostando deste artigo? Ent\u00e3o leia tamb\u00e9m:<\/p>\n\n\n\n<ul class=\"wp-block-list\">\n<li><a href=\"https:\/\/www.acordocerto.com.br\/blog\/saque-fgts-quem-pode-fazer\/\">Saque FGTS: Quem pode? Conhe\u00e7a regras;<\/a><\/li>\n\n\n\n<li><a href=\"https:\/\/www.acordocerto.com.br\/blog\/auxilio-emergencial-quem-tem-direito\/\">Aux\u00edlio emergencial 2021: Quem Tem Direito?;<\/a><\/li>\n\n\n\n<li><a href=\"https:\/\/www.acordocerto.com.br\/blog\/saque-aniversario-fgts\/\">Saque Anivers\u00e1rio FGTS 2024: Como Sacar?<\/a><\/li>\n<\/ul>\n\n\n\n<p><\/p>\n\n\n\n<h2 class=\"wp-block-heading\">Aux\u00edlio Emergencial Ga\u00facho: tudo o que voc\u00ea precisa saber<\/h2>\n\n\n\n<p><strong>Conforme dissemos, o aux\u00edlio emergencial rs \u00e9 um benef\u00edcio que est\u00e1 sendo preparado pelo governo do estado do Rio Grande do Sul para ajudar as fam\u00edlias em estado de vulnerabilidade, ou seja, que est\u00e3o desabrigadas.<\/strong><\/p>\n\n\n\n<p>Abaixo vamos explicar um pouco mais especificamente o que \u00e9 esse benef\u00edcio, como vai funcionar e qual ser\u00e1 o seu valor.<\/p>\n\n\n\n<h2 class=\"wp-block-heading\">O que \u00e9 o Aux\u00edlio Emergencial Ga\u00facho?<\/h2>\n\n\n\n<p><strong>O Aux\u00edlio Emergencial Ga\u00facho \u00e9 um benef\u00edcio que foi anunciado pelo Governo do Estado no dia 13 de maio de 2024 a fim de ajudar as fam\u00edlias que perderam casas e pertences durante as enchentes que assolaram o estado.<\/strong><\/p>\n\n\n\n<p>Em um primeiro momento, ter\u00e3o acesso a esse benef\u00edcio, as fam\u00edlias residentes em munic\u00edpios que foram afetados, mas que j\u00e1 se encontram em condi\u00e7\u00f5es de reconstru\u00e7\u00e3o.<\/p>\n\n\n\n<p>O Governo Federal tamb\u00e9m est\u00e1 preparando um pacote de medidas que deve incluir um aux\u00edlio no valor de R$ 5 mil para ajudar as fam\u00edlias na reconstru\u00e7\u00e3o de suas vidas.<\/p>\n\n\n\n<h2 class=\"wp-block-heading\">Como est\u00e1 funcionando o Aux\u00edlio Emergencial Ga\u00facho?<\/h2>\n\n\n\n<p><strong>At\u00e9 o momento, o que se sabe \u00e9 que para ter acesso ao benef\u00edcio \u00e9 preciso estar cadastrado no Cad\u00danico do Governo ou no Cadastro Nacional da Agricultura Familiar (CAF) e residir nas \u00e1reas afetadas.<\/strong><\/p>\n\n\n\n<p>A fam\u00edlia beneficiada tamb\u00e9m n\u00e3o pode ter renda superior a 3 sal\u00e1rios m\u00ednimos e nem estar recebendo benef\u00edcios do programa estadual Volta Por Cima que destina R$ 2,5 mil para fam\u00edlias em situa\u00e7\u00e3o de pobreza ou de extrema pobreza.<\/p>\n\n\n\n<ul class=\"wp-block-list\">\n<li>Leia mais &#8211; <a href=\"https:\/\/www.acordocerto.com.br\/blog\/bolsa-do-povo\/\">Bolsa do Povo: O que \u00e9? Quem tem direito?<\/a><\/li>\n<\/ul>\n\n\n\n<p><\/p>\n\n\n\n<h3 class=\"wp-block-heading\">Qual o valor do aux\u00edlio emergencial no RS?<\/h3>\n\n\n\n<p><strong>O valor que ser\u00e1 pago para as fam\u00edlias \u00e9 de R$ 2 mil, por\u00e9m, o governo n\u00e3o anunciou ainda se ser\u00e1 uma parcela \u00fanica, ou se os benefici\u00e1rios v\u00e3o receber mais de uma parcela.<\/strong><\/p>\n\n\n\n<p>Al\u00e9m disso, o governo federal tamb\u00e9m est\u00e1 elaborando um pacote de medidas, que contempla um aux\u00edlio emergencial no valor de R$ 5 mil que dever\u00e1 ser anunciado nos pr\u00f3ximos dias.<\/p>\n\n\n\n<h3 class=\"wp-block-heading\">Quando vai ser pago o aux\u00edlio ga\u00facho?<\/h3>\n\n\n\n<p><strong>Ainda n\u00e3o h\u00e1 uma data estipulada para o pagamento do benef\u00edcio. Entretanto, as fam\u00edlias que residem em locais que podem come\u00e7ar o processo de reconstru\u00e7\u00e3o j\u00e1 devem receber em breve esse benef\u00edcio.<\/strong><\/p>\n\n\n\n<p>Esse pagamento ser\u00e1 realizado por meio de um cart\u00e3o pr\u00e9-pago emitido pela Caixa Econ\u00f4mica Federal, em nome do respons\u00e1vel pela fam\u00edlia.<\/p>\n\n\n\n<p>Assim sendo, o valor poder\u00e1 ser sacado em ag\u00eancias ou pontos de atendimento da Caixa que ser\u00e1 utilizado para pagamentos em lojas atrav\u00e9s da fun\u00e7\u00e3o d\u00e9bito.<\/p>\n\n\n\n<h3 class=\"wp-block-heading\">Saque FGTS por calamidade p\u00fablica<\/h3>\n\n\n\n<p><strong>Outra a\u00e7\u00e3o que est\u00e1 sendo promovida \u00e9 por meio da Caixa Federal que permitir\u00e1 que os trabalhadores dos munic\u00edpios afetados realizem o saque do FGTS por calamidade p\u00fablica.<\/strong><\/p>\n\n\n\n<p>A ideia por tr\u00e1s dessa flexibiliza\u00e7\u00e3o \u00e9 fornecer suporte financeiro emergencial para quem mais precisa nesse momento. Inclusive, a Caixa vai mobilizar especialistas para apoiar os munic\u00edpios que foram afetados.<\/p>\n\n\n\n<p>Essa equipe tamb\u00e9m vai auxiliar os trabalhadores a acessar o saque do FGTS por calamidade, o que vai facilitar a obten\u00e7\u00e3o de recursos por quem precisa.<\/p>\n\n\n\n<h2 class=\"wp-block-heading\">Quem tem direito a receber o Aux\u00edlio Emergencial Ga\u00facho?<\/h2>\n\n\n\n<p><strong>At\u00e9 o momento, a \u00fanica informa\u00e7\u00e3o fornecida pelo governo do estado \u00e9 que ter\u00e3o direito \u00e0s fam\u00edlias que foram v\u00edtimas das enchentes e que estejam cadastradas no <\/strong><a href=\"https:\/\/blog.acordocerto.com.br\/news\/o-que-e-cadastro-unico\/\"><strong>Cad\u00danico<\/strong><\/a><strong> ou no CAF.<\/strong><\/p>\n\n\n\n<p>Al\u00e9m disso, para ser contemplada, a fam\u00edlia n\u00e3o pode ter renda superior a 3 sal\u00e1rios-m\u00ednimos e nem ser benefici\u00e1ria do programa Volta Por Cima.<\/p>\n\n\n\n<p>O governo tamb\u00e9m anunciou que em um primeiro momento come\u00e7ar\u00e3o a receber o benef\u00edcio as fam\u00edlias que moram em \u00e1reas afetadas que j\u00e1 tenham condi\u00e7\u00f5es de iniciar o processo de recupera\u00e7\u00e3o e reconstru\u00e7\u00e3o.<\/p>\n\n\n\n<h2 class=\"wp-block-heading\">Aux\u00edlio emergencial ga\u00facho: como se cadastrar<\/h2>\n\n\n\n<p>Conforme antecipamos, para receber o benef\u00edcio \u00e9 necess\u00e1rio estar cadastrado no Cad\u00danico ou no CAF. No entanto, esse \u00faltimo \u00e9 somente para quem faz parte da agricultura familiar. O cadastro no Cad\u00danico funciona da seguinte forma:<\/p>\n\n\n\n<ol class=\"wp-block-list\">\n<li><strong>Acesse o site ou app do governo e informe os dados necess\u00e1rios;<\/strong><\/li>\n\n\n\n<li><strong>Re\u00fana os documentos como RG, CPF, t\u00edtulo de eleitor, certid\u00e3o de nascimento, casamento ou comprovante de resid\u00eancia;<\/strong><\/li>\n\n\n\n<li><strong>V\u00e1 at\u00e9 um Posto de Atendimento e passe pela entrevista.<\/strong><\/li>\n<\/ol>\n\n\n\n<p><\/p>\n\n\n\n<p>Uma vez com o cadastro feito, voc\u00ea j\u00e1 se torna eleg\u00edvel para receber o benef\u00edcio. No entanto, o governo ainda n\u00e3o deu detalhes de quando come\u00e7ar\u00e1 os pagamentos.<\/p>\n\n\n\n<ul class=\"wp-block-list\">\n<li>Leia tamb\u00e9m &#8211; <a href=\"https:\/\/www.acordocerto.com.br\/blog\/o-que-e-inss\/\">O que \u00e9 INSS? Como Calcular Online?<\/a><\/li>\n<\/ul>\n\n\n\n<h2 class=\"wp-block-heading\">Aux\u00edlio emergencial Ga\u00facho: como saber se foi aprovado?<\/h2>\n\n\n\n<p><strong>O Governo ainda n\u00e3o disponibilizou uma plataforma para consultas e nem para cadastro, apenas determinou os crit\u00e9rios para poder receber o benef\u00edcio.<\/strong><\/p>\n\n\n\n<p>Dessa forma, mesmo que voc\u00ea atenda aos crit\u00e9rios, \u00e9 preciso aguardar mais informa\u00e7\u00f5es para saber como ser\u00e1 o cadastro e onde verificar se foi ou n\u00e3o aprovado para receber o aux\u00edlio emergencial rs.<\/p>\n\n\n\n<h2 class=\"wp-block-heading\">Consultar aux\u00edlio ga\u00facho pelo CPF<\/h2>\n\n\n\n<p><strong>A consulta ao aux\u00edlio emergencial ga\u00facho ser\u00e1 feita em um site ou app disponibilizado pelo governo. No entanto, nesse momento ainda n\u00e3o foi informado qual ser\u00e1 o canal para realizar essa busca.<\/strong><\/p>\n\n\n\n<p>Dessa maneira, o ideal para quem vai precisar do benef\u00edcio \u00e9 fazer ou atualizar os dados no Cad\u00danico e aguardar at\u00e9 que novas instru\u00e7\u00f5es sejam divulgadas.<\/p>\n\n\n\n<h2 class=\"wp-block-heading\">Lista de benefici\u00e1rios aux\u00edlio emergencial RS<\/h2>\n\n\n\n<p><strong>Por se tratar de um benef\u00edcio que ser\u00e1 disponibilizado gradualmente, de acordo com os munic\u00edpios que j\u00e1 t\u00eam condi\u00e7\u00e3o de reconstru\u00e7\u00e3o, o governo dever\u00e1 divulgar uma lista dos benefici\u00e1rios.<\/strong><\/p>\n\n\n\n<p>No entanto, ainda n\u00e3o foi dito quando e nem como essa lista ser\u00e1 divulgada. Portanto, \u00e9 necess\u00e1rio aguardar mais informa\u00e7\u00f5es do governo.<\/p>\n\n\n\n<h2 class=\"wp-block-heading\">Aux\u00edlio emergencial ga\u00facho para MEI existe?<\/h2>\n\n\n\n<p><strong>Os Microempreendedores Individuais que se enquadrarem nos crit\u00e9rios de elegibilidade poder\u00e3o ter acesso ao aux\u00edlio emergencial ga\u00facho.<\/strong><\/p>\n\n\n\n<p>Dessa forma, se o empreendedor n\u00e3o tiver uma renda superior a 3 sal\u00e1rios m\u00ednimos e n\u00e3o estiver recebendo o benef\u00edcio Volta Por Cima do Governo do Estado, ele pode se cadastrar no Cad\u00danico para ter acesso ao aux\u00edlio.<\/p>\n\n\n\n<h3 class=\"wp-block-heading\">Quem recebe Bolsa Fam\u00edlia pode receber o aux\u00edlio emergencial ga\u00facho?<\/h3>\n\n\n\n<p><strong>As fam\u00edlias que recebem o Bolsa Fam\u00edlia podem receber o aux\u00edlio emergencial rs, afinal, fazem parte dos crit\u00e9rios de elegibilidade que foram determinados pelo programa.<\/strong><\/p>\n\n\n\n<p>Dessa forma, se uma fam\u00edlia foi afetada pela enchente, e recebe o Bolsa Fam\u00edlia, ela tamb\u00e9m poder\u00e1 se inscrever no programa do governo estadual.<\/p>\n\n\n\n<p>Por\u00e9m, vale dizer que ainda n\u00e3o foi disponibilizado o site e app para que o cadastro seja feito, apenas ditadas as regras de elegibilidade para conseguir o benef\u00edcio.<\/p>\n\n\n\n\n\n\n<h2 class=\"wp-block-heading\">Conclus\u00e3o<\/h2>\n\n\n\n<p><strong>Conforme vimos neste artigo, neste momento t\u00e3o dif\u00edcil que muitas fam\u00edlias do Rio Grande do Sul est\u00e3o passando, o governo estadual anunciou o aux\u00edlio emergencial ga\u00facho que dever\u00e1 entrar em vigor nos pr\u00f3ximos dias.<\/strong><\/p>\n\n\n\n<p>Tamb\u00e9m ser\u00e1 anunciado em breve um aux\u00edlio emergencial do governo federal que ser\u00e1 destinado para as fam\u00edlias que foram afetadas pelas enchentes no Estado.<\/p>\n\n\n\n<p>Antes de fazer o cadastro, por\u00e9m, \u00e9 importante fazer uma <a href=\"https:\/\/www.acordocerto.com.br\/consultar-o-cpf\">consulta do seu CPF na Acordo Certo<\/a> para saber se h\u00e1 alguma restri\u00e7\u00e3o no seu nome e assim poder acertar suas pend\u00eancias para conseguir o benef\u00edcio.<\/p>\n\n\n\n<div class=\"cta-btn-block\">\n  <a class=\"cta-btn\"\n     href=\"https:\/\/app.acordocerto.com.br\/login?utm_source=blog&amp;utm_medium=acordocerto&amp;utm_term=cta-post\"\n          target=\"_blank\">Consulte seu CPF<\/a>\n<\/div>\n\n\n\n<p>Agora que voc\u00ea j\u00e1 sabe como funciona o <strong>aux\u00edlio emergencial ga\u00facho<\/strong> \u00e9 s\u00f3 esperar para fazer o seu cadastro. E se gostou deste artigo, visite o <a href=\"https:\/\/www.acordocerto.com.br\/blog\/\">blog da Acordo Certo<\/a> para ler outros conte\u00fados como esse. At\u00e9 a pr\u00f3xima! \ud83d\udc4b<\/p>\n\n\n<ul class=\"wp-block-latest-posts__list wp-block-latest-posts\"><li><a class=\"wp-block-latest-posts__post-title\" href=\"https:\/\/www.acordocerto.com.br\/blog\/divida-pode-bloquear-ou-penhorar-salario\/\">D\u00edvida pode bloquear ou penhorar sal\u00e1rio? Entenda o que a lei permite<\/a><\/li>\n<li><a class=\"wp-block-latest-posts__post-title\" href=\"https:\/\/www.acordocerto.com.br\/blog\/cnh-pai-d-egua-para\/\">CNH Pai D\u2019\u00e9gua 2026: como funciona e quem pode se inscrever na CNH Social do Par\u00e1<\/a><\/li>\n<li><a class=\"wp-block-latest-posts__post-title\" href=\"https:\/\/www.acordocerto.com.br\/blog\/cnh-social-sergipe\/\">CNH Social Sergipe 2026: como funciona o programa de habilita\u00e7\u00e3o gratuita no estado<\/a><\/li>\n<li><a class=\"wp-block-latest-posts__post-title\" href=\"https:\/\/www.acordocerto.com.br\/blog\/cnh-social-bahia\/\">CNH Social Bahia 2026: tudo sobre o programa CNH da Gente e o impacto da nova lei federal<\/a><\/li>\n<\/ul>\n\n\n<h3 class=\"wp-block-heading\"><strong>FAQ: Perguntas frequentes<\/strong><\/h3>\n\n\n<div id=\"rank-math-faq\" class=\"rank-math-block\">\n<div class=\"rank-math-list \">\n<div id=\"faq-question-1680723276120\" class=\"rank-math-list-item\">\n<h3 class=\"rank-math-question \">Como saber se estou recebendo o aux\u00edlio emergencial?<\/h3>\n<div class=\"rank-math-answer \">\n\n<p>O aux\u00edlio emergencial RS ser\u00e1 disponibilizado para fam\u00edlias que est\u00e3o cadastradas no Cad\u00danico que moram em cidades que foram afetadas pelas enchentes e que n\u00e3o tenham uma renda superior a 3 sal\u00e1rios m\u00ednimos e nem estejam recebendo recursos do programa Volta por Cima do Governo Estadual.<\/p>\n\n<\/div>\n<\/div>\n<div id=\"faq-question-1680723279284\" class=\"rank-math-list-item\">\n<h3 class=\"rank-math-question \">Como fa\u00e7o para receber o aux\u00edlio emergencial ga\u00facho?<\/h3>\n<div class=\"rank-math-answer \">\n\n<p>Para receber o aux\u00edlio emergencial ga\u00facho \u00e9 necess\u00e1rio estar cadastrado no Cad\u00danico ou CAF, n\u00e3o ter renda superior a 3 sal\u00e1rios m\u00ednimos e n\u00e3o estar cadastrado no Programa Volta Por Cima. Ainda \u00e9 necess\u00e1rio aguardar mais detalhes do programa.<\/p>\n\n<\/div>\n<\/div>\n<div id=\"faq-question-1680723280484\" class=\"rank-math-list-item\">\n<h3 class=\"rank-math-question \">Como fa\u00e7o para solicitar o aux\u00edlio emergencial?<\/h3>\n<div class=\"rank-math-answer \">\n\n<p>O governo do Rio Grande do Sul ainda n\u00e3o disponibilizou o site ou aplicativo para realizar a solicita\u00e7\u00e3o do aux\u00edlio emergencial. Dessa forma, \u00e9 preciso aguardar mais informa\u00e7\u00f5es para saber como se deve proceder na solicita\u00e7\u00e3o.<\/p>\n\n<\/div>\n<\/div>\n<div id=\"faq-question-1708706450917\" class=\"rank-math-list-item\">\n<h3 class=\"rank-math-question \">Onde consultar o aux\u00edlio ga\u00facho?<\/h3>\n<div class=\"rank-math-answer \">\n\n<p>Ainda n\u00e3o \u00e9 poss\u00edvel consultar o aux\u00edlio ga\u00facho que foi anunciado pelo Governo do Estado. Nesse momento foi divulgado somente quem ser\u00e3o as pessoas eleg\u00edveis, e quem ser\u00e3o os primeiros a receber o benef\u00edcio.<\/p>\n\n<\/div>\n<\/div>\n<div id=\"faq-question-1708706451653\" class=\"rank-math-list-item\">\n<h3 class=\"rank-math-question \">Qual o site do aux\u00edlio emergencial ga\u00facho?<\/h3>\n<div class=\"rank-math-answer \">\n\n<p>O site ou aplicativo que ser\u00e1 disponibilizado o aux\u00edlio emergencial ga\u00facho ainda n\u00e3o foi divulgado. Nesse primeiro momento \u00e9 preciso fazer o cadastro no Cad\u00danico e aguardar as pr\u00f3ximas informa\u00e7\u00f5es do governo.<\/p>\n\n<\/div>\n<\/div>\n<div id=\"faq-question-1708706452389\" class=\"rank-math-list-item\">\n<h3 class=\"rank-math-question \">Como saber se vou receber aux\u00edlio emergencial ga\u00facho?<\/h3>\n<div class=\"rank-math-answer \">\n\n<p>O aux\u00edlio emergencial ga\u00facho ser\u00e1 destinado a mais de 45 mil fam\u00edlias que foram v\u00edtimas das enchentes. Ele ser\u00e1 destinado para quem possui renda inferior a 3 sal\u00e1rios m\u00ednimos e n\u00e3o esteja recebendo outros benef\u00edcios como o Volta Por Cima.<\/p>\n\n<\/div>\n<\/div>\n<\/div>\n<\/div>\n\n\n<h3 class=\"wp-block-heading\"><strong>Web Stories<\/strong><\/h3>\n\n\n\t\t<div class=\"web-stories-list alignnone has-archive-link is-view-type-carousel is-style-default is-carousel\" data-id=\"1\">\n\t\t\t<div\n\t\t\tclass=\"web-stories-list__inner-wrapper carousel-1\"\n\t\t\tstyle=\"--ws-story-max-width:185px\"\n\t\t\t>\n\t\t\t\t\t\t<div class=\"web-stories-list__archive-link\">\n\t\t\t<a href=\"https:\/\/www.acordocerto.com.br\/blog\/web-stories\/\">\n\t\t\t\tVisualizando todos Stories\t\t\t<\/a>\n\t\t<\/div>\n\t\t\t\t\t\t\t<div\n\t\t\t\t\tclass=\"web-stories-list__carousel carousel\"\n\t\t\t\t\tdata-id=\"carousel-1\"\n\t\t\t\t\tdata-prev=\"Voltar\"\n\t\t\t\t\tdata-next=\"Avan\u00e7ar\"\n\t\t\t\t\t>\n\t\t\t\t\t\t\t\t\t<div\n\t\t\t\tclass=\"web-stories-list__story\"\n\t\t\t\tdata-wp-interactive=\"web-stories-block\"\n\t\t\t\tdata-wp-context='{\"instanceId\":1}'\t\t\t\tdata-wp-on--click=\"actions.open\"\n\t\t\t\tdata-wp-on-window--popstate=\"actions.onPopstate\"\n\t\t\t\t>\n\t\t\t\t\t\t\t<div class=\"web-stories-list__story-poster\">\n\t\t\t\t<a href=\"https:\/\/www.acordocerto.com.br\/blog\/web-stories\/auxilio-maternidade\/\" >\n\t\t\t\t\t<img\n\t\t\t\t\t\tsrc=\"https:\/\/www.acordocerto.com.br\/blog\/wp-content\/uploads\/2023\/01\/cropped-web-story-auxilio-maternidade.jpg\"\n\t\t\t\t\t\talt=\"Saiba tudo sobre o Aux\u00edlio Maternidade\"\n\t\t\t\t\t\twidth=\"185\"\n\t\t\t\t\t\theight=\"308\"\n\t\t\t\t\t\t\t\t\t\t\t\t\tsrcset=\"https:\/\/www.acordocerto.com.br\/blog\/wp-content\/uploads\/2023\/01\/cropped-web-story-auxilio-maternidade.jpg 640w, https:\/\/www.acordocerto.com.br\/blog\/wp-content\/uploads\/2023\/01\/cropped-web-story-auxilio-maternidade-150x200.jpg 150w, https:\/\/www.acordocerto.com.br\/blog\/wp-content\/uploads\/2023\/01\/cropped-web-story-auxilio-maternidade-225x300.jpg 225w\"\n\t\t\t\t\t\t\t\t\t\t\t\t\t\t\t\t\t\t\tsizes=\"auto, (max-width: 640px) 100vw, 640px\"\n\t\t\t\t\t\t\t\t\t\t\t\tloading=\"lazy\"\n\t\t\t\t\t\tdecoding=\"async\"\n\t\t\t\t\t>\n\t\t\t\t<\/a>\n\t\t\t<\/div>\n\t\t\t\t\t<div class=\"web-stories-list__story-content-overlay\">\n\t\t\t\t\t\t\t<div class=\"story-content-overlay__title\">\n\t\t\t\t\tSaiba tudo sobre o Aux\u00edlio Maternidade\t\t\t\t<\/div>\n\t\t\t\n\t\t\t\n\t\t\t\n\t\t\t\t\t<\/div>\n\t\t\t\t\t<\/div>\n\t\t\t\t\t\t<div\n\t\t\t\tclass=\"web-stories-list__story\"\n\t\t\t\tdata-wp-interactive=\"web-stories-block\"\n\t\t\t\tdata-wp-context='{\"instanceId\":1}'\t\t\t\tdata-wp-on--click=\"actions.open\"\n\t\t\t\tdata-wp-on-window--popstate=\"actions.onPopstate\"\n\t\t\t\t>\n\t\t\t\t\t\t\t<div class=\"web-stories-list__story-poster\">\n\t\t\t\t<a href=\"https:\/\/www.acordocerto.com.br\/blog\/web-stories\/15-beneficios-para-mulheres-que-voce-precisa-conhecer\/\" >\n\t\t\t\t\t<img\n\t\t\t\t\t\tsrc=\"https:\/\/www.acordocerto.com.br\/blog\/wp-content\/uploads\/2023\/02\/cropped-Blog_beneficios-para-mulheres.png\"\n\t\t\t\t\t\talt=\"15 Benef\u00edcios para Mulheres que voc\u00ea PRECISA conhecer\"\n\t\t\t\t\t\twidth=\"185\"\n\t\t\t\t\t\theight=\"308\"\n\t\t\t\t\t\t\t\t\t\t\t\t\tsrcset=\"https:\/\/www.acordocerto.com.br\/blog\/wp-content\/uploads\/2023\/02\/cropped-Blog_beneficios-para-mulheres.png 640w, https:\/\/www.acordocerto.com.br\/blog\/wp-content\/uploads\/2023\/02\/cropped-Blog_beneficios-para-mulheres-150x200.png 150w\"\n\t\t\t\t\t\t\t\t\t\t\t\t\t\t\t\t\t\t\tsizes=\"auto, (max-width: 640px) 100vw, 640px\"\n\t\t\t\t\t\t\t\t\t\t\t\tloading=\"lazy\"\n\t\t\t\t\t\tdecoding=\"async\"\n\t\t\t\t\t>\n\t\t\t\t<\/a>\n\t\t\t<\/div>\n\t\t\t\t\t<div class=\"web-stories-list__story-content-overlay\">\n\t\t\t\t\t\t\t<div class=\"story-content-overlay__title\">\n\t\t\t\t\t15 Benef\u00edcios para Mulheres que voc\u00ea PRECISA conhecer\t\t\t\t<\/div>\n\t\t\t\n\t\t\t\n\t\t\t\n\t\t\t\t\t<\/div>\n\t\t\t\t\t<\/div>\n\t\t\t\t\t\t<div\n\t\t\t\tclass=\"web-stories-list__story\"\n\t\t\t\tdata-wp-interactive=\"web-stories-block\"\n\t\t\t\tdata-wp-context='{\"instanceId\":1}'\t\t\t\tdata-wp-on--click=\"actions.open\"\n\t\t\t\tdata-wp-on-window--popstate=\"actions.onPopstate\"\n\t\t\t\t>\n\t\t\t\t\t\t\t<div class=\"web-stories-list__story-poster\">\n\t\t\t\t<a href=\"https:\/\/www.acordocerto.com.br\/blog\/web-stories\/13o-do-inss-sera-adiantado-em-2024\/\" >\n\t\t\t\t\t<img\n\t\t\t\t\t\tsrc=\"https:\/\/www.acordocerto.com.br\/blog\/wp-content\/uploads\/2023\/09\/cropped-Blog_Cartao_Beneficio_INSS.png\"\n\t\t\t\t\t\talt=\"13\u00ba do INSS Ser\u00e1 Adiantado em 2024?\"\n\t\t\t\t\t\twidth=\"185\"\n\t\t\t\t\t\theight=\"308\"\n\t\t\t\t\t\t\t\t\t\t\t\t\tsrcset=\"https:\/\/www.acordocerto.com.br\/blog\/wp-content\/uploads\/2023\/09\/cropped-Blog_Cartao_Beneficio_INSS.png 640w, https:\/\/www.acordocerto.com.br\/blog\/wp-content\/uploads\/2023\/09\/cropped-Blog_Cartao_Beneficio_INSS-150x200.png 150w\"\n\t\t\t\t\t\t\t\t\t\t\t\t\t\t\t\t\t\t\tsizes=\"auto, (max-width: 640px) 100vw, 640px\"\n\t\t\t\t\t\t\t\t\t\t\t\tloading=\"lazy\"\n\t\t\t\t\t\tdecoding=\"async\"\n\t\t\t\t\t>\n\t\t\t\t<\/a>\n\t\t\t<\/div>\n\t\t\t\t\t<div class=\"web-stories-list__story-content-overlay\">\n\t\t\t\t\t\t\t<div class=\"story-content-overlay__title\">\n\t\t\t\t\t13\u00ba do INSS Ser\u00e1 Adiantado em 2024?\t\t\t\t<\/div>\n\t\t\t\n\t\t\t\n\t\t\t\n\t\t\t\t\t<\/div>\n\t\t\t\t\t<\/div>\n\t\t\t\t\t\t<div\n\t\t\t\tclass=\"web-stories-list__story\"\n\t\t\t\tdata-wp-interactive=\"web-stories-block\"\n\t\t\t\tdata-wp-context='{\"instanceId\":1}'\t\t\t\tdata-wp-on--click=\"actions.open\"\n\t\t\t\tdata-wp-on-window--popstate=\"actions.onPopstate\"\n\t\t\t\t>\n\t\t\t\t\t\t\t<div class=\"web-stories-list__story-poster\">\n\t\t\t\t<a href=\"https:\/\/www.acordocerto.com.br\/blog\/web-stories\/minha-casa-minha-vida-quem-pode-participar\/\" >\n\t\t\t\t\t<img\n\t\t\t\t\t\tsrc=\"https:\/\/www.acordocerto.com.br\/blog\/wp-content\/uploads\/2022\/10\/cropped-Blog_programa_minha_casa_minha_vida.png\"\n\t\t\t\t\t\talt=\"A retomada do Minha Casa Minha Vida. Veja quem pode participar!\"\n\t\t\t\t\t\twidth=\"185\"\n\t\t\t\t\t\theight=\"308\"\n\t\t\t\t\t\t\t\t\t\t\t\t\tsrcset=\"https:\/\/www.acordocerto.com.br\/blog\/wp-content\/uploads\/2022\/10\/cropped-Blog_programa_minha_casa_minha_vida.png 640w, https:\/\/www.acordocerto.com.br\/blog\/wp-content\/uploads\/2022\/10\/cropped-Blog_programa_minha_casa_minha_vida-150x200.png 150w\"\n\t\t\t\t\t\t\t\t\t\t\t\t\t\t\t\t\t\t\tsizes=\"auto, (max-width: 640px) 100vw, 640px\"\n\t\t\t\t\t\t\t\t\t\t\t\tloading=\"lazy\"\n\t\t\t\t\t\tdecoding=\"async\"\n\t\t\t\t\t>\n\t\t\t\t<\/a>\n\t\t\t<\/div>\n\t\t\t\t\t<div class=\"web-stories-list__story-content-overlay\">\n\t\t\t\t\t\t\t<div class=\"story-content-overlay__title\">\n\t\t\t\t\tA retomada do Minha Casa Minha Vida. Veja quem pode participar!\t\t\t\t<\/div>\n\t\t\t\n\t\t\t\n\t\t\t\n\t\t\t\t\t<\/div>\n\t\t\t\t\t<\/div>\n\t\t\t\t\t\t\t\t<\/div>\n\t\t\t\t\t<div tabindex=\"0\" aria-label=\"Voltar\" class=\"glider-prev\"><\/div>\n\t\t\t\t\t<div tabindex=\"0\" aria-label=\"Avan\u00e7ar\" class=\"glider-next\"><\/div>\n\t\t\t\t\t\t\t\t<\/div>\n\t\t<\/div>\n\t\t<div style='text-align:center' class='yasr-auto-insert-visitor'><\/div>","protected":false},"excerpt":{"rendered":"<p> O aux\u00edlio emergencial ga\u00facho \u00e9 um benef\u00edcio criado pelo governo estadual com objetivo de ajudar as fam\u00edlias v\u00edtimas de enchentes. Saiba como vai funcionar!<\/p>\n","protected":false},"author":2,"featured_media":17553,"comment_status":"open","ping_status":"open","sticky":false,"template":"","format":"standard","meta":{"_acf_changed":false,"inline_featured_image":false,"yasr_overall_rating":0,"yasr_post_is_review":"","yasr_auto_insert_disabled":"","yasr_review_type":"","footnotes":""},"categories":[33],"tags":[],"class_list":["post-17552","post","type-post","status-publish","format-standard","has-post-thumbnail","hentry","category-direitos-e-beneficios"],"acf":[],"yasr_visitor_votes":{"stars_attributes":{"read_only":false,"span_bottom":false},"number_of_votes":5,"sum_votes":19},"_links":{"self":[{"href":"https:\/\/www.acordocerto.com.br\/blog\/wp-json\/wp\/v2\/posts\/17552","targetHints":{"allow":["GET"]}}],"collection":[{"href":"https:\/\/www.acordocerto.com.br\/blog\/wp-json\/wp\/v2\/posts"}],"about":[{"href":"https:\/\/www.acordocerto.com.br\/blog\/wp-json\/wp\/v2\/types\/post"}],"author":[{"embeddable":true,"href":"https:\/\/www.acordocerto.com.br\/blog\/wp-json\/wp\/v2\/users\/2"}],"replies":[{"embeddable":true,"href":"https:\/\/www.acordocerto.com.br\/blog\/wp-json\/wp\/v2\/comments?post=17552"}],"version-history":[{"count":1,"href":"https:\/\/www.acordocerto.com.br\/blog\/wp-json\/wp\/v2\/posts\/17552\/revisions"}],"predecessor-version":[{"id":17554,"href":"https:\/\/www.acordocerto.com.br\/blog\/wp-json\/wp\/v2\/posts\/17552\/revisions\/17554"}],"wp:featuredmedia":[{"embeddable":true,"href":"https:\/\/www.acordocerto.com.br\/blog\/wp-json\/wp\/v2\/media\/17553"}],"wp:attachment":[{"href":"https:\/\/www.acordocerto.com.br\/blog\/wp-json\/wp\/v2\/media?parent=17552"}],"wp:term":[{"taxonomy":"category","embeddable":true,"href":"https:\/\/www.acordocerto.com.br\/blog\/wp-json\/wp\/v2\/categories?post=17552"},{"taxonomy":"post_tag","embeddable":true,"href":"https:\/\/www.acordocerto.com.br\/blog\/wp-json\/wp\/v2\/tags?post=17552"}],"curies":[{"name":"wp","href":"https:\/\/api.w.org\/{rel}","templated":true}]}}