{"id":18241,"date":"2024-08-12T08:08:00","date_gmt":"2024-08-12T11:08:00","guid":{"rendered":"https:\/\/www.acordocerto.com.br\/?p=18241"},"modified":"2024-08-13T17:26:18","modified_gmt":"2024-08-13T20:26:18","slug":"desconto-vale-transporte","status":"publish","type":"post","link":"https:\/\/www.acordocerto.com.br\/blog\/desconto-vale-transporte\/","title":{"rendered":"Desconto Vale Transporte: como funciona, quais as regras, saiba tudo!"},"content":{"rendered":"\n<p>Sempre que come\u00e7amos em um novo emprego ou temos a oportunidade de contratar algu\u00e9m, a quest\u00e3o do sal\u00e1rio l\u00edquido vem dar um aceno para a consci\u00eancia. Tirados os descontos e custos, quanto vou receber? E quanto vou gastar? Um dos principais desse meio \u00e9 o desconto Vale Transporte.<\/p>\n\n\n\n<div class=\"cta-btn-block\">\n  <a class=\"cta-btn\" href=\"https:\/\/app.acordocerto.com.br\/login?utm_source=blog&amp;utm_medium=acordocerto&amp;utm_term=cta-post\" target=\"_blank\">Consulte seu CPF<\/a>\n<\/div>\n\n\n\n<p>Esse benef\u00edcio garantido pela CLT visa cobrir os custos de deslocamento &#8211; o ir e vir do candidato \u00e0 vaga at\u00e9 o seu local de trabalho. E apesar de ajudar, \u00e9 um valor a menos que fica no sal\u00e1rio de acordo com as normas.<\/p>\n\n\n\n<p>Mas quanto \u00e9 esse desconto? O empregador pode \u201cn\u00e3o pagar\u201d o valor se o funcion\u00e1rio morar muito perto ou muito longe? Descubra esses e outros detalhes do benef\u00edcio trabalhista no nosso artigo!<\/p>\n\n\n\n\n\n<h2 class=\"wp-block-heading\">O que \u00e9 e como funciona o Vale Transporte das empresas?<\/h2>\n\n\n\n<p>O vale-transporte \u00e9 um benef\u00edcio garantido pela CLT, assegurado para cobrir os custos de deslocamento do empregado de sua resid\u00eancia at\u00e9 o local de trabalho e vice-versa. Esse direito visa facilitar o acesso ao emprego e deve ser fornecido antecipadamente pelo empregador.&nbsp;<\/p>\n\n\n\n<p>N\u00e3o \u00e9 simplesmente um valor extra, mas sim uma ferramenta para que o trabalhador possa cumprir suas fun\u00e7\u00f5es sem preju\u00edzos financeiros devido ao transporte.<\/p>\n\n\n\n<h3 class=\"wp-block-heading\">Quem tem direito ao vale transporte?<\/h3>\n\n\n\n<p>Quase todos os trabalhadores registrados t\u00eam direito ao vale-transporte, independentemente da dist\u00e2ncia entre sua casa e o trabalho. Aqui est\u00e3o alguns grupos que se beneficiam:<\/p>\n\n\n\n<ol class=\"wp-block-list\">\n<li>Empregados sob regime CLT;<\/li>\n\n\n\n<li>Trabalhadores tempor\u00e1rios;<\/li>\n\n\n\n<li>Empregados dom\u00e9sticos.<\/li>\n<\/ol>\n\n\n\n<p><\/p>\n\n\n\n<h3 class=\"wp-block-heading\">Quem deve pagar pelo vale transporte<\/h3>\n\n\n\n<p>Segundo a <a href=\"https:\/\/www.planalto.gov.br\/ccivil_03\/leis\/l7418.htm\" target=\"_blank\" rel=\"noopener\">Lei 7.418\/85<\/a>, o vale-transporte deve ser fornecido pelo empregador, que pode descontar at\u00e9 6% do sal\u00e1rio base do empregado para colaborar com este custo. Caso o custo do transporte exceda este valor, o empregador \u00e9 respons\u00e1vel por cobrir a diferen\u00e7a.<\/p>\n\n\n\n<h3 class=\"wp-block-heading\">O vale transporte \u00e9 pago por mim?<\/h3>\n\n\n\n<p>Inicialmente, o empregador adianta o custo total do vale-transporte. Contudo, legalmente, \u00e9 permitido descontar at\u00e9 6% do sal\u00e1rio base do funcion\u00e1rio. Portanto, se o custo total do transporte \u00e9 superior a este valor, o empregador paga a diferen\u00e7a. Se for menor, o desconto no sal\u00e1rio do empregado cobrir\u00e1 o custo.&nbsp;<\/p>\n\n\n\n<div class=\"cta-btn-block\">\n  <a class=\"cta-btn\" href=\"https:\/\/app.acordocerto.com.br\/login?utm_source=blog&amp;utm_medium=acordocerto&amp;utm_term=cta-post\" target=\"_blank\">Consulte seu CPF<\/a>\n<\/div>\n\n\n\n<p>Por exemplo, se o custo mensal for de R$ 300 e o sal\u00e1rio base do empregado for R$ 2000, o m\u00e1ximo descontado ser\u00e1 de R$ 120, e o empregador pagar\u00e1 os R$ 180 restantes.<\/p>\n\n\n\n<h3 class=\"wp-block-heading\">Como o vale transporte deve ser utilizado?<\/h3>\n\n\n\n<p>O vale-transporte deve ser usado exclusivamente para o deslocamento entre a resid\u00eancia e o local de trabalho do empregado. Qualquer uso fora deste contexto n\u00e3o apenas desvirtua o prop\u00f3sito do benef\u00edcio, como tamb\u00e9m pode levar a penalidades para o trabalhador.<\/p>\n\n\n\n<h3 class=\"wp-block-heading\">\u00c9 poss\u00edvel trocar o vale transporte por outro benef\u00edcio?<\/h3>\n\n\n\n<p>N\u00e3o, o vale-transporte n\u00e3o pode ser substitu\u00eddo por dinheiro ou qualquer outro tipo de benef\u00edcio, conforme legisla\u00e7\u00e3o vigente. A \u00fanica exce\u00e7\u00e3o se aplica aos empregados dom\u00e9sticos, que podem receber o valor em dinheiro.<\/p>\n\n\n\n<h3 class=\"wp-block-heading\">Existe dist\u00e2ncia m\u00ednima para ganhar o vale transporte?<\/h3>\n\n\n\n<p>A lei n\u00e3o especifica uma dist\u00e2ncia m\u00ednima para a concess\u00e3o do vale-transporte. Independentemente de qu\u00e3o perto ou longe o empregado vive do local de trabalho, se ele utiliza transporte p\u00fablico, tem direito ao benef\u00edcio.<\/p>\n\n\n\n<div class=\"cta-btn-block\">\n  <a class=\"cta-btn\" href=\"https:\/\/app.acordocerto.com.br\/login?utm_source=blog&amp;utm_medium=acordocerto&amp;utm_term=cta-post\" target=\"_blank\">Consulte seu CPF<\/a>\n<\/div>\n\n\n\n<p>Esta medida assegura que todos os trabalhadores possam ter acesso igualit\u00e1rio ao emprego, sem serem penalizados por quest\u00f5es geogr\u00e1ficas.<\/p>\n\n\n\n<h2 class=\"wp-block-heading\">Como funciona o desconto de 6% do vale transporte<\/h2>\n\n\n\n<p>O desconto vale transporte de 6% do \u00e9 uma medida que visa compartilhar os custos de deslocamento entre o empregador e o empregado. Esse desconto \u00e9 aplicado sobre o sal\u00e1rio base do empregado, sendo o limite m\u00e1ximo que pode ser descontado para cobrir o transporte p\u00fablico necess\u00e1rio para o deslocamento at\u00e9 o trabalho.<\/p>\n\n\n\n<p>Veja tamb\u00e9m:<\/p>\n\n\n\n<ol class=\"wp-block-list\">\n<li><a href=\"https:\/\/www.acordocerto.com.br\/blog\/antecipar-salario\/\">Antecipar Sal\u00e1rio: saiba o que \u00e9, como funciona<\/a><\/li>\n\n\n\n<li><a href=\"https:\/\/www.acordocerto.com.br\/blog\/diferencas-conta-salario-e-corrente\/\">Diferen\u00e7as entre conta sal\u00e1rio e conta corrente<\/a><\/li>\n<\/ol>\n\n\n\n<p><\/p>\n\n\n\n<h3 class=\"wp-block-heading\">Como fazer o c\u00e1lculo de 6% do vale transporte<\/h3>\n\n\n\n<p>Para calcular o desconto de 6% do vale-transporte, primeiro determina-se o sal\u00e1rio base do empregado. Por exemplo, se um empregado ganha R$ 2.000 por m\u00eas, calcula-se 6% deste valor. Isso seria R$ 2.000 x 0,06 = R$ 120.&nbsp;<\/p>\n\n\n\n<div class=\"cta-btn-block\">\n  <a class=\"cta-btn\" href=\"https:\/\/app.acordocerto.com.br\/login?utm_source=blog&amp;utm_medium=acordocerto&amp;utm_term=cta-post\" target=\"_blank\">Consulte seu CPF<\/a>\n<\/div>\n\n\n\n<p>Portanto, R$ 120 \u00e9 o m\u00e1ximo que pode ser descontado do sal\u00e1rio do empregado para o vale-transporte. Se o custo total do transporte excede esse valor, o empregador \u00e9 respons\u00e1vel pela diferen\u00e7a.<\/p>\n\n\n\n<h2 class=\"wp-block-heading\">Como \u00e9 feito o c\u00e1lculo do desconto vale transporte?<\/h2>\n\n\n\n<p>O c\u00e1lculo do desconto vale transporte segue a regra dos 6% mencionada anteriormente. Este valor \u00e9 calculado mensalmente e descontado diretamente do sal\u00e1rio do empregado. Este desconto cobre parcial ou totalmente o custo do vale-transporte, dependendo do custo total do transporte.<\/p>\n\n\n\n<h3 class=\"wp-block-heading\">Como calcular vale transporte: dias \u00fateis<\/h3>\n\n\n\n<p>O c\u00e1lculo do vale-transporte tamb\u00e9m pode ser feito considerando o n\u00famero de dias \u00fateis que o empregado trabalhar\u00e1 durante o m\u00eas. Por exemplo, se h\u00e1 22 dias \u00fateis em um m\u00eas e cada viagem custa R$ 4,50, o custo mensal do transporte seria 22 dias x R$ 4,50 x 2 viagens por dia = R$ 198.&nbsp;<\/p>\n\n\n\n<p>O empregador descontaria 6% do sal\u00e1rio, e se esse desconto cobrir menos que R$ 198, ele dever\u00e1 pagar a diferen\u00e7a.<\/p>\n\n\n\n<h3 class=\"wp-block-heading\">Calculadora vale transporte<\/h3>\n\n\n\n<p>Para facilitar o c\u00e1lculo do desconto vale transporte para diferentes sal\u00e1rios e custos de transporte, voc\u00ea pode usar nossa calculadora online. Simplesmente insira seu sal\u00e1rio e o custo di\u00e1rio de transporte para obter instantaneamente o valor do desconto e a parte coberta pelo empregador.<\/p>\n\n\n\n<h3 class=\"wp-block-heading\">Tabela de vale-transporte<\/h3>\n\n\n\n<p>Abaixo, voc\u00ea encontrar\u00e1 uma tabela que exemplifica diferentes cen\u00e1rios de sal\u00e1rio e custo de transporte, demonstrando como o desconto de 6% \u00e9 aplicado e qual parte cabe ao empregador pagar:<\/p>\n\n\n\n<figure class=\"wp-block-table\"><table><thead><tr><th class=\"has-text-align-left\" data-align=\"left\"><strong>Sal\u00e1rio (R$)<\/strong><\/th><th class=\"has-text-align-left\" data-align=\"left\"><strong>Custo Mensal do Transporte (R$)<\/strong><\/th><th class=\"has-text-align-left\" data-align=\"left\"><strong>Desconto de 6% (R$)<\/strong><\/th><th class=\"has-text-align-left\" data-align=\"left\"><strong>Valor a ser pago pelo Empregador (R$)<\/strong><\/th><\/tr><\/thead><tbody><tr><td class=\"has-text-align-left\" data-align=\"left\">2000<\/td><td class=\"has-text-align-left\" data-align=\"left\">300<\/td><td class=\"has-text-align-left\" data-align=\"left\">120<\/td><td class=\"has-text-align-left\" data-align=\"left\">180<\/td><\/tr><tr><td class=\"has-text-align-left\" data-align=\"left\">3000<\/td><td class=\"has-text-align-left\" data-align=\"left\">300<\/td><td class=\"has-text-align-left\" data-align=\"left\">180<\/td><td class=\"has-text-align-left\" data-align=\"left\">120<\/td><\/tr><tr><td class=\"has-text-align-left\" data-align=\"left\">1500<\/td><td class=\"has-text-align-left\" data-align=\"left\">300<\/td><td class=\"has-text-align-left\" data-align=\"left\">90<\/td><td class=\"has-text-align-left\" data-align=\"left\">210<\/td><\/tr><\/tbody><\/table><\/figure>\n\n\n\n<p>Essa tabela ajuda a visualizar como o desconto vale transporte \u00e9 aplicado em diferentes faixas salariais e custos de transporte.<\/p>\n\n\n\n\n\n\n<h2 class=\"wp-block-heading\">Como deve ser feito o pagamento do vale-transporte?<\/h2>\n\n\n\n<p>O pagamento do vale-transporte deve ser realizado pelo empregador antes do in\u00edcio do m\u00eas de trabalho. Isso assegura que o empregado tenha o benef\u00edcio dispon\u00edvel para uso desde o primeiro dia \u00fatil.&nbsp;<\/p>\n\n\n\n<p>Todo funcion\u00e1rio pode &#8211; e deve &#8211; exigir esse direito antes de come\u00e7ar o per\u00edodo de trabalho. N\u00e3o pode, por exemplo, ser considerado abandono o \u201cn\u00e3o ir \u00e0 empresa\u201d se o benef\u00edcio n\u00e3o caiu na conta do funcion\u00e1rio, por exemplo.&nbsp;<\/p>\n\n\n\n<div class=\"cta-btn-block\">\n  <a class=\"cta-btn\" href=\"https:\/\/app.acordocerto.com.br\/login?utm_source=blog&amp;utm_medium=acordocerto&amp;utm_term=cta-post\" target=\"_blank\">Consulte seu CPF<\/a>\n<\/div>\n\n\n\n<p>Al\u00e9m disso, o m\u00e9todo de pagamento deve se adequar \u00e0s regras estabelecidas em lei. Normalmente, o vale-transporte \u00e9 fornecido por meio de cart\u00f5es eletr\u00f4nicos, que s\u00e3o recarregados mensalmente. Esses cart\u00f5es s\u00e3o espec\u00edficos para o uso em transportes p\u00fablicos, evitando que o benef\u00edcio seja utilizado de maneira impr\u00f3pria.<\/p>\n\n\n\n<h2 class=\"wp-block-heading\">A empresa pode descontar o vale-transporte n\u00e3o utilizado?<\/h2>\n\n\n\n<p>Sim, a empresa pode descontar ou pedir a devolu\u00e7\u00e3o dos vales-transporte n\u00e3o utilizados. Se o empregado n\u00e3o comparecer ao trabalho por qualquer motivo e o vale j\u00e1 tiver sido fornecido, o empregador tem o direito de ajustar isso no pr\u00f3ximo ciclo de pagamento.<\/p>\n\n\n\n<h2 class=\"wp-block-heading\">Quanto a empresa pode descontar de vale transporte?<\/h2>\n\n\n\n<p>A empresa pode descontar at\u00e9 6% do sal\u00e1rio base do empregado para cobrir o vale-transporte. Esse valor \u00e9 considerado uma contribui\u00e7\u00e3o do empregado para os custos de seu deslocamento.<\/p>\n\n\n\n<h2 class=\"wp-block-heading\">Pode descontar o vale transporte nas f\u00e9rias?<\/h2>\n\n\n\n<p>N\u00e3o, durante as f\u00e9rias o empregado n\u00e3o faz uso do transporte para deslocamento ao trabalho, portanto, o vale-transporte n\u00e3o deve ser fornecido nem descontado.<\/p>\n\n\n\n<p>Veja tamb\u00e9m:<\/p>\n\n\n\n<ol class=\"wp-block-list\">\n<li><a href=\"https:\/\/www.acordocerto.com.br\/blog\/calcular-ferias\/\">Planeje Seu Descanso: Calculadora Online para Calcular F\u00e9rias com Facilidade<\/a><\/li>\n\n\n\n<li><a href=\"https:\/\/www.acordocerto.com.br\/blog\/saque-rescisao\/\">Calcule seu Saque Rescis\u00e3o: Entenda o Que \u00c9 e Use a Calculadora Gratuita&nbsp;<\/a><\/li>\n<\/ol>\n\n\n\n<p><\/p>\n\n\n\n<h2 class=\"wp-block-heading\">Vale transporte n\u00e3o utilizado pode ser descontado?<\/h2>\n\n\n\n<p>Sim, o vale-transporte n\u00e3o utilizado pode ser ajustado no pagamento seguinte, seja por meio de desconto ou requerendo a devolu\u00e7\u00e3o dos vales f\u00edsicos ou eletr\u00f4nicos.<\/p>\n\n\n\n<h2 class=\"wp-block-heading\">Qual a dist\u00e2ncia para ter direito ao vale transporte?<\/h2>\n\n\n\n<p>N\u00e3o h\u00e1 uma dist\u00e2ncia m\u00ednima especificada por lei para ter direito ao vale-transporte. <\/p>\n\n\n\n<div class=\"cta-btn-block\">\n  <a class=\"cta-btn\" href=\"https:\/\/app.acordocerto.com.br\/login?utm_source=blog&amp;utm_medium=acordocerto&amp;utm_term=cta-post\" target=\"_blank\">Consulte seu CPF<\/a>\n<\/div>\n\n\n\n<p>Se o empregado utiliza transporte p\u00fablico para chegar ao trabalho, ele tem direito ao benef\u00edcio, independentemente da dist\u00e2ncia.<\/p>\n\n\n\n<h2 class=\"wp-block-heading\">Pode descontar vale transporte com atestado m\u00e9dico?<\/h2>\n\n\n\n<p>N\u00e3o, se o empregado est\u00e1 afastado do trabalho com atestado m\u00e9dico, ele n\u00e3o utiliza o transporte para o deslocamento ao trabalho, portanto, n\u00e3o deve ser descontado o vale-transporte para esses dias.<\/p>\n\n\n\n<h2 class=\"wp-block-heading\">Quantos vale transportes o trabalhador tem direito por dia?<\/h2>\n\n\n\n<p>O n\u00famero de vales-transporte por dia \u00e9 baseado no trajeto necess\u00e1rio para o empregado ir do local de resid\u00eancia at\u00e9 o local de trabalho e voltar. N\u00e3o h\u00e1 um limite m\u00e1ximo especificado, desde que justificado pela necessidade do trajeto.<\/p>\n\n\n\n<h2 class=\"wp-block-heading\">Conclus\u00e3o<\/h2>\n\n\n\n<p>O vale transporte \u00e9 mais do que um simples benef\u00edcio; \u00e9 uma ferramenta essencial para garantir que o acesso ao trabalho n\u00e3o seja um obst\u00e1culo financeiro para o trabalhador. Ao compreender as regras e diretrizes que regulamentam este benef\u00edcio, tanto empregadores quanto empregados podem assegurar que os direitos e deveres sejam cumpridos, evitando conflitos e garantindo uma rela\u00e7\u00e3o laboral harm\u00f4nica.<\/p>\n\n\n\n<div class=\"cta-btn-block\">\n  <a class=\"cta-btn\" href=\"https:\/\/app.acordocerto.com.br\/login?utm_source=blog&amp;utm_medium=acordocerto&amp;utm_term=cta-post\" target=\"_blank\">Consulte seu CPF<\/a>\n<\/div>\n\n\n\n<p>Por meio das explica\u00e7\u00f5es e exemplos fornecidos, fica claro como o vale-transporte deve ser calculado, concedido e utilizado. Com essas informa\u00e7\u00f5es, esperamos que tanto empregadores quanto empregados possam navegar com mais seguran\u00e7a nesse aspecto t\u00e3o importante das rela\u00e7\u00f5es de trabalho e saibam exatamente como funciona o desconto vale transporte. <\/p>\n\n\n\n<p>Finalmente, encorajamos todos a se manterem informados sobre suas obriga\u00e7\u00f5es e direitos, pois o conhecimento \u00e9, sem d\u00favida, uma das melhores ferramentas para a advocacia pessoal e profissional.&nbsp;<\/p>\n\n\n\n<p>&#8220;Saber \u00e9 poder&#8221;, como diz o ditado, e no mundo do trabalho, isso n\u00e3o \u00e9 exce\u00e7\u00e3o.<\/p>\n\n\n<ul class=\"wp-block-latest-posts__list wp-block-latest-posts\"><li><a class=\"wp-block-latest-posts__post-title\" href=\"https:\/\/www.acordocerto.com.br\/blog\/agiotagem-e-crime\/\">Agiotagem \u00e9 crime? O que acontece se eu denunciar? Tudo o que voc\u00ea precisa saber!<\/a><\/li>\n<li><a class=\"wp-block-latest-posts__post-title\" href=\"https:\/\/www.acordocerto.com.br\/blog\/emprestimo-com-agiota\/\">Vale a pena tomar um empr\u00e9stimo com agiota? Descubra os pr\u00f3s e contras!<\/a><\/li>\n<li><a class=\"wp-block-latest-posts__post-title\" href=\"https:\/\/www.acordocerto.com.br\/blog\/consulta-de-cpf-e-emprestimo\/\">Consulta de CPF e empr\u00e9stimo: qual \u00e9 a rela\u00e7\u00e3o?<\/a><\/li>\n<li><a class=\"wp-block-latest-posts__post-title\" href=\"https:\/\/www.acordocerto.com.br\/blog\/portabilidade-de-consignado\/\">Portabilidade de consignado: como funciona<\/a><\/li>\n<\/ul>\n\n\n<h3 class=\"wp-block-heading\"><\/h3>\n\n\n\n<h3 class=\"wp-block-heading\"><strong>Web Stories<\/strong><\/h3>\n\n\n\t\t<div class=\"web-stories-list alignnone has-archive-link is-view-type-carousel is-style-default is-carousel\" data-id=\"1\">\n\t\t\t<div\n\t\t\tclass=\"web-stories-list__inner-wrapper carousel-1\"\n\t\t\tstyle=\"--ws-story-max-width:185px\"\n\t\t\t>\n\t\t\t\t\t\t<div class=\"web-stories-list__archive-link\">\n\t\t\t<a href=\"https:\/\/www.acordocerto.com.br\/blog\/web-stories\/\">\n\t\t\t\tVisualizando todos Stories\t\t\t<\/a>\n\t\t<\/div>\n\t\t\t\t\t\t\t<div\n\t\t\t\t\tclass=\"web-stories-list__carousel carousel\"\n\t\t\t\t\tdata-id=\"carousel-1\"\n\t\t\t\t\tdata-prev=\"Voltar\"\n\t\t\t\t\tdata-next=\"Avan\u00e7ar\"\n\t\t\t\t\t>\n\t\t\t\t\t\t\t\t\t<div\n\t\t\t\tclass=\"web-stories-list__story\"\n\t\t\t\tdata-wp-interactive=\"web-stories-block\"\n\t\t\t\tdata-wp-context='{\"instanceId\":1}'\t\t\t\tdata-wp-on--click=\"actions.open\"\n\t\t\t\tdata-wp-on-window--popstate=\"actions.onPopstate\"\n\t\t\t\t>\n\t\t\t\t\t\t\t<div class=\"web-stories-list__story-poster\">\n\t\t\t\t<a href=\"https:\/\/www.acordocerto.com.br\/blog\/web-stories\/como-pagar-meia-no-cinema-sem-ser-estudante\/\">\n\t\t\t\t\t<img\n\t\t\t\t\t\tsrc=\"https:\/\/www.acordocerto.com.br\/blog\/wp-content\/uploads\/2024\/05\/cropped-felipe-bustillo-4VDRCoNuvE0-unsplash-scaled-1.jpg\"\n\t\t\t\t\t\talt=\"Como pagar meia no cinema sem ser estudante?\"\n\t\t\t\t\t\twidth=\"185\"\n\t\t\t\t\t\theight=\"308\"\n\t\t\t\t\t\t\t\t\t\t\t\t\tsrcset=\"https:\/\/www.acordocerto.com.br\/blog\/wp-content\/uploads\/2024\/05\/cropped-felipe-bustillo-4VDRCoNuvE0-unsplash-scaled-1.jpg 640w, https:\/\/www.acordocerto.com.br\/blog\/wp-content\/uploads\/2024\/05\/cropped-felipe-bustillo-4VDRCoNuvE0-unsplash-scaled-1-150x200.jpg 150w\"\n\t\t\t\t\t\t\t\t\t\t\t\t\t\t\t\t\t\t\tsizes=\"auto, (max-width: 640px) 100vw, 640px\"\n\t\t\t\t\t\t\t\t\t\t\t\tloading=\"lazy\"\n\t\t\t\t\t\tdecoding=\"async\"\n\t\t\t\t\t>\n\t\t\t\t<\/a>\n\t\t\t<\/div>\n\t\t\t\t\t<div class=\"web-stories-list__story-content-overlay\">\n\t\t\t\t\t\t\t<div class=\"story-content-overlay__title\">\n\t\t\t\t\tComo pagar meia no cinema sem ser estudante?\t\t\t\t<\/div>\n\t\t\t\n\t\t\t\n\t\t\t\n\t\t\t\t\t<\/div>\n\t\t\t\t\t<\/div>\n\t\t\t\t\t\t<div\n\t\t\t\tclass=\"web-stories-list__story\"\n\t\t\t\tdata-wp-interactive=\"web-stories-block\"\n\t\t\t\tdata-wp-context='{\"instanceId\":1}'\t\t\t\tdata-wp-on--click=\"actions.open\"\n\t\t\t\tdata-wp-on-window--popstate=\"actions.onPopstate\"\n\t\t\t\t>\n\t\t\t\t\t\t\t<div class=\"web-stories-list__story-poster\">\n\t\t\t\t<a href=\"https:\/\/www.acordocerto.com.br\/blog\/web-stories\/as-10-cidades-com-mais-bilionarios-do-mundo\/\">\n\t\t\t\t\t<img\n\t\t\t\t\t\tsrc=\"https:\/\/www.acordocerto.com.br\/blog\/wp-content\/uploads\/2024\/05\/cropped-zhou-xian-7tFFO6Mq5L4-unsplash-scaled-1.jpg\"\n\t\t\t\t\t\talt=\"As 10 cidades com mais Bilion\u00e1rios do mundo\"\n\t\t\t\t\t\twidth=\"185\"\n\t\t\t\t\t\theight=\"308\"\n\t\t\t\t\t\t\t\t\t\t\t\t\tsrcset=\"https:\/\/www.acordocerto.com.br\/blog\/wp-content\/uploads\/2024\/05\/cropped-zhou-xian-7tFFO6Mq5L4-unsplash-scaled-1.jpg 640w, https:\/\/www.acordocerto.com.br\/blog\/wp-content\/uploads\/2024\/05\/cropped-zhou-xian-7tFFO6Mq5L4-unsplash-scaled-1-150x200.jpg 150w\"\n\t\t\t\t\t\t\t\t\t\t\t\t\t\t\t\t\t\t\tsizes=\"auto, (max-width: 640px) 100vw, 640px\"\n\t\t\t\t\t\t\t\t\t\t\t\tloading=\"lazy\"\n\t\t\t\t\t\tdecoding=\"async\"\n\t\t\t\t\t>\n\t\t\t\t<\/a>\n\t\t\t<\/div>\n\t\t\t\t\t<div class=\"web-stories-list__story-content-overlay\">\n\t\t\t\t\t\t\t<div class=\"story-content-overlay__title\">\n\t\t\t\t\tAs 10 cidades com mais Bilion\u00e1rios do mundo\t\t\t\t<\/div>\n\t\t\t\n\t\t\t\n\t\t\t\n\t\t\t\t\t<\/div>\n\t\t\t\t\t<\/div>\n\t\t\t\t\t\t<div\n\t\t\t\tclass=\"web-stories-list__story\"\n\t\t\t\tdata-wp-interactive=\"web-stories-block\"\n\t\t\t\tdata-wp-context='{\"instanceId\":1}'\t\t\t\tdata-wp-on--click=\"actions.open\"\n\t\t\t\tdata-wp-on-window--popstate=\"actions.onPopstate\"\n\t\t\t\t>\n\t\t\t\t\t\t\t<div class=\"web-stories-list__story-poster\">\n\t\t\t\t<a href=\"https:\/\/www.acordocerto.com.br\/blog\/web-stories\/como-receber-mais-r540-na-bolsa-do-povo\/\">\n\t\t\t\t\t<img\n\t\t\t\t\t\tsrc=\"https:\/\/www.acordocerto.com.br\/blog\/wp-content\/uploads\/2024\/05\/cropped-Design-sem-nome-1-1.jpg\"\n\t\t\t\t\t\talt=\"Como receber mais R$540 na Bolsa do Povo\"\n\t\t\t\t\t\twidth=\"185\"\n\t\t\t\t\t\theight=\"308\"\n\t\t\t\t\t\t\t\t\t\t\t\t\tsrcset=\"https:\/\/www.acordocerto.com.br\/blog\/wp-content\/uploads\/2024\/05\/cropped-Design-sem-nome-1-1.jpg 640w, https:\/\/www.acordocerto.com.br\/blog\/wp-content\/uploads\/2024\/05\/cropped-Design-sem-nome-1-1-150x200.jpg 150w\"\n\t\t\t\t\t\t\t\t\t\t\t\t\t\t\t\t\t\t\tsizes=\"auto, (max-width: 640px) 100vw, 640px\"\n\t\t\t\t\t\t\t\t\t\t\t\tloading=\"lazy\"\n\t\t\t\t\t\tdecoding=\"async\"\n\t\t\t\t\t>\n\t\t\t\t<\/a>\n\t\t\t<\/div>\n\t\t\t\t\t<div class=\"web-stories-list__story-content-overlay\">\n\t\t\t\t\t\t\t<div class=\"story-content-overlay__title\">\n\t\t\t\t\tComo receber mais R$540 na Bolsa do Povo\t\t\t\t<\/div>\n\t\t\t\n\t\t\t\n\t\t\t\n\t\t\t\t\t<\/div>\n\t\t\t\t\t<\/div>\n\t\t\t\t\t\t\t\t<\/div>\n\t\t\t\t\t<div tabindex=\"0\" aria-label=\"Voltar\" class=\"glider-prev\"><\/div>\n\t\t\t\t\t<div tabindex=\"0\" aria-label=\"Avan\u00e7ar\" class=\"glider-next\"><\/div>\n\t\t\t\t\t\t\t\t<\/div>\n\t\t<\/div>\n\t\t<div style='text-align:center' class='yasr-auto-insert-visitor'><\/div>","protected":false},"excerpt":{"rendered":"<p>Descubra TUDO sobre o desconto vale transporte: veja quem tem direito, quem deve pagar, como calcular e como funciona o desconto. <\/p>\n","protected":false},"author":10,"featured_media":18260,"comment_status":"open","ping_status":"open","sticky":false,"template":"","format":"standard","meta":{"_acf_changed":false,"inline_featured_image":false,"yasr_overall_rating":0,"yasr_post_is_review":"","yasr_auto_insert_disabled":"","yasr_review_type":"","footnotes":""},"categories":[33],"tags":[156],"class_list":["post-18241","post","type-post","status-publish","format-standard","has-post-thumbnail","hentry","category-direitos-e-beneficios","tag-beneficios"],"acf":[],"yasr_visitor_votes":{"stars_attributes":{"read_only":false,"span_bottom":false},"number_of_votes":3,"sum_votes":7},"_links":{"self":[{"href":"https:\/\/www.acordocerto.com.br\/blog\/wp-json\/wp\/v2\/posts\/18241","targetHints":{"allow":["GET"]}}],"collection":[{"href":"https:\/\/www.acordocerto.com.br\/blog\/wp-json\/wp\/v2\/posts"}],"about":[{"href":"https:\/\/www.acordocerto.com.br\/blog\/wp-json\/wp\/v2\/types\/post"}],"author":[{"embeddable":true,"href":"https:\/\/www.acordocerto.com.br\/blog\/wp-json\/wp\/v2\/users\/10"}],"replies":[{"embeddable":true,"href":"https:\/\/www.acordocerto.com.br\/blog\/wp-json\/wp\/v2\/comments?post=18241"}],"version-history":[{"count":2,"href":"https:\/\/www.acordocerto.com.br\/blog\/wp-json\/wp\/v2\/posts\/18241\/revisions"}],"predecessor-version":[{"id":18264,"href":"https:\/\/www.acordocerto.com.br\/blog\/wp-json\/wp\/v2\/posts\/18241\/revisions\/18264"}],"wp:featuredmedia":[{"embeddable":true,"href":"https:\/\/www.acordocerto.com.br\/blog\/wp-json\/wp\/v2\/media\/18260"}],"wp:attachment":[{"href":"https:\/\/www.acordocerto.com.br\/blog\/wp-json\/wp\/v2\/media?parent=18241"}],"wp:term":[{"taxonomy":"category","embeddable":true,"href":"https:\/\/www.acordocerto.com.br\/blog\/wp-json\/wp\/v2\/categories?post=18241"},{"taxonomy":"post_tag","embeddable":true,"href":"https:\/\/www.acordocerto.com.br\/blog\/wp-json\/wp\/v2\/tags?post=18241"}],"curies":[{"name":"wp","href":"https:\/\/api.w.org\/{rel}","templated":true}]}}