{"id":19130,"date":"2025-01-03T08:02:00","date_gmt":"2025-01-03T11:02:00","guid":{"rendered":"https:\/\/www.acordocerto.com.br\/?p=19130"},"modified":"2026-04-22T16:49:43","modified_gmt":"2026-04-22T19:49:43","slug":"quando-sera-pago-o-decimo-terceiro-dos-aposentados","status":"publish","type":"post","link":"https:\/\/www.acordocerto.com.br\/blog\/quando-sera-pago-o-decimo-terceiro-dos-aposentados\/","title":{"rendered":"13\u00ba sal\u00e1rio aposentados INSS 2026: datas de pagamento"},"content":{"rendered":"\n<p>O 13\u00ba sal\u00e1rio dos aposentados e pensionistas do INSS em 2026 ser\u00e1 pago em duas etapas: <strong>24 de abril a 8 de maio<\/strong> (primeira parcela) e <strong>25 de maio a 8 de junho<\/strong> (segunda parcela), seguindo o n\u00famero final do benef\u00edcio. A antecipa\u00e7\u00e3o foi confirmada pelo Decreto n\u00ba 12.884, assinado pelo presidente Luiz In\u00e1cio Lula da Silva em mar\u00e7o de 2026.<\/p>\n\n\n\n<article class=\"cpf-form\">\n\t<div class=\"cpf-form__tag\">\n\t\t<img decoding=\"async\" src=\"https:\/\/www.acordocerto.com.br\/blog\/wp-content\/themes\/temaacordocerto\/assets\/img\/icons\/users.svg\" \/>\n\t\tverifique se h\u00e1 d\u00edvidas no seu nome antes de declarar\t<\/div>\n\t<h2 class=\"cpf-form__title\">Consulte seu CPF<\/h2>\n\n\t<form class=\"cpf-form__content\" id=\"cpf-form\">\n\t\t<div class=\"cpf-form__content-input-holder\">\n\t\t\t<input class=\"cpf-form__content-input\" id=\"cpf-input\" name=\"cpf\" type=\"text\" placeholder=\"Digite seu CPF\" required \/>\n\t\t\t<div class=\"cpf-form__error-message\" id=\"cpf-error-message\">\n\t\t\t\tOps, CPF inv\u00e1lido.\n\t\t\t<\/div>\n\t\t<\/div>\n\t\t<input class=\"cpf-form__content-button\" id=\"cpf-submit\" type=\"submit\" value=\"Consultar CPF Gr\u00e1tis\" \/>\n\t<\/form>\n<\/article>\n\n<script src=\"https:\/\/cdn.jsdelivr.net\/npm\/imask@6.4.0\/dist\/imask.min.js\"><\/script>\n\n<script>\n\twindow.cpRedline = window.cpRedline || {\n\t\ttrack: function(eventName, payload) {\n\t\t\tconsole.log('[TRACK DEBUG]', eventName, payload);\n\t\t}\n\t};\n\n\tfunction validateCPF(cpf) {\n\t\tcpf = cpf.replace(\/\\D\/g, '');\n\n\t\tif (!cpf || cpf.length !== 11) return false;\n\n\t\tif (\/^(\\d)\\1+$\/.test(cpf)) return false;\n\n\t\tlet sum = 0;\n\t\tlet rest;\n\n\t\tfor (let i = 1; i <= 9; i++)\n\t\t\tsum += parseInt(cpf.substring(i - 1, i)) * (11 - i);\n\n\t\trest = (sum * 10) % 11;\n\t\tif (rest === 10 || rest === 11) rest = 0;\n\t\tif (rest !== parseInt(cpf.substring(9, 10))) return false;\n\n\t\tsum = 0;\n\t\tfor (let i = 1; i <= 10; i++)\n\t\t\tsum += parseInt(cpf.substring(i - 1, i)) * (12 - i);\n\n\t\trest = (sum * 10) % 11;\n\t\tif (rest === 10 || rest === 11) rest = 0;\n\t\tif (rest !== parseInt(cpf.substring(10, 11))) return false;\n\n\t\treturn true;\n\t}\n\n\tconst cpfInput = document.getElementById('cpf-input');\n\tconst cpfForm = document.getElementById('cpf-form');\n\tconst submitButton = document.getElementById('cpf-submit');\n\tconst cpfErrorMessage = document.getElementById('cpf-error-message');\n\n\tIMask(cpfInput, {\n\t\tmask: '000.000.000-00'\n\t});\n\n\tfunction showCPFError() {\n\t\tcpfInput.classList.add('cpf-form__content-input--error');\n\t\tsubmitButton.classList.add('cpf-form__content-button--disabled');\n\t\tsubmitButton.disabled = true;\n\t\tcpfErrorMessage.style.display = 'block';\n\t}\n\n\tfunction clearCPFError() {\n\t\tcpfInput.classList.remove('cpf-form__content-input--error');\n\t\tsubmitButton.classList.remove('cpf-form__content-button--disabled');\n\t\tsubmitButton.disabled = false;\n\t\tcpfErrorMessage.style.display = 'none';\n\t}\n\n\tcpfInput.addEventListener('input', () => {\n\t\tif (validateCPF(cpfInput.value)) {\n\t\t\tclearCPFError();\n\t\t}\n\t});\n\n\tcpfForm.addEventListener('submit', function(event) {\n\t\tevent.preventDefault();\n\n\t\tconst cpf = cpfInput.value;\n\n\t\tif (!validateCPF(cpf)) {\n\t\t\tshowCPFError();\n\n\t\t\tif (window.cpRedline?.track) {\n\t\t\t\twindow.cpRedline.track('userTracking.ElementViewed.v1', {\n\t\t\t\t\twebElement: {\n\t\t\t\t\t\tname: 'CPF inv\u00e1lido',\n\t\t\t\t\t\telementType: 'content',\n\t\t\t\t\t\ttext: 'Ops, CPF inv\u00e1lido. Por favor, confira os d\u00edgitos do seu CPF e tente novamente.',\n\t\t\t\t\t\tlocation: window.location.href,\n\t\t\t\t\t}\n\t\t\t\t});\n\t\t\t}\n\n\t\t\treturn;\n\t\t}\n\n\t\tclearCPFError();\n\n\t\tconst cleanCpf = cpf.replace(\/\\D\/g, '');\n\t\tconst encodedCpf = btoa(cleanCpf);\n\t\tconst url = 'https:\/\/app.acordocerto.com.br\/login?c=' + encodeURIComponent(encodedCpf);\n\n\t\twindow.location.href = url;\n\t});\n<\/script>\n\n\n<p>Ao todo, mais de <strong>35 milh\u00f5es de benefici\u00e1rios<\/strong> ser\u00e3o contemplados, com uma inje\u00e7\u00e3o estimada de <strong>R$ 78,2 bilh\u00f5es<\/strong> na economia. Neste guia, voc\u00ea confere o calend\u00e1rio atualizado, quem tem direito, como consultar no <strong>Meu <\/strong><a href=\"https:\/\/www.acordocerto.com.br\/blog\/o-que-e-inss\/\"><strong>INSS<\/strong><\/a> e as principais regras sobre valores, descontos e novidades.<\/p>\n\n\n\n\n\n<article\n  class=\"custom-post-block\"\n  style=\"background-color: #ebeef5; color: #506172;\"\n>\n  \n\n<h2 class=\"wp-block-heading\"><strong>\u00daltimas not\u00edcias sobre 13\u00ba dos aposentados<\/strong><\/h2>\n\n\n\n<p>\ud83d\udca1 Governo confirma: o presidente Lula assinou em mar\u00e7o de 2026 o Decreto n\u00ba 12.884, antecipando o 13\u00ba de aposentados e pensionistas para abril e maio, conforme <a href=\"https:\/\/www.gov.br\/previdencia\/pt-br\/noticias\/2026\/marco\/aposentados-e-pensionistas-do-inss-terao-o-13deg-salario-antecipado-para-os-meses-de-abril-e-maio\" target=\"_blank\" rel=\"noreferrer noopener\">site oficial Gov.br<\/a>.<\/p>\n\n\n\n<p>\ud83d\udca1 Pagamentos iniciam em 24 de abril: o INSS confirma que os dep\u00f3sitos da 1\u00aa parcela do 13\u00ba come\u00e7am nesta data, beneficiando mais de 35,2 milh\u00f5es de segurados e movimentando R$ 78,2 bilh\u00f5es na economia, segundo a <a href=\"https:\/\/agenciabrasil.ebc.com.br\/economia\/noticia\/2026-04\/aposentados-e-pensionistas-do-inss-podem-consultar-antecipacao-do-13o\" target=\"_blank\" rel=\"noreferrer noopener\">Ag\u00eancia Brasil<\/a>.<\/p>\n\n\n\n<p>\ud83d\udca1 Aten\u00e7\u00e3o contra golpes: o INSS refor\u00e7a que n\u00e3o solicita senhas, fotos de documentos pelo WhatsApp nem faz liga\u00e7\u00f5es pedindo dados banc\u00e1rios em troca da libera\u00e7\u00e3o do 13\u00ba.<\/p>\n\n<\/article>\n\n\n\n<h2 class=\"wp-block-heading\"><strong>Quando vai ser pago o d\u00e9cimo terceiro dos aposentados em 2026?<\/strong><\/h2>\n\n\n\n<p>O 13\u00ba sal\u00e1rio dos aposentados e pensionistas do INSS em 2026 ser\u00e1 antecipado pelo s\u00e9timo ano seguido. O decreto presidencial, assinado em mar\u00e7o de 2026, estabelece a primeira parcela entre <strong>24 de abril e 8 de maio<\/strong> e a segunda entre <strong>25 de maio e 8 de junho<\/strong>, seguindo o n\u00famero final do benef\u00edcio, de <strong>1 a 0<\/strong>.<\/p>\n\n\n\n<h2 class=\"wp-block-heading\"><strong>Calend\u00e1rio de pagamento do 13\u00ba sal\u00e1rio dos aposentados 2026<\/strong><\/h2>\n\n\n\n<p>O pagamento do 13\u00ba sal\u00e1rio do INSS em 2026 ser\u00e1 dividido em duas parcelas, de acordo com o <strong>n\u00famero final do benef\u00edcio<\/strong>. Os dep\u00f3sitos seguem o calend\u00e1rio oficial abaixo:<\/p>\n\n\n\n<h3 class=\"wp-block-heading\">Pagamentos da 1\u00aa parcela<\/h3>\n\n\n\n<p>Destinada a benefici\u00e1rios que recebem <strong>at\u00e9 <\/strong><a href=\"https:\/\/www.acordocerto.com.br\/blog\/quanto-custa-o-salario-minimo\/\"><strong>1 sal\u00e1rio m\u00ednimo<\/strong><\/a>, a primeira parcela ser\u00e1 liberada entre <strong>24 de abril e 8 de maio<\/strong>, conforme a ordem de numera\u00e7\u00e3o do benef\u00edcio. O 1\u00ba de maio (Dia do Trabalho) \u00e9 feriado nacional e n\u00e3o h\u00e1 pagamentos nessa data.<\/p>\n\n\n\n<h3 class=\"wp-block-heading\">Tabela do 13 sal\u00e1rio dos aposentados 2026 &#8211; Pagamentos da 1\u00aa parcela<\/h3>\n\n\n\n<figure class=\"wp-block-table\"><table class=\"has-fixed-layout\"><thead><tr><th class=\"has-text-align-left\" data-align=\"left\">Final do benef\u00edcio<\/th><th class=\"has-text-align-left\" data-align=\"left\">Data do dep\u00f3sito do 13\u00ba sal\u00e1rio de 2026<br>1\u00aa parcela<\/th><\/tr><\/thead><tbody><tr><td class=\"has-text-align-left\" data-align=\"left\">1<\/td><td class=\"has-text-align-left\" data-align=\"left\">24 de abril de 2026 (sexta-feira)<\/td><\/tr><tr><td class=\"has-text-align-left\" data-align=\"left\">2<\/td><td class=\"has-text-align-left\" data-align=\"left\">27 de abril de 2026 (segunda-feira)<\/td><\/tr><tr><td class=\"has-text-align-left\" data-align=\"left\">3<\/td><td class=\"has-text-align-left\" data-align=\"left\">28 de abril de 2026 (ter\u00e7a-feira)<\/td><\/tr><tr><td class=\"has-text-align-left\" data-align=\"left\">4<\/td><td class=\"has-text-align-left\" data-align=\"left\">29 de abril de 2026 (quarta-feira)<\/td><\/tr><tr><td class=\"has-text-align-left\" data-align=\"left\">5<\/td><td class=\"has-text-align-left\" data-align=\"left\">30 de abril de 2026 (quinta-feira)<\/td><\/tr><tr><td class=\"has-text-align-left\" data-align=\"left\">6<\/td><td class=\"has-text-align-left\" data-align=\"left\">04 de maio de 2026 (segunda-feira)<\/td><\/tr><tr><td class=\"has-text-align-left\" data-align=\"left\">7<\/td><td class=\"has-text-align-left\" data-align=\"left\">05 de maio de 2026 (ter\u00e7a-feira)<\/td><\/tr><tr><td class=\"has-text-align-left\" data-align=\"left\">8<\/td><td class=\"has-text-align-left\" data-align=\"left\">06 de maio de 2026 (quarta-feira)<\/td><\/tr><tr><td class=\"has-text-align-left\" data-align=\"left\">9<\/td><td class=\"has-text-align-left\" data-align=\"left\">07 de maio de 2026 (quinta-feira)<\/td><\/tr><tr><td class=\"has-text-align-left\" data-align=\"left\">0<\/td><td class=\"has-text-align-left\" data-align=\"left\">08 de maio de 2026 (sexta-feira)<\/td><\/tr><\/tbody><\/table><\/figure>\n\n\n\n<div class=\"cta-btn-block\">\n  <a class=\"cta-btn\" href=\"https:\/\/app.acordocerto.com.br\/login?utm_source=blog&amp;utm_medium=acordocerto&amp;utm_term=cta-post\" target=\"_blank\">Consulte seu CPF<\/a>\n<\/div>\n\n\n\n<h3 class=\"wp-block-heading\">Pagamentos da 2\u00aa parcela<\/h3>\n\n\n\n<p>A segunda parcela ser\u00e1 paga de <strong>25 de maio a 8 de junho<\/strong>, tamb\u00e9m seguindo o n\u00famero final do benef\u00edcio. A data de 4 de junho (Corpus Christi) \u00e9 feriado nacional e n\u00e3o h\u00e1 dep\u00f3sitos nesse dia.<\/p>\n\n\n\n<h3 class=\"wp-block-heading\">Tabela do 13 sal\u00e1rio dos aposentados 2026 &#8211; Pagamentos da 2\u00aa parcela<\/h3>\n\n\n\n<figure class=\"wp-block-table\"><table class=\"has-fixed-layout\"><thead><tr><th class=\"has-text-align-left\" data-align=\"left\">Final do benef\u00edcio<\/th><th class=\"has-text-align-left\" data-align=\"left\">Data do dep\u00f3sito do 13\u00ba sal\u00e1rio de 2026<br>2\u00aa parcela<\/th><\/tr><\/thead><tbody><tr><td class=\"has-text-align-left\" data-align=\"left\">1<\/td><td class=\"has-text-align-left\" data-align=\"left\">25 de maio de 2026 (segunda-feira)<\/td><\/tr><tr><td class=\"has-text-align-left\" data-align=\"left\">2<\/td><td class=\"has-text-align-left\" data-align=\"left\">26 de maio de 2026 (ter\u00e7a-feira)<\/td><\/tr><tr><td class=\"has-text-align-left\" data-align=\"left\">3<\/td><td class=\"has-text-align-left\" data-align=\"left\">27 de maio de 2026 (quarta-feira)<\/td><\/tr><tr><td class=\"has-text-align-left\" data-align=\"left\">4<\/td><td class=\"has-text-align-left\" data-align=\"left\">28 de maio de 2026 (quinta-feira)<\/td><\/tr><tr><td class=\"has-text-align-left\" data-align=\"left\">5<\/td><td class=\"has-text-align-left\" data-align=\"left\">29 de maio de 2026 (sexta-feira)<\/td><\/tr><tr><td class=\"has-text-align-left\" data-align=\"left\">6<\/td><td class=\"has-text-align-left\" data-align=\"left\">01 de junho de 2026 (segunda-feira)<\/td><\/tr><tr><td class=\"has-text-align-left\" data-align=\"left\">7<\/td><td class=\"has-text-align-left\" data-align=\"left\">02 de junho de 2026 (ter\u00e7a-feira)<\/td><\/tr><tr><td class=\"has-text-align-left\" data-align=\"left\">8<\/td><td class=\"has-text-align-left\" data-align=\"left\">03 de junho de 2026 (quarta-feira)<\/td><\/tr><tr><td class=\"has-text-align-left\" data-align=\"left\">9<\/td><td class=\"has-text-align-left\" data-align=\"left\">05 de junho de 2026 (sexta-feira)<\/td><\/tr><tr><td class=\"has-text-align-left\" data-align=\"left\">0<\/td><td class=\"has-text-align-left\" data-align=\"left\">08 de junho de 2026 (segunda-feira)<\/td><\/tr><\/tbody><\/table><\/figure>\n\n\n\n<h3 class=\"wp-block-heading\">Calend\u00e1rios anteriores do 13\u00ba sal\u00e1rio do INSS<\/h3>\n\n\n\n<p>Desde 2020, o governo federal vem <a href=\"https:\/\/www.acordocerto.com.br\/blog\/antecipacao-do-13o-do-inss-saiba-como-funciona-e-planeje-suas-financas\/\"><strong>antecipando o 13\u00ba sal\u00e1rio<\/strong><\/a><strong> para o primeiro semestre<\/strong>. Abaixo, veja como ocorreram os pagamentos nos \u00faltimos anos:<\/p>\n\n\n\n<figure class=\"wp-block-table\"><table class=\"has-fixed-layout\"><thead><tr><th class=\"has-text-align-left\" data-align=\"left\"><strong>Ano<\/strong><\/th><th class=\"has-text-align-left\" data-align=\"left\"><strong>1\u00aa Parcela<\/strong><\/th><th class=\"has-text-align-left\" data-align=\"left\"><strong>2\u00aa Parcela<\/strong><\/th><\/tr><\/thead><tbody><tr><td class=\"has-text-align-left\" data-align=\"left\">2020<\/td><td class=\"has-text-align-left\" data-align=\"left\">Abril\/Maio<\/td><td class=\"has-text-align-left\" data-align=\"left\">Maio\/Junho<\/td><\/tr><tr><td class=\"has-text-align-left\" data-align=\"left\">2021<\/td><td class=\"has-text-align-left\" data-align=\"left\">Maio\/Junho<\/td><td class=\"has-text-align-left\" data-align=\"left\">Junho\/Julho<\/td><\/tr><tr><td class=\"has-text-align-left\" data-align=\"left\">2022<\/td><td class=\"has-text-align-left\" data-align=\"left\">Abril\/Maio<\/td><td class=\"has-text-align-left\" data-align=\"left\">Maio\/Junho<\/td><\/tr><tr><td class=\"has-text-align-left\" data-align=\"left\">2023<\/td><td class=\"has-text-align-left\" data-align=\"left\">Maio\/Junho<\/td><td class=\"has-text-align-left\" data-align=\"left\">Junho\/Julho<\/td><\/tr><tr><td class=\"has-text-align-left\" data-align=\"left\">2024<\/td><td class=\"has-text-align-left\" data-align=\"left\">Abril\/Maio<\/td><td class=\"has-text-align-left\" data-align=\"left\">Maio\/Junho<\/td><\/tr><tr><td class=\"has-text-align-left\" data-align=\"left\">2025<\/td><td class=\"has-text-align-left\" data-align=\"left\">Abril\/Maio<\/td><td class=\"has-text-align-left\" data-align=\"left\">Maio\/Junho<\/td><\/tr><tr><td class=\"has-text-align-left\" data-align=\"left\"><strong>2026<\/strong><\/td><td class=\"has-text-align-left\" data-align=\"left\"><strong>Abril\/Maio<\/strong><\/td><td class=\"has-text-align-left\" data-align=\"left\"><strong>Maio\/Junho<\/strong><\/td><\/tr><\/tbody><\/table><\/figure>\n\n\n\n\n\n\n<h3 class=\"wp-block-heading\">Como foi em 2025: pagamentos em parcela \u00fanica para novos benefici\u00e1rios<\/h3>\n\n\n\n<p>Em 2025, os segurados que come\u00e7aram a <a href=\"https:\/\/www.acordocerto.com.br\/blog\/pagamento-do-inss\/\">receber benef\u00edcios do INSS<\/a> <strong>a partir de junho<\/strong> tiveram o 13\u00ba pago em <strong>parcela \u00fanica<\/strong>, entre novembro e dezembro, junto ao benef\u00edcio mensal.<\/p>\n\n\n\n<p>Al\u00e9m dos novos aposentados e pensionistas que recebiam at\u00e9 1 sal\u00e1rio m\u00ednimo, a regra tamb\u00e9m valeu para quem recebia <strong>aux\u00edlio por incapacidade tempor\u00e1ria, aux\u00edlio-acidente, pens\u00e3o por morte, aux\u00edlio-reclus\u00e3o e sal\u00e1rio-maternidade<\/strong>.<\/p>\n\n\n\n<div class=\"cta-btn-block\">\n  <a class=\"cta-btn\" href=\"https:\/\/app.acordocerto.com.br\/login?utm_source=blog&amp;utm_medium=acordocerto&amp;utm_term=cta-post\" target=\"_blank\">Consulte seu CPF<\/a>\n<\/div>\n\n\n\n<h2 class=\"wp-block-heading\"><strong>Como consultar o 13\u00ba dos aposentados?<\/strong><\/h2>\n\n\n\n<p>Os aposentados e pensionistas podem confirmar as datas de pagamento pelo <strong>Meu INSS<\/strong>, dispon\u00edvel em aplicativo (Android e iOS) e no site <a href=\"https:\/\/meu.inss.gov.br\" target=\"_blank\" rel=\"noreferrer noopener\">meu.inss.gov.br<\/a>. O acesso \u00e9 feito com <a href=\"https:\/\/acordocerto.com.br\/blog\/cpf-o-que-e\/\"><strong>CPF<\/strong><\/a> e a mesma senha cadastrada na conta <strong>gov.br<\/strong>.<\/p>\n\n\n\n<h3 class=\"wp-block-heading\">Passo a passo no Meu INSS<\/h3>\n\n\n\n<ol class=\"wp-block-list\">\n<li>Acesse o aplicativo ou site Meu INSS.<\/li>\n\n\n\n<li>Fa\u00e7a login com CPF e senha gov.br.<\/li>\n\n\n\n<li>No menu inicial, clique em <strong>&#8220;Extrato de Pagamento&#8221;<\/strong>.<\/li>\n\n\n\n<li>O sistema mostra automaticamente a <strong>data prevista para o dep\u00f3sito<\/strong> do benef\u00edcio e do 13\u00ba sal\u00e1rio.<\/li>\n<\/ol>\n\n\n\n<h3 class=\"wp-block-heading\">Outros canais de consulta<\/h3>\n\n\n\n<ul class=\"wp-block-list\">\n<li><strong>Central 135<\/strong>: atendimento telef\u00f4nico de segunda a s\u00e1bado, das 7h \u00e0s 22h.<\/li>\n\n\n\n<li><strong>Ag\u00eancias do INSS<\/strong>: mediante agendamento pr\u00e9vio pelo site ou pelo aplicativo.<\/li>\n<\/ul>\n\n\n\n<h2 class=\"wp-block-heading\"><strong>Quem tem direito ao 13\u00ba sal\u00e1rio do INSS?<\/strong><\/h2>\n\n\n\n<p>O 13\u00ba sal\u00e1rio \u00e9 garantido por lei a todos os <strong>segurados da Previd\u00eancia Social que recebem benef\u00edcios previdenci\u00e1rios<\/strong>. O valor corresponde ao benef\u00edcio mensal e pode ser pago de forma integral ou proporcional, dependendo da data de in\u00edcio do benef\u00edcio.<\/p>\n\n\n\n<h3 class=\"wp-block-heading\"><strong>Aposentados<\/strong><\/h3>\n\n\n\n<p>Todos os <a href=\"https:\/\/www.acordocerto.com.br\/blog\/prova-de-vida-inss\/\">aposentados do INSS<\/a> recebem o 13\u00ba, independentemente do tipo de aposentadoria: por idade, tempo de contribui\u00e7\u00e3o, invalidez ou especial. Quem se aposentou ao longo do ano recebe o valor de forma <strong>proporcional<\/strong> aos meses em que recebeu o benef\u00edcio.<\/p>\n\n\n\n<div class=\"cta-btn-block\">\n  <a class=\"cta-btn\" href=\"https:\/\/app.acordocerto.com.br\/login?utm_source=blog&amp;utm_medium=acordocerto&amp;utm_term=cta-post\" target=\"_blank\">Consulte seu CPF<\/a>\n<\/div>\n\n\n\n<h3 class=\"wp-block-heading\"><strong>Pensionistas<\/strong><\/h3>\n\n\n\n<p>Os pensionistas do INSS tamb\u00e9m t\u00eam direito ao 13\u00ba, integral ou proporcional, conforme o per\u00edodo em que a pens\u00e3o foi concedida.<\/p>\n\n\n\n<h3 class=\"wp-block-heading\"><strong>Benefici\u00e1rios do BPC<\/strong><\/h3>\n\n\n\n<p>Os benefici\u00e1rios do <strong>Benef\u00edcio de Presta\u00e7\u00e3o Continuada (BPC\/LOAS)<\/strong> n\u00e3o recebem 13\u00ba sal\u00e1rio. O BPC tem car\u00e1ter <strong>assistencial<\/strong>, n\u00e3o previdenci\u00e1rio, e garante apenas um sal\u00e1rio m\u00ednimo mensal a idosos e pessoas com defici\u00eancia em situa\u00e7\u00e3o de vulnerabilidade.<\/p>\n\n\n\n<p>Leia tamb\u00e9m:<\/p>\n\n\n\n<ol class=\"wp-block-list\">\n<li><a href=\"https:\/\/www.acordocerto.com.br\/blog\/aposentadoria-proporcional\/\">Aposentadoria proporcional: saiba como funciona e qual o valor!<\/a><\/li>\n\n\n\n<li><a href=\"https:\/\/www.acordocerto.com.br\/blog\/14-salario\/\">14 sal\u00e1rio dos aposentados: confira quem tem direito e quando receber<\/a><\/li>\n\n\n\n<li><a href=\"https:\/\/www.acordocerto.com.br\/blog\/emprestimo-para-aposentado\/\">Empr\u00e9stimo para Aposentado: como conseguir e 5 cuidados para n\u00e3o cair em golpes<\/a><\/li>\n<\/ol>\n\n\n\n<h2 class=\"wp-block-heading\"><strong>Como \u00e9 calculado o valor do 13\u00ba sal\u00e1rio do INSS?<\/strong><\/h2>\n\n\n\n<p>O 13\u00ba sal\u00e1rio dos aposentados e pensionistas do INSS corresponde, em regra, ao <strong>valor do benef\u00edcio mensal recebido<\/strong>. Quem come\u00e7ou a receber ao longo do ano tem direito apenas ao valor <strong>proporcional<\/strong> aos meses de recebimento.<\/p>\n\n\n\n<h3 class=\"wp-block-heading\"><strong>C\u00e1lculo b\u00e1sico<\/strong><\/h3>\n\n\n\n<p>Para calcular o 13\u00ba sal\u00e1rio, multiplica-se o valor do benef\u00edcio pelo n\u00famero de meses recebidos no ano, dividido por 12.<\/p>\n\n\n\n<article\n  class=\"custom-post-block\"\n  style=\"background-color: #ebeef5; color: #506172;\"\n>\n  \n\n<p>F\u00f3rmula: Valor do 13\u00ba = (Valor do benef\u00edcio x N\u00famero de meses recebidos) \u00f7 12<\/p>\n\n<\/article>\n\n\n\n<h3 class=\"wp-block-heading\">Exemplo pr\u00e1tico<\/h3>\n\n\n\n<p>Um segurado que recebe <strong>R$ 1.621,00<\/strong> (1 sal\u00e1rio m\u00ednimo em 2026) e passou a receber o benef\u00edcio em mar\u00e7o ter\u00e1 direito a <strong>10\/12 do valor<\/strong>, ou seja, <strong>R$ 1.350,83<\/strong> como 13\u00ba sal\u00e1rio.<\/p>\n\n\n\n<h3 class=\"wp-block-heading\"><strong>Descontos<\/strong><\/h3>\n\n\n\n<p>O d\u00e9cimo terceiro dos aposentados 2026 pode sofrer descontos de Imposto de Renda, aplicado apenas na segunda parcela do benef\u00edcio. A al\u00edquota varia conforme o valor do benef\u00edcio.<\/p>\n\n\n\n<p>O desconto do IR segue a tabela progressiva da Receita Federal. Benefici\u00e1rios que recebem at\u00e9 R$2.824,00 s\u00e3o isentos em 2026. Acima desse valor, as al\u00edquotas variam de 7,5% a 27,5%.<\/p>\n\n\n\n<h2 class=\"wp-block-heading\"><strong>Novidades e altera\u00e7\u00f5es no 13\u00ba sal\u00e1rio do INSS<\/strong><\/h2>\n\n\n\n<h3 class=\"wp-block-heading\"><strong>Mudan\u00e7as nas regras<\/strong><\/h3>\n\n\n\n<p>As regras do 13\u00ba sal\u00e1rio seguem praticamente as mesmas dos \u00faltimos anos. A principal caracter\u00edstica mantida em 2026 \u00e9 a <strong>antecipa\u00e7\u00e3o dos pagamentos para o primeiro semestre<\/strong>, medida adotada desde 2020. Essa pr\u00e1tica beneficia os segurados, que recebem o dinheiro mais cedo, e tamb\u00e9m a economia, ao injetar bilh\u00f5es de reais no mercado ainda no primeiro semestre.<\/p>\n\n\n\n<h3 class=\"wp-block-heading\"><strong>Impacto da infla\u00e7\u00e3o<\/strong><\/h3>\n\n\n\n<p>O valor do 13\u00ba sal\u00e1rio \u00e9 ajustado conforme os <strong>reajustes anuais aplicados aos benef\u00edcios do INSS<\/strong>. Em 2026, o reajuste dos benef\u00edcios acima do sal\u00e1rio m\u00ednimo seguiu o <strong>INPC (\u00cdndice Nacional de Pre\u00e7os ao Consumidor)<\/strong>, de 3,9%, o que ajuda a manter o poder de compra dos aposentados e pensionistas.<\/p>\n\n\n\n<div class=\"cta-btn-block\">\n  <a class=\"cta-btn\" href=\"https:\/\/app.acordocerto.com.br\/login?utm_source=blog&amp;utm_medium=acordocerto&amp;utm_term=cta-post\" target=\"_blank\">Consulte seu CPF<\/a>\n<\/div>\n\n\n\n<h2 class=\"wp-block-heading\"><strong>Dicas para os aposentados<\/strong><\/h2>\n\n\n\n<h3 class=\"wp-block-heading\"><strong>Planejamento financeiro<\/strong><\/h3>\n\n\n\n<p>O 13\u00ba sal\u00e1rio pode ser uma boa oportunidade para refor\u00e7ar a sa\u00fade financeira. Algumas formas de usar o benef\u00edcio com seguran\u00e7a:<\/p>\n\n\n\n<ol class=\"wp-block-list\">\n<li>Renegociar d\u00edvidas em atraso com desconto;<\/li>\n\n\n\n<li>Criar ou aumentar a <strong>reserva de emerg\u00eancia<\/strong>;<\/li>\n\n\n\n<li>Realizar consultas e exames m\u00e9dicos;<\/li>\n\n\n\n<li>Fazer pequenos investimentos;<\/li>\n\n\n\n<li>Cuidar da manuten\u00e7\u00e3o da casa;<\/li>\n\n\n\n<li>Planejar uma viagem com anteced\u00eancia.<\/li>\n<\/ol>\n\n\n\n<h3 class=\"wp-block-heading\"><strong>Cuidados com golpes<\/strong><\/h3>\n\n\n\n<p>No per\u00edodo de pagamento do 13\u00ba, \u00e9 comum o aumento de fraudes. Os benefici\u00e1rios devem ficar atentos a sinais de golpe, como:<\/p>\n\n\n\n<ul class=\"wp-block-list\">\n<li>Liga\u00e7\u00f5es pedindo <strong>dados pessoais ou banc\u00e1rios<\/strong>;<\/li>\n\n\n\n<li>Mensagens de WhatsApp com links para &#8220;atualiza\u00e7\u00e3o cadastral&#8221;;<\/li>\n\n\n\n<li>E-mails falsos imitando comunicados do INSS;<\/li>\n\n\n\n<li>Pessoas oferecendo suposta &#8220;antecipa\u00e7\u00e3o&#8221; do 13\u00ba;<\/li>\n\n\n\n<li>SMS ou sites falsos simulando o portal <strong>Meu INSS<\/strong>;<\/li>\n\n\n\n<li>Telefonemas sobre bloqueio inexistente do benef\u00edcio.<\/li>\n<\/ul>\n\n\n\n<h2 class=\"wp-block-heading\"><strong>Conclus\u00e3o<\/strong><\/h2>\n\n\n\n<p>O 13\u00ba sal\u00e1rio do INSS beneficia mais de <strong>35 milh\u00f5es de brasileiros<\/strong> e em 2026 ser\u00e1 pago em <strong>abril, maio e junho<\/strong>. Para n\u00e3o perder informa\u00e7\u00f5es importantes, consulte sempre o calend\u00e1rio oficial pelo aplicativo ou site <strong>Meu INSS<\/strong> ou pela Central <strong>135<\/strong>.<\/p>\n\n\n\n<p>A Central de Atendimento funciona de segunda a s\u00e1bado das 7h \u00e0s 22h. Em caso de necessidade de atendimento presencial, agende sua visita em uma ag\u00eancia do INSS pela internet ou pelo telefone.<\/p>\n\n\n\n<div class=\"cta-btn-block\">\n  <a class=\"cta-btn\" href=\"https:\/\/app.acordocerto.com.br\/login?utm_source=blog&amp;utm_medium=acordocerto&amp;utm_term=cta-post\" target=\"_blank\">Consulte seu CPF<\/a>\n<\/div>\n\n\n<div id=\"rank-math-faq\" class=\"rank-math-block\">\n<div class=\"rank-math-list \">\n<div id=\"faq-question-1744121498158\" class=\"rank-math-list-item\">\n<h3 class=\"rank-math-question \"><strong>Quando vai ser pago o 13\u00ba dos aposentados em 2026?<\/strong><\/h3>\n<div class=\"rank-math-answer \">\n\n<p>O presidente Luiz In\u00e1cio Lula da Silva assinou em mar\u00e7o de 2026 o Decreto n\u00ba 12.884, confirmando a antecipa\u00e7\u00e3o do 13\u00ba dos aposentados do INSS. A primeira parcela ser\u00e1 paga de 24 de abril a 8 de maio e a segunda de 25 de maio a 8 de junho de 2026, conforme o n\u00famero final do benef\u00edcio, de 1 a 0.<\/p>\n\n<\/div>\n<\/div>\n<div id=\"faq-question-1756238508789\" class=\"rank-math-list-item\">\n<h3 class=\"rank-math-question \">Quem tem direito ao 13\u00ba sal\u00e1rio do INSS?<\/h3>\n<div class=\"rank-math-answer \">\n\n<p>Todos os segurados que recebem benef\u00edcios previdenci\u00e1rios do INSS t\u00eam direito ao 13\u00ba: aposentados, pensionistas, quem recebe aux\u00edlio-acidente, aux\u00edlio-reclus\u00e3o, sal\u00e1rio-maternidade ou aux\u00edlio por incapacidade tempor\u00e1ria. O pagamento pode ser integral ou proporcional, dependendo da data de in\u00edcio do benef\u00edcio ao longo do ano.<\/p>\n\n<\/div>\n<\/div>\n<div id=\"faq-question-1756238523063\" class=\"rank-math-list-item\">\n<h3 class=\"rank-math-question \">Benefici\u00e1rios do BPC recebem o 13\u00ba sal\u00e1rio?<\/h3>\n<div class=\"rank-math-answer \">\n\n<p>N\u00e3o. O BPC\/LOAS \u00e9 um benef\u00edcio de car\u00e1ter assistencial, n\u00e3o previdenci\u00e1rio, e garante apenas um sal\u00e1rio m\u00ednimo mensal a idosos e pessoas com defici\u00eancia em situa\u00e7\u00e3o de vulnerabilidade. Por isso, n\u00e3o h\u00e1 previs\u00e3o legal para o pagamento do 13\u00ba sal\u00e1rio aos benefici\u00e1rios do BPC.<\/p>\n\n<\/div>\n<\/div>\n<div id=\"faq-question-1756238533463\" class=\"rank-math-list-item\">\n<h3 class=\"rank-math-question \">O 13\u00ba sal\u00e1rio do INSS tem desconto de Imposto de Renda?<\/h3>\n<div class=\"rank-math-answer \">\n\n<p>Sim. O Imposto de Renda incide apenas sobre a segunda parcela do 13\u00ba sal\u00e1rio. A tributa\u00e7\u00e3o segue a tabela progressiva da Receita Federal vigente em 2026: segurados que recebem at\u00e9 R$ 2.824,00 s\u00e3o isentos; acima desse valor, a al\u00edquota varia de 7,5% a 27,5%, conforme a faixa de rendimento.<\/p>\n\n<\/div>\n<\/div>\n<div id=\"faq-question-1756238544999\" class=\"rank-math-list-item\">\n<h3 class=\"rank-math-question \">Como consultar o pagamento do 13\u00ba no Meu INSS?<\/h3>\n<div class=\"rank-math-answer \">\n\n<p>Para consultar, basta acessar o aplicativo ou site Meu INSS, fazer login com CPF e senha gov.br e clicar em &#8220;Extrato de Pagamento&#8221;. O sistema mostra as datas previstas para o dep\u00f3sito. Tamb\u00e9m \u00e9 poss\u00edvel confirmar pela Central 135 ou em ag\u00eancias do INSS com agendamento pr\u00e9vio.<\/p>\n\n<\/div>\n<\/div>\n<div id=\"faq-question-1756238555921\" class=\"rank-math-list-item\">\n<h3 class=\"rank-math-question \">Como foi o pagamento do 13\u00ba do INSS em 2025?<\/h3>\n<div class=\"rank-math-answer \">\n\n<p>Em 2025, o 13\u00ba tamb\u00e9m foi antecipado para o primeiro semestre: a primeira parcela foi paga de 24 de abril a 8 de maio e a segunda de 26 de maio a 6 de junho. Segurados que come\u00e7aram a receber benef\u00edcios a partir de junho de 2025 tiveram o 13\u00ba pago em parcela \u00fanica no segundo semestre.<\/p>\n\n<\/div>\n<\/div>\n<\/div>\n<\/div><div style='text-align:center' class='yasr-auto-insert-visitor'><\/div>","protected":false},"excerpt":{"rendered":"<p>O 13\u00ba dos aposentados e pensionistas do INSS em 2026 ser\u00e1 pago em duas parcelas, conforme o final do benef\u00edcio. Veja mais. <\/p>\n","protected":false},"author":10,"featured_media":19132,"comment_status":"open","ping_status":"open","sticky":false,"template":"","format":"standard","meta":{"_acf_changed":false,"inline_featured_image":false,"yasr_overall_rating":0,"yasr_post_is_review":"","yasr_auto_insert_disabled":"","yasr_review_type":"","footnotes":""},"categories":[33],"tags":[627],"class_list":["post-19130","post","type-post","status-publish","format-standard","has-post-thumbnail","hentry","category-direitos-e-beneficios","tag-auxilio-do-governo"],"acf":[],"yasr_visitor_votes":{"stars_attributes":{"read_only":false,"span_bottom":false},"number_of_votes":17,"sum_votes":80},"_links":{"self":[{"href":"https:\/\/www.acordocerto.com.br\/blog\/wp-json\/wp\/v2\/posts\/19130","targetHints":{"allow":["GET"]}}],"collection":[{"href":"https:\/\/www.acordocerto.com.br\/blog\/wp-json\/wp\/v2\/posts"}],"about":[{"href":"https:\/\/www.acordocerto.com.br\/blog\/wp-json\/wp\/v2\/types\/post"}],"author":[{"embeddable":true,"href":"https:\/\/www.acordocerto.com.br\/blog\/wp-json\/wp\/v2\/users\/10"}],"replies":[{"embeddable":true,"href":"https:\/\/www.acordocerto.com.br\/blog\/wp-json\/wp\/v2\/comments?post=19130"}],"version-history":[{"count":9,"href":"https:\/\/www.acordocerto.com.br\/blog\/wp-json\/wp\/v2\/posts\/19130\/revisions"}],"predecessor-version":[{"id":20769,"href":"https:\/\/www.acordocerto.com.br\/blog\/wp-json\/wp\/v2\/posts\/19130\/revisions\/20769"}],"wp:featuredmedia":[{"embeddable":true,"href":"https:\/\/www.acordocerto.com.br\/blog\/wp-json\/wp\/v2\/media\/19132"}],"wp:attachment":[{"href":"https:\/\/www.acordocerto.com.br\/blog\/wp-json\/wp\/v2\/media?parent=19130"}],"wp:term":[{"taxonomy":"category","embeddable":true,"href":"https:\/\/www.acordocerto.com.br\/blog\/wp-json\/wp\/v2\/categories?post=19130"},{"taxonomy":"post_tag","embeddable":true,"href":"https:\/\/www.acordocerto.com.br\/blog\/wp-json\/wp\/v2\/tags?post=19130"}],"curies":[{"name":"wp","href":"https:\/\/api.w.org\/{rel}","templated":true}]}}