{"id":19156,"date":"2025-01-16T20:35:36","date_gmt":"2025-01-16T23:35:36","guid":{"rendered":"https:\/\/www.acordocerto.com.br\/?p=19156"},"modified":"2026-02-05T15:09:01","modified_gmt":"2026-02-05T18:09:01","slug":"como-saber-se-tenho-direito-ao-pis","status":"publish","type":"post","link":"https:\/\/www.acordocerto.com.br\/blog\/como-saber-se-tenho-direito-ao-pis\/","title":{"rendered":"Como saber se tenho direito ao PIS em 2026: guia completo para consultar e receber o benef\u00edcio"},"content":{"rendered":"\n<p>O PIS (Programa de Integra\u00e7\u00e3o Social) \u00e9 um benef\u00edcio financeiro criado pelo governo federal que beneficiar\u00e1 25,8 milh\u00f5es de trabalhadores em 2025, com um investimento total de R$30,7 bilh\u00f5es. Este programa representa um importante suporte financeiro para trabalhadores brasileiros com carteira assinada.<\/p>\n\n\n\n<div class=\"cta-btn-block\">\n  <a class=\"cta-btn\" href=\"https:\/\/app.acordocerto.com.br\/login?utm_source=blog&amp;utm_medium=acordocerto&amp;utm_term=cta-post\" target=\"_blank\">Consulte seu CPF<\/a>\n<\/div>\n\n\n\n<p>Em 2025, as regras do programa permanecem claras e definidas. O benef\u00edcio ser\u00e1 pago ao longo do ano e pode chegar ao valor de um sal\u00e1rio m\u00ednimo (R$1.412,00), calculado de acordo com o tempo trabalhado no ano-base de 2023.<\/p>\n\n\n\n\n\n<h2 class=\"wp-block-heading\"><strong>Quem tem direito ao PIS?<\/strong><\/h2>\n\n\n\n<p>Para receber o PIS em 2025, o trabalhador precisa atender <a href=\"https:\/\/www.acordocerto.com.br\/blog\/saque-pis-pasep\/\">diversos requisitos <\/a>estabelecidos por lei. <\/p>\n\n\n\n<div class=\"cta-btn-block\">\n  <a class=\"cta-btn\" href=\"https:\/\/app.acordocerto.com.br\/login?utm_source=blog&amp;utm_medium=acordocerto&amp;utm_term=cta-post\" target=\"_blank\">Consulte seu CPF<\/a>\n<\/div>\n\n\n\n<p>O pagamento come\u00e7a em fevereiro para os nascidos em janeiro e segue at\u00e9 agosto.<\/p>\n\n\n\n<h3 class=\"wp-block-heading\"><strong>Tempo de cadastro no PIS\/PASEP<\/strong><\/h3>\n\n\n\n<p>O primeiro requisito para ter direito ao PIS \u00e9 estar cadastrado no programa h\u00e1 pelo menos cinco anos. O cadastro acontece automaticamente quando voc\u00ea come\u00e7a seu primeiro emprego com <a href=\"https:\/\/www.acordocerto.com.br\/blog\/numero-do-pis-na-carteira-de-trabalho\/\">carteira assinada<\/a>.<\/p>\n\n\n\n<p>Por exemplo, se voc\u00ea come\u00e7ou a trabalhar em janeiro de 2020, s\u00f3 ter\u00e1 direito ao benef\u00edcio a partir de janeiro de 2025.<\/p>\n\n\n\n<h3 class=\"wp-block-heading\"><strong>Trabalho formal com carteira assinada<\/strong><\/h3>\n\n\n\n<p>Para receber o PIS em 2025, voc\u00ea precisa ter trabalhado por no m\u00ednimo 30 dias com <a href=\"https:\/\/www.acordocerto.com.br\/blog\/consultar-seguro-desemprego-pelo-pis\/\">carteira assinada em 2023<\/a> (ano-base). Este per\u00edodo pode ser somado entre diferentes empresas, n\u00e3o precisando ser dias consecutivos.<\/p>\n\n\n\n<h3 class=\"wp-block-heading\"><strong>Remunera\u00e7\u00e3o mensal<\/strong><\/h3>\n\n\n\n<p>Em 2025, o limite de remunera\u00e7\u00e3o para ter direito ao PIS \u00e9 de dois sal\u00e1rios m\u00ednimos mensais em m\u00e9dia durante o ano-base 2023. Considerando o sal\u00e1rio m\u00ednimo atual de R$1.412,00, sua remunera\u00e7\u00e3o mensal em 2023 n\u00e3o pode ter ultrapassado R$2.824,00.<\/p>\n\n\n\n<div class=\"cta-btn-block\">\n  <a class=\"cta-btn\" href=\"https:\/\/app.acordocerto.com.br\/login?utm_source=blog&amp;utm_medium=acordocerto&amp;utm_term=cta-post\" target=\"_blank\">Consulte seu CPF<\/a>\n<\/div>\n\n\n\n<p>O c\u00e1lculo considera a m\u00e9dia salarial. Por exemplo, se voc\u00ea trabalhou 6 meses em 2023, a soma dos sal\u00e1rios deste per\u00edodo dividida por 6 precisa ser igual ou menor que R$2.824,00.<\/p>\n\n\n\n<h3 class=\"wp-block-heading\"><strong>Informa\u00e7\u00f5es na RAIS\/eSocial<\/strong><\/h3>\n\n\n\n<p>Seu empregador precisa ter enviado corretamente suas informa\u00e7\u00f5es trabalhistas de 2023 para o governo atrav\u00e9s da RAIS ou do eSocial. Os dados incluem:<\/p>\n\n\n\n<ol class=\"wp-block-list\">\n<li>Per\u00edodo exato de trabalho;<\/li>\n\n\n\n<li>Valores de remunera\u00e7\u00e3o mensal;<\/li>\n\n\n\n<li>Dados pessoais atualizados;\u00a0<\/li>\n\n\n\n<li>Registros de f\u00e9rias e afastamentos.<\/li>\n<\/ol>\n\n\n\n<p><\/p>\n\n\n\n<h3 class=\"wp-block-heading\"><strong>CPF regularizado<\/strong><\/h3>\n\n\n\n<p>Para receber o PIS em 2025, seu CPF precisa estar em situa\u00e7\u00e3o regular na Receita Federal, sem pend\u00eancias cadastrais ou restri\u00e7\u00f5es.<\/p>\n\n\n\n<h3 class=\"wp-block-heading\"><strong>Ano-base<\/strong><\/h3>\n\n\n\n<p>O PIS pago em 2025 tem como refer\u00eancia o trabalho realizado em 2023 (ano-base). Esta diferen\u00e7a de dois anos existe para que o governo processe todas as informa\u00e7\u00f5es trabalhistas enviadas pelas empresas.<\/p>\n\n\n\n<p>Os valores ser\u00e3o calculados com base no sal\u00e1rio m\u00ednimo vigente em 2025, ou seja, R$1.412,00, representando um aumento significativo em rela\u00e7\u00e3o ao ano anterior.<\/p>\n\n\n\n<h2 class=\"wp-block-heading\"><strong>Como consultar se tenho direito ao PIS<\/strong><\/h2>\n\n\n\n<figure class=\"wp-block-embed is-type-video is-provider-youtube wp-block-embed-youtube wp-embed-aspect-16-9 wp-has-aspect-ratio\"><div class=\"wp-block-embed__wrapper\">\n<iframe title=\"Como Consultar PIS pelo CPF Online: Passo a Passo Completo - Acordo Certo\" width=\"500\" height=\"281\" src=\"https:\/\/www.youtube.com\/embed\/_RU4eUhCEY4?feature=oembed\" frameborder=\"0\" allow=\"accelerometer; autoplay; clipboard-write; encrypted-media; gyroscope; picture-in-picture; web-share\" referrerpolicy=\"strict-origin-when-cross-origin\" allowfullscreen><\/iframe>\n<\/div><\/figure>\n\n\n\n<p>A partir de 5 de fevereiro de 2025, os trabalhadores poder\u00e3o consultar se t\u00eam direito ao abono atrav\u00e9s de diferentes canais oficiais.<\/p>\n\n\n\n<p>Veja tamb\u00e9m:<\/p>\n\n\n\n<ol class=\"wp-block-list\">\n<li><a href=\"https:\/\/www.acordocerto.com.br\/blog\/numero-do-pis-na-carteira-de-trabalho\/\">N\u00famero do PIS na carteira de trabalho: saiba o que \u00e9 e como achar!<\/a><\/li>\n\n\n\n<li><a href=\"https:\/\/www.acordocerto.com.br\/blog\/consultar-seguro-desemprego-pelo-pis\/\">Consultar Seguro-Desemprego pelo PIS: veja onde acessar gratuitamente\u00a0<\/a><\/li>\n\n\n\n<li><a href=\"https:\/\/www.acordocerto.com.br\/blog\/saque-pis-pasep\/\">Novo saque do PIS\/Pasep \u00e9 liberado. Quem pode sacar?<\/a><\/li>\n<\/ol>\n\n\n\n<p><\/p>\n\n\n\n<h3 class=\"wp-block-heading\"><strong>Carteira de Trabalho Digital (app e site)<\/strong><\/h3>\n\n\n\n<p>O aplicativo da Carteira de Trabalho Digital \u00e9 a forma mais pr\u00e1tica de consultar seu direito ao PIS. Para verificar:<\/p>\n\n\n\n<ol class=\"wp-block-list\">\n<li>Baixe o aplicativo na Play Store (Android) ou App Store (iPhone);<\/li>\n\n\n\n<li>Fa\u00e7a login com sua conta gov.br;<\/li>\n\n\n\n<li>Selecione &#8220;Benef\u00edcios&#8221; no menu;<\/li>\n\n\n\n<li>Clique em &#8220;Abono Salarial&#8221;;<\/li>\n\n\n\n<li>Escolha o ano-base 2023;\u00a0<\/li>\n\n\n\n<li>Confira todas as informa\u00e7\u00f5es sobre seu benef\u00edcio.<\/li>\n<\/ol>\n\n\n\n<p><\/p>\n\n\n\n<h3 class=\"wp-block-heading\"><strong>Aplicativo Caixa Trabalhador<\/strong><\/h3>\n\n\n\n<p>O aplicativo Caixa Trabalhador ganhou novas funcionalidades para 2025. Ap\u00f3s baixar e fazer login com CPF e senha, voc\u00ea acessa informa\u00e7\u00f5es sobre o valor do benef\u00edcio e a data exata de pagamento.<\/p>\n\n\n\n<p>O app tamb\u00e9m permite acompanhar a libera\u00e7\u00e3o do benef\u00edcio e gerar um c\u00f3digo para saque sem <a href=\"https:\/\/www.acordocerto.com.br\/blog\/cartao-do-pis\/\">cart\u00e3o<\/a>.<\/p>\n\n\n\n<h3 class=\"wp-block-heading\"><strong>Atendimento telef\u00f4nico da Caixa<\/strong><\/h3>\n\n\n\n<p>O n\u00famero 0800 726 0207 continua dispon\u00edvel gratuitamente para todo o Brasil em 2025, com atendimento de segunda a sexta-feira, das 8h \u00e0s 21h, e aos s\u00e1bados, das 10h \u00e0s 16h.<\/p>\n\n\n\n<p>Al\u00e9m deste n\u00famero, tamb\u00e9m \u00e9 poss\u00edvel ligar para o Al\u00f4 Trabalho (158) para consultas e esclarecimentos sobre o benef\u00edcio.<\/p>\n\n\n\n<h2 class=\"wp-block-heading\"><strong>Site da Caixa<\/strong><\/h2>\n\n\n\n<p>O site da <a href=\"https:\/\/www.acordocerto.com.br\/blog\/o-pis-cai-no-caixa-tem\/\">Caixa Econ\u00f4mica Federal<\/a> oferece uma plataforma atualizada para consulta do PIS em 2025. O acesso \u00e9 feito com login e senha do portal.<\/p>\n\n\n\n<p>No site, voc\u00ea encontra informa\u00e7\u00f5es sobre seu direito ao benef\u00edcio, simula\u00e7\u00f5es do valor a receber e o calend\u00e1rio completo de pagamentos.<\/p>\n\n\n\n<h3 class=\"wp-block-heading\"><strong>Calend\u00e1rio de Pagamento do PIS<\/strong><\/h3>\n\n\n\n<p>O calend\u00e1rio do PIS 2025 foi aprovado pelo Conselho Deliberativo do <a href=\"https:\/\/portalfat.mte.gov.br\/\" target=\"_blank\" rel=\"noopener\">Fundo de Amparo ao Trabalhador<\/a> (CODEFAT) e os pagamentos ser\u00e3o distribu\u00eddos da seguinte maneira:<\/p>\n\n\n\n<figure class=\"wp-block-table\"><table class=\"has-fixed-layout\"><thead><tr><th class=\"has-text-align-left\" data-align=\"left\"><strong>M\u00eas de nascimento<\/strong><\/th><th class=\"has-text-align-left\" data-align=\"left\"><strong>Data de pagamento<\/strong><\/th><\/tr><\/thead><tbody><tr><td class=\"has-text-align-left\" data-align=\"left\">Janeiro<\/td><td class=\"has-text-align-left\" data-align=\"left\">17\/02\/2025<\/td><\/tr><tr><td class=\"has-text-align-left\" data-align=\"left\">Fevereiro<\/td><td class=\"has-text-align-left\" data-align=\"left\">17\/03\/2025<\/td><\/tr><tr><td class=\"has-text-align-left\" data-align=\"left\">Mar\u00e7o e Abril<\/td><td class=\"has-text-align-left\" data-align=\"left\">15\/04\/2025<\/td><\/tr><tr><td class=\"has-text-align-left\" data-align=\"left\">Maio e Junho<\/td><td class=\"has-text-align-left\" data-align=\"left\">15\/05\/2025<\/td><\/tr><tr><td class=\"has-text-align-left\" data-align=\"left\">Julho e Agosto<\/td><td class=\"has-text-align-left\" data-align=\"left\">16\/06\/2025<\/td><\/tr><tr><td class=\"has-text-align-left\" data-align=\"left\">Setembro e Outubro<\/td><td class=\"has-text-align-left\" data-align=\"left\">15\/07\/2025<\/td><\/tr><tr><td class=\"has-text-align-left\" data-align=\"left\">Novembro e Dezembro<\/td><td class=\"has-text-align-left\" data-align=\"left\">15\/08\/2025<\/td><\/tr><\/tbody><\/table><\/figure>\n\n\n\n<h3 class=\"wp-block-heading\"><strong>O que fazer se n\u00e3o tenho direito ao PIS?<\/strong><\/h3>\n\n\n\n<p>Se voc\u00ea descobriu que n\u00e3o tem direito ao PIS em 2025, verifique qual requisito do ano-base 2023 n\u00e3o foi atendido. Em muitos casos, a situa\u00e7\u00e3o pode ser resolvida.<\/p>\n\n\n\n<p>Caso encontre diverg\u00eancias nas informa\u00e7\u00f5es da RAIS ou eSocial de 2023, procure o RH da empresa onde trabalhou. Corre\u00e7\u00f5es nas informa\u00e7\u00f5es podem ser feitas e seu direito ao benef\u00edcio pode ser reconhecido.<\/p>\n\n\n\n<p>A regulariza\u00e7\u00e3o do CPF, quando necess\u00e1ria, pode ser feita online no site da Receita Federal. Ap\u00f3s a regulariza\u00e7\u00e3o, seus dados s\u00e3o atualizados automaticamente nos sistemas do governo.<\/p>\n\n\n\n\n\n\n<h2 class=\"wp-block-heading\"><strong>Como consultar o valor do meu PIS?<\/strong><\/h2>\n\n\n\n<p>Em 2025, cada m\u00eas trabalhado em 2023 equivale a R$117,66 (1\/12 do sal\u00e1rio m\u00ednimo de R$1.412,00). O valor final do seu abono depende do n\u00famero de meses trabalhados no ano-base.<\/p>\n\n\n\n<p>Para quem trabalhou o ano inteiro de 2023, o valor ser\u00e1 o sal\u00e1rio m\u00ednimo completo (R$1.412,00). A consulta pode ser feita a partir de 5 de fevereiro de 2025 nos canais oficiais.<\/p>\n\n\n\n<p><strong>Quem paga o PIS?<\/strong><\/p>\n\n\n\n<p>A Caixa Econ\u00f4mica Federal continua como respons\u00e1vel pelo pagamento do PIS aos trabalhadores da iniciativa privada em 2025. Para servidores p\u00fablicos (PASEP), o pagamento \u00e9 realizado pelo Banco do Brasil.<\/p>\n\n\n\n<div class=\"cta-btn-block\">\n  <a class=\"cta-btn\" href=\"https:\/\/app.acordocerto.com.br\/login?utm_source=blog&amp;utm_medium=acordocerto&amp;utm_term=cta-post\" target=\"_blank\">Consulte seu CPF<\/a>\n<\/div>\n\n\n\n<p>Em 2025, o governo destinar\u00e1 R$30,7 bilh\u00f5es para o pagamento do abono salarial, beneficiando cerca de 25,8 milh\u00f5es de trabalhadores.<\/p>\n\n\n\n<p><strong>Como sacar o PIS?<\/strong><\/p>\n\n\n\n<p>O pagamento do PIS 2025 ser\u00e1 realizado de v\u00e1rias formas:<\/p>\n\n\n\n<ol class=\"wp-block-list\">\n<li>Dep\u00f3sito autom\u00e1tico para quem tem conta na Caixa;<\/li>\n\n\n\n<li>Cr\u00e9dito pelo aplicativo Caixa Tem;<\/li>\n\n\n\n<li>Saque nas lot\u00e9ricas com documento de identifica\u00e7\u00e3o;<\/li>\n\n\n\n<li>Atendimento nas ag\u00eancias da Caixa;\u00a0<\/li>\n\n\n\n<li>Correspondentes Caixa Aqui com documento oficial.<\/li>\n<\/ol>\n\n\n\n<p><\/p>\n\n\n\n<h2 class=\"wp-block-heading\"><strong>Conclus\u00e3o<\/strong><\/h2>\n\n\n\n<p>O PIS 2025 apresenta valores maiores devido ao aumento do sal\u00e1rio m\u00ednimo para R$1.412,00. A consulta foi simplificada com mais op\u00e7\u00f5es digitais, facilitando o acesso \u00e0s informa\u00e7\u00f5es.<\/p>\n\n\n\n<p>Fique atento ao calend\u00e1rio de pagamentos e mantenha seus dados cadastrais atualizados. Para 2025, o governo ampliou o alcance do programa, que deve beneficiar mais trabalhadores em compara\u00e7\u00e3o com anos anteriores.<\/p>\n\n\n<ul class=\"wp-block-latest-posts__list wp-block-latest-posts\"><li><a class=\"wp-block-latest-posts__post-title\" href=\"https:\/\/www.acordocerto.com.br\/blog\/divida-pode-bloquear-ou-penhorar-salario\/\">D\u00edvida pode bloquear ou penhorar sal\u00e1rio? Entenda o que a lei permite<\/a><\/li>\n<li><a class=\"wp-block-latest-posts__post-title\" href=\"https:\/\/www.acordocerto.com.br\/blog\/cnh-pai-d-egua-para\/\">CNH Pai D\u2019\u00e9gua 2026: como funciona e quem pode se inscrever na CNH Social do Par\u00e1<\/a><\/li>\n<li><a class=\"wp-block-latest-posts__post-title\" href=\"https:\/\/www.acordocerto.com.br\/blog\/cnh-social-sergipe\/\">CNH Social Sergipe 2026: como funciona o programa de habilita\u00e7\u00e3o gratuita no estado<\/a><\/li>\n<li><a class=\"wp-block-latest-posts__post-title\" href=\"https:\/\/www.acordocerto.com.br\/blog\/cnh-social-bahia\/\">CNH Social Bahia 2026: tudo sobre o programa CNH da Gente e o impacto da nova lei federal<\/a><\/li>\n<li><a class=\"wp-block-latest-posts__post-title\" href=\"https:\/\/www.acordocerto.com.br\/blog\/cnh-social-go\/\">CNH Social GO 2026: como tirar sua primeira habilita\u00e7\u00e3o gratuita em Goi\u00e1s e o que muda com a nova lei federal<\/a><\/li>\n<\/ul>\n\n\n<h4 class=\"wp-block-heading\"><strong>FAQ: Perguntas frequentes<\/strong><\/h4>\n\n\n<div id=\"rank-math-faq\" class=\"rank-math-block\">\n<div class=\"rank-math-list \">\n<div id=\"faq-question-1680723276120\" class=\"rank-math-list-item\">\n<h4 class=\"rank-math-question \"><strong>Perdi o prazo para sacar o PIS, o que fazer?<\/strong><\/h4>\n<div class=\"rank-math-answer \">\n\n<p>Em 2025, \u00e9 poss\u00edvel solicitar o pagamento de abonos n\u00e3o sacados nos \u00faltimos cinco anos. O processo deve ser iniciado pelo aplicativo da Carteira de Trabalho Digital ou pelo telefone 158. A libera\u00e7\u00e3o do pagamento atrasado acontece em at\u00e9 45 dias ap\u00f3s a solicita\u00e7\u00e3o, desde que toda a documenta\u00e7\u00e3o esteja correta.<\/p>\n\n<\/div>\n<\/div>\n<div id=\"faq-question-1680723280484\" class=\"rank-math-list-item\">\n<h4 class=\"rank-math-question \"><strong>Trabalhei menos de 30 dias, tenho direito ao PIS?<\/strong><\/h4>\n<div class=\"rank-math-answer \">\n\n<p>Para receber o PIS 2025, \u00e9 necess\u00e1rio ter trabalhado no m\u00ednimo 30 dias em 2023. Per\u00edodos menores n\u00e3o d\u00e3o direito ao benef\u00edcio, mesmo que voc\u00ea cumpra os outros requisitos. Por exemplo, se voc\u00ea trabalhou apenas 25 dias em 2023, mesmo que tenha recebido dentro do limite de dois sal\u00e1rios m\u00ednimos, n\u00e3o ter\u00e1 direito ao abono em 2025.<\/p>\n\n<\/div>\n<\/div>\n<\/div>\n<\/div>\n\n\n<h3 class=\"wp-block-heading\"><\/h3>\n\n\n\n<p><\/p>\n<div style='text-align:center' class='yasr-auto-insert-visitor'><\/div>","protected":false},"excerpt":{"rendered":"<p>O PIS \u00e9 um benef\u00edcio criado pelo governo que beneficiar\u00e1 25,8 milh\u00f5es de trabalhadores em 2025. Confira se as regras v\u00e3o mudar para ter direito. <\/p>\n","protected":false},"author":10,"featured_media":19217,"comment_status":"open","ping_status":"open","sticky":false,"template":"","format":"standard","meta":{"_acf_changed":false,"inline_featured_image":false,"yasr_overall_rating":0,"yasr_post_is_review":"","yasr_auto_insert_disabled":"","yasr_review_type":"","footnotes":""},"categories":[33],"tags":[627],"class_list":["post-19156","post","type-post","status-publish","format-standard","has-post-thumbnail","hentry","category-direitos-e-beneficios","tag-auxilio-do-governo"],"acf":[],"yasr_visitor_votes":{"stars_attributes":{"read_only":false,"span_bottom":false},"number_of_votes":11,"sum_votes":42},"_links":{"self":[{"href":"https:\/\/www.acordocerto.com.br\/blog\/wp-json\/wp\/v2\/posts\/19156","targetHints":{"allow":["GET"]}}],"collection":[{"href":"https:\/\/www.acordocerto.com.br\/blog\/wp-json\/wp\/v2\/posts"}],"about":[{"href":"https:\/\/www.acordocerto.com.br\/blog\/wp-json\/wp\/v2\/types\/post"}],"author":[{"embeddable":true,"href":"https:\/\/www.acordocerto.com.br\/blog\/wp-json\/wp\/v2\/users\/10"}],"replies":[{"embeddable":true,"href":"https:\/\/www.acordocerto.com.br\/blog\/wp-json\/wp\/v2\/comments?post=19156"}],"version-history":[{"count":2,"href":"https:\/\/www.acordocerto.com.br\/blog\/wp-json\/wp\/v2\/posts\/19156\/revisions"}],"predecessor-version":[{"id":20445,"href":"https:\/\/www.acordocerto.com.br\/blog\/wp-json\/wp\/v2\/posts\/19156\/revisions\/20445"}],"wp:featuredmedia":[{"embeddable":true,"href":"https:\/\/www.acordocerto.com.br\/blog\/wp-json\/wp\/v2\/media\/19217"}],"wp:attachment":[{"href":"https:\/\/www.acordocerto.com.br\/blog\/wp-json\/wp\/v2\/media?parent=19156"}],"wp:term":[{"taxonomy":"category","embeddable":true,"href":"https:\/\/www.acordocerto.com.br\/blog\/wp-json\/wp\/v2\/categories?post=19156"},{"taxonomy":"post_tag","embeddable":true,"href":"https:\/\/www.acordocerto.com.br\/blog\/wp-json\/wp\/v2\/tags?post=19156"}],"curies":[{"name":"wp","href":"https:\/\/api.w.org\/{rel}","templated":true}]}}