{"id":19170,"date":"2025-01-29T08:08:00","date_gmt":"2025-01-29T11:08:00","guid":{"rendered":"https:\/\/www.acordocerto.com.br\/?p=19170"},"modified":"2025-02-04T20:08:14","modified_gmt":"2025-02-04T23:08:14","slug":"com-quantos-anos-sai-do-bolsa-familia","status":"publish","type":"post","link":"https:\/\/www.acordocerto.com.br\/blog\/com-quantos-anos-sai-do-bolsa-familia\/","title":{"rendered":"Com quantos anos sai do Bolsa Fam\u00edlia? Descubra at\u00e9 quando voc\u00ea pode receber!"},"content":{"rendered":"\n<p>Voc\u00ea j\u00e1 se perguntou <strong>com quantos anos sai do Bolsa Fam\u00edlia?<\/strong> Essa \u00e9 uma d\u00favida comum entre aqueles que dependem desse importante programa de assist\u00eancia social.<\/p>\n\n\n\n<div class=\"cta-btn-block\">\n  <a class=\"cta-btn\" href=\"https:\/\/app.acordocerto.com.br\/login?utm_source=blog&amp;utm_medium=acordocerto&amp;utm_term=cta-post\" target=\"_blank\">Consulte seu CPF<\/a>\n<\/div>\n\n\n\n<p>O Bolsa Fam\u00edlia foi criado para garantir mais dignidade e acesso a direitos b\u00e1sicos, mas ele tem crit\u00e9rios espec\u00edficos, inclusive de idade, para a continuidade do benef\u00edcio.<\/p>\n\n\n\n<p>Neste artigo, vamos esclarecer tudo o que voc\u00ea precisa saber sobre o tema e como se preparar para poss\u00edveis mudan\u00e7as. Se interessou? Ent\u00e3o vem com a gente! \ud83d\ude09<\/p>\n\n\n\n\n\n<h2 class=\"wp-block-heading\">O que \u00e9 o Bolsa Fam\u00edlia?<\/h2>\n\n\n\n<p><strong>O Bolsa Fam\u00edlia \u00e9 um programa social criado pelo governo brasileiro para ajudar fam\u00edlias de baixa renda a garantir condi\u00e7\u00f5es m\u00ednimas de sobreviv\u00eancia e bem-estar.<\/strong><\/p>\n\n\n\n<div class=\"cta-btn-block\">\n  <a class=\"cta-btn\" href=\"https:\/\/app.acordocerto.com.br\/login?utm_source=blog&amp;utm_medium=acordocerto&amp;utm_term=cta-post\" target=\"_blank\">Consulte seu CPF<\/a>\n<\/div>\n\n\n\n<p>Ele oferece um aux\u00edlio financeiro mensal, que varia de acordo com o tamanho da fam\u00edlia, a renda e as condi\u00e7\u00f5es espec\u00edficas, como a presen\u00e7a de crian\u00e7as, adolescentes e gestantes no n\u00facleo familiar.<\/p>\n\n\n\n<p>O objetivo principal do programa \u00e9 combater a pobreza e a desigualdade social, promovendo o acesso \u00e0 sa\u00fade, educa\u00e7\u00e3o e alimenta\u00e7\u00e3o.<\/p>\n\n\n\n<p>Al\u00e9m do apoio financeiro, o Bolsa Fam\u00edlia exige que os benefici\u00e1rios cumpram algumas contrapartidas, como manter a frequ\u00eancia escolar das crian\u00e7as e adolescentes e realizar o acompanhamento de sa\u00fade, incluindo vacina\u00e7\u00e3o e pr\u00e9-natal para gestantes.<\/p>\n\n\n\n<p>Essas condi\u00e7\u00f5es visam quebrar o ciclo de pobreza, garantindo que as futuras gera\u00e7\u00f5es tenham mais oportunidades de melhorar sua qualidade de vida.<\/p>\n\n\n\n<p>Recebe Bolsa Fam\u00edlia e n\u00e3o sabe se pode ter cart\u00e3o de cr\u00e9dito? Leia este artigo e descubra &#8211; <a href=\"https:\/\/www.acordocerto.com.br\/blog\/quem-tem-bolsa-familia-pode-ter-cartao-de-credito\/\">Quem tem Bolsa Fam\u00edlia pode ter cart\u00e3o de cr\u00e9dito?<\/a><\/p>\n\n\n\n<figure class=\"wp-block-embed is-type-video is-provider-youtube wp-block-embed-youtube wp-embed-aspect-16-9 wp-has-aspect-ratio\"><div class=\"wp-block-embed__wrapper\">\n<iframe title=\"Novo Bolsa Fami\u0301lia 2025: Quem Tem Direito, Regras e Valor - Acordo Certo\" width=\"500\" height=\"281\" src=\"https:\/\/www.youtube.com\/embed\/bM8zDGrnF8c?feature=oembed\" frameborder=\"0\" allow=\"accelerometer; autoplay; clipboard-write; encrypted-media; gyroscope; picture-in-picture; web-share\" referrerpolicy=\"strict-origin-when-cross-origin\" allowfullscreen><\/iframe>\n<\/div><\/figure>\n\n\n\n<h2 class=\"wp-block-heading\">Quais s\u00e3o os impactos sociais do programa?<\/h2>\n\n\n\n<p><strong>O principal impacto social do Bolsa Fam\u00edlia \u00e9 tirar o Brasil do Mapa da Fome, melhorando as condi\u00e7\u00f5es de vida e dando mais oportunidades para quem recebe o benef\u00edcio.<\/strong><\/p>\n\n\n\n<p>Imagine a dona Maria, uma m\u00e3e solo que mora em uma pequena comunidade no interior do Brasil. Antes de receber o Bolsa Fam\u00edlia, ela enfrentava dificuldades di\u00e1rias para colocar comida na mesa e comprar o material escolar dos filhos.<\/p>\n\n\n\n<p>As noites eram de preocupa\u00e7\u00e3o, e o futuro parecia incerto.<\/p>\n\n\n\n<p>Com o aux\u00edlio do programa, ela conseguiu garantir o b\u00e1sico para os filhos e, aos poucos, come\u00e7ou a tra\u00e7ar um caminho diferente. As crian\u00e7as passaram a frequentar a escola com regularidade, sonhando em serem professores e m\u00e9dicos.<\/p>\n\n\n\n<div class=\"cta-btn-block\">\n  <a class=\"cta-btn\" href=\"https:\/\/app.acordocerto.com.br\/login?utm_source=blog&amp;utm_medium=acordocerto&amp;utm_term=cta-post\" target=\"_blank\">Consulte seu CPF<\/a>\n<\/div>\n\n\n\n<p>Hist\u00f3rias como a de dona Maria se repetem em todo o pa\u00eds. Por isso, o Bolsa Fam\u00edlia n\u00e3o \u00e9 apenas um al\u00edvio financeiro; mas uma transforma\u00e7\u00e3o de vidas.&nbsp;<\/p>\n\n\n\n<p>Com ele, milh\u00f5es de crian\u00e7as t\u00eam acesso a uma alimenta\u00e7\u00e3o mais saud\u00e1vel, frequentam a escola e crescem em um ambiente com mais dignidade.<\/p>\n\n\n\n<p>Veja tamb\u00e9m:<\/p>\n\n\n\n<ul class=\"wp-block-list\">\n<li><a href=\"https:\/\/www.acordocerto.com.br\/blog\/decimo-terceiro-do-bolsa-familia\/\">Tem direito ao 13\u00ba do Bolsa Fam\u00edlia 2025? Confira as informa\u00e7\u00f5es<\/a><\/li>\n\n\n\n<li><a href=\"https:\/\/www.acordocerto.com.br\/blog\/consultar-bolsa-familia-pelo-cpf\/\">Como Consultar Bolsa Fam\u00edlia pelo CPF ou NIS em 2025 \u2013 Passo a passo<\/a><\/li>\n<\/ul>\n\n\n\n<p><\/p>\n\n\n\n<h2 class=\"wp-block-heading\">Mudan\u00e7as recentes no Bolsa Fam\u00edlia<\/h2>\n\n\n\n<p><strong>O Bolsa Fam\u00edlia passou por mudan\u00e7as importantes nos \u00faltimos anos, que afetam diretamente os benefici\u00e1rios e os crit\u00e9rios para recebimento do benef\u00edcio.<\/strong><\/p>\n\n\n\n<p>Essas altera\u00e7\u00f5es visam tornar o programa mais eficiente, garantindo que os recursos cheguem a quem realmente precisa, mas tamb\u00e9m podem impactar as fam\u00edlias que j\u00e1 recebem o aux\u00edlio.<\/p>\n\n\n\n<p><strong>Uma das mudan\u00e7as mais relevantes foi a introdu\u00e7\u00e3o de benef\u00edcios adicionais para grupos espec\u00edficos.<\/strong><\/p>\n\n\n\n<p>Agora, crian\u00e7as de at\u00e9 6 anos garantem um adicional de R$ 150 por m\u00eas, enquanto gestantes e crian\u00e7as e adolescentes de 7 a 18 anos incompletos recebem um adicional de R$ 50 por pessoa.<\/p>\n\n\n\n<div class=\"cta-btn-block\">\n  <a class=\"cta-btn\" href=\"https:\/\/app.acordocerto.com.br\/login?utm_source=blog&amp;utm_medium=acordocerto&amp;utm_term=cta-post\" target=\"_blank\">Consulte seu CPF<\/a>\n<\/div>\n\n\n\n<p>Essas novas regras tornam a composi\u00e7\u00e3o da fam\u00edlia um fator ainda mais importante para o c\u00e1lculo do benef\u00edcio. Al\u00e9m disso, o foco na renda familiar permanece central.<\/p>\n\n\n\n<p>As fam\u00edlias precisam comprovar que est\u00e3o dentro do limite de renda per capita de at\u00e9 R$ 218 para permanecer no programa. Essa renda \u00e9 revisada periodicamente para garantir que os recursos sejam direcionados \u00e0s fam\u00edlias em maior vulnerabilidade.<\/p>\n\n\n\n<p>N\u00e3o sabe quando cai o Bolsa Fam\u00edlia na sua conta? Confira este artigo &#8211; <a href=\"https:\/\/www.acordocerto.com.br\/blog\/calendario-do-bolsa-familia\/\">Calend\u00e1rio do Bolsa Fam\u00edlia: Quando cai o benef\u00edcio? Entenda o prazo de pagamentos.<\/a><\/p>\n\n\n\n<h2 class=\"wp-block-heading\">Com quantos anos sai do Bolsa Fam\u00edlia: idade limite<\/h2>\n\n\n\n<p><strong>N\u00e3o h\u00e1 uma idade espec\u00edfica que determine quando algu\u00e9m deve deixar de receber o benef\u00edcio.<\/strong><\/p>\n\n\n\n<p>Afinal, o programa \u00e9 voltado para fam\u00edlias em situa\u00e7\u00e3o de vulnerabilidade econ\u00f4mica, e a perman\u00eancia nele depende principalmente da renda per capita e do cumprimento de certas condi\u00e7\u00f5es, como frequ\u00eancia escolar e acompanhamento de sa\u00fade.<\/p>\n\n\n\n<p>A idade dos membros da fam\u00edlia tamb\u00e9m influencia nos valores recebidos.<\/p>\n\n\n\n<p>Por exemplo, fam\u00edlias com crian\u00e7as de at\u00e9 6 anos t\u00eam direito a um adicional de R$ 150 por crian\u00e7a (Benef\u00edcio Primeira Inf\u00e2ncia). J\u00e1 para gestantes e crian\u00e7as e adolescentes de 7 a 18 anos incompletos, h\u00e1 um adicional de R$ 50 por pessoa (Benef\u00edcio Vari\u00e1vel Familiar).<\/p>\n\n\n\n<figure class=\"wp-block-embed is-type-video is-provider-youtube wp-block-embed-youtube wp-embed-aspect-16-9 wp-has-aspect-ratio\"><div class=\"wp-block-embed__wrapper\">\n<iframe title=\"Quem Recebe Bolsa Fami\u0301lia Pode Fazer Empre\u0301stimo na Caixa Econo\u0302mica? - Acordo Certo\" width=\"500\" height=\"281\" src=\"https:\/\/www.youtube.com\/embed\/OWBZ7yrUAvk?feature=oembed\" frameborder=\"0\" allow=\"accelerometer; autoplay; clipboard-write; encrypted-media; gyroscope; picture-in-picture; web-share\" referrerpolicy=\"strict-origin-when-cross-origin\" allowfullscreen><\/iframe>\n<\/div><\/figure>\n\n\n\n<p>Portanto, embora a idade dos membros da fam\u00edlia possa afetar o valor do benef\u00edcio, n\u00e3o h\u00e1 uma idade limite que determine a sa\u00edda do programa.<\/p>\n\n\n\n<p>Esperando cair o Bolsa Fam\u00edlia no Caixa Tem? Saiba que horas o dinheiro cai na sua conta &#8211; <a href=\"https:\/\/www.acordocerto.com.br\/blog\/que-horas-cai-o-bolsa-familia-no-caixa-tem\/\">Bolsa Fam\u00edlia no Caixa Tem: A que horas o dinheiro cai na sua conta?<\/a><\/p>\n\n\n\n<h2 class=\"wp-block-heading\">Quais s\u00e3o os crit\u00e9rios de sa\u00edda?<\/h2>\n\n\n\n<p><strong>Para continuar recebendo o benef\u00edcio, as fam\u00edlias precisam atender a certos crit\u00e9rios estabelecidos pelo programa.<\/strong><\/p>\n\n\n\n<p>Quando algum desses crit\u00e9rios deixa de ser cumprido, o benef\u00edcio pode ser suspenso ou cancelado. Vamos detalhar os principais motivos que podem levar \u00e0 sa\u00edda do Bolsa Fam\u00edlia.<\/p>\n\n\n\n<ol class=\"wp-block-list\">\n<li>Renda familiar<\/li>\n\n\n\n<li>Frequ\u00eancia escolar<\/li>\n\n\n\n<li>Atualiza\u00e7\u00e3o cadastral<\/li>\n\n\n\n<li>Outras condi\u00e7\u00f5es<\/li>\n<\/ol>\n\n\n\n<p><\/p>\n\n\n\n<h3 class=\"wp-block-heading\">Renda familiar<\/h3>\n\n\n\n<p>A <strong>renda familiar<\/strong> \u00e9 um dos crit\u00e9rios mais importantes para determinar a perman\u00eancia no Bolsa Fam\u00edlia. O programa atende fam\u00edlias em situa\u00e7\u00e3o de pobreza ou extrema pobreza, com limite de renda per capita mensal de at\u00e9 R$ 218, dependendo do benef\u00edcio.<\/p>\n\n\n\n<div class=\"cta-btn-block\">\n  <a class=\"cta-btn\" href=\"https:\/\/app.acordocerto.com.br\/login?utm_source=blog&amp;utm_medium=acordocerto&amp;utm_term=cta-post\" target=\"_blank\">Consulte seu CPF<\/a>\n<\/div>\n\n\n\n<p>Se a renda da fam\u00edlia aumentar e ultrapassar esse limite, ela poder\u00e1 deixar de ser eleg\u00edvel para o programa. \u00c9 importante destacar que o governo realiza revis\u00f5es peri\u00f3dicas para avaliar se a fam\u00edlia ainda atende a esse crit\u00e9rio.<\/p>\n\n\n\n<h3 class=\"wp-block-heading\">Frequ\u00eancia escolar<\/h3>\n\n\n\n<p>A <strong>frequ\u00eancia escolar<\/strong> das crian\u00e7as e adolescentes \u00e9 uma das contrapartidas mais relevantes do Bolsa Fam\u00edlia. Crian\u00e7as de 6 a 15 anos devem frequentar, no m\u00ednimo, 85% das aulas, enquanto adolescentes de 16 e 17 anos precisam de uma frequ\u00eancia de 75%.<\/p>\n\n\n\n<p>Caso esses \u00edndices n\u00e3o sejam cumpridos, a fam\u00edlia pode receber advert\u00eancias e, em \u00faltimo caso, ter o benef\u00edcio suspenso.<\/p>\n\n\n\n<p>Essa regra visa garantir que as crian\u00e7as e adolescentes permane\u00e7am na escola, contribuindo para a redu\u00e7\u00e3o do trabalho infantil e o aumento de oportunidades futuras.<\/p>\n\n\n\n<h3 class=\"wp-block-heading\">Atualiza\u00e7\u00e3o cadastral<\/h3>\n\n\n\n<p><strong>Manter os dados cadastrais atualizados \u00e9 obrigat\u00f3rio<\/strong> para continuar recebendo o benef\u00edcio. Informa\u00e7\u00f5es como endere\u00e7o, composi\u00e7\u00e3o familiar, renda e situa\u00e7\u00e3o de trabalho devem ser revisadas e atualizadas regularmente no Cadastro \u00danico.<\/p>\n\n\n\n<div class=\"cta-btn-block\">\n  <a class=\"cta-btn\" href=\"https:\/\/app.acordocerto.com.br\/login?utm_source=blog&amp;utm_medium=acordocerto&amp;utm_term=cta-post\" target=\"_blank\">Consulte seu CPF<\/a>\n<\/div>\n\n\n\n<p>Caso a fam\u00edlia n\u00e3o realize essa atualiza\u00e7\u00e3o, o benef\u00edcio pode ser suspenso at\u00e9 que os dados sejam corrigidos.<\/p>\n\n\n\n<p>Por exemplo, imagine que a Dona F\u00e1tima mudou de casa e esqueceu de atualizar os dados no <a href=\"https:\/\/www.gov.br\/pt-br\/servicos\/consultar-dados-do-cadastro-unico-cadunico\" target=\"_blank\" rel=\"noopener\">Cadastro \u00danico<\/a>. Ela foi receber o benef\u00edcio em um determinado m\u00eas e viu que ele estava suspenso.<\/p>\n\n\n\n<p>Sem entender o que havia acontecido, foi at\u00e9 o CRAS da cidade para descobrir. Foi informada l\u00e1 que o endere\u00e7o dela estava desatualizado. Somente depois da atualiza\u00e7\u00e3o ela voltou a receber o benef\u00edcio.<\/p>\n\n\n\n<h3 class=\"wp-block-heading\">Outras condi\u00e7\u00f5es<\/h3>\n\n\n\n<p>Al\u00e9m dos crit\u00e9rios principais, o <strong>descumprimento de outras regras<\/strong> pode levar ao cancelamento do Bolsa Fam\u00edlia.<\/p>\n\n\n\n<p>Isso inclui situa\u00e7\u00f5es como a comprova\u00e7\u00e3o de fraudes no cadastro, falsifica\u00e7\u00e3o de informa\u00e7\u00f5es ou o n\u00e3o cumprimento das condicionalidades de sa\u00fade, como vacina\u00e7\u00e3o e acompanhamento pr\u00e9-natal.<\/p>\n\n\n\n<p>A qualquer ind\u00edcio de irregularidade, o governo pode bloquear o benef\u00edcio temporariamente ou cancel\u00e1-lo de forma definitiva.<\/p>\n\n\n\n<p>Est\u00e1 com o nome sujo e n\u00e3o sabe se pode ter direito ao Bolsa Fam\u00edlia? Leia este artigo &#8211; <a href=\"https:\/\/www.acordocerto.com.br\/blog\/nome-sujo-perde-bolsa-familia\/\">Quem Tem Nome Sujo Perde Bolsa Fam\u00edlia? Descubra Aqui.<\/a><\/p>\n\n\n\n<h2 class=\"wp-block-heading\">Transi\u00e7\u00e3o para o mercado de trabalho<\/h2>\n\n\n\n<p>Sair do Bolsa Fam\u00edlia pode ser um desafio, <strong>especialmente para os jovens que est\u00e3o entrando no mercado de trabalho<\/strong> pela primeira vez.<\/p>\n\n\n\n\n\n\n<p>A boa not\u00edcia \u00e9 que existem maneiras de se preparar e aproveitar as oportunidades para construir um futuro mais est\u00e1vel e independente.<\/p>\n\n\n\n<h3 class=\"wp-block-heading\">Dicas para quem est\u00e1 deixando o programa<\/h3>\n\n\n\n<ol class=\"wp-block-list\">\n<li><strong>Invista em qualifica\u00e7\u00e3o profissional<\/strong>: procure por cursos oferecidos por institui\u00e7\u00f5es como o Senai, Senac, e programas do governo, que muitas vezes est\u00e3o dispon\u00edveis em todo o Brasil;<\/li>\n\n\n\n<li><strong>Busque o primeiro emprego<\/strong>: se voc\u00ea nunca trabalhou antes, procure programas como o Jovem Aprendiz, que oferecem oportunidades para ganhar experi\u00eancia enquanto estuda e desenvolve habilidades;<\/li>\n\n\n\n<li><strong>Aposte em habilidades digitais<\/strong>: aprender o b\u00e1sico de inform\u00e1tica ou at\u00e9 mesmo habilidades espec\u00edficas, como marketing digital, pode abrir muitas portas;<\/li>\n\n\n\n<li><strong>Construa um bom curr\u00edculo<\/strong>: mesmo sem muita experi\u00eancia, destaque sua forma\u00e7\u00e3o, cursos realizados e habilidades.<\/li>\n<\/ol>\n\n\n\n<p><\/p>\n\n\n\n<h3 class=\"wp-block-heading\">Programas de qualifica\u00e7\u00e3o e oportunidades de emprego<\/h3>\n\n\n\n<p>Existem iniciativas voltadas para ajudar jovens de baixa renda a se qualificarem e entrarem no mercado de trabalho. Algumas das principais s\u00e3o:<\/p>\n\n\n\n<ol class=\"wp-block-list\">\n<li><strong>Pronatec (Programa Nacional de Acesso ao Ensino T\u00e9cnico e Emprego)<\/strong>: oferece cursos gratuitos de educa\u00e7\u00e3o profissional e t\u00e9cnica;<\/li>\n\n\n\n<li><strong>SINE (Sistema Nacional de Emprego)<\/strong>: disponibiliza vagas de emprego e cursos de qualifica\u00e7\u00e3o profissional;<\/li>\n\n\n\n<li><strong>Jovem Aprendiz<\/strong>: voltado para jovens de 14 a 24 anos, combina aprendizado pr\u00e1tico e te\u00f3rico em empresas parceiras;<\/li>\n\n\n\n<li><strong>Emprega Brasil<\/strong>: plataforma do governo federal com ofertas de emprego, cursos e suporte para empreendedores.<\/li>\n<\/ol>\n\n\n\n<p><\/p>\n\n\n\n<p>A transi\u00e7\u00e3o para o mercado de trabalho pode ser desafiadora, mas com dedica\u00e7\u00e3o e aproveitando as oportunidades certas, \u00e9 poss\u00edvel conquistar autonomia financeira e abrir novos caminhos para o futuro.<\/p>\n\n\n\n<p>Antes de partir, leia tamb\u00e9m &#8211; <a href=\"https:\/\/www.acordocerto.com.br\/blog\/quem-recebe-bolsa-familia-pode-fazer-emprestimo-na-caixa-economica\/\">Quem recebe Bolsa Fam\u00edlia pode fazer empr\u00e9stimo na Caixa Econ\u00f4mica? Entenda!<\/a><\/p>\n\n\n\n<h2 class=\"wp-block-heading\">Conclus\u00e3o<\/h2>\n\n\n\n<p>Como podemos ver, o Bolsa Fam\u00edlia \u00e9 muito mais do que um simples benef\u00edcio financeiro; ele representa <strong>esperan\u00e7a e uma oportunidade de transforma\u00e7\u00e3o para milh\u00f5es de fam\u00edlias em situa\u00e7\u00e3o de vulnerabilidade no Brasil.<\/strong><\/p>\n\n\n\n<p>Apesar de n\u00e3o haver uma idade espec\u00edfica para sair do programa, \u00e9 essencial entender como fatores como a renda familiar, a frequ\u00eancia escolar e a atualiza\u00e7\u00e3o cadastral influenciam na continuidade do aux\u00edlio.<\/p>\n\n\n\n<div class=\"cta-btn-block\">\n  <a class=\"cta-btn\" href=\"https:\/\/app.acordocerto.com.br\/login?utm_source=blog&amp;utm_medium=acordocerto&amp;utm_term=cta-post\" target=\"_blank\">Consulte seu CPF<\/a>\n<\/div>\n\n\n\n<p>Com as recentes mudan\u00e7as, as fam\u00edlias t\u00eam acesso a benef\u00edcios adicionais que refor\u00e7am a import\u00e2ncia de cuidar das crian\u00e7as, dos adolescentes e das gestantes. No entanto, \u00e9 fundamental estar atento \u00e0s regras e se preparar para o futuro.<\/p>\n\n\n\n<p>At\u00e9 porque a transi\u00e7\u00e3o para o mercado de trabalho, com apoio de qualifica\u00e7\u00e3o profissional e planejamento, pode ser o primeiro passo para alcan\u00e7ar maior independ\u00eancia financeira.Agora que voc\u00ea j\u00e1 sabe <strong>com quantos anos sai do Bolsa Fam\u00edlia<\/strong>, visite o <a href=\"https:\/\/www.acordocerto.com.br\/blog\/\">blog da Acordo Certo<\/a> e aproveite para ler outras mat\u00e9rias como essa. At\u00e9 a pr\u00f3xima!\ud83d\udc4b<\/p>\n\n\n<ul class=\"wp-block-latest-posts__list wp-block-latest-posts\"><li><a class=\"wp-block-latest-posts__post-title\" href=\"https:\/\/www.acordocerto.com.br\/blog\/divida-pode-bloquear-ou-penhorar-salario\/\">D\u00edvida pode bloquear ou penhorar sal\u00e1rio? Entenda o que a lei permite<\/a><\/li>\n<li><a class=\"wp-block-latest-posts__post-title\" href=\"https:\/\/www.acordocerto.com.br\/blog\/cnh-pai-d-egua-para\/\">CNH Pai D\u2019\u00e9gua 2026: como funciona e quem pode se inscrever na CNH Social do Par\u00e1<\/a><\/li>\n<li><a class=\"wp-block-latest-posts__post-title\" href=\"https:\/\/www.acordocerto.com.br\/blog\/cnh-social-sergipe\/\">CNH Social Sergipe 2026: como funciona o programa de habilita\u00e7\u00e3o gratuita no estado<\/a><\/li>\n<li><a class=\"wp-block-latest-posts__post-title\" href=\"https:\/\/www.acordocerto.com.br\/blog\/cnh-social-bahia\/\">CNH Social Bahia 2026: tudo sobre o programa CNH da Gente e o impacto da nova lei federal<\/a><\/li>\n<\/ul>\n\n\n<h4 class=\"wp-block-heading\"><strong>FAQ: Perguntas frequentes<\/strong><\/h4>\n\n\n<div id=\"rank-math-faq\" class=\"rank-math-block\">\n<div class=\"rank-math-list \">\n<div id=\"faq-question-1680723276120\" class=\"rank-math-list-item\">\n<h4 class=\"rank-math-question \">Posso acumular o Bolsa Fam\u00edlia com outros benef\u00edcios sociais?<\/h4>\n<div class=\"rank-math-answer \">\n\n<p>Sim, em alguns casos \u00e9 poss\u00edvel acumular o Bolsa Fam\u00edlia com outros benef\u00edcios, como o <a href=\"https:\/\/www.acordocerto.com.br\/blog\/beneficio-de-prestacao-continuada\/\">Benef\u00edcio de Presta\u00e7\u00e3o Continuada<\/a> (BPC), desde que a fam\u00edlia atenda aos crit\u00e9rios de elegibilidade de cada programa. No entanto, o governo realiza avalia\u00e7\u00f5es para evitar que uma mesma fam\u00edlia receba recursos duplicados de programas com objetivos semelhantes.<\/p>\n\n<\/div>\n<\/div>\n<div id=\"faq-question-1680723279284\" class=\"rank-math-list-item\">\n<h4 class=\"rank-math-question \">Quem \u00e9 respons\u00e1vel por atualizar o cadastro no Bolsa Fam\u00edlia?<\/h4>\n<div class=\"rank-math-answer \">\n\n<p>A atualiza\u00e7\u00e3o cadastral deve ser feita pelo respons\u00e1vel familiar, ou seja, a pessoa identificada no cadastro como respons\u00e1vel pela fam\u00edlia. Essa pessoa precisa comparecer ao CRAS (Centro de Refer\u00eancia de Assist\u00eancia Social) ou a outros pontos de atendimento autorizados, levando documentos como RG, CPF, comprovante de resid\u00eancia e a documenta\u00e7\u00e3o de todos os membros da fam\u00edlia.<\/p>\n\n<\/div>\n<\/div>\n<div id=\"faq-question-1680723280484\" class=\"rank-math-list-item\">\n<h4 class=\"rank-math-question \">O que acontece se minha renda familiar melhorar temporariamente?<\/h4>\n<div class=\"rank-math-answer \">\n\n<p>Se a renda da sua fam\u00edlia aumentar de forma tempor\u00e1ria, como por causa de um trabalho por prazo determinado ou algum pagamento eventual, \u00e9 poss\u00edvel que o benef\u00edcio seja mantido por um per\u00edodo de transi\u00e7\u00e3o. Isso acontece porque o programa reconhece que a vulnerabilidade econ\u00f4mica pode variar, e nem sempre um aumento tempor\u00e1rio de renda significa estabilidade financeira.<\/p>\n\n<\/div>\n<\/div>\n<div id=\"faq-question-1708706450917\" class=\"rank-math-list-item\">\n<h4 class=\"rank-math-question \">Existe algum apoio para fam\u00edlias que saem do programa?<\/h4>\n<div class=\"rank-math-answer \">\n\n<p>Sim, algumas prefeituras e programas sociais oferecem suporte para fam\u00edlias que deixam o Bolsa Fam\u00edlia, como acesso a cursos de capacita\u00e7\u00e3o e vagas em programas de inclus\u00e3o no mercado de trabalho. Vale a pena buscar informa\u00e7\u00f5es junto ao CRAS ou outras institui\u00e7\u00f5es locais para aproveitar essas oportunidades de apoio.<\/p>\n\n<\/div>\n<\/div>\n<\/div>\n<\/div>\n\n\n<h3 class=\"wp-block-heading\"><strong>Web Stories<\/strong><\/h3>\n\n\n<div style='text-align:center' class='yasr-auto-insert-visitor'><\/div>","protected":false},"excerpt":{"rendered":"<p>Voc\u00ea sabe com quantos anos sai do Bolsa Fam\u00edlia? Se sua resposta \u00e9 n\u00e3o, leia este artigo e descubra tudo o que voc\u00ea precisa saber sobre esse programa!<\/p>\n","protected":false},"author":10,"featured_media":19221,"comment_status":"open","ping_status":"open","sticky":false,"template":"","format":"standard","meta":{"_acf_changed":false,"inline_featured_image":false,"yasr_overall_rating":0,"yasr_post_is_review":"","yasr_auto_insert_disabled":"","yasr_review_type":"","footnotes":""},"categories":[33],"tags":[627],"class_list":["post-19170","post","type-post","status-publish","format-standard","has-post-thumbnail","hentry","category-direitos-e-beneficios","tag-auxilio-do-governo"],"acf":[],"yasr_visitor_votes":{"stars_attributes":{"read_only":false,"span_bottom":false},"number_of_votes":1,"sum_votes":5},"_links":{"self":[{"href":"https:\/\/www.acordocerto.com.br\/blog\/wp-json\/wp\/v2\/posts\/19170","targetHints":{"allow":["GET"]}}],"collection":[{"href":"https:\/\/www.acordocerto.com.br\/blog\/wp-json\/wp\/v2\/posts"}],"about":[{"href":"https:\/\/www.acordocerto.com.br\/blog\/wp-json\/wp\/v2\/types\/post"}],"author":[{"embeddable":true,"href":"https:\/\/www.acordocerto.com.br\/blog\/wp-json\/wp\/v2\/users\/10"}],"replies":[{"embeddable":true,"href":"https:\/\/www.acordocerto.com.br\/blog\/wp-json\/wp\/v2\/comments?post=19170"}],"version-history":[{"count":2,"href":"https:\/\/www.acordocerto.com.br\/blog\/wp-json\/wp\/v2\/posts\/19170\/revisions"}],"predecessor-version":[{"id":19223,"href":"https:\/\/www.acordocerto.com.br\/blog\/wp-json\/wp\/v2\/posts\/19170\/revisions\/19223"}],"wp:featuredmedia":[{"embeddable":true,"href":"https:\/\/www.acordocerto.com.br\/blog\/wp-json\/wp\/v2\/media\/19221"}],"wp:attachment":[{"href":"https:\/\/www.acordocerto.com.br\/blog\/wp-json\/wp\/v2\/media?parent=19170"}],"wp:term":[{"taxonomy":"category","embeddable":true,"href":"https:\/\/www.acordocerto.com.br\/blog\/wp-json\/wp\/v2\/categories?post=19170"},{"taxonomy":"post_tag","embeddable":true,"href":"https:\/\/www.acordocerto.com.br\/blog\/wp-json\/wp\/v2\/tags?post=19170"}],"curies":[{"name":"wp","href":"https:\/\/api.w.org\/{rel}","templated":true}]}}