{"id":19428,"date":"2025-04-15T20:00:00","date_gmt":"2025-04-15T23:00:00","guid":{"rendered":"https:\/\/www.acordocerto.com.br\/blog\/?p=19428"},"modified":"2026-02-05T15:08:20","modified_gmt":"2026-02-05T18:08:20","slug":"corte-bolsa-familia","status":"publish","type":"post","link":"https:\/\/www.acordocerto.com.br\/blog\/corte-bolsa-familia\/","title":{"rendered":"Corte Bolsa Fam\u00edlia em 2026:\u00a0entenda os poss\u00edveis cortes e como eles podem te afetar"},"content":{"rendered":"\n<p>O Bolsa Fam\u00edlia \u00e9 um dos programas sociais mais importantes do Brasil, ajudando milh\u00f5es de fam\u00edlias a colocar comida na mesa todos os meses.<\/p>\n\n\n\n<div class=\"cta-btn-block\">\n  <a class=\"cta-btn\"\n     href=\"https:\/\/app.acordocerto.com.br\/login?utm_source=blog&amp;utm_medium=acordocerto&amp;utm_term=cta-post\"\n          target=\"_blank\">Consulte seu CPF<\/a>\n<\/div>\n\n\n\n<p>Mas, em 2025, muitos brasileiros foram pegos de surpresa com a not\u00edcia de um <strong>corte no Bolsa Fam\u00edlia<\/strong>, o que gerou preocupa\u00e7\u00e3o e inseguran\u00e7a em todo o pa\u00eds.<\/p>\n\n\n\n<p>Afinal, o que est\u00e1 acontecendo? Por que algumas fam\u00edlias deixaram de receber o benef\u00edcio? E o que fazer se isso acontecer com voc\u00ea?<\/p>\n\n\n\n<p>Neste artigo, vamos explicar de forma simples tudo o que voc\u00ea precisa saber sobre os <strong>cortes no Bolsa Fam\u00edlia em 2025<\/strong> e como agir diante dessa situa\u00e7\u00e3o. Vem com a gente!<\/p>\n\n\n\n\n\n<h2 class=\"wp-block-heading\">O cen\u00e1rio atual do Bolsa Fam\u00edlia<\/h2>\n\n\n\n<p>Em 2025, o <strong>Bolsa Fam\u00edlia<\/strong> mant\u00e9m sua fun\u00e7\u00e3o essencial de apoiar fam\u00edlias em situa\u00e7\u00e3o de vulnerabilidade no Brasil. Para ser eleg\u00edvel ao programa, a renda por pessoa da fam\u00edlia deve ser de at\u00e9 R$ 218 mensais.<\/p>\n\n\n\n<div class=\"cta-btn-block\">\n  <a class=\"cta-btn\"\n     href=\"https:\/\/app.acordocerto.com.br\/login?utm_source=blog&amp;utm_medium=acordocerto&amp;utm_term=cta-post\"\n          target=\"_blank\">Consulte seu CPF<\/a>\n<\/div>\n\n\n\n<p>Al\u00e9m disso, \u00e9 necess\u00e1rio estar cadastrado no Cadastro \u00danico para Programas Sociais do Governo Federal (Cad\u00danico), com informa\u00e7\u00f5es atualizadas nos \u00faltimos dois anos.<\/p>\n\n\n\n<p>O valor m\u00ednimo do benef\u00edcio \u00e9 de R$ 600 por fam\u00edlia, podendo haver acr\u00e9scimos conforme a composi\u00e7\u00e3o familiar.<\/p>\n\n\n\n<ol class=\"wp-block-list\">\n<li><strong>R$ 150 adicionais<\/strong> por crian\u00e7a de at\u00e9 seis anos;\u200b<\/li>\n\n\n\n<li><strong>R$ 50 adicionais<\/strong> por gestante ou por crian\u00e7a\/adolescente entre sete e 18 anos.<\/li>\n<\/ol>\n\n\n\n<p><\/p>\n\n\n\n<p>\u00c9 importante dizer que desde sua implementa\u00e7\u00e3o, o Bolsa Fam\u00edlia tem sido fundamental na redu\u00e7\u00e3o da pobreza e da desigualdade social no pa\u00eds.<\/p>\n\n\n\n<p>Inclusive, alguns estudos indicam que o programa contribuiu para a diminui\u00e7\u00e3o significativa do \u00edndice de Gini, que mede a desigualdade de renda, especialmente nas regi\u00f5es Norte e Nordeste.<\/p>\n\n\n\n<p><strong>Vale destacar tamb\u00e9m que o programa est\u00e1 integrado a pol\u00edticas de sa\u00fade e educa\u00e7\u00e3o, promovendo melhorias nas condi\u00e7\u00f5es de vida das fam\u00edlias beneficiadas.<\/strong><\/p>\n\n\n\n<p>No entanto, neste ano o governo federal prop\u00f4s um corte significativo no or\u00e7amento do programa, o que fez muita gente entrar em estado de alerta.<\/p>\n\n\n\n<p>Quer saber com quantos anos sai do Bolsa Fam\u00edlia? Leia este artigo e descubra &#8211; <a href=\"https:\/\/www.acordocerto.com.br\/blog\/com-quantos-anos-sai-do-bolsa-familia\/\">Com quantos anos sai do Bolsa Fam\u00edlia? Descubra at\u00e9 quando voc\u00ea pode receber!<\/a><\/p>\n\n\n\n<h2 class=\"wp-block-heading\">Corte de R$ 7,7 bilh\u00f5es no Bolsa Fam\u00edlia<\/h2>\n\n\n\n<p>Recentemente, o governo federal prop\u00f4s um corte de <strong>R$ 7,7 bilh\u00f5es<\/strong> no or\u00e7amento do <strong>Bolsa Fam\u00edlia<\/strong>, reduzindo os recursos destinados ao programa de R$ 167,2 bilh\u00f5es para R$ 159,5 bilh\u00f5es.<\/p>\n\n\n\n<figure class=\"wp-block-embed is-type-video is-provider-youtube wp-block-embed-youtube wp-embed-aspect-16-9 wp-has-aspect-ratio\"><div class=\"wp-block-embed__wrapper\">\n<iframe title=\"Novo Bolsa Fami\u0301lia 2025: Quem Tem Direito, Regras e Valor - Acordo Certo\" width=\"500\" height=\"281\" src=\"https:\/\/www.youtube.com\/embed\/bM8zDGrnF8c?feature=oembed\" frameborder=\"0\" allow=\"accelerometer; autoplay; clipboard-write; encrypted-media; gyroscope; picture-in-picture; web-share\" referrerpolicy=\"strict-origin-when-cross-origin\" allowfullscreen><\/iframe>\n<\/div><\/figure>\n\n\n\n<p>Essa decis\u00e3o foi tomada para realocar verbas para outras \u00e1reas, como o aumento de R$ 8,3 bilh\u00f5es para benef\u00edcios previdenci\u00e1rios e a destina\u00e7\u00e3o de R$ 3 bilh\u00f5es adicionais ao Vale-G\u00e1s, um subs\u00eddio para fam\u00edlias de baixa renda adquirirem g\u00e1s de cozinha.<\/p>\n\n\n\n<p>A proposta de corte est\u00e1 inserida em um contexto de busca por equil\u00edbrio fiscal e respeito ao teto de gastos, uma regra que limita o aumento das despesas p\u00fablicas.<\/p>\n\n\n\n<div class=\"cta-btn-block\">\n  <a class=\"cta-btn\"\n     href=\"https:\/\/app.acordocerto.com.br\/login?utm_source=blog&amp;utm_medium=acordocerto&amp;utm_term=cta-post\"\n          target=\"_blank\">Consulte seu CPF<\/a>\n<\/div>\n\n\n\n<p>O governo enfrenta o desafio de atender \u00e0s necessidades sociais enquanto mant\u00e9m a responsabilidade fiscal, o que gera debates sobre a sustentabilidade e o futuro do Bolsa Fam\u00edlia.<\/p>\n\n\n\n<p>Especialistas e parlamentares discutem alternativas para garantir que os cortes n\u00e3o prejudiquem as fam\u00edlias mais vulner\u00e1veis, ressaltando a import\u00e2ncia de pol\u00edticas que conciliem austeridade fiscal com a prote\u00e7\u00e3o social.\u200b<\/p>\n\n\n\n<p>N\u00e3o sabe quando cai o benef\u00edcio neste ano? Veja o calend\u00e1rio completo &#8211; <a href=\"https:\/\/www.acordocerto.com.br\/blog\/calendario-do-bolsa-familia\/\">Calend\u00e1rio do Bolsa Fam\u00edlia: Quando cai o benef\u00edcio? Entenda o prazo de pagamentos.<\/a><\/p>\n\n\n\n<h2 class=\"wp-block-heading\">Os poss\u00edveis impactos dos cortes do Bolsa Fam\u00edlia<\/h2>\n\n\n\n<p>Com o corte de bilh\u00f5es no Bolsa Fam\u00edlia, muita gente se pergunta: <em>o que isso muda na pr\u00e1tica?<\/em> <\/p>\n\n\n\n<p>A seguir, mostramos como essa redu\u00e7\u00e3o no or\u00e7amento pode afetar a vida de quem depende do programa e tamb\u00e9m a economia do pa\u00eds como um todo.<\/p>\n\n\n\n<ol class=\"wp-block-list\">\n<li>Menos comida na mesa<\/li>\n\n\n\n<li>Dificuldade para manter crian\u00e7as na escola<\/li>\n\n\n\n<li>Mais gente em situa\u00e7\u00e3o de rua e pobreza extrema<\/li>\n\n\n\n<li>A economia local tamb\u00e9m sente o impacto<\/li>\n\n\n\n<li>Mais desigualdade entre ricos e pobres<\/li>\n<\/ol>\n\n\n\n<p><\/p>\n\n\n\n<h3 class=\"wp-block-heading\">Menos comida na mesa<\/h3>\n\n\n\n<p>Para muitas fam\u00edlias, a renda desse programa \u00e9 o principal &#8211; e \u00e0s vezes o \u00fanico &#8211; dinheiro que entra todo m\u00eas. Com o <strong>corte no Bolsa Fam\u00edlia<\/strong>, milhares de fam\u00edlias podem ter o valor do benef\u00edcio reduzido ou at\u00e9 mesmo cortado.<\/p>\n\n\n\n<div class=\"cta-btn-block\">\n  <a class=\"cta-btn\"\n     href=\"https:\/\/app.acordocerto.com.br\/login?utm_source=blog&amp;utm_medium=acordocerto&amp;utm_term=cta-post\"\n          target=\"_blank\">Consulte seu CPF<\/a>\n<\/div>\n\n\n\n<p>O que isso significa? Menos comida no prato, mais dificuldade para comprar g\u00e1s de cozinha, pagar uma conta de luz ou garantir o b\u00e1sico para os filhos.<\/p>\n\n\n\n<p>Quer saber quando o Bolsa Fam\u00edlia cai no Caixa Tem? Leia este artigo &#8211; <a href=\"https:\/\/www.acordocerto.com.br\/blog\/que-horas-cai-o-bolsa-familia-no-caixa-tem\/\">Bolsa Fam\u00edlia no Caixa Tem: A que horas o dinheiro cai na sua conta?<\/a><\/p>\n\n\n\n<h3 class=\"wp-block-heading\">Dificuldade para manter crian\u00e7as na escola<\/h3>\n\n\n\n<p>O programa exige que crian\u00e7as e adolescentes estejam matriculados e com frequ\u00eancia escolar em dia.<\/p>\n\n\n\n<p>Sem o benef\u00edcio, muitos pais podem se ver for\u00e7ados a tirar os filhos da escola para ajudar com trabalho ou cuidar de outros irm\u00e3os, o que prejudica o futuro dessas crian\u00e7as.<\/p>\n\n\n\n<h3 class=\"wp-block-heading\">Mais gente em situa\u00e7\u00e3o de rua e pobreza extrema<\/h3>\n\n\n\n<p>Se o benef\u00edcio for reduzido ou cancelado para parte das fam\u00edlias, a tend\u00eancia \u00e9 que aumente o n\u00famero de pessoas vivendo em situa\u00e7\u00e3o de rua, pedindo ajuda ou dependendo ainda mais de doa\u00e7\u00f5es e a\u00e7\u00f5es sociais. O corte atinge justamente quem mais precisa.<\/p>\n\n\n\n<p>Voc\u00ea recebe Bolsa Fam\u00edlia e est\u00e1 pensando em fazer um empr\u00e9stimo na Caixa? Saiba se voc\u00ea \u00e9 eleg\u00edvel &#8211; <a href=\"https:\/\/www.acordocerto.com.br\/blog\/quem-recebe-bolsa-familia-pode-fazer-emprestimo-na-caixa-economica\/\">Quem recebe Bolsa Fam\u00edlia pode fazer empr\u00e9stimo na Caixa Econ\u00f4mica? Entenda!<\/a><\/p>\n\n\n\n<h3 class=\"wp-block-heading\">A economia local tamb\u00e9m sente o impacto<\/h3>\n\n\n\n<p>Pode parecer que o Bolsa Fam\u00edlia \u00e9 s\u00f3 um gasto do governo, mas na pr\u00e1tica ele movimenta o com\u00e9rcio local. Quando o dinheiro cai, ele \u00e9 usado em mercados, farm\u00e1cias, feiras e outros pequenos com\u00e9rcios de bairro.<\/p>\n\n\n\n<div class=\"cta-btn-block\">\n  <a class=\"cta-btn\"\n     href=\"https:\/\/app.acordocerto.com.br\/login?utm_source=blog&amp;utm_medium=acordocerto&amp;utm_term=cta-post\"\n          target=\"_blank\">Consulte seu CPF<\/a>\n<\/div>\n\n\n\n<p>Com menos dinheiro circulando, esses neg\u00f3cios tamb\u00e9m vendem menos, o que pode gerar demiss\u00f5es e at\u00e9 fechamento de portas.<\/p>\n\n\n\n<h3 class=\"wp-block-heading\">Mais desigualdade entre ricos e pobres<\/h3>\n\n\n\n<p>O Bolsa Fam\u00edlia sempre teve um papel importante para diminuir a diferen\u00e7a entre quem tem muito e quem tem pouco. Com menos fam\u00edlias sendo atendidas, essa desigualdade pode crescer ainda mais, principalmente nas regi\u00f5es mais pobres do pa\u00eds.<\/p>\n\n\n\n<p>Seu nome ficou negativado e est\u00e1 com medo de perder o Bolsa Fam\u00edlia? Leia este artigo &#8211; <a href=\"https:\/\/www.acordocerto.com.br\/blog\/nome-sujo-perde-bolsa-familia\/\">Quem Tem Nome Sujo Perde Bolsa Fam\u00edlia? Descubra Aqui!<\/a><\/p>\n\n\n\n<h2 class=\"wp-block-heading\">Como ficar por dentro das principais not\u00edcias do Bolsa Fam\u00edlia?<\/h2>\n\n\n\n<p>Com tantas mudan\u00e7as acontecendo, \u00e9 normal ficar com d\u00favidas ou at\u00e9 preocupado com o futuro do <strong>Bolsa Fam\u00edlia<\/strong>.<\/p>\n\n\n\n<p>Por isso, mais do que nunca, \u00e9 importante acompanhar as novidades e entender como as decis\u00f5es do governo podem afetar a sua vida e a da sua fam\u00edlia.<\/p>\n\n\n\n<div class=\"cta-btn-block\">\n  <a class=\"cta-btn\"\n     href=\"https:\/\/app.acordocerto.com.br\/login?utm_source=blog&amp;utm_medium=acordocerto&amp;utm_term=cta-post\"\n          target=\"_blank\">Consulte seu CPF<\/a>\n<\/div>\n\n\n\n<p>Aqui no <strong>blog da Acordo Certo<\/strong>, a gente est\u00e1 sempre de olho nas atualiza\u00e7\u00f5es sobre o Bolsa Fam\u00edlia e outros benef\u00edcios sociais.<\/p>\n\n\n\n<p>Explicamos de forma simples tudo o que est\u00e1 mudando, quem pode ser afetado, como se prevenir e o que fazer se o benef\u00edcio for cortado. Ent\u00e3o, j\u00e1 favorita nosso blog.<\/p>\n\n\n\n<p>Mas olha s\u00f3: n\u00e3o basta s\u00f3 acompanhar as not\u00edcias. \u00c9 importante <strong>se preparar para poss\u00edveis mudan\u00e7as tamb\u00e9m, ok<\/strong>?&nbsp;<\/p>\n\n\n\n<h3 class=\"wp-block-heading\">Como se preparar para as mudan\u00e7as?<\/h3>\n\n\n\n<p>Para voc\u00ea evitar cortes no programa e n\u00e3o ter nenhum tipo de surpresa negativa, \u00e9 importante:<\/p>\n\n\n\n<ol class=\"wp-block-list\">\n<li><strong>Manter o Cadastro \u00danico (<a href=\"https:\/\/www.acordocerto.com.br\/blog\/o-que-e-cadastro-unico\/\">Cad\u00danico<\/a>) sempre atualizado<\/strong>, com todas as informa\u00e7\u00f5es corretas sobre sua fam\u00edlia.<\/li>\n\n\n\n<li><strong>Verificar regularmente se o benef\u00edcio foi depositado<\/strong>, usando o app do Bolsa Fam\u00edlia ou consultando pelo CPF.<\/li>\n\n\n\n<li><strong>Prestar aten\u00e7\u00e3o nas regras do programa<\/strong>, como frequ\u00eancia escolar das crian\u00e7as e acompanhamento de sa\u00fade, para n\u00e3o correr o risco de ter o benef\u00edcio suspenso.<\/li>\n<\/ol>\n\n\n\n<p><\/p>\n\n\n\n<p>Al\u00e9m disso, vale lembrar que o Bolsa Fam\u00edlia n\u00e3o \u00e9 o \u00fanico apoio dispon\u00edvel. Existem outros programas sociais oferecidos pelo governo, como o <strong><a href=\"https:\/\/www.acordocerto.com.br\/blog\/programa-progredir\/\">Programa Progredir<\/a><\/strong>, que ajuda quem quer encontrar um emprego, fazer um curso ou at\u00e9 abrir um pequeno neg\u00f3cio.<\/p>\n\n\n\n<p>Tamb\u00e9m tem o <strong><a href=\"https:\/\/www.acordocerto.com.br\/blog\/consulta-vale-gas-pelo-cpf\/\">Vale-G\u00e1s<\/a><\/strong>, que ajuda a pagar parte do botij\u00e3o de g\u00e1s, e outros aux\u00edlios que podem ser acessados por quem est\u00e1 no Cad\u00danico.<\/p>\n\n\n\n<p>Antes de partir, leia tamb\u00e9m &#8211; <a href=\"https:\/\/www.acordocerto.com.br\/blog\/emprestimo-bolsa-familia\/\">Empr\u00e9stimo Bolsa Fam\u00edlia: Conhe\u00e7a as mudan\u00e7as e novidades para 2025.<\/a><\/p>\n\n\n\n<h2 class=\"wp-block-heading\">Conclus\u00e3o<\/h2>\n\n\n\n<p>Como podemos ver, o <strong>corte no Bolsa Fam\u00edlia<\/strong> em 2025 deixou muita gente preocupada &#8211; e com raz\u00e3o. Afinal, esse benef\u00edcio \u00e9 essencial para milh\u00f5es de brasileiros que contam com ele todos os meses para sobreviver.<\/p>\n\n\n\n<div class=\"cta-btn-block\">\n  <a class=\"cta-btn\"\n     href=\"https:\/\/app.acordocerto.com.br\/login?utm_source=blog&amp;utm_medium=acordocerto&amp;utm_term=cta-post\"\n          target=\"_blank\">Consulte seu CPF<\/a>\n<\/div>\n\n\n\n<p>Entender o que est\u00e1 acontecendo, por que os cortes foram feitos e como se proteger \u00e9 o primeiro passo para enfrentar essa fase com mais seguran\u00e7a. Manter os dados atualizados, acompanhar as not\u00edcias e buscar informa\u00e7\u00f5es confi\u00e1veis tamb\u00e9m pode fazer a diferen\u00e7a.<\/p>\n\n\n\n<p>E aqui na <a href=\"https:\/\/www.acordocerto.com.br\/\"><strong>Acordo Certo<\/strong><\/a>, voc\u00ea encontra um canal aberto para se informar, tirar d\u00favidas e descobrir caminhos para seguir em frente, mesmo diante dos desafios.<\/p>\n\n\n\n<p>Continue <strong>acompanhando nosso blog<\/strong> para ficar por dentro das mudan\u00e7as no Bolsa Fam\u00edlia e de outros programas sociais importantes. A informa\u00e7\u00e3o certa, na hora certa, pode te ajudar a garantir o que \u00e9 seu por direito. At\u00e9 a pr\u00f3xima!\ud83d\udc4b<\/p>\n\n\n\n\n\n<ul class=\"wp-block-latest-posts__list wp-block-latest-posts\"><li><a class=\"wp-block-latest-posts__post-title\" href=\"https:\/\/www.acordocerto.com.br\/blog\/divida-pode-bloquear-ou-penhorar-salario\/\">D\u00edvida pode bloquear ou penhorar sal\u00e1rio? Entenda o que a lei permite<\/a><\/li>\n<li><a class=\"wp-block-latest-posts__post-title\" href=\"https:\/\/www.acordocerto.com.br\/blog\/cnh-pai-d-egua-para\/\">CNH Pai D\u2019\u00e9gua 2026: como funciona e quem pode se inscrever na CNH Social do Par\u00e1<\/a><\/li>\n<li><a class=\"wp-block-latest-posts__post-title\" href=\"https:\/\/www.acordocerto.com.br\/blog\/cnh-social-sergipe\/\">CNH Social Sergipe 2026: como funciona o programa de habilita\u00e7\u00e3o gratuita no estado<\/a><\/li>\n<li><a class=\"wp-block-latest-posts__post-title\" href=\"https:\/\/www.acordocerto.com.br\/blog\/cnh-social-bahia\/\">CNH Social Bahia 2026: tudo sobre o programa CNH da Gente e o impacto da nova lei federal<\/a><\/li>\n<\/ul>\n\n\n<h4 class=\"wp-block-heading\"><strong>FAQ: Perguntas frequentes<\/strong><\/h4>\n\n\n<div id=\"rank-math-faq\" class=\"rank-math-block\">\n<div class=\"rank-math-list \">\n<div id=\"faq-question-1680723276120\" class=\"rank-math-list-item\">\n<h4 class=\"rank-math-question \">1. Quem teve o Bolsa Fam\u00edlia cortado pode voltar a receber?<\/h4>\n<div class=\"rank-math-answer \">\n\n<p>Sim. Se o seu benef\u00edcio foi cortado por alguma irregularidade ou falta de atualiza\u00e7\u00e3o no cadastro, \u00e9 poss\u00edvel regularizar a situa\u00e7\u00e3o. O ideal \u00e9 procurar o CRAS da sua cidade e verificar o motivo do corte. Ap\u00f3s a corre\u00e7\u00e3o dos dados, sua fam\u00edlia pode voltar a receber, desde que ainda atenda aos crit\u00e9rios do programa.<\/p>\n\n<\/div>\n<\/div>\n<div id=\"faq-question-1680723279284\" class=\"rank-math-list-item\">\n<h4 class=\"rank-math-question \">2. O corte no Bolsa Fam\u00edlia afeta todos os benefici\u00e1rios?<\/h4>\n<div class=\"rank-math-answer \">\n\n<p>N\u00e3o necessariamente. O corte no or\u00e7amento do programa n\u00e3o significa que todos os benefici\u00e1rios ter\u00e3o redu\u00e7\u00e3o ou cancelamento do valor. Em muitos casos, os cortes s\u00e3o ajustes feitos em fam\u00edlias que n\u00e3o se enquadram mais nas regras ou que estavam com informa\u00e7\u00f5es desatualizadas.<\/p>\n\n<\/div>\n<\/div>\n<div id=\"faq-question-1680723280484\" class=\"rank-math-list-item\">\n<h4 class=\"rank-math-question \">3. Como saber se meu Bolsa Fam\u00edlia foi bloqueado ou cancelado?<\/h4>\n<div class=\"rank-math-answer \">\n\n<p>Voc\u00ea pode consultar a situa\u00e7\u00e3o do seu benef\u00edcio pelo aplicativo do Bolsa Fam\u00edlia, pelo app Caixa Tem ou diretamente no CRAS. L\u00e1 ser\u00e1 informado se o pagamento est\u00e1 normal, bloqueado temporariamente ou cancelado, e o motivo dessa mudan\u00e7a.<\/p>\n\n<\/div>\n<\/div>\n<div id=\"faq-question-1708706450917\" class=\"rank-math-list-item\">\n<h4 class=\"rank-math-question \">4. Al\u00e9m do Bolsa Fam\u00edlia, quais outros programas posso buscar?<\/h4>\n<div class=\"rank-math-answer \">\n\n<p>Existem outros benef\u00edcios que podem ajudar fam\u00edlias de baixa renda, como o Vale-G\u00e1s, o Programa Progredir, o Benef\u00edcio de Presta\u00e7\u00e3o Continuada (BPC) para idosos e pessoas com defici\u00eancia, e at\u00e9 cursos gratuitos de capacita\u00e7\u00e3o profissional. Todos eles exigem cadastro atualizado no Cad\u00danico.<\/p>\n\n<\/div>\n<\/div>\n<\/div>\n<\/div>\n\n\n<h3 class=\"wp-block-heading\"><strong>Web Stories<\/strong><\/h3>\n\n\n\t\t<div class=\"web-stories-list alignnone has-archive-link is-view-type-carousel is-style-default is-carousel\" data-id=\"1\">\n\t\t\t<div\n\t\t\tclass=\"web-stories-list__inner-wrapper carousel-1\"\n\t\t\tstyle=\"--ws-story-max-width:185px\"\n\t\t\t>\n\t\t\t\t\t\t<div class=\"web-stories-list__archive-link\">\n\t\t\t<a href=\"https:\/\/www.acordocerto.com.br\/blog\/web-stories\/\">\n\t\t\t\tVisualizando todos Stories\t\t\t<\/a>\n\t\t<\/div>\n\t\t\t\t\t\t\t<div\n\t\t\t\t\tclass=\"web-stories-list__carousel carousel\"\n\t\t\t\t\tdata-id=\"carousel-1\"\n\t\t\t\t\tdata-prev=\"Voltar\"\n\t\t\t\t\tdata-next=\"Avan\u00e7ar\"\n\t\t\t\t\t>\n\t\t\t\t\t\t\t\t\t<div\n\t\t\t\tclass=\"web-stories-list__story\"\n\t\t\t\tdata-wp-interactive=\"web-stories-block\"\n\t\t\t\tdata-wp-context='{\"instanceId\":1}'\t\t\t\tdata-wp-on--click=\"actions.open\"\n\t\t\t\tdata-wp-on-window--popstate=\"actions.onPopstate\"\n\t\t\t\t>\n\t\t\t\t\t\t\t<div class=\"web-stories-list__story-poster\">\n\t\t\t\t<a href=\"https:\/\/www.acordocerto.com.br\/blog\/web-stories\/calendario-bolsa-familia-novembro\/\" >\n\t\t\t\t\t<img\n\t\t\t\t\t\tsrc=\"https:\/\/www.acordocerto.com.br\/blog\/wp-content\/uploads\/2023\/07\/cropped-Calendario-bolsa-familia-agosto-2023.jpg\"\n\t\t\t\t\t\talt=\"Calend\u00e1rio Bolsa Fam\u00edlia Novembro 2024\"\n\t\t\t\t\t\twidth=\"185\"\n\t\t\t\t\t\theight=\"308\"\n\t\t\t\t\t\t\t\t\t\t\t\t\tsrcset=\"https:\/\/www.acordocerto.com.br\/blog\/wp-content\/uploads\/2023\/07\/cropped-Calendario-bolsa-familia-agosto-2023.jpg 640w, https:\/\/www.acordocerto.com.br\/blog\/wp-content\/uploads\/2023\/07\/cropped-Calendario-bolsa-familia-agosto-2023-150x200.jpg 150w\"\n\t\t\t\t\t\t\t\t\t\t\t\t\t\t\t\t\t\t\tsizes=\"auto, (max-width: 640px) 100vw, 640px\"\n\t\t\t\t\t\t\t\t\t\t\t\tloading=\"lazy\"\n\t\t\t\t\t\tdecoding=\"async\"\n\t\t\t\t\t>\n\t\t\t\t<\/a>\n\t\t\t<\/div>\n\t\t\t\t\t<div class=\"web-stories-list__story-content-overlay\">\n\t\t\t\t\t\t\t<div class=\"story-content-overlay__title\">\n\t\t\t\t\tCalend\u00e1rio Bolsa Fam\u00edlia Novembro 2024\t\t\t\t<\/div>\n\t\t\t\n\t\t\t\n\t\t\t\n\t\t\t\t\t<\/div>\n\t\t\t\t\t<\/div>\n\t\t\t\t\t\t\t\t<\/div>\n\t\t\t\t\t<div tabindex=\"0\" aria-label=\"Voltar\" class=\"glider-prev\"><\/div>\n\t\t\t\t\t<div tabindex=\"0\" aria-label=\"Avan\u00e7ar\" class=\"glider-next\"><\/div>\n\t\t\t\t\t\t\t\t<\/div>\n\t\t<\/div>\n\t\t<div style='text-align:center' class='yasr-auto-insert-visitor'><\/div>","protected":false},"excerpt":{"rendered":"<p>Em 2025 os cortes no Bolsa Fam\u00edlia atingiram R$ 7,7 bilh\u00f5es. Leia este artigo e descubra se voc\u00ea foi afetado com esse corte e saiba como agir.<\/p>\n","protected":false},"author":32,"featured_media":19480,"comment_status":"open","ping_status":"open","sticky":false,"template":"","format":"standard","meta":{"_acf_changed":false,"inline_featured_image":false,"yasr_overall_rating":0,"yasr_post_is_review":"","yasr_auto_insert_disabled":"","yasr_review_type":"","footnotes":""},"categories":[33],"tags":[],"class_list":["post-19428","post","type-post","status-publish","format-standard","has-post-thumbnail","hentry","category-direitos-e-beneficios"],"acf":[],"yasr_visitor_votes":{"stars_attributes":{"read_only":false,"span_bottom":false},"number_of_votes":1,"sum_votes":1},"_links":{"self":[{"href":"https:\/\/www.acordocerto.com.br\/blog\/wp-json\/wp\/v2\/posts\/19428","targetHints":{"allow":["GET"]}}],"collection":[{"href":"https:\/\/www.acordocerto.com.br\/blog\/wp-json\/wp\/v2\/posts"}],"about":[{"href":"https:\/\/www.acordocerto.com.br\/blog\/wp-json\/wp\/v2\/types\/post"}],"author":[{"embeddable":true,"href":"https:\/\/www.acordocerto.com.br\/blog\/wp-json\/wp\/v2\/users\/32"}],"replies":[{"embeddable":true,"href":"https:\/\/www.acordocerto.com.br\/blog\/wp-json\/wp\/v2\/comments?post=19428"}],"version-history":[{"count":3,"href":"https:\/\/www.acordocerto.com.br\/blog\/wp-json\/wp\/v2\/posts\/19428\/revisions"}],"predecessor-version":[{"id":20439,"href":"https:\/\/www.acordocerto.com.br\/blog\/wp-json\/wp\/v2\/posts\/19428\/revisions\/20439"}],"wp:featuredmedia":[{"embeddable":true,"href":"https:\/\/www.acordocerto.com.br\/blog\/wp-json\/wp\/v2\/media\/19480"}],"wp:attachment":[{"href":"https:\/\/www.acordocerto.com.br\/blog\/wp-json\/wp\/v2\/media?parent=19428"}],"wp:term":[{"taxonomy":"category","embeddable":true,"href":"https:\/\/www.acordocerto.com.br\/blog\/wp-json\/wp\/v2\/categories?post=19428"},{"taxonomy":"post_tag","embeddable":true,"href":"https:\/\/www.acordocerto.com.br\/blog\/wp-json\/wp\/v2\/tags?post=19428"}],"curies":[{"name":"wp","href":"https:\/\/api.w.org\/{rel}","templated":true}]}}