{"id":19468,"date":"2025-04-15T11:22:17","date_gmt":"2025-04-15T14:22:17","guid":{"rendered":"https:\/\/www.acordocerto.com.br\/blog\/?p=19468"},"modified":"2025-04-15T11:27:03","modified_gmt":"2025-04-15T14:27:03","slug":"ta-pago-acordo-certo","status":"publish","type":"post","link":"https:\/\/www.acordocerto.com.br\/blog\/ta-pago-acordo-certo\/","title":{"rendered":"\u201cT\u00e1 pago\u201d: como recuperar a sua for\u00e7a e autonomia financeira"},"content":{"rendered":"\n<p>Voc\u00ea j\u00e1 teve a sensa\u00e7\u00e3o de estar devendo pra todo mundo, o tempo todo? No trabalho, em casa, nos boletos, nos relacionamentos, na academia?&nbsp;<\/p>\n\n\n\n<p>A gente vive se cobrando. De tudo. O tempo todo. E essa sensa\u00e7\u00e3o sufoca.<\/p>\n\n\n\n<p>Mas existe um al\u00edvio que come\u00e7a pequeno e pode mudar tudo: <strong>dizer \u201ct\u00e1 pago\u201d.<\/strong><\/p>\n\n\n\n<p>Nem sempre \u00e9 sobre dinheiro \u2014 \u00e0s vezes \u00e9 s\u00f3 sobre se permitir respirar, escolher onde colocar sua energia e lembrar que voc\u00ea <strong>n\u00e3o precisa dar conta de tudo<\/strong>.<\/p>\n\n\n\n<h2 class=\"wp-block-heading\">Por isso acreditamos que o \u201ct\u00e1 pago\u201d \u00e9 t\u00e3o poderoso<\/h2>\n\n\n\n<p>Num mar cheio de preocupa\u00e7\u00f5es, voc\u00ea risca um item da lista. Respira. E diz: <\/p>\n\n\n\n<figure class=\"wp-block-pullquote\"><blockquote><p><em>Aqui t\u00e1 pago.<\/em><\/p><\/blockquote><\/figure>\n\n\n\n<p>&nbsp;Parece que o ar at\u00e9 passa melhor entre o nariz e a barriga, n\u00e3o \u00e9? Voc\u00ea volta a inspirar e expirar com mais leveza. \u00c9 um breve momento de paz. Um intervalo de al\u00edvio.<\/p>\n\n\n\n<p>Nada como silenciar uma cobran\u00e7a \u2014 <strong>seja ela interna ou externa<\/strong> \u2014 e sentir que aquele problema j\u00e1 foi resolvido. Por isso \u00e9 t\u00e3o importante, de vez em quando, <strong>pausar a autocobran\u00e7a e retomar sua autonomia.<\/strong><\/p>\n\n\n\n<h2 class=\"wp-block-heading\">\u201cT\u00e1 pago\u201d tamb\u00e9m \u00e9 um lembrete: voc\u00ea tem escolha<\/h2>\n\n\n\n<p>Para chegar at\u00e9 o seu pr\u00f3prio \u201ct\u00e1 pago\u201d, voc\u00ea n\u00e3o precisa dar conta de tudo de uma vez. S\u00f3 precisa dar o primeiro passo.<\/p>\n\n\n\n<p>Evite se perder nessa espiral de cobran\u00e7a, tens\u00e3o, nervosismo e culpa. Voc\u00ea tem o direito de escolher <em>como<\/em>, <em>quando<\/em> e <em>onde<\/em> dizer o seu t\u00e3o sonhado \u201ct\u00e1 pago\u201d.<\/p>\n\n\n\n<div class=\"cta-btn-block\">\n  <a class=\"cta-btn\"\n     href=\"https:\/\/app.acordocerto.com.br\/login?utm_source=blog&amp;utm_medium=acordocerto&amp;utm_term=cta-post\"\n          target=\"_blank\">Quero dizer &quot;T\u00e1 Pago&quot;<\/a>\n<\/div>\n\n\n\n<p>Pode ser resolvendo uma pend\u00eancia pequena que atrasou s\u00f3 alguns dias, ou quitar aquela d\u00edvida que tira o sono h\u00e1 meses (ou at\u00e9 anos).&nbsp;<\/p>\n\n\n\n<p>Pode ser hoje. Pode ser no seu tempo.<\/p>\n\n\n\n<h2 class=\"wp-block-heading\">A Acordo Certo te ajuda a dizer \u201ct\u00e1 pago\u201d<\/h2>\n\n\n\n<p>Aqui a gente acredita que voc\u00ea merece dizer \u201ct\u00e1 pago\u201d nas mais diversas \u00e1reas da sua vida \u2014&nbsp; e principalmente naquela onde a cobran\u00e7a vem batendo na sua porta de forma insistente, por mensagem, liga\u00e7\u00e3o ou at\u00e9 carta.<\/p>\n\n\n\n<p>A gente sabe o quanto isso incomoda. E sabe tamb\u00e9m que n\u00e3o deveria ser assim. Ningu\u00e9m merece ser lembrado de uma d\u00edvida todos os dias, como se isso definisse quem voc\u00ea \u00e9.\u00a0\u00a0<\/p>\n\n\n\n<p>N\u00e3o \u00e9 justo, nem eficaz \u2014 \u00e9 s\u00f3 cansativo e desrespeitoso.<\/p>\n\n\n\n<figure class=\"wp-block-pullquote\"><blockquote><p><strong>Por isso, a gente faz diferente.<\/strong><\/p><\/blockquote><\/figure>\n\n\n\n<p>Aqui na Acordo Certo, o que voc\u00ea encontra \u00e9 escolha. \u00c9 respeito.&nbsp; \u00c9 um lugar seguro para renegociar sua d\u00edvida do seu jeito, no seu tempo. Com op\u00e7\u00f5es reais, parcelamentos acess\u00edveis e formas de pagamento que se adaptam \u00e0 sua vida de verdade.<\/p>\n\n\n\n<p><strong>Porque o \u201ct\u00e1 pago\u201d tem que vir com leveza.\u00a0<\/strong> Tem que dar orgulho. E tem que abrir espa\u00e7o pra voc\u00ea respirar \u2014 e seguir em frente.<\/p>\n\n\n\n<p>Porque no fim das contas, o seu \u201ct\u00e1 pago\u201d \u00e9 mais do que resolver uma d\u00edvida:&nbsp;<\/p>\n\n\n\n<ol class=\"wp-block-list\">\n<li>\u00c9 se reconectar com o que importa.\u00a0\u00a0<\/li>\n\n\n\n<li>\u00c9 recuperar sua paz.\u00a0\u00a0<\/li>\n\n\n\n<li>\u00c9 retomar o controle.<\/li>\n<\/ol>\n\n\n\n<p><\/p>\n\n\n\n<p>Acordo Certo. Tudo pra voc\u00ea dizer \u201ct\u00e1 pago\u201d.<\/p>\n\n\n\n<div class=\"cta-btn-block\">\n  <a class=\"cta-btn\"\n     href=\"https:\/\/app.acordocerto.com.br\/login?utm_source=blog&amp;utm_medium=acordocerto&amp;utm_term=cta-post\"\n          target=\"_blank\">Quero dizer &quot;T\u00e1 Pago&quot;<\/a>\n<\/div>\n<div style='text-align:center' class='yasr-auto-insert-visitor'><\/div>","protected":false},"excerpt":{"rendered":"<p>Aqui a gente acredita que voc\u00ea merece dizer \u201ct\u00e1 pago\u201d nas mais diversas \u00e1reas da sua vida. Acordo Certo. Tudo pra voc\u00ea dizer \u201ct\u00e1 pago\u201d.<\/p>\n","protected":false},"author":10,"featured_media":19469,"comment_status":"open","ping_status":"open","sticky":false,"template":"","format":"standard","meta":{"_acf_changed":false,"inline_featured_image":false,"yasr_overall_rating":0,"yasr_post_is_review":"","yasr_auto_insert_disabled":"","yasr_review_type":"","footnotes":""},"categories":[6],"tags":[172],"class_list":["post-19468","post","type-post","status-publish","format-standard","has-post-thumbnail","hentry","category-acordo-certo","tag-acordo-certo"],"acf":[],"yasr_visitor_votes":{"stars_attributes":{"read_only":false,"span_bottom":false},"number_of_votes":1,"sum_votes":5},"_links":{"self":[{"href":"https:\/\/www.acordocerto.com.br\/blog\/wp-json\/wp\/v2\/posts\/19468","targetHints":{"allow":["GET"]}}],"collection":[{"href":"https:\/\/www.acordocerto.com.br\/blog\/wp-json\/wp\/v2\/posts"}],"about":[{"href":"https:\/\/www.acordocerto.com.br\/blog\/wp-json\/wp\/v2\/types\/post"}],"author":[{"embeddable":true,"href":"https:\/\/www.acordocerto.com.br\/blog\/wp-json\/wp\/v2\/users\/10"}],"replies":[{"embeddable":true,"href":"https:\/\/www.acordocerto.com.br\/blog\/wp-json\/wp\/v2\/comments?post=19468"}],"version-history":[{"count":2,"href":"https:\/\/www.acordocerto.com.br\/blog\/wp-json\/wp\/v2\/posts\/19468\/revisions"}],"predecessor-version":[{"id":19471,"href":"https:\/\/www.acordocerto.com.br\/blog\/wp-json\/wp\/v2\/posts\/19468\/revisions\/19471"}],"wp:featuredmedia":[{"embeddable":true,"href":"https:\/\/www.acordocerto.com.br\/blog\/wp-json\/wp\/v2\/media\/19469"}],"wp:attachment":[{"href":"https:\/\/www.acordocerto.com.br\/blog\/wp-json\/wp\/v2\/media?parent=19468"}],"wp:term":[{"taxonomy":"category","embeddable":true,"href":"https:\/\/www.acordocerto.com.br\/blog\/wp-json\/wp\/v2\/categories?post=19468"},{"taxonomy":"post_tag","embeddable":true,"href":"https:\/\/www.acordocerto.com.br\/blog\/wp-json\/wp\/v2\/tags?post=19468"}],"curies":[{"name":"wp","href":"https:\/\/api.w.org\/{rel}","templated":true}]}}