{"id":19710,"date":"2025-06-30T08:00:00","date_gmt":"2025-06-30T11:00:00","guid":{"rendered":"https:\/\/www.acordocerto.com.br\/blog\/?p=19710"},"modified":"2025-07-07T08:47:51","modified_gmt":"2025-07-07T11:47:51","slug":"com-16-anos-pode-fazer-bolsa-familia","status":"publish","type":"post","link":"https:\/\/www.acordocerto.com.br\/blog\/com-16-anos-pode-fazer-bolsa-familia\/","title":{"rendered":"Com 16 anos pode fazer Bolsa Fam\u00edlia? Guia Completo com as regras + passo a passo para se cadastrar!"},"content":{"rendered":"\n<p>O Bolsa Fam\u00edlia \u00e9 um dos principais programas sociais do Brasil. E uma d\u00favida muito comum entre os jovens e suas fam\u00edlias \u00e9: <strong>com 16 anos pode fazer Bolsa Fam\u00edlia?<\/strong><\/p>\n\n\n\n<div class=\"cta-btn-block\">\n  <a class=\"cta-btn\"\n     href=\"https:\/\/app.acordocerto.com.br\/login?utm_source=blog&amp;utm_medium=acordocerto&amp;utm_term=cta-post\"\n          target=\"_blank\">Consulte seu CPF<\/a>\n<\/div>\n\n\n\n<p>Neste guia completo, vamos responder essa pergunta, explicar todas as regras, mostrar o papel do jovem no programa e o passo a passo para se cadastrar. Vem com a gente!<\/p>\n\n\n\n\n\n<h2 class=\"wp-block-heading\">O que \u00e9 o Bolsa Fam\u00edlia?<\/h2>\n\n\n\n<p>O Bolsa Fam\u00edlia \u00e9 um programa do Governo Federal que oferece <strong>ajuda em dinheiro para fam\u00edlias em situa\u00e7\u00e3o de pobreza e extrema pobreza<\/strong>. O objetivo \u00e9 garantir que todos tenham acesso \u00e0 alimenta\u00e7\u00e3o, educa\u00e7\u00e3o e sa\u00fade.<\/p>\n\n\n\n<p>Criado em 2003 e reformulado em 2023, o programa atende milh\u00f5es de brasileiros. O valor varia de acordo com a composi\u00e7\u00e3o da fam\u00edlia, e os pagamentos s\u00e3o feitos mensalmente, por meio da Caixa Econ\u00f4mica Federal.<\/p>\n\n\n\n<div class=\"cta-btn-block\">\n  <a class=\"cta-btn\"\n     href=\"https:\/\/app.acordocerto.com.br\/login?utm_source=blog&amp;utm_medium=acordocerto&amp;utm_term=cta-post\"\n          target=\"_blank\">Consulte seu CPF<\/a>\n<\/div>\n\n\n\n<p>\u00c9 v\u00e1lido destacar que esse \u00e9 um dos programas mais importantes do pa\u00eds para erradicar a mis\u00e9ria, e por isso, j\u00e1 ajudou milhares de brasileiros a sa\u00edrem de situa\u00e7\u00f5es de vulnerabilidade social.<\/p>\n\n\n\n<p>Quer saber qual o valor do Bolsa Fam\u00edlia para quem tem 2 filhos em 2025? Leia este artigo &#8211; <a href=\"https:\/\/www.acordocerto.com.br\/blog\/qual-o-valor-do-bolsa-familia-para-quem-tem-2-filhos\/\">Qual o valor do Bolsa Fam\u00edlia para quem tem 2 filhos em 2025?<\/a><\/p>\n\n\n\n<h2 class=\"wp-block-heading\">Para quem o Bolsa Fam\u00edlia se destina?<\/h2>\n\n\n\n<p>O Bolsa Fam\u00edlia \u00e9 voltado para <strong>fam\u00edlias que vivem com renda mensal por pessoa de at\u00e9 R$ 218<\/strong>. Isso significa que, se a renda total da casa dividida pelo n\u00famero de moradores for igual ou menor que esse valor, a fam\u00edlia pode ter direito ao benef\u00edcio.<\/p>\n\n\n\n<p>Por exemplo, imagine a fam\u00edlia do seu Jos\u00e9. Ele ganha um sal\u00e1rio de R$ 1.600 por m\u00eas e possui 6 filhos e sua esposa. Portanto, vivem na casa 8 pessoas.<\/p>\n\n\n\n<p>Ao dividir o valor de R$ 1.600 por 8, temos a renda mensal por pessoa de R$ 200, ou seja, inferior a R$ 218. Nesse caso, a fam\u00edlia do seu Jos\u00e9 tem direito ao benef\u00edcio.<\/p>\n\n\n\n<p>Al\u00e9m disso, \u00e9 importante destacar que para conseguir o aux\u00edlio, o seu Jos\u00e9 precisa estar com os dados atualizados no <strong>Cadastro \u00danico (Cad\u00danico)<\/strong>, que \u00e9 a base do governo para saber quem precisa de ajuda.<\/p>\n\n\n\n<h2 class=\"wp-block-heading\">Com 16 anos pode fazer Bolsa Fam\u00edlia?<\/h2>\n\n\n\n<p>Sim, uma pessoa com 16 anos pode estar no Bolsa Fam\u00edlia, mas <strong>n\u00e3o pode se cadastrar sozinha como respons\u00e1vel familiar na maioria dos casos<\/strong>. Para entrar no programa, \u00e9 preciso que a fam\u00edlia esteja inscrita no Cad\u00danico e cumpra os requisitos de renda.<\/p>\n\n\n\n<div class=\"cta-btn-block\">\n  <a class=\"cta-btn\"\n     href=\"https:\/\/app.acordocerto.com.br\/login?utm_source=blog&amp;utm_medium=acordocerto&amp;utm_term=cta-post\"\n          target=\"_blank\">Consulte seu CPF<\/a>\n<\/div>\n\n\n\n<p>Ou seja, o jovem de 16 anos pode <strong>receber o benef\u00edcio como membro da fam\u00edlia<\/strong>, mas normalmente n\u00e3o pode abrir um cadastro por conta pr\u00f3pria, a menos que esteja emancipado ou em situa\u00e7\u00e3o especial, como a de chefia de fam\u00edlia.<\/p>\n\n\n\n<p>Por exemplo, a Fernanda. Ela teve um filho com 16 anos, e como foi abandonada pelo pai da crian\u00e7a, tornou-se uma m\u00e3e solo. Sem renda, a Fernanda pode ser considerada a chefe de sua fam\u00edlia.<\/p>\n\n\n\n<p>E, nesse caso espec\u00edfico, ela pode ser considerada <strong>Respons\u00e1vel Familiar<\/strong> para receber o benef\u00edcio. Portanto, como \u00e9 poss\u00edvel ver, h\u00e1 situa\u00e7\u00f5es em que uma pessoa com 16 anos pode ser considerada a chefe da casa para receber o benef\u00edcio.<\/p>\n\n\n\n<p>N\u00e3o sabe com quantos anos sai do Bolsa Fam\u00edlia? Leia este artigo e descubra &#8211; <a href=\"https:\/\/www.acordocerto.com.br\/blog\/com-quantos-anos-sai-do-bolsa-familia\/\">Com quantos anos sai do Bolsa Fam\u00edlia? Descubra at\u00e9 quando voc\u00ea pode receber!<\/a><\/p>\n\n\n\n<h2 class=\"wp-block-heading\">Qual o papel do jovem no programa?<\/h2>\n\n\n\n<p>O jovem com 16 anos tem um papel importante no Bolsa Fam\u00edlia: <strong>ele ajuda a compor a renda familiar e pode garantir benef\u00edcios extras se estiver estudando.<\/strong><\/p>\n\n\n\n<div class=\"cta-btn-block\">\n  <a class=\"cta-btn\"\n     href=\"https:\/\/app.acordocerto.com.br\/login?utm_source=blog&amp;utm_medium=acordocerto&amp;utm_term=cta-post\"\n          target=\"_blank\">Consulte seu CPF<\/a>\n<\/div>\n\n\n\n<p>O programa incentiva os estudos e a perman\u00eancia na escola. Por isso, adolescentes entre 16 e 18 anos que frequentam as aulas regularmente podem gerar um valor adicional chamado <strong>Benef\u00edcio Vari\u00e1vel Familiar<\/strong>.<\/p>\n\n\n\n<p>Esse incentivo, que \u00e9 de R$ 50 por jovem, \u00e9 uma forma de combater o abandono escolar e ajudar os jovens a conclu\u00edrem o Ensino M\u00e9dio, aumentando suas chances no futuro.<\/p>\n\n\n\n<h2 class=\"wp-block-heading\">Jovem com 16 anos pode ser o respons\u00e1vel familiar?<\/h2>\n\n\n\n<p>Conforme dissemos, em regra geral, <strong>um jovem com 16 anos n\u00e3o pode ser o respons\u00e1vel familiar, salvo algumas exce\u00e7\u00f5es, como no caso de m\u00e3e solo<\/strong>. Abaixo vamos entender quando o jovem pode se tornar o respons\u00e1vel.<\/p>\n\n\n\n<h3 class=\"wp-block-heading\">A regra geral<\/h3>\n\n\n\n<p>Em regra, <strong>o respons\u00e1vel familiar (RF)<\/strong> precisa ter <strong>pelo menos 18 anos<\/strong>. \u00c9 essa pessoa que faz o cadastro no Cad\u00danico e responde pelas informa\u00e7\u00f5es da fam\u00edlia.<\/p>\n\n\n\n<h3 class=\"wp-block-heading\">Casos espec\u00edficos e exce\u00e7\u00f5es<\/h3>\n\n\n\n<p>Apesar disso, existem <strong>exce\u00e7\u00f5es<\/strong>. Um jovem de 16 anos <strong>pode ser considerado respons\u00e1vel familiar<\/strong> se estiver legalmente emancipado ou vivendo sozinho com filhos ou irm\u00e3os sob sua responsabilidade.<\/p>\n\n\n\n<div class=\"cta-btn-block\">\n  <a class=\"cta-btn\"\n     href=\"https:\/\/app.acordocerto.com.br\/login?utm_source=blog&amp;utm_medium=acordocerto&amp;utm_term=cta-post\"\n          target=\"_blank\">Consulte seu CPF<\/a>\n<\/div>\n\n\n\n<p>Casos assim s\u00e3o analisados individualmente pelos <strong>centros de refer\u00eancia de assist\u00eancia social (CRAS)<\/strong>. Contudo, \u00e9 necess\u00e1rio apresentar documentos que comprovem a situa\u00e7\u00e3o, como certid\u00e3o de emancipa\u00e7\u00e3o ou guarda legal.<\/p>\n\n\n\n<h3 class=\"wp-block-heading\">A import\u00e2ncia do RF<\/h3>\n\n\n\n<p>O <strong>respons\u00e1vel familiar<\/strong> \u00e9 quem recebe o cart\u00e3o do Bolsa Fam\u00edlia e responde pelas condicionalidades do programa. Por isso, \u00e9 essencial que seja algu\u00e9m com capacidade legal e responsabilidade para lidar com essas obriga\u00e7\u00f5es.<\/p>\n\n\n\n<p>Quer saber como consultar o Bolsa Fam\u00edlia pelo CPF? Leia este artigo &#8211; <a href=\"https:\/\/www.acordocerto.com.br\/blog\/consultar-bolsa-familia-pelo-cpf\/\">Como Consultar Bolsa Fam\u00edlia pelo CPF ou NIS em 2025 \u2013 Passo a passo!<\/a><\/p>\n\n\n\n<h2 class=\"wp-block-heading\">Quais s\u00e3o as condi\u00e7\u00f5es para jovens de 16 anos no Bolsa Fam\u00edlia?<\/h2>\n\n\n\n<p>Existem algumas condi\u00e7\u00f5es que s\u00e3o necess\u00e1rias para que um jovem com 16 anos receba o Bolsa Fam\u00edlia. Vamos entender quais s\u00e3o elas.<\/p>\n\n\n\n<h3 class=\"wp-block-heading\">Principais condicionalidades para quem tem 16 anos<\/h3>\n\n\n\n<p>Para que o jovem de 16 anos continue no programa, \u00e9 preciso <strong>frequentar a escola regularmente e fazer o acompanhamento de sa\u00fade<\/strong>. Essas s\u00e3o as chamadas <strong>condicionalidades<\/strong> do Bolsa Fam\u00edlia.<\/p>\n\n\n\n<p>Em outras, palavras \u00e9 preciso ter:<\/p>\n\n\n\n<ol class=\"wp-block-list\">\n<li>Frequ\u00eancia escolar m\u00ednima de 75%;<\/li>\n\n\n\n<li>Vacina\u00e7\u00e3o em dia;<\/li>\n\n\n\n<li>Participa\u00e7\u00e3o em campanhas de sa\u00fade.<\/li>\n<\/ol>\n\n\n\n<p><\/p>\n\n\n\n<p>Se o jovem cumprir essas exig\u00eancias, a fam\u00edlia mant\u00e9m o direito ao benef\u00edcio, e em alguns casos at\u00e9 recebe um valor maior por incentivar a educa\u00e7\u00e3o.<\/p>\n\n\n\n<h3 class=\"wp-block-heading\">Consequ\u00eancias do descumprimento<\/h3>\n\n\n\n<p>Caso o jovem n\u00e3o v\u00e1 \u00e0s aulas ou perca as consultas de sa\u00fade obrigat\u00f3rias, <strong>o benef\u00edcio pode ser reduzido, suspenso ou at\u00e9 cancelado<\/strong>.<\/p>\n\n\n\n<div class=\"cta-btn-block\">\n  <a class=\"cta-btn\"\n     href=\"https:\/\/app.acordocerto.com.br\/login?utm_source=blog&amp;utm_medium=acordocerto&amp;utm_term=cta-post\"\n          target=\"_blank\">Consulte seu CPF<\/a>\n<\/div>\n\n\n\n<p>Por\u00e9m, antes disso, a fam\u00edlia \u00e9 avisada e orientada a regularizar a situa\u00e7\u00e3o. O objetivo n\u00e3o \u00e9 punir, mas garantir que todos estejam estudando e se cuidando.<\/p>\n\n\n\n<p>Foi assim que aconteceu com a Dona Ana. Sua filha Lara estava com algumas vacinas atrasadas, e ela ent\u00e3o <strong>foi chamada ao CRAS<\/strong> e avisada sobre o fato para n\u00e3o perder o direito ao Bolsa Fam\u00edlia.<\/p>\n\n\n\n<p>Ciente disso, a Dona Ana procurou o posto de sa\u00fade mais perto da sua casa, e vacinou a sua filha, evitando assim a perda do benef\u00edcio.<\/p>\n\n\n\n<p>Leia tamb\u00e9m &#8211; <a href=\"https:\/\/www.acordocerto.com.br\/blog\/programa-pe-de-meia\/\">P\u00e9-de-Meia: Requisitos, Regras e Benef\u00edcios do Novo Programa do Governo para Estudantes.<\/a><\/p>\n\n\n\n<h2 class=\"wp-block-heading\">Mas afinal, o que \u00e9 o Cad\u00danico e por que ele \u00e9 importante?<\/h2>\n\n\n\n<p>O Cad\u00danico (Cadastro \u00danico) \u00e9 <strong>o sistema do governo usado para identificar as fam\u00edlias que precisam de ajuda<\/strong>. Sem estar registrado nele, <strong>n\u00e3o \u00e9 poss\u00edvel receber o Bolsa Fam\u00edlia ou outros programas sociais<\/strong>.<\/p>\n\n\n\n<p>O cadastro re\u00fane informa\u00e7\u00f5es como renda, n\u00famero de pessoas na casa, escolaridade e situa\u00e7\u00e3o de trabalho. Com esses dados, o governo decide quem tem direito ao benef\u00edcio.<\/p>\n\n\n\n<div class=\"cta-btn-block\">\n  <a class=\"cta-btn\"\n     href=\"https:\/\/app.acordocerto.com.br\/login?utm_source=blog&amp;utm_medium=acordocerto&amp;utm_term=cta-post\"\n          target=\"_blank\">Consulte seu CPF<\/a>\n<\/div>\n\n\n\n<p>Por isso, <strong>manter o Cad\u00danico atualizado \u00e9 fundamental<\/strong>. Sempre que houver mudan\u00e7a na fam\u00edlia (nascimento, morte, separa\u00e7\u00e3o ou novo emprego), \u00e9 preciso avisar no CRAS.<\/p>\n\n\n\n<p>Agora vamos explicar como deve ser feito esse cadastro.<\/p>\n\n\n\n<h2 class=\"wp-block-heading\">Passo a passo para fazer o Cad\u00danico<\/h2>\n\n\n\n<ol class=\"wp-block-list\">\n<li><strong>V\u00e1 at\u00e9 o CRAS mais pr\u00f3ximo<\/strong>: \u00e9 l\u00e1 que o cadastro \u00e9 feito. Leve um documento seu e de todos que moram com voc\u00ea.<\/li>\n\n\n\n<li><strong>Escolha o respons\u00e1vel familiar<\/strong>: na maioria dos casos, \u00e9 um adulto com mais de 18 anos. Mas conforme dissemos, h\u00e1 exce\u00e7\u00f5es desde que comprovadas.<\/li>\n\n\n\n<li><strong>Leve os documentos obrigat\u00f3rios<\/strong>:\n<ul class=\"wp-block-list\">\n<li>CPF ou T\u00edtulo de Eleitor do respons\u00e1vel familiar;<\/li>\n\n\n\n<li>Documento de todos da casa (RG, CPF, certid\u00e3o de nascimento ou casamento);<\/li>\n\n\n\n<li>Comprovante de resid\u00eancia;<\/li>\n\n\n\n<li>Comprovante de renda (se houver);<\/li>\n\n\n\n<li>Declara\u00e7\u00e3o escolar dos estudantes.<\/li>\n<\/ul>\n<\/li>\n\n\n\n<li><strong>Preencha o formul\u00e1rio com a assistente social<\/strong>: ela vai registrar todas as informa\u00e7\u00f5es da fam\u00edlia.<\/li>\n\n\n\n<li><strong>Aguarde a an\u00e1lise<\/strong>: depois de feito o cadastro, os dados s\u00e3o enviados ao Governo Federal. Se a fam\u00edlia atender aos crit\u00e9rios, ser\u00e1 inclu\u00edda no Bolsa Fam\u00edlia.<\/li>\n\n\n\n<li><strong>Receba o cart\u00e3o e acompanhe os pagamentos<\/strong>: se aprovado, o benef\u00edcio come\u00e7a a ser pago em conta da Caixa ou pelo app Caixa Tem.<\/li>\n<\/ol>\n\n\n\n<p><\/p>\n\n\n\n<p>Viu s\u00f3 como \u00e9 f\u00e1cil? E se quiser saber mais sobre o Cadastro \u00danico, leia este artigo &#8211; <a href=\"https:\/\/www.acordocerto.com.br\/blog\/o-que-e-cadastro-unico\/\">O que \u00e9 o Cadastro \u00danico? Aprenda a se Inscrever no Cad\u00danico para Garantir Aux\u00edlios do Governo.<\/a><\/p>\n\n\n\n\n\n\n<h2 class=\"wp-block-heading\">Conclus\u00e3o<\/h2>\n\n\n\n<p>Como podemos ver ao longo deste artigo, uma pessoa <strong>com 16 anos pode fazer Bolsa Fam\u00edlia<\/strong>, desde que fa\u00e7a parte de uma fam\u00edlia inscrita no Cad\u00danico e com renda dentro do limite permitido.<\/p>\n\n\n\n<p>Em casos especiais, o jovem pode at\u00e9 ser o respons\u00e1vel familiar, mas isso exige comprova\u00e7\u00e3o legal. \u00c9 importante dizer que o Bolsa Fam\u00edlia \u00e9 um apoio essencial para milh\u00f5es de brasileiros, e os jovens t\u00eam papel fundamental nessa jornada.<\/p>\n\n\n\n<div class=\"cta-btn-block\">\n  <a class=\"cta-btn\"\n     href=\"https:\/\/app.acordocerto.com.br\/login?utm_source=blog&amp;utm_medium=acordocerto&amp;utm_term=cta-post\"\n          target=\"_blank\">Consulte seu CPF<\/a>\n<\/div>\n\n\n\n<p>Portanto, se voc\u00ea ou algu\u00e9m da sua fam\u00edlia tem 16 anos e precisa do benef\u00edcio, <strong>procure o CRAS da sua cidade<\/strong>, leve os documentos e mantenha tudo atualizado.Gostou do artigo? Aproveite, visite o <a href=\"https:\/\/www.acordocerto.com.br\/blog\/\">blog da Acordo Certo<\/a> e leia outras mat\u00e9rias como essa. Por l\u00e1, voc\u00ea tamb\u00e9m pode consultar o seu CPF, score de cr\u00e9dito e renegociar d\u00edvidas no seu nome com at\u00e9 99% de desconto. At\u00e9 a pr\u00f3xima!\ud83d\udc4b<\/p>\n\n\n<ul class=\"wp-block-latest-posts__list wp-block-latest-posts\"><li><a class=\"wp-block-latest-posts__post-title\" href=\"https:\/\/www.acordocerto.com.br\/blog\/divida-pode-bloquear-ou-penhorar-salario\/\">D\u00edvida pode bloquear ou penhorar sal\u00e1rio? Entenda o que a lei permite<\/a><\/li>\n<li><a class=\"wp-block-latest-posts__post-title\" href=\"https:\/\/www.acordocerto.com.br\/blog\/cnh-pai-d-egua-para\/\">CNH Pai D\u2019\u00e9gua 2026: como funciona e quem pode se inscrever na CNH Social do Par\u00e1<\/a><\/li>\n<li><a class=\"wp-block-latest-posts__post-title\" href=\"https:\/\/www.acordocerto.com.br\/blog\/cnh-social-sergipe\/\">CNH Social Sergipe 2026: como funciona o programa de habilita\u00e7\u00e3o gratuita no estado<\/a><\/li>\n<li><a class=\"wp-block-latest-posts__post-title\" href=\"https:\/\/www.acordocerto.com.br\/blog\/cnh-social-bahia\/\">CNH Social Bahia 2026: tudo sobre o programa CNH da Gente e o impacto da nova lei federal<\/a><\/li>\n<\/ul>\n\n\n<h4 class=\"wp-block-heading\"><strong>FAQ: Perguntas frequentes<\/strong><\/h4>\n\n\n<div id=\"rank-math-faq\" class=\"rank-math-block\">\n<div class=\"rank-math-list \">\n<div id=\"faq-question-1680723276120\" class=\"rank-math-list-item\">\n<h4 class=\"rank-math-question \">Com 16 anos pode fazer Bolsa Fam\u00edlia?<\/h4>\n<div class=\"rank-math-answer \">\n\n<p>N\u00e3o pode se cadastrar sozinho na maioria dos casos, mas pode receber o benef\u00edcio como parte da fam\u00edlia. Apenas em situa\u00e7\u00f5es espec\u00edficas, como emancipa\u00e7\u00e3o ou chefia de fam\u00edlia, o jovem pode ser o respons\u00e1vel pelo cadastro.<\/p>\n\n<\/div>\n<\/div>\n<div id=\"faq-question-1680723279284\" class=\"rank-math-list-item\">\n<h4 class=\"rank-math-question \">Jovem de 16 anos pode ser o respons\u00e1vel familiar no Cad\u00danico?<\/h4>\n<div class=\"rank-math-answer \">\n\n<p>S\u00f3 em casos especiais, como quando \u00e9 emancipado legalmente ou tem filhos e mora sem os pais. Mesmo assim, \u00e9 preciso comprovar essa situa\u00e7\u00e3o no CRAS.<\/p>\n\n<\/div>\n<\/div>\n<div id=\"faq-question-1680723280484\" class=\"rank-math-list-item\">\n<h4 class=\"rank-math-question \">Precisa estar estudando para receber o Bolsa Fam\u00edlia com 16 anos?<\/h4>\n<div class=\"rank-math-answer \">\n\n<p>Sim. Jovens entre 16 e 18 anos precisam frequentar a escola com pelo menos 75% de presen\u00e7a para manter o benef\u00edcio.<\/p>\n\n<\/div>\n<\/div>\n<div id=\"faq-question-1708706450917\" class=\"rank-math-list-item\">\n<h4 class=\"rank-math-question \">O que acontece se o jovem de 16 anos n\u00e3o for \u00e0 escola?<\/h4>\n<div class=\"rank-math-answer \">\n\n<p>Se faltar muito, o benef\u00edcio da fam\u00edlia pode ser reduzido, suspenso ou at\u00e9 cancelado. A escola envia as informa\u00e7\u00f5es para o governo.<\/p>\n\n<\/div>\n<\/div>\n<div id=\"faq-question-1708706451653\" class=\"rank-math-list-item\">\n<h4 class=\"rank-math-question \">\u00c9 poss\u00edvel receber valor extra no Bolsa Fam\u00edlia por ter 16 anos?<\/h4>\n<div class=\"rank-math-answer \">\n\n<p>Sim. O programa paga um valor adicional chamado Benef\u00edcio Vari\u00e1vel Familiar para jovens de 16 a 18 anos que estejam estudando regularmente.<\/p>\n\n<\/div>\n<\/div>\n<div id=\"faq-question-1708706452389\" class=\"rank-math-list-item\">\n<h4 class=\"rank-math-question \">Um jovem que mora sozinho pode ter Bolsa Fam\u00edlia?<\/h4>\n<div class=\"rank-math-answer \">\n\n<p>Pode, desde que comprove sua situa\u00e7\u00e3o no CRAS e atenda aos crit\u00e9rios de renda. Em alguns casos, pode ser considerado respons\u00e1vel familiar.<\/p>\n\n<\/div>\n<\/div>\n<div id=\"faq-question-1751029800471\" class=\"rank-math-list-item\">\n<h4 class=\"rank-math-question \">Quais documentos um jovem de 16 anos precisa levar para o Cad\u00danico?<\/h4>\n<div class=\"rank-math-answer \">\n\n<p>RG ou certid\u00e3o de nascimento, CPF (se tiver), comprovante de resid\u00eancia e, se poss\u00edvel, declara\u00e7\u00e3o escolar. A fam\u00edlia tamb\u00e9m deve apresentar os documentos dos demais moradores da casa.<\/p>\n\n<\/div>\n<\/div>\n<div id=\"faq-question-1751029807572\" class=\"rank-math-list-item\">\n<h4 class=\"rank-math-question \">Como saber se o nome do jovem est\u00e1 no Cad\u00danico?<\/h4>\n<div class=\"rank-math-answer \">\n\n<p>D\u00e1 para consultar pelo app Meu Cad\u00danico, pelo site do Cad\u00danico ou diretamente no CRAS da sua cidade, informando CPF ou NIS.<\/p>\n\n<\/div>\n<\/div>\n<div id=\"faq-question-1751029809299\" class=\"rank-math-list-item\">\n<h4 class=\"rank-math-question \">O jovem pode sacar o dinheiro do Bolsa Fam\u00edlia?<\/h4>\n<div class=\"rank-math-answer \">\n\n<p>N\u00e3o, quem saca \u00e9 o respons\u00e1vel familiar cadastrado. Mesmo que o jovem esteja estudando e gere um benef\u00edcio extra, o pagamento vai para o titular da fam\u00edlia.<\/p>\n\n<\/div>\n<\/div>\n<div id=\"faq-question-1751029809851\" class=\"rank-math-list-item\">\n<h4 class=\"rank-math-question \">Com quantos anos pode se cadastrar sozinho no Bolsa Fam\u00edlia?<\/h4>\n<div class=\"rank-math-answer \">\n\n<p>Em regra, a partir dos 18 anos. Antes disso, s\u00f3 em situa\u00e7\u00f5es especiais (como emancipa\u00e7\u00e3o ou chefia de fam\u00edlia com filhos menores), com comprova\u00e7\u00e3o legal.<\/p>\n\n<\/div>\n<\/div>\n<\/div>\n<\/div>\n\n\n<p><\/p>\n<div style='text-align:center' class='yasr-auto-insert-visitor'><\/div>","protected":false},"excerpt":{"rendered":"<p>Voc\u00ea tem d\u00favidas se com 16 anos pode fazer Bolsa Fam\u00edlia? Aqui mostramos o que voc\u00ea precisa saber, e ensinar como se cadastrar!<\/p>\n","protected":false},"author":10,"featured_media":19724,"comment_status":"open","ping_status":"open","sticky":false,"template":"","format":"standard","meta":{"_acf_changed":false,"inline_featured_image":false,"yasr_overall_rating":0,"yasr_post_is_review":"","yasr_auto_insert_disabled":"","yasr_review_type":"","footnotes":""},"categories":[33],"tags":[],"class_list":["post-19710","post","type-post","status-publish","format-standard","has-post-thumbnail","hentry","category-direitos-e-beneficios"],"acf":[],"yasr_visitor_votes":{"stars_attributes":{"read_only":false,"span_bottom":false},"number_of_votes":0,"sum_votes":0},"_links":{"self":[{"href":"https:\/\/www.acordocerto.com.br\/blog\/wp-json\/wp\/v2\/posts\/19710","targetHints":{"allow":["GET"]}}],"collection":[{"href":"https:\/\/www.acordocerto.com.br\/blog\/wp-json\/wp\/v2\/posts"}],"about":[{"href":"https:\/\/www.acordocerto.com.br\/blog\/wp-json\/wp\/v2\/types\/post"}],"author":[{"embeddable":true,"href":"https:\/\/www.acordocerto.com.br\/blog\/wp-json\/wp\/v2\/users\/10"}],"replies":[{"embeddable":true,"href":"https:\/\/www.acordocerto.com.br\/blog\/wp-json\/wp\/v2\/comments?post=19710"}],"version-history":[{"count":2,"href":"https:\/\/www.acordocerto.com.br\/blog\/wp-json\/wp\/v2\/posts\/19710\/revisions"}],"predecessor-version":[{"id":19725,"href":"https:\/\/www.acordocerto.com.br\/blog\/wp-json\/wp\/v2\/posts\/19710\/revisions\/19725"}],"wp:featuredmedia":[{"embeddable":true,"href":"https:\/\/www.acordocerto.com.br\/blog\/wp-json\/wp\/v2\/media\/19724"}],"wp:attachment":[{"href":"https:\/\/www.acordocerto.com.br\/blog\/wp-json\/wp\/v2\/media?parent=19710"}],"wp:term":[{"taxonomy":"category","embeddable":true,"href":"https:\/\/www.acordocerto.com.br\/blog\/wp-json\/wp\/v2\/categories?post=19710"},{"taxonomy":"post_tag","embeddable":true,"href":"https:\/\/www.acordocerto.com.br\/blog\/wp-json\/wp\/v2\/tags?post=19710"}],"curies":[{"name":"wp","href":"https:\/\/api.w.org\/{rel}","templated":true}]}}