{"id":19738,"date":"2025-07-24T11:54:17","date_gmt":"2025-07-24T14:54:17","guid":{"rendered":"https:\/\/www.acordocerto.com.br\/blog\/?p=19738"},"modified":"2026-02-05T15:10:24","modified_gmt":"2026-02-05T18:10:24","slug":"cnh-social-df","status":"publish","type":"post","link":"https:\/\/www.acordocerto.com.br\/blog\/cnh-social-df\/","title":{"rendered":"CNH Social DF 2026: como funciona, quem pode participar e novidades"},"content":{"rendered":"\n<p>A <strong>CNH Social DF<\/strong>, tamb\u00e9m conhecida como Habilita\u00e7\u00e3o Social, \u00e9 um programa que oferece a chance de obter a Carteira Nacional de Habilita\u00e7\u00e3o de forma totalmente gratuita.<\/p>\n\n\n\n<div class=\"cta-btn-block\">\n  <a class=\"cta-btn\" href=\"https:\/\/app.acordocerto.com.br\/login?utm_source=blog&amp;utm_medium=acordocerto&amp;utm_term=cta-post\" target=\"_blank\">Consulte seu CPF<\/a>\n<\/div>\n\n\n\n<p>Essa iniciativa \u00e9 destinada a pessoas de baixa renda no Distrito Federal, promovendo mais inclus\u00e3o social e oportunidades no mercado de trabalho.<\/p>\n\n\n\n<p>Em 2024, o programa bateu recorde de inscri\u00e7\u00f5es e j\u00e1 prepara novas etapas para 2025. Confira tudo o que voc\u00ea precisa saber sobre como funciona, quem pode participar, calend\u00e1rio atualizado e as \u00faltimas not\u00edcias.<\/p>\n\n\n\n\n\n<h2 class=\"wp-block-heading\">O que \u00e9 a CNH Social DF?<\/h2>\n\n\n\n<p>A CNH Social DF \u00e9 um programa do Governo do Distrito Federal, realizado em parceria com o <strong><a href=\"https:\/\/www.detran.df.gov.br\/\" target=\"_blank\" rel=\"noopener\">Detran-DF<\/a><\/strong>, Secretaria de Desenvolvimento Social (SEDES-DF) e Secretaria de Justi\u00e7a e Cidadania (SEJUS-DF).<\/p>\n\n\n\n<p>O objetivo principal \u00e9 possibilitar que pessoas em situa\u00e7\u00e3o de vulnerabilidade econ\u00f4mica obtenham a primeira habilita\u00e7\u00e3o sem custos.<\/p>\n\n\n\n<div class=\"cta-btn-block\">\n  <a class=\"cta-btn\" href=\"https:\/\/app.acordocerto.com.br\/login?utm_source=blog&amp;utm_medium=acordocerto&amp;utm_term=cta-post\" target=\"_blank\">Consulte seu CPF<\/a>\n<\/div>\n\n\n\n<p>A gratuidade inclui todas as etapas: exames m\u00e9dicos, psicol\u00f3gicos, aulas te\u00f3ricas e pr\u00e1ticas, al\u00e9m das taxas do Detran. A ideia \u00e9 permitir que mais cidad\u00e3os tenham acesso \u00e0 mobilidade, ampliem suas oportunidades profissionais e conquistem maior independ\u00eancia.<\/p>\n\n\n\n<h2 class=\"wp-block-heading\">CNH Social DF existe?<\/h2>\n\n\n\n<p>O programa CNH Social DF est\u00e1 ativo e consolidado. Em 2024, foi realizada a <strong>3\u00aa edi\u00e7\u00e3o<\/strong>, com <strong>5.000 vagas<\/strong> ofertadas para moradores do Distrito Federal. Desde o in\u00edcio, em 2021, o programa j\u00e1 beneficiou cerca de 15 mil pessoas.<\/p>\n\n\n\n<p>A novidade \u00e9 que ele vem sendo formalizado por lei. A C\u00e2mara Legislativa do DF (CLDF) aprovou recentemente um projeto para tornar a CNH Social um programa permanente, o que deve trazer ainda mais seguran\u00e7a para os pr\u00f3ximos anos.<\/p>\n\n\n\n<h2 class=\"wp-block-heading\">Calend\u00e1rio CNH Social DF 2025<\/h2>\n\n\n\n<p>As inscri\u00e7\u00f5es para a edi\u00e7\u00e3o 2024 ocorreram entre <strong>18 de setembro e 18 de outubro<\/strong>, e a sele\u00e7\u00e3o e valida\u00e7\u00e3o biom\u00e9trica seguem at\u00e9 o in\u00edcio de 2025.<\/p>\n\n\n\n<p>O cronograma oficial para 2025 ainda n\u00e3o foi divulgado, mas a expectativa \u00e9 que o novo edital seja lan\u00e7ado no segundo semestre, por volta de setembro, seguindo o padr\u00e3o dos anos anteriores.<\/p>\n\n\n\n<p>Segundo o Detran-DF, as etapas seguintes incluem:<\/p>\n\n\n\n<ol class=\"wp-block-list\">\n<li>Valida\u00e7\u00e3o de documentos e biometria: janeiro a fevereiro de 2025;<\/li>\n\n\n\n<li>Publica\u00e7\u00e3o dos aprovados: fevereiro de 2025;<\/li>\n\n\n\n<li>Convoca\u00e7\u00e3o de suplentes (excedentes): final de fevereiro de 2025;<\/li>\n\n\n\n<li>In\u00edcio dos processos de habilita\u00e7\u00e3o: mar\u00e7o de 2025.<\/li>\n<\/ol>\n\n\n\n<p><\/p>\n\n\n\n<p>Vale destacar que, com a aprova\u00e7\u00e3o do projeto de lei na CLDF, espera-se maior estabilidade no calend\u00e1rio, com editais anuais e previsibilidade para os candidatos.<\/p>\n\n\n\n<figure class=\"wp-block-embed is-type-video is-provider-youtube wp-block-embed-youtube wp-embed-aspect-16-9 wp-has-aspect-ratio\"><div class=\"wp-block-embed__wrapper\">\n<iframe title=\"CNH Social: Saiba Como Tirar Carteira de Motorista DE GRA\u00c7A - Acordo Certo\" width=\"500\" height=\"281\" src=\"https:\/\/www.youtube.com\/embed\/6yvtRJwHvkE?feature=oembed\" frameborder=\"0\" allow=\"accelerometer; autoplay; clipboard-write; encrypted-media; gyroscope; picture-in-picture; web-share\" referrerpolicy=\"strict-origin-when-cross-origin\" allowfullscreen><\/iframe>\n<\/div><\/figure>\n\n\n\n<h2 class=\"wp-block-heading\">Quem pode participar da CNH Social DF?<\/h2>\n\n\n\n<p>O programa possui dois perfis principais: <strong>Estudante Habilitado<\/strong> e <strong>Cidad\u00e3o Habilitado<\/strong>.<\/p>\n\n\n\n<h3 class=\"wp-block-heading\">Estudante Habilitado<\/h3>\n\n\n\n<ol class=\"wp-block-list\">\n<li>Ter entre <strong>18 e 25 anos<\/strong> completos;<\/li>\n\n\n\n<li>Estar inscrito no <strong><a href=\"https:\/\/www.acordocerto.com.br\/blog\/o-que-e-cadastro-unico\/\">Cadastro \u00danico<\/a> (Cad\u00danico);<\/strong><\/li>\n\n\n\n<li>Residir no Distrito Federal h\u00e1 pelo menos <strong>2 anos;<\/strong><\/li>\n\n\n\n<li>Ter conclu\u00eddo ou estar cursando o Ensino M\u00e9dio em escola p\u00fablica ou ser bolsista integral;<\/li>\n\n\n\n<li>Ter participado do Enem.<\/li>\n<\/ol>\n\n\n\n<p><\/p>\n\n\n\n<h3 class=\"wp-block-heading\">Cidad\u00e3o Habilitado<\/h3>\n\n\n\n<ol class=\"wp-block-list\">\n<li>Ter <strong>18 anos ou mais;<\/strong><\/li>\n\n\n\n<li>Ser inscrito no <strong>Cad\u00danico;<\/strong><\/li>\n\n\n\n<li>Saber ler e escrever;<\/li>\n\n\n\n<li>Morar no Distrito Federal h\u00e1 no m\u00ednimo <strong>2 anos;<\/strong><\/li>\n\n\n\n<li>N\u00e3o ter infra\u00e7\u00f5es graves ou grav\u00edssimas recentes no tr\u00e2nsito.<\/li>\n<\/ol>\n\n\n\n<p><\/p>\n\n\n\n<h2 class=\"wp-block-heading\">Quantas vagas est\u00e3o dispon\u00edveis?<\/h2>\n\n\n\n<p>Em 2024, foram disponibilizadas <strong>5.000 vagas<\/strong>, sendo:<\/p>\n\n\n\n<ol class=\"wp-block-list\">\n<li><strong>2.000 vagas<\/strong> para Estudante Habilitado;<\/li>\n\n\n\n<li><strong>3.000 vagas<\/strong> para Cidad\u00e3o Habilitado.<\/li>\n<\/ol>\n\n\n\n<p><\/p>\n\n\n\n<p>Para 2025, o n\u00famero exato ainda ser\u00e1 confirmado, mas a tend\u00eancia \u00e9 manter ou at\u00e9 aumentar a oferta, considerando a grande procura. Em 2024, o programa registrou mais de <strong>63 mil inscritos<\/strong>, um recorde hist\u00f3rico.<\/p>\n\n\n\n<h2 class=\"wp-block-heading\">\u00daltimas not\u00edcias sobre a CNH Social DF<\/h2>\n\n\n\n<p>A 3\u00aa edi\u00e7\u00e3o do programa, que ocorreu em 2024, teve uma grande ades\u00e3o. Al\u00e9m disso, a C\u00e2mara Legislativa aprovou recentemente um projeto de lei que institucionaliza a CNH Social, transformando o programa em pol\u00edtica p\u00fablica permanente.<\/p>\n\n\n\n<div class=\"cta-btn-block\">\n  <a class=\"cta-btn\" href=\"https:\/\/app.acordocerto.com.br\/login?utm_source=blog&amp;utm_medium=acordocerto&amp;utm_term=cta-post\" target=\"_blank\">Consulte seu CPF<\/a>\n<\/div>\n\n\n\n<p>Outro destaque \u00e9 que as inscri\u00e7\u00f5es em 2024 foram prorrogadas para garantir a participa\u00e7\u00e3o de mais pessoas. Com isso, o governo pretende tornar o programa mais acess\u00edvel e democr\u00e1tico.<\/p>\n\n\n\n<p>Tamb\u00e9m \u00e9 importante ressaltar que, com a formaliza\u00e7\u00e3o por lei, a CNH Social DF ganha maior estabilidade e poder\u00e1 receber melhorias futuras, como aumento de vagas e ajustes nos crit\u00e9rios de sele\u00e7\u00e3o.<\/p>\n\n\n\n<h2 class=\"wp-block-heading\">Como funciona o processo de sele\u00e7\u00e3o?<\/h2>\n\n\n\n<p>Ap\u00f3s a inscri\u00e7\u00e3o, o Detran-DF, em conjunto com a SEDES e a SEJUS, realiza a triagem com base nos crit\u00e9rios de renda, resid\u00eancia e perfil socioecon\u00f4mico.<\/p>\n\n\n\n<p>Os candidatos aprovados passam por:<\/p>\n\n\n\n<ol class=\"wp-block-list\">\n<li><strong>Valida\u00e7\u00e3o biom\u00e9trica<\/strong>: confer\u00eancia de dados e identidade;<\/li>\n\n\n\n<li><strong>Entrega de documenta\u00e7\u00e3o<\/strong>: presencial ou online, conforme cronograma;<\/li>\n\n\n\n<li><strong>In\u00edcio do processo de habilita\u00e7\u00e3o<\/strong>: prazo m\u00e1ximo de 12 meses para conclus\u00e3o, incluindo aulas e exames.<\/li>\n<\/ol>\n\n\n\n<p><\/p>\n\n\n\n<h2 class=\"wp-block-heading\">Quais custos s\u00e3o cobertos?<\/h2>\n\n\n\n<p>O programa cobre todos os custos obrigat\u00f3rios, como:<\/p>\n\n\n\n<ol class=\"wp-block-list\">\n<li>Taxas do Detran-DF;<\/li>\n\n\n\n<li>Exames m\u00e9dicos e psicol\u00f3gicos;<\/li>\n\n\n\n<li>Aulas te\u00f3ricas e pr\u00e1ticas;<\/li>\n\n\n\n<li>Taxa de emiss\u00e3o da CNH.<\/li>\n<\/ol>\n\n\n\n<p><\/p>\n\n\n\n<p>Ou seja, o candidato aprovado n\u00e3o precisa desembolsar nenhum valor ao longo do processo.<\/p>\n\n\n\n<h2 class=\"wp-block-heading\">CNH gratuita, CNH popular ou habilita\u00e7\u00e3o social: \u00e9 tudo a mesma coisa?<\/h2>\n\n\n\n<p>Embora existam nomes diferentes, no DF todos esses termos se referem ao <strong>Programa Habilita\u00e7\u00e3o Social<\/strong>, popularmente chamado de CNH Social ou CNH gratuita.<\/p>\n\n\n\n\n\n\n<p>O objetivo em todos os casos \u00e9 oferecer a habilita\u00e7\u00e3o sem custos para quem n\u00e3o tem condi\u00e7\u00f5es financeiras de arcar com o valor integral.<\/p>\n\n\n\n<h2 class=\"wp-block-heading\">Como se inscrever na pr\u00f3xima edi\u00e7\u00e3o?<\/h2>\n\n\n\n<p>O edital 2025 ainda n\u00e3o foi divulgado. Mas, com base nos anos anteriores, \u00e9 prov\u00e1vel que as inscri\u00e7\u00f5es ocorram no segundo semestre (entre setembro e outubro).<\/p>\n\n\n\n<div class=\"cta-btn-block\">\n  <a class=\"cta-btn\" href=\"https:\/\/app.acordocerto.com.br\/login?utm_source=blog&amp;utm_medium=acordocerto&amp;utm_term=cta-post\" target=\"_blank\">Consulte seu CPF<\/a>\n<\/div>\n\n\n\n<p>Enquanto isso, os interessados devem:<\/p>\n\n\n\n<ol class=\"wp-block-list\">\n<li>Manter o Cad\u00danico atualizado;<\/li>\n\n\n\n<li>Verificar os requisitos do programa;<\/li>\n\n\n\n<li>Acompanhar os canais oficiais do Detran-DF e do GDF.<\/li>\n<\/ol>\n\n\n\n<p><\/p>\n\n\n\n<p>Assim que o novo cronograma for divulgado, ser\u00e1 poss\u00edvel fazer a inscri\u00e7\u00e3o diretamente no site do <strong>Detran-DF<\/strong>, sem intermedia\u00e7\u00e3o ou custos adicionais.<\/p>\n\n\n\n<h2 class=\"wp-block-heading\">Conclus\u00e3o<\/h2>\n\n\n\n<p>Como podemos ver, a <strong>CNH Social DF<\/strong> \u00e9 uma excelente oportunidade para quem quer conquistar a primeira habilita\u00e7\u00e3o sem custos e, assim, ampliar suas chances no mercado de trabalho ou melhorar a mobilidade no dia a dia.<\/p>\n\n\n\n<div class=\"cta-btn-block\">\n  <a class=\"cta-btn\" href=\"https:\/\/app.acordocerto.com.br\/login?utm_source=blog&amp;utm_medium=acordocerto&amp;utm_term=cta-post\" target=\"_blank\">Consulte seu CPF<\/a>\n<\/div>\n\n\n\n<p>O programa vem crescendo, bateu recordes em 2024 e j\u00e1 caminha para ser permanente com a aprova\u00e7\u00e3o na CLDF. Para 2025, a expectativa \u00e9 de mais vagas e maior organiza\u00e7\u00e3o no calend\u00e1rio.<\/p>\n\n\n\n<p>Portanto, \u00e9 essencial ficar atento ao site oficial do Detran-DF e tamb\u00e9m aqui no <a href=\"https:\/\/www.acordocerto.com.br\/blog\/\">blog da <strong>Acordo Certo<\/strong><\/a>, que trar\u00e1 todas as atualiza\u00e7\u00f5es sobre datas, requisitos e como se inscrever. At\u00e9 a pr\u00f3xima! \ud83d\udc4b<\/p>\n\n\n<ul class=\"wp-block-latest-posts__list wp-block-latest-posts\"><li><a class=\"wp-block-latest-posts__post-title\" href=\"https:\/\/www.acordocerto.com.br\/blog\/divida-pode-bloquear-ou-penhorar-salario\/\">D\u00edvida pode bloquear ou penhorar sal\u00e1rio? Entenda o que a lei permite<\/a><\/li>\n<li><a class=\"wp-block-latest-posts__post-title\" href=\"https:\/\/www.acordocerto.com.br\/blog\/cnh-pai-d-egua-para\/\">CNH Pai D\u2019\u00e9gua 2026: como funciona e quem pode se inscrever na CNH Social do Par\u00e1<\/a><\/li>\n<li><a class=\"wp-block-latest-posts__post-title\" href=\"https:\/\/www.acordocerto.com.br\/blog\/cnh-social-sergipe\/\">CNH Social Sergipe 2026: como funciona o programa de habilita\u00e7\u00e3o gratuita no estado<\/a><\/li>\n<li><a class=\"wp-block-latest-posts__post-title\" href=\"https:\/\/www.acordocerto.com.br\/blog\/cnh-social-bahia\/\">CNH Social Bahia 2026: tudo sobre o programa CNH da Gente e o impacto da nova lei federal<\/a><\/li>\n<\/ul>\n\n\n<h3 class=\"wp-block-heading\"><strong>Perguntas respondidas sobre CNH Social DF<\/strong><\/h3>\n\n\n<div id=\"rank-math-faq\" class=\"rank-math-block\">\n<div class=\"rank-math-list \">\n<div id=\"faq-question-1680723276120\" class=\"rank-math-list-item\">\n<h3 class=\"rank-math-question \">O que \u00e9 preciso para garantir a vaga na CNH Social DF?<\/h3>\n<div class=\"rank-math-answer \">\n\n<p>Al\u00e9m de atender aos crit\u00e9rios b\u00e1sicos, \u00e9 fundamental acompanhar todo o cronograma, enviar os documentos no prazo e fazer a valida\u00e7\u00e3o biom\u00e9trica corretamente. Quem perde prazos ou n\u00e3o entrega documenta\u00e7\u00e3o pode ser desclassificado.<\/p>\n\n<\/div>\n<\/div>\n<div id=\"faq-question-1680723279284\" class=\"rank-math-list-item\">\n<h3 class=\"rank-math-question \">Posso escolher a categoria da habilita\u00e7\u00e3o?<\/h3>\n<div class=\"rank-math-answer \">\n\n<p>Na maioria dos casos, a CNH Social DF contempla apenas a categoria A (moto) ou B (carro), de acordo com a escolha no momento da inscri\u00e7\u00e3o. N\u00e3o s\u00e3o oferecidas op\u00e7\u00f5es para categorias profissionais (C, D ou E).<\/p>\n\n<\/div>\n<\/div>\n<div id=\"faq-question-1680723280484\" class=\"rank-math-list-item\">\n<h3 class=\"rank-math-question \">Quem j\u00e1 tem habilita\u00e7\u00e3o pode participar?<\/h3>\n<div class=\"rank-math-answer \">\n\n<p>N\u00e3o. O programa \u00e9 voltado exclusivamente para a primeira habilita\u00e7\u00e3o. Pessoas que j\u00e1 possuem CNH ou que tiveram habilita\u00e7\u00e3o cancelada n\u00e3o podem se inscrever.<\/p>\n\n<\/div>\n<\/div>\n<div id=\"faq-question-1708706450917\" class=\"rank-math-list-item\">\n<h3 class=\"rank-math-question \">O que acontece se eu for aprovado e n\u00e3o iniciar o processo?<\/h3>\n<div class=\"rank-math-answer \">\n\n<p>Se o candidato n\u00e3o iniciar as aulas no prazo estipulado ou desistir, perde o direito \u00e0 gratuidade e pode n\u00e3o ser contemplado em futuras edi\u00e7\u00f5es.<\/p>\n\n<\/div>\n<\/div>\n<div id=\"faq-question-1708706451653\" class=\"rank-math-list-item\">\n<h3 class=\"rank-math-question \">Preciso pagar algo depois que terminar?<\/h3>\n<div class=\"rank-math-answer \">\n\n<p>N\u00e3o. Uma vez aprovado, o participante n\u00e3o ter\u00e1 nenhum custo durante o processo, nem na emiss\u00e3o final do documento.<\/p>\n\n<\/div>\n<\/div>\n<div id=\"faq-question-1708706452389\" class=\"rank-math-list-item\">\n<h3 class=\"rank-math-question \">Posso me inscrever em mais de uma edi\u00e7\u00e3o?<\/h3>\n<div class=\"rank-math-answer \">\n\n<p>Sim, desde que nunca tenha sido contemplado antes. Caso tenha se inscrito e n\u00e3o tenha sido selecionado em anos anteriores, pode participar novamente.<\/p>\n\n<\/div>\n<\/div>\n<div id=\"faq-question-1753368204933\" class=\"rank-math-list-item\">\n<h3 class=\"rank-math-question \">H\u00e1 prioridade para certos grupos?<\/h3>\n<div class=\"rank-math-answer \">\n\n<p>Sim. Pessoas em situa\u00e7\u00e3o de maior vulnerabilidade social, inscritas no Cad\u00danico, com renda mais baixa, e estudantes de escola p\u00fablica costumam ter prioridade na sele\u00e7\u00e3o.<\/p>\n\n<\/div>\n<\/div>\n<div id=\"faq-question-1753368205568\" class=\"rank-math-list-item\">\n<h3 class=\"rank-math-question \">O programa pode ser encerrado?<\/h3>\n<div class=\"rank-math-answer \">\n\n<p>Atualmente, o programa est\u00e1 em processo de ser transformado em lei, o que torna seu encerramento muito menos prov\u00e1vel. A expectativa \u00e9 que ele continue sendo oferecido anualmente.<\/p>\n\n<\/div>\n<\/div>\n<div id=\"faq-question-1753368219621\" class=\"rank-math-list-item\">\n<h3 class=\"rank-math-question \">Quais documentos s\u00e3o necess\u00e1rios para a inscri\u00e7\u00e3o?<\/h3>\n<div class=\"rank-math-answer \">\n\n<p>Geralmente s\u00e3o exigidos: RG, CPF, comprovante de resid\u00eancia atualizado, comprovante de inscri\u00e7\u00e3o no Cad\u00danico e hist\u00f3rico escolar (no caso dos estudantes). A lista oficial \u00e9 divulgada no edital.<\/p>\n\n<\/div>\n<\/div>\n<div id=\"faq-question-1753368226456\" class=\"rank-math-list-item\">\n<h3 class=\"rank-math-question \">Posso acompanhar minha inscri\u00e7\u00e3o online?<\/h3>\n<div class=\"rank-math-answer \">\n\n<p>Sim. Ap\u00f3s enviar a inscri\u00e7\u00e3o, o acompanhamento pode ser feito diretamente no portal do Detran-DF ou no site oficial do programa, utilizando dados pessoais e protocolo de inscri\u00e7\u00e3o.<\/p>\n\n<\/div>\n<\/div>\n<\/div>\n<\/div><div style='text-align:center' class='yasr-auto-insert-visitor'><\/div>","protected":false},"excerpt":{"rendered":"<p>A CNH Social DF, ou Habilita\u00e7\u00e3o Social DF, \u00e9 um programa que oferece a chance de obter a Carteira de Habilita\u00e7\u00e3o gratuita. Descubra tudo aqui!<\/p>\n","protected":false},"author":10,"featured_media":19755,"comment_status":"open","ping_status":"open","sticky":false,"template":"","format":"standard","meta":{"_acf_changed":false,"inline_featured_image":false,"yasr_overall_rating":0,"yasr_post_is_review":"","yasr_auto_insert_disabled":"","yasr_review_type":"","footnotes":""},"categories":[33],"tags":[651],"class_list":["post-19738","post","type-post","status-publish","format-standard","has-post-thumbnail","hentry","category-direitos-e-beneficios","tag-cnh-social"],"acf":[],"yasr_visitor_votes":{"stars_attributes":{"read_only":false,"span_bottom":false},"number_of_votes":0,"sum_votes":0},"_links":{"self":[{"href":"https:\/\/www.acordocerto.com.br\/blog\/wp-json\/wp\/v2\/posts\/19738","targetHints":{"allow":["GET"]}}],"collection":[{"href":"https:\/\/www.acordocerto.com.br\/blog\/wp-json\/wp\/v2\/posts"}],"about":[{"href":"https:\/\/www.acordocerto.com.br\/blog\/wp-json\/wp\/v2\/types\/post"}],"author":[{"embeddable":true,"href":"https:\/\/www.acordocerto.com.br\/blog\/wp-json\/wp\/v2\/users\/10"}],"replies":[{"embeddable":true,"href":"https:\/\/www.acordocerto.com.br\/blog\/wp-json\/wp\/v2\/comments?post=19738"}],"version-history":[{"count":3,"href":"https:\/\/www.acordocerto.com.br\/blog\/wp-json\/wp\/v2\/posts\/19738\/revisions"}],"predecessor-version":[{"id":20452,"href":"https:\/\/www.acordocerto.com.br\/blog\/wp-json\/wp\/v2\/posts\/19738\/revisions\/20452"}],"wp:featuredmedia":[{"embeddable":true,"href":"https:\/\/www.acordocerto.com.br\/blog\/wp-json\/wp\/v2\/media\/19755"}],"wp:attachment":[{"href":"https:\/\/www.acordocerto.com.br\/blog\/wp-json\/wp\/v2\/media?parent=19738"}],"wp:term":[{"taxonomy":"category","embeddable":true,"href":"https:\/\/www.acordocerto.com.br\/blog\/wp-json\/wp\/v2\/categories?post=19738"},{"taxonomy":"post_tag","embeddable":true,"href":"https:\/\/www.acordocerto.com.br\/blog\/wp-json\/wp\/v2\/tags?post=19738"}],"curies":[{"name":"wp","href":"https:\/\/api.w.org\/{rel}","templated":true}]}}