{"id":19741,"date":"2025-07-25T07:00:00","date_gmt":"2025-07-25T10:00:00","guid":{"rendered":"https:\/\/www.acordocerto.com.br\/blog\/?p=19741"},"modified":"2026-02-05T15:08:08","modified_gmt":"2026-02-05T18:08:08","slug":"cnh-social-es","status":"publish","type":"post","link":"https:\/\/www.acordocerto.com.br\/blog\/cnh-social-es\/","title":{"rendered":"CNH Social ES 2026: como se inscrever, quem tem direito e o que muda com a nova lei federal"},"content":{"rendered":"\n<p>Se voc\u00ea mora no Esp\u00edrito Santo e sonha em conquistar a carteira de motorista sem pagar nada, o programa <strong>CNH Social ES 2025<\/strong> pode ser a oportunidade ideal.<\/p>\n\n\n\n<div class=\"cta-btn-block\">\n  <a class=\"cta-btn\" href=\"https:\/\/app.acordocerto.com.br\/login?utm_source=blog&amp;utm_medium=acordocerto&amp;utm_term=cta-post\" target=\"_blank\">Consulte seu CPF<\/a>\n<\/div>\n\n\n\n<p>O Detran-ES est\u00e1 entre os mais organizados do pa\u00eds nesse tipo de iniciativa, oferecendo anualmente milhares de vagas para pessoas de baixa renda que desejam obter a primeira habilita\u00e7\u00e3o ou adicionar\/mudar de categoria.<\/p>\n\n\n\n<p>Em 2025, al\u00e9m da estrutura estadual j\u00e1 consolidada, uma <strong>nova lei federal sancionada pelo presidente Luiz In\u00e1cio Lula da Silva<\/strong> promete ampliar o acesso \u00e0 habilita\u00e7\u00e3o gratuita em todo o Brasil. <\/p>\n\n\n\n<p>Neste artigo, voc\u00ea vai entender como funciona a CNH Social no ES, quem pode se inscrever, quais s\u00e3o as datas e etapas do programa e o que muda com a nova legisla\u00e7\u00e3o nacional. Vem com a gente!<\/p>\n\n\n\n\n\n<h2 class=\"wp-block-heading\">O que \u00e9 a CNH Social ES?<\/h2>\n\n\n\n<p>A <strong>CNH Social ES<\/strong> \u00e9 um programa do Governo do Esp\u00edrito Santo, gerenciado pelo <a href=\"https:\/\/detran.es.gov.br\/\" target=\"_blank\" rel=\"noopener\">Detran-ES<\/a>, que oferece <strong>habilita\u00e7\u00e3o gratuita<\/strong> para cidad\u00e3os de baixa renda.<\/p>\n\n\n\n<p>O projeto cobre todas as etapas do processo \u2014 desde os exames m\u00e9dicos e psicol\u00f3gicos at\u00e9 as aulas te\u00f3ricas, pr\u00e1ticas e emiss\u00e3o do documento.<\/p>\n\n\n\n<div class=\"cta-btn-block\">\n  <a class=\"cta-btn\" href=\"https:\/\/app.acordocerto.com.br\/login?utm_source=blog&amp;utm_medium=acordocerto&amp;utm_term=cta-post\" target=\"_blank\">Consulte seu CPF<\/a>\n<\/div>\n\n\n\n<p>O objetivo \u00e9 simples e socialmente relevante: permitir que mais capixabas possam ter acesso \u00e0 mobilidade, oportunidades de emprego e independ\u00eancia, sem que o custo da carteira de motorista seja uma barreira.<\/p>\n\n\n\n<p>Quer saber o que significa EAR na CNH? Leia este artigo &#8211; <a href=\"https:\/\/www.acordocerto.com.br\/blog\/ear-na-cnh\/\">EAR na CNH: O que \u00e9, para que serve e quem pode colocar!<\/a><\/p>\n\n\n\n<h2 class=\"wp-block-heading\">Quais modalidades est\u00e3o dispon\u00edveis?<\/h2>\n\n\n\n<p>Diferente de outros estados que se limitam \u00e0 primeira habilita\u00e7\u00e3o, o Esp\u00edrito Santo oferece um pacote mais robusto. As modalidades incluem:<\/p>\n\n\n\n<ol class=\"wp-block-list\">\n<li><strong>Primeira habilita\u00e7\u00e3o (categoria A ou B);<\/strong><\/li>\n\n\n\n<li><strong>Adi\u00e7\u00e3o de categoria A ou B;<\/strong><\/li>\n\n\n\n<li><strong>Mudan\u00e7a para categorias D ou E;<\/strong><\/li>\n\n\n\n<li><strong>Cursos especializados<\/strong> como transporte escolar, coletivo de passageiros, cargas perigosas, entre outros.<\/li>\n<\/ol>\n\n\n\n<p><\/p>\n\n\n\n<p>Essa flexibilidade torna o programa um verdadeiro trampolim profissional para quem deseja atuar como motorista, motofretista, caminhoneiro ou condutor de transporte p\u00fablico.<\/p>\n\n\n\n<figure class=\"wp-block-embed is-type-video is-provider-youtube wp-block-embed-youtube wp-embed-aspect-16-9 wp-has-aspect-ratio\"><div class=\"wp-block-embed__wrapper\">\n<iframe title=\"CNH Social: Saiba Como Tirar Carteira de Motorista DE GRA\u00c7A - Acordo Certo\" width=\"500\" height=\"281\" src=\"https:\/\/www.youtube.com\/embed\/6yvtRJwHvkE?feature=oembed\" frameborder=\"0\" allow=\"accelerometer; autoplay; clipboard-write; encrypted-media; gyroscope; picture-in-picture; web-share\" referrerpolicy=\"strict-origin-when-cross-origin\" allowfullscreen><\/iframe>\n<\/div><\/figure>\n\n\n\n<h2 class=\"wp-block-heading\">Quantas vagas foram abertas em 2025?<\/h2>\n\n\n\n<p>Em abril de 2025, o governador Renato Casagrande anunciou a abertura de <strong>7.000 vagas<\/strong> no programa CNH Social, divididas em duas fases. A primeira fase contemplou <strong>3.500 selecionados<\/strong>, com divulga\u00e7\u00e3o oficial em maio.<\/p>\n\n\n\n<div class=\"cta-btn-block\">\n  <a class=\"cta-btn\" href=\"https:\/\/app.acordocerto.com.br\/login?utm_source=blog&amp;utm_medium=acordocerto&amp;utm_term=cta-post\" target=\"_blank\">Consulte seu CPF<\/a>\n<\/div>\n\n\n\n<p>O volume expressivo de inscri\u00e7\u00f5es \u2014 mais de <strong>82 mil pessoas<\/strong> \u2014 mostra a relev\u00e2ncia do programa. Em julho, o Detran-ES ainda convocou <strong>1.125 suplentes<\/strong>, refor\u00e7ando o compromisso com a democratiza\u00e7\u00e3o do acesso \u00e0 habilita\u00e7\u00e3o.<\/p>\n\n\n\n<p>Quer saber como renovar a CNH no Poupatempo? Leia este post &#8211; <a href=\"https:\/\/www.acordocerto.com.br\/blog\/renovacao-da-cnh-no-poupatempo\/\">Renova\u00e7\u00e3o da CNH no Poupatempo: saiba como fazer!<\/a><\/p>\n\n\n\n<h2 class=\"wp-block-heading\">Quem pode participar da CNH Social ES?<\/h2>\n\n\n\n<p>Os crit\u00e9rios para participar s\u00e3o claros e direcionados \u00e0 popula\u00e7\u00e3o em situa\u00e7\u00e3o de vulnerabilidade. Veja os principais requisitos:<\/p>\n\n\n\n<ol class=\"wp-block-list\">\n<li>Ter <strong>18 anos ou mais;<\/strong><\/li>\n\n\n\n<li>Ser alfabetizado;<\/li>\n\n\n\n<li>Estar inscrito no <strong>Cad\u00danico;<\/strong><\/li>\n\n\n\n<li>Ter renda familiar de at\u00e9 <strong>2 sal\u00e1rios m\u00ednimos;<\/strong><\/li>\n\n\n\n<li>Residir no Esp\u00edrito Santo;<\/li>\n\n\n\n<li>N\u00e3o possuir impedimentos legais para obter ou renovar a CNH;<\/li>\n\n\n\n<li>N\u00e3o estar cumprindo pena privativa de liberdade;<\/li>\n\n\n\n<li>N\u00e3o estar judicialmente proibido de obter a CNH.<\/li>\n<\/ol>\n\n\n\n<p><\/p>\n\n\n\n<p>Al\u00e9m disso, o programa reserva:<\/p>\n\n\n\n<ol class=\"wp-block-list\">\n<li><strong>13% para egressos do sistema prisional.<\/strong><\/li>\n\n\n\n<li><strong>5% das vagas para pessoas com defici\u00eancia (PcD);<\/strong><\/li>\n<\/ol>\n\n\n\n<p><\/p>\n\n\n\n<h2 class=\"wp-block-heading\">Como funciona o processo de inscri\u00e7\u00e3o e sele\u00e7\u00e3o?<\/h2>\n\n\n\n<p>As inscri\u00e7\u00f5es s\u00e3o feitas exclusivamente pelo site <a href=\"http:\/\/inscricao.detran.es.gov.br\" target=\"_blank\" rel=\"noopener\">inscricao.detran.es.gov.br<\/a> durante o per\u00edodo determinado no edital. Ap\u00f3s o cadastro, o processo segue as seguintes etapas:<\/p>\n\n\n\n<ol class=\"wp-block-list\">\n<li><strong>Divulga\u00e7\u00e3o dos contemplados<\/strong> \u2013 lista oficial publicada no site do Detran-ES;<\/li>\n\n\n\n<li><strong>Matr\u00edcula na autoescola<\/strong> \u2013 com prazo de at\u00e9 20 dias ap\u00f3s a convoca\u00e7\u00e3o;<\/li>\n\n\n\n<li><strong>Abertura do RENACH<\/strong> \u2013 at\u00e9 15 dias ap\u00f3s matr\u00edcula;<\/li>\n\n\n\n<li><strong>Realiza\u00e7\u00e3o de exames<\/strong> \u2013 m\u00e9dicos, psicol\u00f3gicos e toxicol\u00f3gicos (quando aplic\u00e1vel);<\/li>\n\n\n\n<li><strong>Conclus\u00e3o do processo<\/strong> \u2013 em at\u00e9 12 meses.<\/li>\n<\/ol>\n\n\n\n<p>Quem perder qualquer prazo poder\u00e1 ser desclassificado.<\/p>\n\n\n\n<p>Quer saber mais sobre o que \u00e9 a CNH Social? Leia este artigo &#8211; <a href=\"https:\/\/www.acordocerto.com.br\/blog\/cnh-social\/\">CNH Social: Saiba o que \u00e9, como se inscrever e quem tem direito \u00e0 CNH gratuita!<\/a><\/p>\n\n\n\n<h2 class=\"wp-block-heading\">Etapas obrigat\u00f3rias cobertas pelo programa<\/h2>\n\n\n\n<p>A CNH Social ES cobre <strong>100% dos custos<\/strong>, incluindo:<\/p>\n\n\n\n<ol class=\"wp-block-list\">\n<li>Taxas do Detran-ES;<\/li>\n\n\n\n<li>Exames m\u00e9dicos e psicol\u00f3gicos;<\/li>\n\n\n\n<li>Curso te\u00f3rico e pr\u00e1tico;<\/li>\n\n\n\n<li>Material did\u00e1tico;<\/li>\n\n\n\n<li>Provas (te\u00f3rica e pr\u00e1tica);<\/li>\n\n\n\n<li>Emiss\u00e3o da CNH.<\/li>\n<\/ol>\n\n\n\n<p><\/p>\n\n\n\n<p>N\u00e3o h\u00e1 nenhum custo para o candidato, do in\u00edcio ao fim do processo.<\/p>\n\n\n\n<h2 class=\"wp-block-heading\">CNH gratuita, CNH popular ou habilita\u00e7\u00e3o social: qual \u00e9 a diferen\u00e7a?<\/h2>\n\n\n\n<p>No Esp\u00edrito Santo, <strong>todos esses termos<\/strong> se referem ao mesmo programa: a CNH Social. Embora o nome possa variar em outras regi\u00f5es, a ess\u00eancia \u00e9 a mesma \u2014 <strong>oferecer habilita\u00e7\u00e3o gratuita para pessoas de baixa renda<\/strong>.<\/p>\n\n\n\n<div class=\"cta-btn-block\">\n  <a class=\"cta-btn\" href=\"https:\/\/app.acordocerto.com.br\/login?utm_source=blog&amp;utm_medium=acordocerto&amp;utm_term=cta-post\" target=\"_blank\">Consulte seu CPF<\/a>\n<\/div>\n\n\n\n<p>A vantagem no ES est\u00e1 justamente na estrutura bem definida, no cronograma transparente e na inclus\u00e3o de cursos especializados que ampliam o potencial profissional dos beneficiados.<\/p>\n\n\n\n<p>N\u00e3o sabe como consultar a CNH pelo CPF? Leia este post &#8211; <a href=\"https:\/\/www.acordocerto.com.br\/blog\/consultar-cnh-pelo-cpf\/\">Como consultar CNH pelo CPF 2025: Passos r\u00e1pidos!<\/a><\/p>\n\n\n\n<h2 class=\"wp-block-heading\">O que muda com a nova lei federal da CNH gratuita?<\/h2>\n\n\n\n<p>Em <strong>26 de junho de 2025<\/strong>, o presidente Lula sancionou a <strong><a href=\"https:\/\/www.planalto.gov.br\/ccivil_03\/_Ato2023-2026\/2025\/Lei\/L15153.htm\" target=\"_blank\" rel=\"noopener\">Lei n\u00ba 15.153<\/a><\/strong>, que cria o programa de <strong>CNH gratuita em n\u00edvel nacional<\/strong>.<\/p>\n\n\n\n<p>Essa nova legisla\u00e7\u00e3o permite que recursos arrecadados com multas de tr\u00e2nsito sejam usados para custear a habilita\u00e7\u00e3o de pessoas de baixa renda cadastradas no Cad\u00danico.<\/p>\n\n\n\n<h3 class=\"wp-block-heading\">Os principais pontos da nova lei:<\/h3>\n\n\n\n<ol class=\"wp-block-list\">\n<li><strong>Validade nacional<\/strong>: todos os estados devem implementar a gratuidade;<\/li>\n\n\n\n<li><strong>Benefici\u00e1rios<\/strong>: fam\u00edlias com renda de at\u00e9 meio sal\u00e1rio m\u00ednimo por pessoa (R$\u202f759 em 2025);<\/li>\n\n\n\n<li><strong>Abrang\u00eancia<\/strong>: inclui exames, taxas, aulas e emiss\u00e3o da CNH;<\/li>\n\n\n\n<li><strong>Entrada em vigor<\/strong>: a partir de <strong>11 de agosto de 2025;<\/strong><\/li>\n\n\n\n<li><strong>Execu\u00e7\u00e3o descentralizada<\/strong>: cada Detran estadual dever\u00e1 organizar seu cronograma.<\/li>\n<\/ol>\n\n\n\n<p><\/p>\n\n\n\n<h3 class=\"wp-block-heading\">Impacto no Esp\u00edrito Santo<\/h3>\n\n\n\n<p>O Detran-ES j\u00e1 possui um programa pr\u00f3prio consolidado, mas com a nova lei federal, o estado poder\u00e1 receber <strong>mais recursos<\/strong>, ampliar o n\u00famero de vagas ou atualizar os crit\u00e9rios de sele\u00e7\u00e3o.<\/p>\n\n\n\n\n\n\n<p>Com a entrada da nova legisla\u00e7\u00e3o, o Detran-ES poder\u00e1 divulgar <strong>novas regras e oportunidades<\/strong>. Por isso, \u00e9 fundamental visitar regularmente o site oficial do Detran-ES para acompanhar os pr\u00f3ximos editais e instru\u00e7\u00f5es.<\/p>\n\n\n\n<p>N\u00e3o sabe como consultar o CPF pelo celular? Leia este artigo &#8211; <a href=\"https:\/\/www.acordocerto.com.br\/blog\/consultar-cpf-pelo-celular\/\">Consultar CPF pelo celular: guia pr\u00e1tico e seguro com tudo o que voc\u00ea precisa saber!<\/a><\/p>\n\n\n\n<h2 class=\"wp-block-heading\">Como evitar golpes envolvendo CNH gratuita?<\/h2>\n\n\n\n<p>Com o aumento da visibilidade do programa, <strong>tamb\u00e9m aumentaram os golpes<\/strong> em redes sociais e aplicativos de mensagem.<\/p>\n\n\n\n<p>O Detran-ES alerta:<\/p>\n\n\n\n<ol class=\"wp-block-list\">\n<li><strong>N\u00e3o h\u00e1 intermedi\u00e1rios;<\/strong><\/li>\n\n\n\n<li>O processo \u00e9 totalmente gratuito e feito apenas pelo site oficial;<\/li>\n\n\n\n<li>N\u00e3o pague nenhum valor por promessa de vaga ou prioridade;<\/li>\n\n\n\n<li>Golpes costumam envolver promessas como \u201cgarantia de CNH por R$ 2;500 via Pix\u201d, ou algo similar.<\/li>\n<\/ol>\n\n\n\n<p><\/p>\n\n\n\n<h2 class=\"wp-block-heading\">Conclus\u00e3o<\/h2>\n\n\n\n<p>Como podemos ver, a <strong>CNH Social ES 2025<\/strong> \u00e9 uma das iniciativas mais completas do pa\u00eds para garantir habilita\u00e7\u00e3o gratuita a quem mais precisa.<\/p>\n\n\n\n<p>Com milhares de vagas, inclus\u00e3o de cursos profissionais e um processo transparente, o programa do Detran-ES j\u00e1 transformou a vida de milhares de capixabas.<\/p>\n\n\n\n<div class=\"cta-btn-block\">\n  <a class=\"cta-btn\" href=\"https:\/\/app.acordocerto.com.br\/login?utm_source=blog&amp;utm_medium=acordocerto&amp;utm_term=cta-post\" target=\"_blank\">Consulte seu CPF<\/a>\n<\/div>\n\n\n\n<p>Agora, com a san\u00e7\u00e3o da <strong>nova lei federal<\/strong>, esse direito ser\u00e1 expandido para todo o Brasil. No Esp\u00edrito Santo, isso pode significar mais vagas, mais recursos e ainda mais impacto social.<\/p>\n\n\n\n<p>Portanto, se voc\u00ea se enquadra nos crit\u00e9rios, n\u00e3o perca tempo: mantenha seu <strong>Cad\u00danico atualizado<\/strong>, acompanhe os prazos e acesse frequentemente o portal do <strong>Detran-ES<\/strong> para garantir sua inscri\u00e7\u00e3o assim que as novas etapas forem abertas.<\/p>\n\n\n\n<p>E se gostou deste artigo, visite o blog da Acordo Certo para ler outras mat\u00e9rias como essa. Por l\u00e1 voc\u00ea tamb\u00e9m pode consultar o seu CPF, ver o seu score de cr\u00e9dito e at\u00e9 renegociar d\u00edvidas com 99% de desconto. At\u00e9 a pr\u00f3xima! \ud83d\udc4b<\/p>\n\n\n<ul class=\"wp-block-latest-posts__list wp-block-latest-posts\"><li><a class=\"wp-block-latest-posts__post-title\" href=\"https:\/\/www.acordocerto.com.br\/blog\/divida-pode-bloquear-ou-penhorar-salario\/\">D\u00edvida pode bloquear ou penhorar sal\u00e1rio? Entenda o que a lei permite<\/a><\/li>\n<li><a class=\"wp-block-latest-posts__post-title\" href=\"https:\/\/www.acordocerto.com.br\/blog\/cnh-pai-d-egua-para\/\">CNH Pai D\u2019\u00e9gua 2026: como funciona e quem pode se inscrever na CNH Social do Par\u00e1<\/a><\/li>\n<li><a class=\"wp-block-latest-posts__post-title\" href=\"https:\/\/www.acordocerto.com.br\/blog\/cnh-social-sergipe\/\">CNH Social Sergipe 2026: como funciona o programa de habilita\u00e7\u00e3o gratuita no estado<\/a><\/li>\n<li><a class=\"wp-block-latest-posts__post-title\" href=\"https:\/\/www.acordocerto.com.br\/blog\/cnh-social-bahia\/\">CNH Social Bahia 2026: tudo sobre o programa CNH da Gente e o impacto da nova lei federal<\/a><\/li>\n<\/ul>\n\n\n<h3 class=\"wp-block-heading\"><strong>Perguntas respondidas sobre a CNH Social ES<\/strong><\/h3>\n\n\n<div id=\"rank-math-faq\" class=\"rank-math-block\">\n<div class=\"rank-math-list \">\n<div id=\"faq-question-1680723276120\" class=\"rank-math-list-item\">\n<h3 class=\"rank-math-question \">Como saber se fui aprovado na CNH Social do Esp\u00edrito Santo?<\/h3>\n<div class=\"rank-math-answer \">\n\n<p>A lista de selecionados \u00e9 divulgada no site oficial do Detran-ES, geralmente alguns dias ap\u00f3s o encerramento das inscri\u00e7\u00f5es. Basta acessar a \u00e1rea \u201cCNH Social\u201d e buscar pelo seu CPF ou nome completo no resultado da fase correspondente.<\/p>\n\n<\/div>\n<\/div>\n<div id=\"faq-question-1680723279284\" class=\"rank-math-list-item\">\n<h3 class=\"rank-math-question \">Quem est\u00e1 desempregado pode se inscrever na CNH Social ES?<\/h3>\n<div class=\"rank-math-answer \">\n\n<p>Sim. O desemprego por si s\u00f3 n\u00e3o impede a participa\u00e7\u00e3o. O principal crit\u00e9rio \u00e9 estar inscrito no Cad\u00danico e ter renda familiar de at\u00e9 dois sal\u00e1rios m\u00ednimos. Pessoas desempregadas que atendem a essas exig\u00eancias s\u00e3o eleg\u00edveis.<\/p>\n\n<\/div>\n<\/div>\n<div id=\"faq-question-1680723280484\" class=\"rank-math-list-item\">\n<h3 class=\"rank-math-question \">Posso escolher a autoescola na CNH Social ES?<\/h3>\n<div class=\"rank-math-answer \">\n\n<p>N\u00e3o. Os candidatos contemplados ser\u00e3o encaminhados para autoescolas credenciadas que participam do programa, conforme log\u00edstica definida pelo Detran-ES. O local \u00e9 informado no momento da matr\u00edcula.<\/p>\n\n<\/div>\n<\/div>\n<div id=\"faq-question-1708706450917\" class=\"rank-math-list-item\">\n<h3 class=\"rank-math-question \">CNH Social ES oferece curso para motorista de aplicativo?<\/h3>\n<div class=\"rank-math-answer \">\n\n<p>Sim, indiretamente. Quem optar por tirar a primeira habilita\u00e7\u00e3o na categoria B ou mudar para a categoria D, por exemplo, pode utilizar a CNH para trabalhar como motorista de aplicativo ap\u00f3s aprova\u00e7\u00e3o. No entanto, o programa n\u00e3o inclui forma\u00e7\u00e3o espec\u00edfica para apps como Uber ou 99.<\/p>\n\n<\/div>\n<\/div>\n<div id=\"faq-question-1708706451653\" class=\"rank-math-list-item\">\n<h3 class=\"rank-math-question \">A CNH gratuita no ES tamb\u00e9m vale para quem quer dirigir caminh\u00e3o ou \u00f4nibus?<\/h3>\n<div class=\"rank-math-answer \">\n\n<p>Sim, desde que o candidato escolha a modalidade de mudan\u00e7a para as categorias D (\u00f4nibus) ou E (caminh\u00e3o com reboque), e atenda aos crit\u00e9rios espec\u00edficos exigidos pelo Detran, como tempo m\u00ednimo de habilita\u00e7\u00e3o e idade superior a 21 anos.<\/p>\n\n<\/div>\n<\/div>\n<div id=\"faq-question-1708706452389\" class=\"rank-math-list-item\">\n<h3 class=\"rank-math-question \">Qual o prazo para concluir o processo depois de aprovado?<\/h3>\n<div class=\"rank-math-answer \">\n\n<p>O candidato tem at\u00e9 12 meses para finalizar todas as etapas ap\u00f3s a abertura do RENACH. Isso inclui exames, aulas, provas te\u00f3ricas e pr\u00e1ticas. Perder esse prazo pode resultar no cancelamento do benef\u00edcio.<\/p>\n\n<\/div>\n<\/div>\n<div id=\"faq-question-1753370467391\" class=\"rank-math-list-item\">\n<h3 class=\"rank-math-question \">O que acontece se eu for chamado como suplente?<\/h3>\n<div class=\"rank-math-answer \">\n\n<p>Se voc\u00ea estiver na lista de suplentes e for convocado, ter\u00e1 um novo prazo para efetuar matr\u00edcula e iniciar o processo. O n\u00e3o cumprimento deste prazo tamb\u00e9m implica em perda da vaga.<\/p>\n\n<\/div>\n<\/div>\n<div id=\"faq-question-1753370471498\" class=\"rank-math-list-item\">\n<h3 class=\"rank-math-question \">A nova lei federal anula o programa CNH Social do ES?<\/h3>\n<div class=\"rank-math-answer \">\n\n<p>N\u00e3o. A nova lei nacional complementa as iniciativas j\u00e1 existentes. O programa estadual continua valendo normalmente, e deve at\u00e9 ser fortalecido com a chegada de novos recursos federais.<\/p>\n\n<\/div>\n<\/div>\n<div id=\"faq-question-1753370477961\" class=\"rank-math-list-item\">\n<h3 class=\"rank-math-question \">Quem fez inscri\u00e7\u00e3o em edi\u00e7\u00f5es passadas e n\u00e3o foi selecionado pode tentar novamente?<\/h3>\n<div class=\"rank-math-answer \">\n\n<p>Sim. A participa\u00e7\u00e3o em edi\u00e7\u00f5es anteriores n\u00e3o impede novas inscri\u00e7\u00f5es, desde que o candidato ainda atenda aos requisitos. N\u00e3o h\u00e1 limite de tentativas.<\/p>\n\n<\/div>\n<\/div>\n<div id=\"faq-question-1753370481936\" class=\"rank-math-list-item\">\n<h3 class=\"rank-math-question \">\u00c9 poss\u00edvel acompanhar as etapas da CNH Social ES pelo celular?<\/h3>\n<div class=\"rank-math-answer \">\n\n<p>Sim. O Detran-ES possui um site responsivo e canais digitais nos quais \u00e9 poss\u00edvel consultar o status da inscri\u00e7\u00e3o, datas, documenta\u00e7\u00e3o e resultados diretamente pelo smartphone.<\/p>\n\n<\/div>\n<\/div>\n<\/div>\n<\/div><div style='text-align:center' class='yasr-auto-insert-visitor'><\/div>","protected":false},"excerpt":{"rendered":"<p>Se voc\u00ea mora no Esp\u00edrito Santo e sonha em conquistar a carteira de motorista sem pagar nada, a CNH Social ES pode ser a oportunidade ideal! Entenda mais. <\/p>\n","protected":false},"author":10,"featured_media":19751,"comment_status":"open","ping_status":"open","sticky":false,"template":"","format":"standard","meta":{"_acf_changed":false,"inline_featured_image":false,"yasr_overall_rating":0,"yasr_post_is_review":"","yasr_auto_insert_disabled":"","yasr_review_type":"","footnotes":""},"categories":[33],"tags":[651],"class_list":["post-19741","post","type-post","status-publish","format-standard","has-post-thumbnail","hentry","category-direitos-e-beneficios","tag-cnh-social"],"acf":[],"yasr_visitor_votes":{"stars_attributes":{"read_only":false,"span_bottom":false},"number_of_votes":0,"sum_votes":0},"_links":{"self":[{"href":"https:\/\/www.acordocerto.com.br\/blog\/wp-json\/wp\/v2\/posts\/19741","targetHints":{"allow":["GET"]}}],"collection":[{"href":"https:\/\/www.acordocerto.com.br\/blog\/wp-json\/wp\/v2\/posts"}],"about":[{"href":"https:\/\/www.acordocerto.com.br\/blog\/wp-json\/wp\/v2\/types\/post"}],"author":[{"embeddable":true,"href":"https:\/\/www.acordocerto.com.br\/blog\/wp-json\/wp\/v2\/users\/10"}],"replies":[{"embeddable":true,"href":"https:\/\/www.acordocerto.com.br\/blog\/wp-json\/wp\/v2\/comments?post=19741"}],"version-history":[{"count":4,"href":"https:\/\/www.acordocerto.com.br\/blog\/wp-json\/wp\/v2\/posts\/19741\/revisions"}],"predecessor-version":[{"id":20438,"href":"https:\/\/www.acordocerto.com.br\/blog\/wp-json\/wp\/v2\/posts\/19741\/revisions\/20438"}],"wp:featuredmedia":[{"embeddable":true,"href":"https:\/\/www.acordocerto.com.br\/blog\/wp-json\/wp\/v2\/media\/19751"}],"wp:attachment":[{"href":"https:\/\/www.acordocerto.com.br\/blog\/wp-json\/wp\/v2\/media?parent=19741"}],"wp:term":[{"taxonomy":"category","embeddable":true,"href":"https:\/\/www.acordocerto.com.br\/blog\/wp-json\/wp\/v2\/categories?post=19741"},{"taxonomy":"post_tag","embeddable":true,"href":"https:\/\/www.acordocerto.com.br\/blog\/wp-json\/wp\/v2\/tags?post=19741"}],"curies":[{"name":"wp","href":"https:\/\/api.w.org\/{rel}","templated":true}]}}