{"id":2093,"date":"2021-11-23T13:55:30","date_gmt":"2021-11-23T16:55:30","guid":{"rendered":"https:\/\/www.acordocerto.com.br\/?p=2093"},"modified":"2024-05-13T17:11:06","modified_gmt":"2024-05-13T20:11:06","slug":"auxilio-brasil","status":"publish","type":"post","link":"https:\/\/www.acordocerto.com.br\/blog\/auxilio-brasil\/","title":{"rendered":"Aux\u00edlio Brasil 2023: Como se Cadastrar e Quem Tem Direito?"},"content":{"rendered":"\n<p>Em novembro de 2021, come\u00e7ou a ser pago o Aux\u00edlio Brasil, programa do Governo Federal que substituir\u00e1 o j\u00e1 conhecido Bolsa Fam\u00edlia e que tem por objetivo auxiliar as fam\u00edlias brasileiras na supera\u00e7\u00e3o da pobreza e extrema pobreza.<\/p>\n\n\n\n<div class=\"cta-btn-block\">\n  <a class=\"cta-btn\" href=\"https:\/\/app.acordocerto.com.br\/login?utm_source=blog&amp;utm_medium=acordocerto&amp;utm_term=cta-post\" target=\"_blank\">Consulte seu CPF<\/a>\n<\/div>\n\n\n\n<p>Desde que foi implementado, o <a href=\"https:\/\/www.acordocerto.com.br\/blog\/auxilio-emergencial-quem-tem-direito\/\" target=\"_blank\" rel=\"noreferrer noopener\">aux\u00edlio emergencial<\/a> \u2014 benef\u00edcio criado para ajudar fam\u00edlias em situa\u00e7\u00e3o de pobreza durante a pandemia de Covid-19, j\u00e1 tinha data para ser encerrado: dezembro de 2020, mas acabou sendo prorrogado at\u00e9 outubro de 2021 devido ao cen\u00e1rio econ\u00f4mico do pa\u00eds.<\/p>\n\n\n\n<figure class=\"wp-block-embed is-type-video is-provider-youtube wp-block-embed-youtube wp-embed-aspect-16-9 wp-has-aspect-ratio\"><div class=\"wp-block-embed__wrapper\">\n<iframe title=\"Aux\u00edlio Brasil 2022: Como Receber? Quem Tem Direito? Como Se Cadastrar? - Acordo Certo\" width=\"500\" height=\"281\" src=\"https:\/\/www.youtube.com\/embed\/XEL5EIJB-io?feature=oembed\" frameborder=\"0\" allow=\"accelerometer; autoplay; clipboard-write; encrypted-media; gyroscope; picture-in-picture; web-share\" referrerpolicy=\"strict-origin-when-cross-origin\" allowfullscreen><\/iframe>\n<\/div><\/figure>\n\n\n\n<p>Com o fim do benef\u00edcio, as fam\u00edlias brasileiras est\u00e3o atentas ao novo programa do governo que vem para auxiliar fam\u00edlias em situa\u00e7\u00e3o de pobreza e de extrema pobreza em todo o pa\u00eds, a fim de que consigam superar a situa\u00e7\u00e3o de vulnerabilidade social.<\/p>\n\n\n\n<p>Com o Aux\u00edlio Brasil, as fam\u00edlias ter\u00e3o a oportunidade n\u00e3o s\u00f3 de <a href=\"https:\/\/www.acordocerto.com.br\/blog\/como-limpar-seu-nome\/\" target=\"_blank\" rel=\"noreferrer noopener\">limpar o nome<\/a> mas, antes de mais nada, garantir o m\u00ednimo existencial, ou seja, aquilo que supre suas necessidades b\u00e1sicas.&nbsp;<\/p>\n\n\n\n<p>Diante das novidades do novo programa, muitas d\u00favidas surgem: como se inscrever? Como saber se vou receber? Qual vai ser o valor do Auxilio Brasil? Qual \u00e9 o calend\u00e1rio do aux\u00edlio e muitas outras.<\/p>\n\n\n\n<p>Entenda neste artigo tudo o que voc\u00ea precisa saber sobre o programa, descubra se voc\u00ea tem direito e como faz para se cadastrar.<\/p>\n\n\n\n\n\n<h2 class=\"wp-block-heading\">O que \u00e9 Aux\u00edlio Brasil?<\/h2>\n\n\n\n<p>O Aux\u00edlio Brasil \u00e9 um bra\u00e7o social do Governo Federal e tem como objetivo integrar, em um s\u00f3 programa, diferentes pol\u00edticas p\u00fablicas de assist\u00eancia social, educa\u00e7\u00e3o, sa\u00fade, emprego e renda. <\/p>\n\n\n\n<div class=\"cta-btn-block\">\n  <a class=\"cta-btn\" href=\"https:\/\/app.acordocerto.com.br\/login?utm_source=blog&amp;utm_medium=acordocerto&amp;utm_term=cta-post\" target=\"_blank\">Consulte seu CPF<\/a>\n<\/div>\n\n\n\n<p>De acordo com o governo, o programa ter\u00e1, ao todo, nove diferentes modalidades de benef\u00edcios.&nbsp;<\/p>\n\n\n\n<p>O programa foi criado para substituir o <a href=\"https:\/\/www.acordocerto.com.br\/blog\/consultar-bolsa-familia-pelo-cpf\/\" target=\"_blank\" rel=\"noreferrer noopener\">Bolsa Fam\u00edlia<\/a> e promete chegar a cerca de 16,9 milh\u00f5es de fam\u00edlias brasileiras, n\u00famero superior ao de benefici\u00e1rios do Bolsa Fam\u00edlia, que contemplava 14,7 milh\u00f5es de fam\u00edlias.<\/p>\n\n\n\n<p>O Aux\u00edlio Brasil tem tr\u00eas benef\u00edcios principais, chamados de n\u00facleo b\u00e1sico. S\u00e3o eles:<\/p>\n\n\n\n<ul class=\"wp-block-list\">\n<li><strong>Benef\u00edcio Primeira Inf\u00e2ncia: <\/strong>&nbsp;para fam\u00edlias que possuam crian\u00e7as com at\u00e9 3 anos incompletos e seu valor mensal ser\u00e1 de R$130 por crian\u00e7a;<br><\/li>\n\n\n\n<li><strong>Benef\u00edcio Composi\u00e7\u00e3o Familiar:<\/strong> para fam\u00edlias que possuam gestantes ou pessoas com at\u00e9 21 anos incompletos, pago por pessoa que se enquadre em tais situa\u00e7\u00f5es. A fam\u00edlia s\u00f3 poder\u00e1 receber esse benef\u00edcio em rela\u00e7\u00e3o \u00e0s pessoas com idade entre 18 e 21 anos incompletos se estes estiverem matriculados na educa\u00e7\u00e3o b\u00e1sica e o valor ser\u00e1 de R$65 por pessoa;<br><\/li>\n\n\n\n<li><strong>Benef\u00edcio de Supera\u00e7\u00e3o da Extrema Pobreza:<\/strong> ser\u00e1 concedido se, mesmo recebendo outros benef\u00edcios do Aux\u00edlio Brasil, a fam\u00edlia continue abaixo da linha da pobreza (<a href=\"https:\/\/www.acordocerto.com.br\/blog\/renda-familiar-per-capita\/\" data-type=\"URL\" data-id=\"https:\/\/www.acordocerto.com.br\/blog\/renda-familiar-per-capita\/\" target=\"_blank\" rel=\"noreferrer noopener\">renda familiar<\/a> de R$100 mensais por pessoa). O valor ser\u00e1 de, ao menos, R$25 por pessoa.<br><\/li>\n<\/ul>\n\n\n\n<p>Al\u00e9m destes, outros cinco benef\u00edcios poder\u00e3o complementar o Aux\u00edlio Brasil, desde que os benefici\u00e1rios atendam aos requisitos b\u00e1sicos de cada um deles. Confira mais abaixo:<br><\/p>\n\n\n\n<ul class=\"wp-block-list\">\n<li><strong>Aux\u00edlio Esporte Escolar:<\/strong> para estudantes entre 12 anos e 17 anos incompletos, integrantes de fam\u00edlias beneficiadas pelo Aux\u00edlio Brasil, que se destacarem em jogos escolares. O valor pago ser\u00e1 de R$100 por m\u00eas, al\u00e9m da parcela \u00fanica de R$1.000;<br><\/li>\n\n\n\n<li><strong>Bolsa de Inicia\u00e7\u00e3o Cient\u00edfica J\u00fanior: <\/strong>para estudantes de fam\u00edlias benefici\u00e1rias do Aux\u00edlio Brasil que se destacarem em competi\u00e7\u00f5es acad\u00eamicas e cient\u00edficas. O valor pago ser\u00e1 de R$100 por m\u00eas, al\u00e9m da parcela \u00fanica de R$1.000;<br><\/li>\n\n\n\n<li><strong>Aux\u00edlio Crian\u00e7a Cidad\u00e3: <\/strong>para respons\u00e1vel de fam\u00edlia benefici\u00e1ria do Aux\u00edlio Brasil, com crian\u00e7a de 0 a 48 meses incompletos, que tenha conseguido fonte de renda mas n\u00e3o encontre vaga em creches p\u00fablicas ou privadas conveniadas. O valor do benef\u00edcio ser\u00e1 de R$ 200 para fam\u00edlias que tenham crian\u00e7as matriculadas em turno parcial, e R$ 200 caso as crian\u00e7as sejam matriculadas em turno integral;<br><\/li>\n\n\n\n<li><strong>Aux\u00edlio Inclus\u00e3o Produtiva Rural:<\/strong> concedido para incentivo \u00e0 produ\u00e7\u00e3o, doa\u00e7\u00e3o e consumo de alimentos saud\u00e1veis, \u00e9 destinado para agricultores familiares, que recebam o Aux\u00edlio Brasil. O valor pago ser\u00e1 de R$200 por m\u00eas.<br><\/li>\n\n\n\n<li><strong>Aux\u00edlio Inclus\u00e3o Produtiva Urbana:<\/strong> fornecido aos benefici\u00e1rios do Programa Aux\u00edlio Brasil que comprovarem v\u00ednculo de emprego formal.<br><\/li>\n\n\n\n<li><strong>Benef\u00edcio Compensat\u00f3rio de Transi\u00e7\u00e3o:<\/strong> oferecido \u00e0s fam\u00edlias benefici\u00e1rias do Bolsa Fam\u00edlia que tiverem redu\u00e7\u00e3o no valor recebido ap\u00f3s o enquadramento no Aux\u00edlio Brasil. Ser\u00e1 pago durante a implementa\u00e7\u00e3o do novo programa e ser\u00e1 mantido at\u00e9 que o valor recebido seja maior do que o anterior, ou caso a fam\u00edlia n\u00e3o se enquadre mais nos crit\u00e9rios de elegibilidade do programa.&nbsp;<br><\/li>\n<\/ul>\n\n\n\n<p><\/p>\n\n\n\n<p>Destinado \u00e0s fam\u00edlias em situa\u00e7\u00e3o de pobreza e de extrema pobreza em todo o pa\u00eds, o Programa Aux\u00edlio Brasil \u00e9 gerido pelo Minist\u00e9rio da Cidadania, respons\u00e1vel pelo envio dos recursos para pagamento.<\/p>\n\n\n\n<div class=\"cta-btn-block\">\n  <a class=\"cta-btn\" href=\"https:\/\/app.acordocerto.com.br\/login?utm_source=blog&amp;utm_medium=acordocerto&amp;utm_term=cta-post\" target=\"_blank\">Consulte seu CPF<\/a>\n<\/div>\n\n\n\n<p>Na outra ponta, a Caixa Econ\u00f4mica Federal \u00e9 a respons\u00e1vel por realizar o pagamento do Aux\u00edlio Brasil para as pessoas selecionadas pelo Minist\u00e9rio da Cidadania, assim como disponibilizar canais de atendimento para que os benefici\u00e1rios possam tirar suas d\u00favidas sobre o saque do benef\u00edcio.<\/p>\n\n\n\n\n\n\n<h2 class=\"wp-block-heading\">Quem tem direito ao Aux\u00edlio Brasil em 2023?<\/h2>\n\n\n\n<p>O programa Aux\u00edlio Brasil mudou novamente de nome em 2023, e voltou a se chamar Bolsa Fam\u00edlia. <\/p>\n\n\n\n<p>Ele vai continuar sendo oferecido para fam\u00edlias que se encontram em situa\u00e7\u00e3o de pobreza (com renda de R$ 100,01 e R$ 200 mensal por pessoa) e extrema pobreza (com renda de R$ 0 \u00e0 R$ 100 mensal por pessoa), que j\u00e1 fazem parte do Aux\u00edlio Brasil, Bolsa Fam\u00edlia ou do Cadastro \u00danico.<\/p>\n\n\n\n<p>\u200bOs requisitos b\u00e1sicos para que a fam\u00edlia seja contemplada pelo Programa Aux\u00edlio Brasil e Bolsa Fam\u00edlia s\u00e3o:<\/p>\n\n\n\n<ul class=\"wp-block-list\">\n<li>Estar cadastrada, pela prefeitura, no Cadastro \u00danico dos Programas Sociais do Governo Federal (<a href=\"https:\/\/www.acordocerto.com.br\/blog\/o-que-e-cadastro-unico\/\" target=\"_blank\" rel=\"noreferrer noopener\">Cad\u00danico<\/a>);<\/li>\n\n\n\n<li>Ser selecionada pelo Minist\u00e9rio da Cidadania;<\/li>\n\n\n\n<li>Estar em situa\u00e7\u00e3o de pobreza ou de extrema pobreza. Para as fam\u00edlias em situa\u00e7\u00e3o de pobreza \u00e9 necess\u00e1rio que apresentem, em sua composi\u00e7\u00e3o, gestantes, nutrizes (m\u00e3es que amamentam), crian\u00e7as, adolescentes ou jovens entre 0 e 21 anos incompletos.<\/li>\n<\/ul>\n\n\n\n<p><\/p>\n\n\n\n<p>Quem recebia o Aux\u00edlio Brasil ou Bolsa Fam\u00edlia poder\u00e1 confirmar se ter\u00e1 direito ao novo benef\u00edcio fazendo uma <a href=\"https:\/\/www.acordocerto.com.br\/consultar-o-cpf\" target=\"_blank\" rel=\"noreferrer noopener\">consulta CPF<\/a> ou informando o NIS em um dos canais de atendimento da Caixa.<\/p>\n\n\n\n<div class=\"cta-btn-block\">\n  <a class=\"cta-btn\" href=\"https:\/\/app.acordocerto.com.br\/login?utm_source=blog&amp;utm_medium=acordocerto&amp;utm_term=cta-post\" target=\"_blank\">Consulte seu CPF<\/a>\n<\/div>\n\n\n\n<p>Ou seja, pelo aplicativo Caixa Tem (dispon\u00edvel para Android e <a href=\"https:\/\/apps.apple.com\/br\/app\/caixa-tem\/id1485424267\" target=\"_blank\" rel=\"noreferrer noopener\">IOS<\/a>), terminais de autoatendimento, lot\u00e9ricas, ag\u00eancias e correspondentes Caixa Aqui. A consulta tamb\u00e9m pode ser feita por meio do Atendimento Caixa ao Cidad\u00e3o no telefone 111.<\/p>\n\n\n\n<h3 class=\"wp-block-heading\">Qual o valor do Aux\u00edlio Brasil?<\/h3>\n\n\n\n<p>O valor m\u00e9dio do benef\u00edcio foi de R$407 em 2022, e este valor representou um aumento do benef\u00edcio m\u00e9dio pago pelo Bolsa Fam\u00edlia. Entretanto, em 2023, o valor subiu novamente e agora est\u00e1 em R$600.<\/p>\n\n\n\n<p><\/p>\n\n\n\n<h3 class=\"wp-block-heading\">Como se cadastrar no Aux\u00edlio Brasil 2023?<\/h3>\n\n\n\n<p>O novo programa usar\u00e1 os cadastros do Bolsa Fam\u00edlia e do Cadastro \u00danico. <\/p>\n\n\n\n<p>Desse modo, as fam\u00edlias que j\u00e1 eram atendidas pelo antigo Bolsa Fam\u00edlia foram migradas automaticamente para o Aux\u00edlio Brasil.&nbsp;<\/p>\n\n\n\n<p>J\u00e1 as fam\u00edlias que estavam inscritas no Cadastro \u00danico e n\u00e3o faziam parte do Bolsa Fam\u00edlia, neste primeiro momento entrar\u00e3o em uma lista de reserva.&nbsp;<\/p>\n\n\n\n<div class=\"cta-btn-block\">\n  <a class=\"cta-btn\" href=\"https:\/\/app.acordocerto.com.br\/login?utm_source=blog&amp;utm_medium=acordocerto&amp;utm_term=cta-post\" target=\"_blank\">Consulte seu CPF<\/a>\n<\/div>\n\n\n\n<p>Se voc\u00ea n\u00e3o tem certeza se a sua fam\u00edlia est\u00e1 inscrita no <a href=\"https:\/\/www.acordocerto.com.br\/blog\/o-que-e-cadastro-unico\/\" target=\"_blank\" rel=\"noreferrer noopener\">Cad\u00danico<\/a>, pode verificar atrav\u00e9s do seguintes meios:<\/p>\n\n\n\n<ul class=\"wp-block-list\">\n<li>Pelo site Meu Cad\u00danico;<\/li>\n\n\n\n<li>Pelo aplicativo Meu Cad\u00danico;<\/li>\n\n\n\n<li>Pelo n\u00famero de telefone 0800 707 2003 (liga\u00e7\u00e3o gratuita).<\/li>\n<\/ul>\n\n\n\n<p><\/p>\n\n\n\n<p>Novas inscri\u00e7\u00f5es poder\u00e3o ser realizadas no Centro de Refer\u00eancia da Assist\u00eancia Social (CRAs), mas n\u00e3o h\u00e1 garantia de aprova\u00e7\u00e3o.<\/p>\n\n\n\n<h2 class=\"wp-block-heading\"><strong>Calend\u00e1rio do Aux\u00edlio Brasil 2023<\/strong><\/h2>\n\n\n\n<h3 class=\"wp-block-heading\"><strong>Calend\u00e1rio do Auxilio Brasil Bolsa Fam\u00edlia Janeiro de 2023, Fevereiro de 2023 e Mar\u00e7o de 2023<\/strong>&nbsp;<\/h3>\n\n\n\n<figure class=\"wp-block-table is-style-stripes\"><table><thead><tr><th class=\"has-text-align-left\" data-align=\"left\"><strong>Final do NIS<\/strong>&nbsp;<\/th><th class=\"has-text-align-left\" data-align=\"left\"><strong>Aux\u00edlio Brasil Bolsa Fam\u00edlia Janeiro 2023&nbsp;&nbsp;<\/strong><\/th><th class=\"has-text-align-left\" data-align=\"left\"><strong><strong>Aux\u00edlio Brasil Bolsa Fam\u00edlia<\/strong> Fevereiro 2023<\/strong>&nbsp;<\/th><th class=\"has-text-align-left\" data-align=\"left\"><strong><strong>Aux\u00edlio Brasil Bolsa Fam\u00edlia<\/strong><\/strong> <strong>Mar\u00e7o 2023<\/strong>&nbsp;<\/th><\/tr><\/thead><tbody><tr><td class=\"has-text-align-left\" data-align=\"left\">1&nbsp;<\/td><td class=\"has-text-align-left\" data-align=\"left\">18 de janeiro de 2023&nbsp;<\/td><td class=\"has-text-align-left\" data-align=\"left\">13 de fevereiro de 2023&nbsp;<\/td><td class=\"has-text-align-left\" data-align=\"left\">20 de mar\u00e7o de 2023&nbsp;<\/td><\/tr><tr><td class=\"has-text-align-left\" data-align=\"left\">2&nbsp;<\/td><td class=\"has-text-align-left\" data-align=\"left\">19 de janeiro de 2023&nbsp;<\/td><td class=\"has-text-align-left\" data-align=\"left\">14 de fevereiro de 2023&nbsp;<\/td><td class=\"has-text-align-left\" data-align=\"left\">21 de mar\u00e7o de 2023&nbsp;<\/td><\/tr><tr><td class=\"has-text-align-left\" data-align=\"left\">3&nbsp;<\/td><td class=\"has-text-align-left\" data-align=\"left\">20 de janeiro de 2023&nbsp;<\/td><td class=\"has-text-align-left\" data-align=\"left\">15 de fevereiro de 2023&nbsp;<\/td><td class=\"has-text-align-left\" data-align=\"left\">22 de mar\u00e7o de 2023&nbsp;<\/td><\/tr><tr><td class=\"has-text-align-left\" data-align=\"left\">4&nbsp;<\/td><td class=\"has-text-align-left\" data-align=\"left\">23 de janeiro de 2023&nbsp;<\/td><td class=\"has-text-align-left\" data-align=\"left\">16 de fevereiro de 2023&nbsp;<\/td><td class=\"has-text-align-left\" data-align=\"left\">23 de mar\u00e7o de 2023&nbsp;<\/td><\/tr><tr><td class=\"has-text-align-left\" data-align=\"left\">5&nbsp;<\/td><td class=\"has-text-align-left\" data-align=\"left\">24 de janeiro de 2023&nbsp;<\/td><td class=\"has-text-align-left\" data-align=\"left\">17 de fevereiro de 2023&nbsp;<\/td><td class=\"has-text-align-left\" data-align=\"left\">24 de mar\u00e7o de 2023&nbsp;<\/td><\/tr><tr><td class=\"has-text-align-left\" data-align=\"left\">6&nbsp;<\/td><td class=\"has-text-align-left\" data-align=\"left\">25 de janeiro de 2023&nbsp;<\/td><td class=\"has-text-align-left\" data-align=\"left\">22 de fevereiro de 2023&nbsp;<\/td><td class=\"has-text-align-left\" data-align=\"left\">27 de mar\u00e7o de 2023&nbsp;<\/td><\/tr><tr><td class=\"has-text-align-left\" data-align=\"left\">7&nbsp;<\/td><td class=\"has-text-align-left\" data-align=\"left\">26 de janeiro de 2023&nbsp;<\/td><td class=\"has-text-align-left\" data-align=\"left\">23 de fevereiro de 2023&nbsp;<\/td><td class=\"has-text-align-left\" data-align=\"left\">28 de mar\u00e7o de 2023&nbsp;<\/td><\/tr><tr><td class=\"has-text-align-left\" data-align=\"left\">8&nbsp;<\/td><td class=\"has-text-align-left\" data-align=\"left\">27 de janeiro de 2023&nbsp;<\/td><td class=\"has-text-align-left\" data-align=\"left\">24 de fevereiro de 2023&nbsp;<\/td><td class=\"has-text-align-left\" data-align=\"left\">29 de mar\u00e7o de 2023&nbsp;<\/td><\/tr><tr><td class=\"has-text-align-left\" data-align=\"left\">9&nbsp;<\/td><td class=\"has-text-align-left\" data-align=\"left\">30 de janeiro de 2023&nbsp;<\/td><td class=\"has-text-align-left\" data-align=\"left\">27 de fevereiro de 2023&nbsp;<\/td><td class=\"has-text-align-left\" data-align=\"left\">30 de mar\u00e7o de 2023&nbsp;<\/td><\/tr><tr><td class=\"has-text-align-left\" data-align=\"left\">0&nbsp;<\/td><td class=\"has-text-align-left\" data-align=\"left\">31 de janeiro de 2023&nbsp;<\/td><td class=\"has-text-align-left\" data-align=\"left\">28 de fevereiro de 2023&nbsp;<\/td><td class=\"has-text-align-left\" data-align=\"left\">31 de mar\u00e7o de 2023&nbsp;<\/td><\/tr><\/tbody><\/table><\/figure>\n\n\n\n<p><\/p>\n\n\n\n<h3 class=\"wp-block-heading\"><strong>Calend\u00e1rio do <strong>Aux\u00edlio Brasil <\/strong>Bolsa Fam\u00edlia Abril de 2023, Maio de 2023 e Junho de 2023<\/strong>&nbsp;<\/h3>\n\n\n\n<figure class=\"wp-block-table is-style-stripes\"><table><thead><tr><th class=\"has-text-align-left\" data-align=\"left\"><strong>Final do NIS<\/strong>&nbsp;<\/th><th class=\"has-text-align-left\" data-align=\"left\"><strong>Aux\u00edlio Brasil Bolsa Fam\u00edlia Abril 2023&nbsp;<\/strong>&nbsp;<\/th><th class=\"has-text-align-left\" data-align=\"left\"><strong>Aux\u00edlio Brasil Bolsa Fam\u00edlia Maio 2023<\/strong>&nbsp;<\/th><th class=\"has-text-align-left\" data-align=\"left\"><strong>Aux\u00edlio Brasil Bolsa Fam\u00edlia Junho 2023<\/strong>&nbsp;<\/th><\/tr><\/thead><tbody><tr><td class=\"has-text-align-left\" data-align=\"left\">1&nbsp;<\/td><td class=\"has-text-align-left\" data-align=\"left\">14 de abril de 2023&nbsp;<\/td><td class=\"has-text-align-left\" data-align=\"left\">18 de maio de 2023&nbsp;<\/td><td class=\"has-text-align-left\" data-align=\"left\">19 de junho de 2023&nbsp;<\/td><\/tr><tr><td class=\"has-text-align-left\" data-align=\"left\">2&nbsp;<\/td><td class=\"has-text-align-left\" data-align=\"left\">17 de abril de 2023&nbsp;<\/td><td class=\"has-text-align-left\" data-align=\"left\">19 de maio de 2023&nbsp;<\/td><td class=\"has-text-align-left\" data-align=\"left\">20 de junho de 2023&nbsp;<\/td><\/tr><tr><td class=\"has-text-align-left\" data-align=\"left\">3&nbsp;<\/td><td class=\"has-text-align-left\" data-align=\"left\">18 de abril de 2023&nbsp;<\/td><td class=\"has-text-align-left\" data-align=\"left\">22 de maio de 2023&nbsp;<\/td><td class=\"has-text-align-left\" data-align=\"left\">21 de junho de 2023&nbsp;<\/td><\/tr><tr><td class=\"has-text-align-left\" data-align=\"left\">4&nbsp;<\/td><td class=\"has-text-align-left\" data-align=\"left\">19 de abril de 2023&nbsp;<\/td><td class=\"has-text-align-left\" data-align=\"left\">23 de maio de 2023&nbsp;<\/td><td class=\"has-text-align-left\" data-align=\"left\">22 de junho de 2023&nbsp;<\/td><\/tr><tr><td class=\"has-text-align-left\" data-align=\"left\">5&nbsp;<\/td><td class=\"has-text-align-left\" data-align=\"left\">20 de abril de 2023&nbsp;<\/td><td class=\"has-text-align-left\" data-align=\"left\">24 de maio de 2023&nbsp;<\/td><td class=\"has-text-align-left\" data-align=\"left\">23 de junho de 2023&nbsp;<\/td><\/tr><tr><td class=\"has-text-align-left\" data-align=\"left\">6&nbsp;<\/td><td class=\"has-text-align-left\" data-align=\"left\">24 de abril de 2023&nbsp;<\/td><td class=\"has-text-align-left\" data-align=\"left\">25 de maio de 2023&nbsp;<\/td><td class=\"has-text-align-left\" data-align=\"left\">26 de junho de 2023&nbsp;<\/td><\/tr><tr><td class=\"has-text-align-left\" data-align=\"left\">7&nbsp;<\/td><td class=\"has-text-align-left\" data-align=\"left\">25 de abril de 2023&nbsp;<\/td><td class=\"has-text-align-left\" data-align=\"left\">26 de maio de 2023&nbsp;<\/td><td class=\"has-text-align-left\" data-align=\"left\">27 de junho de 2023&nbsp;<\/td><\/tr><tr><td class=\"has-text-align-left\" data-align=\"left\">8&nbsp;<\/td><td class=\"has-text-align-left\" data-align=\"left\">26 de abril de 2023&nbsp;<\/td><td class=\"has-text-align-left\" data-align=\"left\">29 de maio de 2023&nbsp;<\/td><td class=\"has-text-align-left\" data-align=\"left\">28 de junho de 2023&nbsp;<\/td><\/tr><tr><td class=\"has-text-align-left\" data-align=\"left\">9&nbsp;<\/td><td class=\"has-text-align-left\" data-align=\"left\">27 de abril de 2023&nbsp;<\/td><td class=\"has-text-align-left\" data-align=\"left\">30 de maio de 2023&nbsp;<\/td><td class=\"has-text-align-left\" data-align=\"left\">29 de junho de 2023&nbsp;<\/td><\/tr><tr><td class=\"has-text-align-left\" data-align=\"left\">0&nbsp;<\/td><td class=\"has-text-align-left\" data-align=\"left\">28 de abril de 2023&nbsp;<\/td><td class=\"has-text-align-left\" data-align=\"left\">31 de maio de 2023&nbsp;<\/td><td class=\"has-text-align-left\" data-align=\"left\">30 de junho de 2023&nbsp;<\/td><\/tr><\/tbody><\/table><\/figure>\n\n\n\n<div class=\"cta-btn-block\">\n  <a class=\"cta-btn\" href=\"https:\/\/app.acordocerto.com.br\/login?utm_source=blog&amp;utm_medium=acordocerto&amp;utm_term=cta-post\" target=\"_blank\">Consulte seu CPF<\/a>\n<\/div>\n\n\n\n<p><\/p>\n\n\n\n<h3 class=\"wp-block-heading\"><strong>Calend\u00e1rio do <strong><strong>Aux\u00edlio Brasil <\/strong>Bolsa Fam\u00edlia<\/strong><\/strong> <strong>Julho de 2023, Agosto de 2023 e Setembro de 2023<\/strong>&nbsp;<\/h3>\n\n\n\n<figure class=\"wp-block-table is-style-stripes\"><table><thead><tr><th class=\"has-text-align-left\" data-align=\"left\"><strong>Final do NIS<\/strong>&nbsp;<\/th><th class=\"has-text-align-left\" data-align=\"left\"><strong><strong>Aux\u00edlio Brasil Bolsa Fam\u00edlia <\/strong>Julho 2023&nbsp;<\/strong>&nbsp;<\/th><th class=\"has-text-align-left\" data-align=\"left\"><strong><strong>Aux\u00edlio Brasil Bolsa Fam\u00edlia <\/strong> Agosto 2023<\/strong>&nbsp;<\/th><th class=\"has-text-align-left\" data-align=\"left\"><strong><strong>Aux\u00edlio Brasil Bolsa Fam\u00edlia <\/strong> Setembro 2023<\/strong>&nbsp;<\/th><\/tr><\/thead><tbody><tr><td class=\"has-text-align-left\" data-align=\"left\">1&nbsp;<\/td><td class=\"has-text-align-left\" data-align=\"left\">18 de julho de 2023&nbsp;<\/td><td class=\"has-text-align-left\" data-align=\"left\">18 de agosto de 2023&nbsp;<\/td><td class=\"has-text-align-left\" data-align=\"left\">18 de setembro de 2023&nbsp;<\/td><\/tr><tr><td class=\"has-text-align-left\" data-align=\"left\">2&nbsp;<\/td><td class=\"has-text-align-left\" data-align=\"left\">19 de julho de 2023&nbsp;<\/td><td class=\"has-text-align-left\" data-align=\"left\">21 de agosto de 2023&nbsp;<\/td><td class=\"has-text-align-left\" data-align=\"left\">19 de setembro de 2023&nbsp;<\/td><\/tr><tr><td class=\"has-text-align-left\" data-align=\"left\">3&nbsp;<\/td><td class=\"has-text-align-left\" data-align=\"left\">20 de julho de 2023&nbsp;<\/td><td class=\"has-text-align-left\" data-align=\"left\">22 de agosto de 2023&nbsp;<\/td><td class=\"has-text-align-left\" data-align=\"left\">20 de setembro de 2023&nbsp;<\/td><\/tr><tr><td class=\"has-text-align-left\" data-align=\"left\">4&nbsp;<\/td><td class=\"has-text-align-left\" data-align=\"left\">21 de julho de 2023&nbsp;<\/td><td class=\"has-text-align-left\" data-align=\"left\">23 de agosto de 2023&nbsp;<\/td><td class=\"has-text-align-left\" data-align=\"left\">21 de setembro de 2023&nbsp;<\/td><\/tr><tr><td class=\"has-text-align-left\" data-align=\"left\">5&nbsp;<\/td><td class=\"has-text-align-left\" data-align=\"left\">24 de julho de 2023&nbsp;<\/td><td class=\"has-text-align-left\" data-align=\"left\">24 de agosto de 2023&nbsp;<\/td><td class=\"has-text-align-left\" data-align=\"left\">22 de setembro de 2023&nbsp;<\/td><\/tr><tr><td class=\"has-text-align-left\" data-align=\"left\">6&nbsp;<\/td><td class=\"has-text-align-left\" data-align=\"left\">25 de julho de 2023&nbsp;<\/td><td class=\"has-text-align-left\" data-align=\"left\">25 de agosto de 2023&nbsp;<\/td><td class=\"has-text-align-left\" data-align=\"left\">25 de setembro de 2023&nbsp;<\/td><\/tr><tr><td class=\"has-text-align-left\" data-align=\"left\">7&nbsp;<\/td><td class=\"has-text-align-left\" data-align=\"left\">26 de julho de 2023&nbsp;<\/td><td class=\"has-text-align-left\" data-align=\"left\">28 de agosto de 2023&nbsp;<\/td><td class=\"has-text-align-left\" data-align=\"left\">26 de setembro de 2023&nbsp;<\/td><\/tr><tr><td class=\"has-text-align-left\" data-align=\"left\">8&nbsp;<\/td><td class=\"has-text-align-left\" data-align=\"left\">27 de julho de 2023&nbsp;<\/td><td class=\"has-text-align-left\" data-align=\"left\">29 de agosto de 2023&nbsp;<\/td><td class=\"has-text-align-left\" data-align=\"left\">27 de setembro de 2023&nbsp;<\/td><\/tr><tr><td class=\"has-text-align-left\" data-align=\"left\">9&nbsp;<\/td><td class=\"has-text-align-left\" data-align=\"left\">28 de julho de 2023&nbsp;<\/td><td class=\"has-text-align-left\" data-align=\"left\">30 de agosto de 2023&nbsp;<\/td><td class=\"has-text-align-left\" data-align=\"left\">28 de setembro de 2023&nbsp;<\/td><\/tr><tr><td class=\"has-text-align-left\" data-align=\"left\">0&nbsp;<\/td><td class=\"has-text-align-left\" data-align=\"left\">31 de julho de 2023&nbsp;<\/td><td class=\"has-text-align-left\" data-align=\"left\">31 de agosto de 2023&nbsp;<\/td><td class=\"has-text-align-left\" data-align=\"left\">29 de setembro de 2023&nbsp;<\/td><\/tr><\/tbody><\/table><\/figure>\n\n\n\n<h3 class=\"wp-block-heading\"><strong>Calend\u00e1rio do <strong><strong>Aux\u00edlio Brasil <\/strong>Bolsa Fam\u00edlia<\/strong> Outubro de 2023, Novembro de 2023 e Dezembro de 2023<\/strong>&nbsp;<\/h3>\n\n\n\n<figure class=\"wp-block-table is-style-stripes\"><table><thead><tr><th class=\"has-text-align-left\" data-align=\"left\"><strong>Final do NIS<\/strong>&nbsp;<\/th><th class=\"has-text-align-left\" data-align=\"left\"><strong><strong>Aux\u00edlio Brasil Bolsa Fam\u00edlia <\/strong> Outubro 2023&nbsp;<\/strong>&nbsp;<\/th><th class=\"has-text-align-left\" data-align=\"left\"><strong><strong>Aux\u00edlio Brasil Bolsa Fam\u00edlia <\/strong> Novembro 2023<\/strong>&nbsp;<\/th><th class=\"has-text-align-left\" data-align=\"left\"><strong><strong>Aux\u00edlio Brasil Bolsa Fam\u00edlia <\/strong> Dezembro 2023<\/strong>&nbsp;<\/th><\/tr><\/thead><tbody><tr><td class=\"has-text-align-left\" data-align=\"left\">1&nbsp;<\/td><td class=\"has-text-align-left\" data-align=\"left\">18 de outubro de 2023&nbsp;<\/td><td class=\"has-text-align-left\" data-align=\"left\">17 de novembro de 2023&nbsp;<\/td><td class=\"has-text-align-left\" data-align=\"left\">11 de dezembro de 2023&nbsp;<\/td><\/tr><tr><td class=\"has-text-align-left\" data-align=\"left\">2&nbsp;<\/td><td class=\"has-text-align-left\" data-align=\"left\">19 de outubro de 2023&nbsp;<\/td><td class=\"has-text-align-left\" data-align=\"left\">20 de novembro de 2023&nbsp;<\/td><td class=\"has-text-align-left\" data-align=\"left\">12 de dezembro de 2023&nbsp;<\/td><\/tr><tr><td class=\"has-text-align-left\" data-align=\"left\">3&nbsp;<\/td><td class=\"has-text-align-left\" data-align=\"left\">20 de outubro de 2023&nbsp;<\/td><td class=\"has-text-align-left\" data-align=\"left\">21 de novembro de 2023&nbsp;<\/td><td class=\"has-text-align-left\" data-align=\"left\">13 de dezembro de 2023&nbsp;<\/td><\/tr><tr><td class=\"has-text-align-left\" data-align=\"left\">4&nbsp;<\/td><td class=\"has-text-align-left\" data-align=\"left\">23 de outubro de 2023&nbsp;<\/td><td class=\"has-text-align-left\" data-align=\"left\">22 de novembro de 2023&nbsp;<\/td><td class=\"has-text-align-left\" data-align=\"left\">14 de dezembro de 2023&nbsp;<\/td><\/tr><tr><td class=\"has-text-align-left\" data-align=\"left\">5&nbsp;<\/td><td class=\"has-text-align-left\" data-align=\"left\">24 de outubro de 2023&nbsp;<\/td><td class=\"has-text-align-left\" data-align=\"left\">23 de novembro de 2023&nbsp;<\/td><td class=\"has-text-align-left\" data-align=\"left\">15 de dezembro de 2023&nbsp;<\/td><\/tr><tr><td class=\"has-text-align-left\" data-align=\"left\">6&nbsp;<\/td><td class=\"has-text-align-left\" data-align=\"left\">25 de outubro de 2023&nbsp;<\/td><td class=\"has-text-align-left\" data-align=\"left\">24 de novembro de 2023&nbsp;<\/td><td class=\"has-text-align-left\" data-align=\"left\">18 de dezembro de 2023&nbsp;<\/td><\/tr><tr><td class=\"has-text-align-left\" data-align=\"left\">7&nbsp;<\/td><td class=\"has-text-align-left\" data-align=\"left\">26 de outubro de 2023&nbsp;<\/td><td class=\"has-text-align-left\" data-align=\"left\">27 de novembro de 2023&nbsp;<\/td><td class=\"has-text-align-left\" data-align=\"left\">19 de dezembro de 2023&nbsp;<\/td><\/tr><tr><td class=\"has-text-align-left\" data-align=\"left\">8&nbsp;<\/td><td class=\"has-text-align-left\" data-align=\"left\">27 de outubro de 2023&nbsp;<\/td><td class=\"has-text-align-left\" data-align=\"left\">28 de novembro de 2023&nbsp;<\/td><td class=\"has-text-align-left\" data-align=\"left\">20 de dezembro de 2023&nbsp;<\/td><\/tr><tr><td class=\"has-text-align-left\" data-align=\"left\">9&nbsp;<\/td><td class=\"has-text-align-left\" data-align=\"left\">30 de outubro de 2023&nbsp;<\/td><td class=\"has-text-align-left\" data-align=\"left\">29 de novembro de 2023&nbsp;<\/td><td class=\"has-text-align-left\" data-align=\"left\">21 de dezembro de 2023&nbsp;<\/td><\/tr><tr><td class=\"has-text-align-left\" data-align=\"left\">0&nbsp;<\/td><td class=\"has-text-align-left\" data-align=\"left\">31 de outubro de 2023&nbsp;<\/td><td class=\"has-text-align-left\" data-align=\"left\">30 de novembro de 2023&nbsp;<\/td><td class=\"has-text-align-left\" data-align=\"left\">22 de dezembro de 2023&nbsp;<\/td><\/tr><\/tbody><\/table><\/figure>\n\n\n\n<h2 class=\"wp-block-heading\"><strong>Calend\u00e1rio do Aux\u00edlio Brasil 2022<\/strong><\/h2>\n\n\n\n<p>Os pagamentos do Aux\u00edlio Brasil come\u00e7aram a ser feitos em 18 de janeiro de 2022 e, assim como no Bolsa Fam\u00edlia, o calend\u00e1rio de pagamentos ser\u00e1 de acordo com o d\u00edgito final do N\u00famero de Identifica\u00e7\u00e3o Social (NIS).<\/p>\n\n\n\n<p>Confira abaixo o calend\u00e1rio completo:<\/p>\n\n\n\n<p> <strong>Calend\u00e1rio Aux\u00edlio Brasil 2022 \u2013 Janeiro<\/strong><\/p>\n\n\n\n<figure class=\"wp-block-table is-style-stripes\"><table><thead><tr><th class=\"has-text-align-left\" data-align=\"left\"><strong>Final do NIS<\/strong><\/th><th class=\"has-text-align-left\" data-align=\"left\"><strong>Data de recebimento<\/strong><\/th><\/tr><\/thead><tbody><tr><td class=\"has-text-align-left\" data-align=\"left\">NIS 1<\/td><td class=\"has-text-align-left\" data-align=\"left\">18 de janeiro de 2022<\/td><\/tr><tr><td class=\"has-text-align-left\" data-align=\"left\">NIS 2<\/td><td class=\"has-text-align-left\" data-align=\"left\">19 de janeiro de 2022<\/td><\/tr><tr><td class=\"has-text-align-left\" data-align=\"left\">NIS 3<\/td><td class=\"has-text-align-left\" data-align=\"left\"> 20 de janeiro de 2022 <\/td><\/tr><tr><td class=\"has-text-align-left\" data-align=\"left\">NIS 4<\/td><td class=\"has-text-align-left\" data-align=\"left\"> 21 de janeiro de 2022 <\/td><\/tr><tr><td class=\"has-text-align-left\" data-align=\"left\">NIS 5<\/td><td class=\"has-text-align-left\" data-align=\"left\"> 24 de janeiro de 2022 <\/td><\/tr><tr><td class=\"has-text-align-left\" data-align=\"left\">NIS 6 <\/td><td class=\"has-text-align-left\" data-align=\"left\"> 25 de janeiro de 2022 <\/td><\/tr><tr><td class=\"has-text-align-left\" data-align=\"left\">NIS 7 <\/td><td class=\"has-text-align-left\" data-align=\"left\"> 26 de janeiro de 2022 <\/td><\/tr><tr><td class=\"has-text-align-left\" data-align=\"left\">NIS 8 <\/td><td class=\"has-text-align-left\" data-align=\"left\"> 27 de janeiro de 2022 <\/td><\/tr><tr><td class=\"has-text-align-left\" data-align=\"left\">NIS 9 <\/td><td class=\"has-text-align-left\" data-align=\"left\"> 28 de janeiro de 2022 <\/td><\/tr><tr><td class=\"has-text-align-left\" data-align=\"left\">NIS 0 <\/td><td class=\"has-text-align-left\" data-align=\"left\"> 31 de janeiro de 2022 <\/td><\/tr><\/tbody><\/table><figcaption class=\"wp-element-caption\"> Calend\u00e1rio Aux\u00edlio Brasil 2022 \u2013 janeiro<\/figcaption><\/figure>\n\n\n\n<p><strong>Calend\u00e1rio Aux\u00edlio Brasil 2022 \u2013 Fevereiro<\/strong><\/p>\n\n\n\n<figure class=\"wp-block-table is-style-stripes\"><table><thead><tr><th class=\"has-text-align-left\" data-align=\"left\"> <strong>Final do NIS<\/strong> <\/th><th class=\"has-text-align-left\" data-align=\"left\"> <strong>Data de recebimento<\/strong> <\/th><\/tr><\/thead><tbody><tr><td class=\"has-text-align-left\" data-align=\"left\">NIS 1<\/td><td class=\"has-text-align-left\" data-align=\"left\">14 de fevereiro de 2022<\/td><\/tr><tr><td class=\"has-text-align-left\" data-align=\"left\">NIS 2<\/td><td class=\"has-text-align-left\" data-align=\"left\"> 15 de fevereiro de 2022 <\/td><\/tr><tr><td class=\"has-text-align-left\" data-align=\"left\">NIS 3<\/td><td class=\"has-text-align-left\" data-align=\"left\"> 16 de fevereiro de 2022 <\/td><\/tr><tr><td class=\"has-text-align-left\" data-align=\"left\">NIS 4<\/td><td class=\"has-text-align-left\" data-align=\"left\"> 17 de fevereiro de 2022 <\/td><\/tr><tr><td class=\"has-text-align-left\" data-align=\"left\">NIS 5<\/td><td class=\"has-text-align-left\" data-align=\"left\"> 18 de fevereiro de 2022 <\/td><\/tr><tr><td class=\"has-text-align-left\" data-align=\"left\">NIS 6<\/td><td class=\"has-text-align-left\" data-align=\"left\"> 21 de fevereiro de 2022  <\/td><\/tr><tr><td class=\"has-text-align-left\" data-align=\"left\">NIS 7<\/td><td class=\"has-text-align-left\" data-align=\"left\"> 22 de fevereiro de 2022  <\/td><\/tr><tr><td class=\"has-text-align-left\" data-align=\"left\">NIS 8<\/td><td class=\"has-text-align-left\" data-align=\"left\"> 23 de fevereiro de 2022  <\/td><\/tr><tr><td class=\"has-text-align-left\" data-align=\"left\">NIS 9<\/td><td class=\"has-text-align-left\" data-align=\"left\"> 24 de fevereiro de 2022  <\/td><\/tr><tr><td class=\"has-text-align-left\" data-align=\"left\"> NIS 0  <\/td><td class=\"has-text-align-left\" data-align=\"left\"> 25 de fevereiro de 2022  <\/td><\/tr><\/tbody><\/table><figcaption class=\"wp-element-caption\"><strong> Calend\u00e1rio Aux\u00edlio Brasil 2022 \u2013 fevereiro <\/strong><\/figcaption><\/figure>\n\n\n\n<div class=\"cta-btn-block\">\n  <a class=\"cta-btn\" href=\"https:\/\/app.acordocerto.com.br\/login?utm_source=blog&amp;utm_medium=acordocerto&amp;utm_term=cta-post\" target=\"_blank\">Consulte seu CPF<\/a>\n<\/div>\n\n\n\n<p><\/p>\n\n\n\n<p><strong>Calend\u00e1rio Aux\u00edlio Brasil 2022 \u2013 Mar\u00e7o<\/strong><\/p>\n\n\n\n<figure class=\"wp-block-table is-style-stripes\"><table><thead><tr><th class=\"has-text-align-left\" data-align=\"left\"><strong>Final do NIS<\/strong><\/th><th class=\"has-text-align-left\" data-align=\"left\"><strong>Data de recebimento<\/strong><\/th><\/tr><\/thead><tbody><tr><td class=\"has-text-align-left\" data-align=\"left\">NIS 1<\/td><td class=\"has-text-align-left\" data-align=\"left\">18 de mar\u00e7o de 2022<\/td><\/tr><tr><td class=\"has-text-align-left\" data-align=\"left\">NIS 2<\/td><td class=\"has-text-align-left\" data-align=\"left\"> 21 de mar\u00e7o de 2022 <\/td><\/tr><tr><td class=\"has-text-align-left\" data-align=\"left\">NIS 3<\/td><td class=\"has-text-align-left\" data-align=\"left\"> 22 de mar\u00e7o de 2022 <\/td><\/tr><tr><td class=\"has-text-align-left\" data-align=\"left\">NIS 4<\/td><td class=\"has-text-align-left\" data-align=\"left\"> 23 de mar\u00e7o de 2022 <\/td><\/tr><tr><td class=\"has-text-align-left\" data-align=\"left\">NIS 5<\/td><td class=\"has-text-align-left\" data-align=\"left\"> 24 de mar\u00e7o de 2022 <\/td><\/tr><tr><td class=\"has-text-align-left\" data-align=\"left\">NIS 6 <\/td><td class=\"has-text-align-left\" data-align=\"left\"> 25 de mar\u00e7o de 2022 <\/td><\/tr><tr><td class=\"has-text-align-left\" data-align=\"left\">NIS 7 <\/td><td class=\"has-text-align-left\" data-align=\"left\"> 28 de mar\u00e7o de 2022 <\/td><\/tr><tr><td class=\"has-text-align-left\" data-align=\"left\">NIS 8 <\/td><td class=\"has-text-align-left\" data-align=\"left\"> 29 de mar\u00e7o de 2022 <\/td><\/tr><tr><td class=\"has-text-align-left\" data-align=\"left\">NIS 9 <\/td><td class=\"has-text-align-left\" data-align=\"left\"> 30 de mar\u00e7o de 2022 <\/td><\/tr><tr><td class=\"has-text-align-left\" data-align=\"left\"> NIS 0  <\/td><td class=\"has-text-align-left\" data-align=\"left\"> 31 de mar\u00e7o de 2022 <\/td><\/tr><\/tbody><\/table><figcaption class=\"wp-element-caption\"> Calend\u00e1rio Aux\u00edlio Brasil 2022 \u2013 mar\u00e7o<\/figcaption><\/figure>\n\n\n\n<p> <strong>Calend\u00e1rio Aux\u00edlio Brasil 2022 \u2013 Abril<\/strong><\/p>\n\n\n\n<figure class=\"wp-block-table is-style-stripes\"><table><thead><tr><th class=\"has-text-align-left\" data-align=\"left\"><strong>Final do NIS<\/strong><\/th><th class=\"has-text-align-left\" data-align=\"left\"><strong>Data de recebimento<\/strong><\/th><\/tr><\/thead><tbody><tr><td class=\"has-text-align-left\" data-align=\"left\">NIS 1<\/td><td class=\"has-text-align-left\" data-align=\"left\">14 de abril de 2022<\/td><\/tr><tr><td class=\"has-text-align-left\" data-align=\"left\">NIS 2<\/td><td class=\"has-text-align-left\" data-align=\"left\"> 18 de abril de 2022 <\/td><\/tr><tr><td class=\"has-text-align-left\" data-align=\"left\">NIS 3<\/td><td class=\"has-text-align-left\" data-align=\"left\"> 19 de abril de 2022 <\/td><\/tr><tr><td class=\"has-text-align-left\" data-align=\"left\">NIS 4<\/td><td class=\"has-text-align-left\" data-align=\"left\"> 20 de abril de 2022 <\/td><\/tr><tr><td class=\"has-text-align-left\" data-align=\"left\">NIS 5<\/td><td class=\"has-text-align-left\" data-align=\"left\"> 22 de abril de 2022 <\/td><\/tr><tr><td class=\"has-text-align-left\" data-align=\"left\">NIS 6 <\/td><td class=\"has-text-align-left\" data-align=\"left\"> 25 de abril de 2022 <\/td><\/tr><tr><td class=\"has-text-align-left\" data-align=\"left\">NIS 7 <\/td><td class=\"has-text-align-left\" data-align=\"left\"> 26 de abril de 2022 <\/td><\/tr><tr><td class=\"has-text-align-left\" data-align=\"left\">NIS 8 <\/td><td class=\"has-text-align-left\" data-align=\"left\"> 27 de abril de 2022 <\/td><\/tr><tr><td class=\"has-text-align-left\" data-align=\"left\">NIS 9 <\/td><td class=\"has-text-align-left\" data-align=\"left\"> 28 de abril de 2022 <\/td><\/tr><tr><td class=\"has-text-align-left\" data-align=\"left\"> NIS 0  <\/td><td class=\"has-text-align-left\" data-align=\"left\"> 29 de abril de 2022 <\/td><\/tr><\/tbody><\/table><figcaption class=\"wp-element-caption\"> Calend\u00e1rio Aux\u00edlio Brasil 2022 \u2013 abril<\/figcaption><\/figure>\n\n\n\n<p> <strong>Calend\u00e1rio Aux\u00edlio Brasil 2022 \u2013 Maio <\/strong><\/p>\n\n\n\n<figure class=\"wp-block-table is-style-stripes\"><table><thead><tr><th class=\"has-text-align-left\" data-align=\"left\"><strong>Final do NIS<\/strong><\/th><th class=\"has-text-align-left\" data-align=\"left\"><strong>Data de recebimento<\/strong><\/th><\/tr><\/thead><tbody><tr><td class=\"has-text-align-left\" data-align=\"left\">NIS 1<\/td><td class=\"has-text-align-left\" data-align=\"left\">18 de maio de 2022<\/td><\/tr><tr><td class=\"has-text-align-left\" data-align=\"left\">NIS 2<\/td><td class=\"has-text-align-left\" data-align=\"left\">19 de maio de 2022<\/td><\/tr><tr><td class=\"has-text-align-left\" data-align=\"left\">NIS 3<\/td><td class=\"has-text-align-left\" data-align=\"left\">  20 de maio de 2022  <\/td><\/tr><tr><td class=\"has-text-align-left\" data-align=\"left\">NIS 4<\/td><td class=\"has-text-align-left\" data-align=\"left\">  23 de maio de 2022  <\/td><\/tr><tr><td class=\"has-text-align-left\" data-align=\"left\">NIS 5<\/td><td class=\"has-text-align-left\" data-align=\"left\">  24 de maio de 2022  <\/td><\/tr><tr><td class=\"has-text-align-left\" data-align=\"left\">NIS 6 <\/td><td class=\"has-text-align-left\" data-align=\"left\">  25 de maio de 2022  <\/td><\/tr><tr><td class=\"has-text-align-left\" data-align=\"left\">NIS 7 <\/td><td class=\"has-text-align-left\" data-align=\"left\">  26 de maio de 2022  <\/td><\/tr><tr><td class=\"has-text-align-left\" data-align=\"left\">NIS 8 <\/td><td class=\"has-text-align-left\" data-align=\"left\">  27 de maio de 2022  <\/td><\/tr><tr><td class=\"has-text-align-left\" data-align=\"left\">NIS 9 <\/td><td class=\"has-text-align-left\" data-align=\"left\">   30 de maio de 2022   <\/td><\/tr><tr><td class=\"has-text-align-left\" data-align=\"left\"> NIS 0  <\/td><td class=\"has-text-align-left\" data-align=\"left\"> 31 de maio de 2022  <\/td><\/tr><\/tbody><\/table><figcaption class=\"wp-element-caption\"> Calend\u00e1rio Aux\u00edlio Brasil 2022 \u2013 maio<\/figcaption><\/figure>\n\n\n\n<div class=\"cta-btn-block\">\n  <a class=\"cta-btn\" href=\"https:\/\/app.acordocerto.com.br\/login?utm_source=blog&amp;utm_medium=acordocerto&amp;utm_term=cta-post\" target=\"_blank\">Consulte seu CPF<\/a>\n<\/div>\n\n\n\n<p><strong>Calend\u00e1rio Aux\u00edlio Brasil 2022 \u2013 Junho <\/strong><\/p>\n\n\n\n<figure class=\"wp-block-table is-style-stripes\"><table><thead><tr><th class=\"has-text-align-left\" data-align=\"left\"><strong>Final do NIS<\/strong><\/th><th class=\"has-text-align-left\" data-align=\"left\"><strong>Data de recebimento<\/strong><\/th><\/tr><\/thead><tbody><tr><td class=\"has-text-align-left\" data-align=\"left\">NIS 1<\/td><td class=\"has-text-align-left\" data-align=\"left\">17 de junho de 2022<\/td><\/tr><tr><td class=\"has-text-align-left\" data-align=\"left\">NIS 2<\/td><td class=\"has-text-align-left\" data-align=\"left\">20 de junho de 2022 <\/td><\/tr><tr><td class=\"has-text-align-left\" data-align=\"left\">NIS 3<\/td><td class=\"has-text-align-left\" data-align=\"left\"> 21 de junho de 2022 <\/td><\/tr><tr><td class=\"has-text-align-left\" data-align=\"left\">NIS 4<\/td><td class=\"has-text-align-left\" data-align=\"left\"> 22 de junho de 2022 <\/td><\/tr><tr><td class=\"has-text-align-left\" data-align=\"left\">NIS 5<\/td><td class=\"has-text-align-left\" data-align=\"left\"> 23 de junho de 2022 <\/td><\/tr><tr><td class=\"has-text-align-left\" data-align=\"left\">NIS 6 <\/td><td class=\"has-text-align-left\" data-align=\"left\"> 24 de junho de 2022 <\/td><\/tr><tr><td class=\"has-text-align-left\" data-align=\"left\">NIS 7 <\/td><td class=\"has-text-align-left\" data-align=\"left\"> 27 de junho de 2022 <\/td><\/tr><tr><td class=\"has-text-align-left\" data-align=\"left\">NIS 8 <\/td><td class=\"has-text-align-left\" data-align=\"left\"> 28 de junho de 2022 <\/td><\/tr><tr><td class=\"has-text-align-left\" data-align=\"left\">NIS 9 <\/td><td class=\"has-text-align-left\" data-align=\"left\">29 de junho de 2022<\/td><\/tr><tr><td class=\"has-text-align-left\" data-align=\"left\"> NIS 0  <\/td><td class=\"has-text-align-left\" data-align=\"left\"> 30 de junho de 2022 <\/td><\/tr><\/tbody><\/table><figcaption class=\"wp-element-caption\"> Calend\u00e1rio Aux\u00edlio Brasil 2022 \u2013 junho<\/figcaption><\/figure>\n\n\n\n<p><strong>Calend\u00e1rio Aux\u00edlio Brasil 2022 \u2013 Julho<\/strong><\/p>\n\n\n\n<figure class=\"wp-block-table is-style-stripes\"><table><thead><tr><th class=\"has-text-align-left\" data-align=\"left\"><strong>Final do NIS<\/strong><\/th><th class=\"has-text-align-left\" data-align=\"left\"><strong>Data de recebimento<\/strong><\/th><\/tr><\/thead><tbody><tr><td class=\"has-text-align-left\" data-align=\"left\">NIS 1<\/td><td class=\"has-text-align-left\" data-align=\"left\">18 de julho de 2022<\/td><\/tr><tr><td class=\"has-text-align-left\" data-align=\"left\">NIS 2<\/td><td class=\"has-text-align-left\" data-align=\"left\">19 de  julho de 2022 <\/td><\/tr><tr><td class=\"has-text-align-left\" data-align=\"left\">NIS 3<\/td><td class=\"has-text-align-left\" data-align=\"left\"> 20 de julho de 2022 <\/td><\/tr><tr><td class=\"has-text-align-left\" data-align=\"left\">NIS 4<\/td><td class=\"has-text-align-left\" data-align=\"left\"> 21 de julho de 2022 <\/td><\/tr><tr><td class=\"has-text-align-left\" data-align=\"left\">NIS 5<\/td><td class=\"has-text-align-left\" data-align=\"left\"> 22 de julho de 2022 <\/td><\/tr><tr><td class=\"has-text-align-left\" data-align=\"left\">NIS 6 <\/td><td class=\"has-text-align-left\" data-align=\"left\"> 25 de julho de 2022 <\/td><\/tr><tr><td class=\"has-text-align-left\" data-align=\"left\">NIS 7 <\/td><td class=\"has-text-align-left\" data-align=\"left\"> 26 de julho de 2022 <\/td><\/tr><tr><td class=\"has-text-align-left\" data-align=\"left\">NIS 8 <\/td><td class=\"has-text-align-left\" data-align=\"left\"> 27 de julho de 2022 <\/td><\/tr><tr><td class=\"has-text-align-left\" data-align=\"left\">NIS 9 <\/td><td class=\"has-text-align-left\" data-align=\"left\">28 de julho de 2022<\/td><\/tr><tr><td class=\"has-text-align-left\" data-align=\"left\"> NIS 0  <\/td><td class=\"has-text-align-left\" data-align=\"left\"> 29 de julho de 2022 <\/td><\/tr><\/tbody><\/table><figcaption class=\"wp-element-caption\"> Calend\u00e1rio Aux\u00edlio Brasil 2022 \u2013 julho<\/figcaption><\/figure>\n\n\n\n<p><\/p>\n\n\n\n<p><strong>Calend\u00e1rio Aux\u00edlio Brasil 2022 \u2013 Agosto<\/strong><\/p>\n\n\n\n<figure class=\"wp-block-table is-style-stripes\"><table><thead><tr><th class=\"has-text-align-left\" data-align=\"left\"><strong>Final do NIS<\/strong><\/th><th class=\"has-text-align-left\" data-align=\"left\"><strong>Data de recebimento<\/strong><\/th><\/tr><\/thead><tbody><tr><td class=\"has-text-align-left\" data-align=\"left\">NIS 1<\/td><td class=\"has-text-align-left\" data-align=\"left\">18 de agosto de 2022<\/td><\/tr><tr><td class=\"has-text-align-left\" data-align=\"left\">NIS 2<\/td><td class=\"has-text-align-left\" data-align=\"left\">19 de agosto de 2022 <\/td><\/tr><tr><td class=\"has-text-align-left\" data-align=\"left\">NIS 3<\/td><td class=\"has-text-align-left\" data-align=\"left\"> 22 de agosto de 2022 <\/td><\/tr><tr><td class=\"has-text-align-left\" data-align=\"left\">NIS 4<\/td><td class=\"has-text-align-left\" data-align=\"left\"> 23 de agosto de 2022 <\/td><\/tr><tr><td class=\"has-text-align-left\" data-align=\"left\">NIS 5<\/td><td class=\"has-text-align-left\" data-align=\"left\"> 24 de agosto de 2022 <\/td><\/tr><tr><td class=\"has-text-align-left\" data-align=\"left\">NIS 6 <\/td><td class=\"has-text-align-left\" data-align=\"left\"> 25 de agosto de 2022 <\/td><\/tr><tr><td class=\"has-text-align-left\" data-align=\"left\">NIS 7 <\/td><td class=\"has-text-align-left\" data-align=\"left\"> 26 de agosto de 2022 <\/td><\/tr><tr><td class=\"has-text-align-left\" data-align=\"left\">NIS 8 <\/td><td class=\"has-text-align-left\" data-align=\"left\"> 29 de agosto de 2022 <\/td><\/tr><tr><td class=\"has-text-align-left\" data-align=\"left\">NIS 9 <\/td><td class=\"has-text-align-left\" data-align=\"left\">30 de agosto de 2022<\/td><\/tr><tr><td class=\"has-text-align-left\" data-align=\"left\"> NIS 0  <\/td><td class=\"has-text-align-left\" data-align=\"left\"> 31 de agosto de 2022 <\/td><\/tr><\/tbody><\/table><figcaption class=\"wp-element-caption\"> Calend\u00e1rio Aux\u00edlio Brasil 2022 \u2013 agosto<\/figcaption><\/figure>\n\n\n\n<div class=\"cta-btn-block\">\n  <a class=\"cta-btn\" href=\"https:\/\/app.acordocerto.com.br\/login?utm_source=blog&amp;utm_medium=acordocerto&amp;utm_term=cta-post\" target=\"_blank\">Consulte seu CPF<\/a>\n<\/div>\n\n\n\n<p><strong>Calend\u00e1rio Aux\u00edlio Brasil 2022 \u2013 Setembro<\/strong><\/p>\n\n\n\n<figure class=\"wp-block-table is-style-stripes\"><table><thead><tr><th class=\"has-text-align-left\" data-align=\"left\"><strong>Final do NIS<\/strong><\/th><th class=\"has-text-align-left\" data-align=\"left\"><strong>Data de recebimento<\/strong><\/th><\/tr><\/thead><tbody><tr><td class=\"has-text-align-left\" data-align=\"left\">NIS 1<\/td><td class=\"has-text-align-left\" data-align=\"left\">19 de setembro de 2022<\/td><\/tr><tr><td class=\"has-text-align-left\" data-align=\"left\">NIS 2<\/td><td class=\"has-text-align-left\" data-align=\"left\">20 de setembro de 2022 <\/td><\/tr><tr><td class=\"has-text-align-left\" data-align=\"left\">NIS 3<\/td><td class=\"has-text-align-left\" data-align=\"left\"> 21 de setembro de 2022 <\/td><\/tr><tr><td class=\"has-text-align-left\" data-align=\"left\">NIS 4<\/td><td class=\"has-text-align-left\" data-align=\"left\"> 22 de setembro de 2022 <\/td><\/tr><tr><td class=\"has-text-align-left\" data-align=\"left\">NIS 5<\/td><td class=\"has-text-align-left\" data-align=\"left\"> 23 de setembro de 2022 <\/td><\/tr><tr><td class=\"has-text-align-left\" data-align=\"left\">NIS 6 <\/td><td class=\"has-text-align-left\" data-align=\"left\"> 26 de setembro de 2022 <\/td><\/tr><tr><td class=\"has-text-align-left\" data-align=\"left\">NIS 7 <\/td><td class=\"has-text-align-left\" data-align=\"left\"> 27 de setembro de 2022 <\/td><\/tr><tr><td class=\"has-text-align-left\" data-align=\"left\">NIS 8 <\/td><td class=\"has-text-align-left\" data-align=\"left\"> 28 de setembro de 2022 <\/td><\/tr><tr><td class=\"has-text-align-left\" data-align=\"left\">NIS 9 <\/td><td class=\"has-text-align-left\" data-align=\"left\">29 de setembro de 2022<\/td><\/tr><tr><td class=\"has-text-align-left\" data-align=\"left\"> NIS 0  <\/td><td class=\"has-text-align-left\" data-align=\"left\"> 30 de setembro de 2022 <\/td><\/tr><\/tbody><\/table><figcaption class=\"wp-element-caption\"> Calend\u00e1rio Aux\u00edlio Brasil 2022 \u2013 setembro<\/figcaption><\/figure>\n\n\n\n<p><\/p>\n\n\n\n<p><strong>Calend\u00e1rio Aux\u00edlio Brasil 2022 \u2013 Outubro<\/strong><\/p>\n\n\n\n<figure class=\"wp-block-table is-style-stripes\"><table><thead><tr><th class=\"has-text-align-left\" data-align=\"left\"><strong>Final do NIS<\/strong><\/th><th class=\"has-text-align-left\" data-align=\"left\"><strong>Data de recebimento<\/strong><\/th><\/tr><\/thead><tbody><tr><td class=\"has-text-align-left\" data-align=\"left\">NIS 1<\/td><td class=\"has-text-align-left\" data-align=\"left\">18 de outubro de 2022<\/td><\/tr><tr><td class=\"has-text-align-left\" data-align=\"left\">NIS 2<\/td><td class=\"has-text-align-left\" data-align=\"left\">19 de outubro de 2022 <\/td><\/tr><tr><td class=\"has-text-align-left\" data-align=\"left\">NIS 3<\/td><td class=\"has-text-align-left\" data-align=\"left\"> 20 de outubro de 2022 <\/td><\/tr><tr><td class=\"has-text-align-left\" data-align=\"left\">NIS 4<\/td><td class=\"has-text-align-left\" data-align=\"left\"> 21 de outubro de 2022 <\/td><\/tr><tr><td class=\"has-text-align-left\" data-align=\"left\">NIS 5<\/td><td class=\"has-text-align-left\" data-align=\"left\"> 24 de outubro de 2022 <\/td><\/tr><tr><td class=\"has-text-align-left\" data-align=\"left\">NIS 6 <\/td><td class=\"has-text-align-left\" data-align=\"left\"> 25 de outubro de 2022 <\/td><\/tr><tr><td class=\"has-text-align-left\" data-align=\"left\">NIS 7 <\/td><td class=\"has-text-align-left\" data-align=\"left\"> 26 de outubro de 2022 <\/td><\/tr><tr><td class=\"has-text-align-left\" data-align=\"left\">NIS 8 <\/td><td class=\"has-text-align-left\" data-align=\"left\"> 27 de outubro de 2022 <\/td><\/tr><tr><td class=\"has-text-align-left\" data-align=\"left\">NIS 9 <\/td><td class=\"has-text-align-left\" data-align=\"left\">28 de outubro de 2022<\/td><\/tr><tr><td class=\"has-text-align-left\" data-align=\"left\"> NIS 0  <\/td><td class=\"has-text-align-left\" data-align=\"left\"> 31 de outubro de 2022 <\/td><\/tr><\/tbody><\/table><figcaption class=\"wp-element-caption\"> Calend\u00e1rio Aux\u00edlio Brasil 2022 \u2013 outubro<\/figcaption><\/figure>\n\n\n\n<p><\/p>\n\n\n\n<p><strong>Calend\u00e1rio Aux\u00edlio Brasil 2022 \u2013 Novembro<\/strong><\/p>\n\n\n\n<figure class=\"wp-block-table is-style-stripes\"><table><thead><tr><th class=\"has-text-align-left\" data-align=\"left\"><strong>Final do NIS<\/strong><\/th><th class=\"has-text-align-left\" data-align=\"left\"><strong>Data de recebimento<\/strong><\/th><\/tr><\/thead><tbody><tr><td class=\"has-text-align-left\" data-align=\"left\">NIS 1<\/td><td class=\"has-text-align-left\" data-align=\"left\">17 de novembro de 2022<\/td><\/tr><tr><td class=\"has-text-align-left\" data-align=\"left\">NIS 2<\/td><td class=\"has-text-align-left\" data-align=\"left\">18 de novembro de 2022 <\/td><\/tr><tr><td class=\"has-text-align-left\" data-align=\"left\">NIS 3<\/td><td class=\"has-text-align-left\" data-align=\"left\">21 de novembro de 2022 <\/td><\/tr><tr><td class=\"has-text-align-left\" data-align=\"left\">NIS 4<\/td><td class=\"has-text-align-left\" data-align=\"left\">22 de novembro de 2022 <\/td><\/tr><tr><td class=\"has-text-align-left\" data-align=\"left\">NIS 5<\/td><td class=\"has-text-align-left\" data-align=\"left\">23 de novembro de 2022 <\/td><\/tr><tr><td class=\"has-text-align-left\" data-align=\"left\">NIS 6 <\/td><td class=\"has-text-align-left\" data-align=\"left\">24 de novembro de 2022 <\/td><\/tr><tr><td class=\"has-text-align-left\" data-align=\"left\">NIS 7 <\/td><td class=\"has-text-align-left\" data-align=\"left\">25 de novembro de 2022 <\/td><\/tr><tr><td class=\"has-text-align-left\" data-align=\"left\">NIS 8 <\/td><td class=\"has-text-align-left\" data-align=\"left\">28 de novembro de 2022 <\/td><\/tr><tr><td class=\"has-text-align-left\" data-align=\"left\">NIS 9 <\/td><td class=\"has-text-align-left\" data-align=\"left\">29 de novembro de 2022<\/td><\/tr><tr><td class=\"has-text-align-left\" data-align=\"left\"> NIS 0  <\/td><td class=\"has-text-align-left\" data-align=\"left\"> 30 de novembro de 2022 <\/td><\/tr><\/tbody><\/table><figcaption class=\"wp-element-caption\"> Calend\u00e1rio Aux\u00edlio Brasil 2022 \u2013 novembro <\/figcaption><\/figure>\n\n\n\n<p><\/p>\n\n\n\n<p><strong>Calend\u00e1rio Aux\u00edlio Brasil 2022 \u2013 Dezembro<\/strong><\/p>\n\n\n\n<figure class=\"wp-block-table is-style-stripes\"><table><thead><tr><th class=\"has-text-align-left\" data-align=\"left\"><strong>Final do NIS<\/strong><\/th><th class=\"has-text-align-left\" data-align=\"left\"><strong>Data de recebimento<\/strong><\/th><\/tr><\/thead><tbody><tr><td class=\"has-text-align-left\" data-align=\"left\">NIS 1<\/td><td class=\"has-text-align-left\" data-align=\"left\">12 de dezembro de 2022<\/td><\/tr><tr><td class=\"has-text-align-left\" data-align=\"left\">NIS 2<\/td><td class=\"has-text-align-left\" data-align=\"left\">13 de dezembro de 2022<\/td><\/tr><tr><td class=\"has-text-align-left\" data-align=\"left\">NIS 3<\/td><td class=\"has-text-align-left\" data-align=\"left\">14 de dezembro de 2022<\/td><\/tr><tr><td class=\"has-text-align-left\" data-align=\"left\">NIS 4<\/td><td class=\"has-text-align-left\" data-align=\"left\">15 de dezembro de 2022<\/td><\/tr><tr><td class=\"has-text-align-left\" data-align=\"left\">NIS 5<\/td><td class=\"has-text-align-left\" data-align=\"left\">16 de dezembro de 2022<\/td><\/tr><tr><td class=\"has-text-align-left\" data-align=\"left\">NIS 6 <\/td><td class=\"has-text-align-left\" data-align=\"left\">19 de dezembro de 2022<\/td><\/tr><tr><td class=\"has-text-align-left\" data-align=\"left\">NIS 7 <\/td><td class=\"has-text-align-left\" data-align=\"left\">20 de dezembro de 2022<\/td><\/tr><tr><td class=\"has-text-align-left\" data-align=\"left\">NIS 8 <\/td><td class=\"has-text-align-left\" data-align=\"left\">21 de dezembro de 2022<\/td><\/tr><tr><td class=\"has-text-align-left\" data-align=\"left\">NIS 9 <\/td><td class=\"has-text-align-left\" data-align=\"left\">22 de dezembro de 2022<\/td><\/tr><tr><td class=\"has-text-align-left\" data-align=\"left\"> NIS 0  <\/td><td class=\"has-text-align-left\" data-align=\"left\"> de dezembro de 2022<\/td><\/tr><\/tbody><\/table><figcaption class=\"wp-element-caption\"> Calend\u00e1rio Aux\u00edlio Brasil 2022 \u2013 dezembro <\/figcaption><\/figure>\n\n\n\n<p><\/p>\n\n\n\n<p>Voc\u00ea pode conferir as informa\u00e7\u00f5es sobre o pagamento das parcelas online direto no aplicativo do Aux\u00edlio Brasil (dispon\u00edvel para <a href=\"https:\/\/play.google.com\/store\/apps\/details?id=br.gov.caixa.bolsafamilia&amp;hl=en&amp;gl=US\" target=\"_blank\" rel=\"noreferrer noopener\">Android<\/a> e <a href=\"https:\/\/apps.apple.com\/br\/app\/bolsa-fam%C3%ADlia-caixa\/id1036174679\" target=\"_blank\" rel=\"noreferrer noopener\">IOS<\/a>), pelo aplicativo Caixa Tem (dispon\u00edvel para <a href=\"https:\/\/play.google.com\/store\/apps\/details?id=br.gov.caixa.tem\" target=\"_blank\" rel=\"noreferrer noopener\">Android<\/a> e <a href=\"https:\/\/apps.apple.com\/br\/app\/caixa-tem\/id1485424267\" target=\"_blank\" rel=\"noreferrer noopener\">IOS<\/a>) ou ligando para a Caixa Econ\u00f4mica Federal (0800 426 02 07).&nbsp;&nbsp;<\/p>\n\n\n\n<p><strong>Conclus\u00e3o<\/strong><\/p>\n\n\n\n<p>Depois de cerca de 17 anos de exist\u00eancia, o programa Bolsa Fam\u00edlia deixa de existir a partir de novembro de 2021 e d\u00e1 lugar ao Aux\u00edlio Brasil \u2014 programa que unifica diversas pol\u00edticas p\u00fablicas de assist\u00eancia social, educa\u00e7\u00e3o, sa\u00fade, emprego e renda.&nbsp;<\/p>\n\n\n\n<div class=\"cta-btn-block\">\n  <a class=\"cta-btn\" href=\"https:\/\/app.acordocerto.com.br\/login?utm_source=blog&amp;utm_medium=acordocerto&amp;utm_term=cta-post\" target=\"_blank\">Consulte seu CPF<\/a>\n<\/div>\n\n\n\n<p>O Aux\u00edlio Brasil vem para dar f\u00f4lego \u00e0s fam\u00edlias que se encontram em situa\u00e7\u00e3o de pobreza e extrema pobreza, e tem por objetivo auxiliar na supera\u00e7\u00e3o deste cen\u00e1rio, de modo que consigam garantir seu m\u00ednimo existencial e suprir suas necessidades.<\/p>\n\n\n<ul class=\"wp-block-latest-posts__list wp-block-latest-posts\"><li><a class=\"wp-block-latest-posts__post-title\" href=\"https:\/\/www.acordocerto.com.br\/blog\/match-positivo-como-funciona\/\">Match Positivo: como encontrar o cart\u00e3o de cr\u00e9dito ideal para o seu perfil<\/a><\/li>\n<li><a class=\"wp-block-latest-posts__post-title\" href=\"https:\/\/www.acordocerto.com.br\/blog\/acordo-certo-premio-credsystem\/\">Acordo Certo Conquista 3 Trof\u00e9us da Credsystem: Veja o que Esse Reconhecimento Representa<\/a><\/li>\n<li><a class=\"wp-block-latest-posts__post-title\" href=\"https:\/\/www.acordocerto.com.br\/blog\/como-saber-se-vou-ser-aprovado-no-cartao\/\">Como saber se vou ser aprovado no cart\u00e3o de cr\u00e9dito antes de pedir? Leia este guia completo!<\/a><\/li>\n<li><a class=\"wp-block-latest-posts__post-title\" href=\"https:\/\/www.acordocerto.com.br\/blog\/acordo-certo-e-dmcard\/\">Acordo Certo + DMcard: Quite seu cart\u00e3o com at\u00e9 90% OFF<\/a><\/li>\n<li><a class=\"wp-block-latest-posts__post-title\" href=\"https:\/\/www.acordocerto.com.br\/blog\/ipanema-e-acordo-certo\/\">Quite d\u00edvidas Ipanema na Acordo Certo e regularize seu CPF<\/a><\/li>\n<\/ul>\n\n\n<p><\/p>\n\n\n\n<p><strong>FAQ: Perguntas Frequentes<\/strong><\/p>\n\n\n<div id=\"rank-math-faq\" class=\"rank-math-block\">\n<div class=\"rank-math-list \">\n<div id=\"faq-question-1659124526697\" class=\"rank-math-list-item\">\n<h3 class=\"rank-math-question \">Quem est\u00e1 em situa\u00e7\u00e3o de desemprego tem direito ao Aux\u00edlio Brasil?<\/h3>\n<div class=\"rank-math-answer \">\n\n<p>A pessoa n\u00e3o tem direito automaticamente apenas estando em situa\u00e7\u00e3o de desemprego. Para ter o direito, al\u00e9m de estar <a href=\"https:\/\/www.acordocerto.com.br\/blog\/estou-desempregada-o-que-fazer-para-ganhar-dinheiro\/\" target=\"_blank\" rel=\"noreferrer noopener\">desempregada<\/a> ou desempregado, \u00e9 preciso cumprir os requisitos do benef\u00edcio, como comprovar <a href=\"https:\/\/www.acordocerto.com.br\/blog\/renda-familiar-per-capita\/\" target=\"_blank\" rel=\"noreferrer noopener\">renda familiar mensal per capita <\/a>de at\u00e9 R$100,00 e tamb\u00e9m estar com o cadastro atualizado no <a href=\"https:\/\/www.acordocerto.com.br\/blog\/o-que-e-cadastro-unico\/\" target=\"_blank\" rel=\"noreferrer noopener\">Cad\u00danico<\/a>.<\/p>\n\n<\/div>\n<\/div>\n<\/div>\n<\/div>\n\n\n<p><strong>Web stories<\/strong><\/p>\n\n\n\t\t<div class=\"web-stories-list alignnone has-archive-link is-view-type-carousel is-style-default is-carousel\" data-id=\"1\">\n\t\t\t<div\n\t\t\tclass=\"web-stories-list__inner-wrapper carousel-1\"\n\t\t\tstyle=\"--ws-story-max-width:185px\"\n\t\t\t>\n\t\t\t\t\t\t<div class=\"web-stories-list__archive-link\">\n\t\t\t<a href=\"https:\/\/www.acordocerto.com.br\/blog\/web-stories\/\">\n\t\t\t\tVisualizando todos Stories\t\t\t<\/a>\n\t\t<\/div>\n\t\t\t\t\t\t\t<div\n\t\t\t\t\tclass=\"web-stories-list__carousel carousel\"\n\t\t\t\t\tdata-id=\"carousel-1\"\n\t\t\t\t\tdata-prev=\"Voltar\"\n\t\t\t\t\tdata-next=\"Avan\u00e7ar\"\n\t\t\t\t\t>\n\t\t\t\t\t\t\t\t\t<div\n\t\t\t\tclass=\"web-stories-list__story\"\n\t\t\t\tdata-wp-interactive=\"web-stories-block\"\n\t\t\t\tdata-wp-context='{\"instanceId\":1}'\t\t\t\tdata-wp-on--click=\"actions.open\"\n\t\t\t\tdata-wp-on-window--popstate=\"actions.onPopstate\"\n\t\t\t\t>\n\t\t\t\t\t\t\t<div class=\"web-stories-list__story-poster\">\n\t\t\t\t<a href=\"https:\/\/www.acordocerto.com.br\/blog\/web-stories\/atualize-seu-cadastro-unico\/\">\n\t\t\t\t\t<img\n\t\t\t\t\t\tsrc=\"https:\/\/www.acordocerto.com.br\/blog\/wp-content\/uploads\/2022\/09\/cropped-blog_cadunico.png\"\n\t\t\t\t\t\talt=\"N\u00e3o perca benef\u00edcios! Atualize seu Cadastro \u00danico agora\"\n\t\t\t\t\t\twidth=\"185\"\n\t\t\t\t\t\theight=\"308\"\n\t\t\t\t\t\t\t\t\t\t\t\t\tsrcset=\"https:\/\/www.acordocerto.com.br\/blog\/wp-content\/uploads\/2022\/09\/cropped-blog_cadunico.png 640w, https:\/\/www.acordocerto.com.br\/blog\/wp-content\/uploads\/2022\/09\/cropped-blog_cadunico-150x200.png 150w\"\n\t\t\t\t\t\t\t\t\t\t\t\t\t\t\t\t\t\t\tsizes=\"auto, (max-width: 640px) 100vw, 640px\"\n\t\t\t\t\t\t\t\t\t\t\t\tloading=\"lazy\"\n\t\t\t\t\t\tdecoding=\"async\"\n\t\t\t\t\t>\n\t\t\t\t<\/a>\n\t\t\t<\/div>\n\t\t\t\t\t<div class=\"web-stories-list__story-content-overlay\">\n\t\t\t\t\t\t\t<div class=\"story-content-overlay__title\">\n\t\t\t\t\tN\u00e3o perca benef\u00edcios! Atualize seu Cadastro \u00danico agora\t\t\t\t<\/div>\n\t\t\t\n\t\t\t\n\t\t\t\n\t\t\t\t\t<\/div>\n\t\t\t\t\t<\/div>\n\t\t\t\t\t\t<div\n\t\t\t\tclass=\"web-stories-list__story\"\n\t\t\t\tdata-wp-interactive=\"web-stories-block\"\n\t\t\t\tdata-wp-context='{\"instanceId\":1}'\t\t\t\tdata-wp-on--click=\"actions.open\"\n\t\t\t\tdata-wp-on-window--popstate=\"actions.onPopstate\"\n\t\t\t\t>\n\t\t\t\t\t\t\t<div class=\"web-stories-list__story-poster\">\n\t\t\t\t<a href=\"https:\/\/www.acordocerto.com.br\/blog\/web-stories\/novo-valor-do-bolsa-familia\/\">\n\t\t\t\t\t<img\n\t\t\t\t\t\tsrc=\"https:\/\/www.acordocerto.com.br\/blog\/wp-content\/uploads\/2023\/01\/cropped-Blog_Consultar_Bolsa_Familia_pelo_CPF.png\"\n\t\t\t\t\t\talt=\"NOVO VALOR do Bolsa Fam\u00edlia \u00e9 pago hoje. Como sacar?\"\n\t\t\t\t\t\twidth=\"185\"\n\t\t\t\t\t\theight=\"308\"\n\t\t\t\t\t\t\t\t\t\t\t\t\tsrcset=\"https:\/\/www.acordocerto.com.br\/blog\/wp-content\/uploads\/2023\/01\/cropped-Blog_Consultar_Bolsa_Familia_pelo_CPF.png 640w, https:\/\/www.acordocerto.com.br\/blog\/wp-content\/uploads\/2023\/01\/cropped-Blog_Consultar_Bolsa_Familia_pelo_CPF-150x200.png 150w\"\n\t\t\t\t\t\t\t\t\t\t\t\t\t\t\t\t\t\t\tsizes=\"auto, (max-width: 640px) 100vw, 640px\"\n\t\t\t\t\t\t\t\t\t\t\t\tloading=\"lazy\"\n\t\t\t\t\t\tdecoding=\"async\"\n\t\t\t\t\t>\n\t\t\t\t<\/a>\n\t\t\t<\/div>\n\t\t\t\t\t<div class=\"web-stories-list__story-content-overlay\">\n\t\t\t\t\t\t\t<div class=\"story-content-overlay__title\">\n\t\t\t\t\tNOVO VALOR do Bolsa Fam\u00edlia \u00e9 pago hoje. Como sacar?\t\t\t\t<\/div>\n\t\t\t\n\t\t\t\n\t\t\t\n\t\t\t\t\t<\/div>\n\t\t\t\t\t<\/div>\n\t\t\t\t\t\t<div\n\t\t\t\tclass=\"web-stories-list__story\"\n\t\t\t\tdata-wp-interactive=\"web-stories-block\"\n\t\t\t\tdata-wp-context='{\"instanceId\":1}'\t\t\t\tdata-wp-on--click=\"actions.open\"\n\t\t\t\tdata-wp-on-window--popstate=\"actions.onPopstate\"\n\t\t\t\t>\n\t\t\t\t\t\t\t<div class=\"web-stories-list__story-poster\">\n\t\t\t\t<a href=\"https:\/\/www.acordocerto.com.br\/blog\/web-stories\/novo-bolsa-familia-disponivel\/\">\n\t\t\t\t\t<img\n\t\t\t\t\t\tsrc=\"https:\/\/www.acordocerto.com.br\/blog\/wp-content\/uploads\/2023\/03\/cropped-bolsa-familia2-1.jpg\"\n\t\t\t\t\t\talt=\"Novo Bolsa Fam\u00edlia dispon\u00edvel. Quem recebe hoje?\"\n\t\t\t\t\t\twidth=\"185\"\n\t\t\t\t\t\theight=\"308\"\n\t\t\t\t\t\t\t\t\t\t\t\t\tsrcset=\"https:\/\/www.acordocerto.com.br\/blog\/wp-content\/uploads\/2023\/03\/cropped-bolsa-familia2-1.jpg 640w, https:\/\/www.acordocerto.com.br\/blog\/wp-content\/uploads\/2023\/03\/cropped-bolsa-familia2-1-150x200.jpg 150w\"\n\t\t\t\t\t\t\t\t\t\t\t\t\t\t\t\t\t\t\tsizes=\"auto, (max-width: 640px) 100vw, 640px\"\n\t\t\t\t\t\t\t\t\t\t\t\tloading=\"lazy\"\n\t\t\t\t\t\tdecoding=\"async\"\n\t\t\t\t\t>\n\t\t\t\t<\/a>\n\t\t\t<\/div>\n\t\t\t\t\t<div class=\"web-stories-list__story-content-overlay\">\n\t\t\t\t\t\t\t<div class=\"story-content-overlay__title\">\n\t\t\t\t\tNovo Bolsa Fam\u00edlia dispon\u00edvel. Quem recebe hoje?\t\t\t\t<\/div>\n\t\t\t\n\t\t\t\n\t\t\t\n\t\t\t\t\t<\/div>\n\t\t\t\t\t<\/div>\n\t\t\t\t\t\t<div\n\t\t\t\tclass=\"web-stories-list__story\"\n\t\t\t\tdata-wp-interactive=\"web-stories-block\"\n\t\t\t\tdata-wp-context='{\"instanceId\":1}'\t\t\t\tdata-wp-on--click=\"actions.open\"\n\t\t\t\tdata-wp-on-window--popstate=\"actions.onPopstate\"\n\t\t\t\t>\n\t\t\t\t\t\t\t<div class=\"web-stories-list__story-poster\">\n\t\t\t\t<a href=\"https:\/\/www.acordocerto.com.br\/blog\/web-stories\/bolsa-familia-suspenso-saiba-como-regularizar\/\">\n\t\t\t\t\t<img\n\t\t\t\t\t\tsrc=\"https:\/\/www.acordocerto.com.br\/blog\/wp-content\/uploads\/2022\/02\/cropped-cpf-o-que-e-acordo-certo.jpg\"\n\t\t\t\t\t\talt=\"Bolsa fam\u00edlia suspenso? Saiba como regularizar\"\n\t\t\t\t\t\twidth=\"185\"\n\t\t\t\t\t\theight=\"308\"\n\t\t\t\t\t\t\t\t\t\t\t\t\tsrcset=\"https:\/\/www.acordocerto.com.br\/blog\/wp-content\/uploads\/2022\/02\/cropped-cpf-o-que-e-acordo-certo.jpg 640w, https:\/\/www.acordocerto.com.br\/blog\/wp-content\/uploads\/2022\/02\/cropped-cpf-o-que-e-acordo-certo-150x200.jpg 150w\"\n\t\t\t\t\t\t\t\t\t\t\t\t\t\t\t\t\t\t\tsizes=\"auto, (max-width: 640px) 100vw, 640px\"\n\t\t\t\t\t\t\t\t\t\t\t\tloading=\"lazy\"\n\t\t\t\t\t\tdecoding=\"async\"\n\t\t\t\t\t>\n\t\t\t\t<\/a>\n\t\t\t<\/div>\n\t\t\t\t\t<div class=\"web-stories-list__story-content-overlay\">\n\t\t\t\t\t\t\t<div class=\"story-content-overlay__title\">\n\t\t\t\t\tBolsa fam\u00edlia suspenso? Saiba como regularizar\t\t\t\t<\/div>\n\t\t\t\n\t\t\t\n\t\t\t\n\t\t\t\t\t<\/div>\n\t\t\t\t\t<\/div>\n\t\t\t\t\t\t<div\n\t\t\t\tclass=\"web-stories-list__story\"\n\t\t\t\tdata-wp-interactive=\"web-stories-block\"\n\t\t\t\tdata-wp-context='{\"instanceId\":1}'\t\t\t\tdata-wp-on--click=\"actions.open\"\n\t\t\t\tdata-wp-on-window--popstate=\"actions.onPopstate\"\n\t\t\t\t>\n\t\t\t\t\t\t\t<div class=\"web-stories-list__story-poster\">\n\t\t\t\t<a href=\"https:\/\/www.acordocerto.com.br\/blog\/web-stories\/minha-casa-minha-vida-quem-pode-participar\/\">\n\t\t\t\t\t<img\n\t\t\t\t\t\tsrc=\"https:\/\/www.acordocerto.com.br\/blog\/wp-content\/uploads\/2022\/10\/cropped-Blog_programa_minha_casa_minha_vida.png\"\n\t\t\t\t\t\talt=\"A retomada do Minha Casa Minha Vida. Veja quem pode participar!\"\n\t\t\t\t\t\twidth=\"185\"\n\t\t\t\t\t\theight=\"308\"\n\t\t\t\t\t\t\t\t\t\t\t\t\tsrcset=\"https:\/\/www.acordocerto.com.br\/blog\/wp-content\/uploads\/2022\/10\/cropped-Blog_programa_minha_casa_minha_vida.png 640w, https:\/\/www.acordocerto.com.br\/blog\/wp-content\/uploads\/2022\/10\/cropped-Blog_programa_minha_casa_minha_vida-150x200.png 150w\"\n\t\t\t\t\t\t\t\t\t\t\t\t\t\t\t\t\t\t\tsizes=\"auto, (max-width: 640px) 100vw, 640px\"\n\t\t\t\t\t\t\t\t\t\t\t\tloading=\"lazy\"\n\t\t\t\t\t\tdecoding=\"async\"\n\t\t\t\t\t>\n\t\t\t\t<\/a>\n\t\t\t<\/div>\n\t\t\t\t\t<div class=\"web-stories-list__story-content-overlay\">\n\t\t\t\t\t\t\t<div class=\"story-content-overlay__title\">\n\t\t\t\t\tA retomada do Minha Casa Minha Vida. Veja quem pode participar!\t\t\t\t<\/div>\n\t\t\t\n\t\t\t\n\t\t\t\n\t\t\t\t\t<\/div>\n\t\t\t\t\t<\/div>\n\t\t\t\t\t\t<div\n\t\t\t\tclass=\"web-stories-list__story\"\n\t\t\t\tdata-wp-interactive=\"web-stories-block\"\n\t\t\t\tdata-wp-context='{\"instanceId\":1}'\t\t\t\tdata-wp-on--click=\"actions.open\"\n\t\t\t\tdata-wp-on-window--popstate=\"actions.onPopstate\"\n\t\t\t\t>\n\t\t\t\t\t\t\t<div class=\"web-stories-list__story-poster\">\n\t\t\t\t<a href=\"https:\/\/www.acordocerto.com.br\/blog\/web-stories\/como-consultar-nis-pelo-cpf\/\">\n\t\t\t\t\t<img\n\t\t\t\t\t\tsrc=\"https:\/\/www.acordocerto.com.br\/blog\/wp-content\/uploads\/2023\/04\/cropped-Carteira-de-Trabalho.jpg\"\n\t\t\t\t\t\talt=\"Como consultar NIS pelo CPF?\"\n\t\t\t\t\t\twidth=\"185\"\n\t\t\t\t\t\theight=\"308\"\n\t\t\t\t\t\t\t\t\t\t\t\t\tsrcset=\"https:\/\/www.acordocerto.com.br\/blog\/wp-content\/uploads\/2023\/04\/cropped-Carteira-de-Trabalho.jpg 640w, https:\/\/www.acordocerto.com.br\/blog\/wp-content\/uploads\/2023\/04\/cropped-Carteira-de-Trabalho-150x200.jpg 150w\"\n\t\t\t\t\t\t\t\t\t\t\t\t\t\t\t\t\t\t\tsizes=\"auto, (max-width: 640px) 100vw, 640px\"\n\t\t\t\t\t\t\t\t\t\t\t\tloading=\"lazy\"\n\t\t\t\t\t\tdecoding=\"async\"\n\t\t\t\t\t>\n\t\t\t\t<\/a>\n\t\t\t<\/div>\n\t\t\t\t\t<div class=\"web-stories-list__story-content-overlay\">\n\t\t\t\t\t\t\t<div class=\"story-content-overlay__title\">\n\t\t\t\t\tComo consultar NIS pelo CPF?\t\t\t\t<\/div>\n\t\t\t\n\t\t\t\n\t\t\t\n\t\t\t\t\t<\/div>\n\t\t\t\t\t<\/div>\n\t\t\t\t\t\t\t\t<\/div>\n\t\t\t\t\t<div tabindex=\"0\" aria-label=\"Voltar\" class=\"glider-prev\"><\/div>\n\t\t\t\t\t<div tabindex=\"0\" aria-label=\"Avan\u00e7ar\" class=\"glider-next\"><\/div>\n\t\t\t\t\t\t\t\t<\/div>\n\t\t<\/div>\n\t\t<div style='text-align:center' class='yasr-auto-insert-visitor'><\/div>","protected":false},"excerpt":{"rendered":"<p>Quer entender o que \u00e9 o Aux\u00edlio Brasil, quem tem direito e ainda conferir o calend\u00e1rio de pagamentos? N\u00f3s temos essas respostas para voc\u00ea!<\/p>\n","protected":false},"author":2,"featured_media":2096,"comment_status":"open","ping_status":"open","sticky":false,"template":"","format":"standard","meta":{"_acf_changed":false,"inline_featured_image":false,"yasr_overall_rating":0,"yasr_post_is_review":"","yasr_auto_insert_disabled":"","yasr_review_type":"","footnotes":""},"categories":[33],"tags":[627,138],"class_list":["post-2093","post","type-post","status-publish","format-standard","has-post-thumbnail","hentry","category-direitos-e-beneficios","tag-auxilio-do-governo","tag-bolsa-familia"],"acf":[],"yasr_visitor_votes":{"stars_attributes":{"read_only":false,"span_bottom":false},"number_of_votes":1,"sum_votes":1},"_links":{"self":[{"href":"https:\/\/www.acordocerto.com.br\/blog\/wp-json\/wp\/v2\/posts\/2093","targetHints":{"allow":["GET"]}}],"collection":[{"href":"https:\/\/www.acordocerto.com.br\/blog\/wp-json\/wp\/v2\/posts"}],"about":[{"href":"https:\/\/www.acordocerto.com.br\/blog\/wp-json\/wp\/v2\/types\/post"}],"author":[{"embeddable":true,"href":"https:\/\/www.acordocerto.com.br\/blog\/wp-json\/wp\/v2\/users\/2"}],"replies":[{"embeddable":true,"href":"https:\/\/www.acordocerto.com.br\/blog\/wp-json\/wp\/v2\/comments?post=2093"}],"version-history":[{"count":32,"href":"https:\/\/www.acordocerto.com.br\/blog\/wp-json\/wp\/v2\/posts\/2093\/revisions"}],"predecessor-version":[{"id":19834,"href":"https:\/\/www.acordocerto.com.br\/blog\/wp-json\/wp\/v2\/posts\/2093\/revisions\/19834"}],"wp:featuredmedia":[{"embeddable":true,"href":"https:\/\/www.acordocerto.com.br\/blog\/wp-json\/wp\/v2\/media\/2096"}],"wp:attachment":[{"href":"https:\/\/www.acordocerto.com.br\/blog\/wp-json\/wp\/v2\/media?parent=2093"}],"wp:term":[{"taxonomy":"category","embeddable":true,"href":"https:\/\/www.acordocerto.com.br\/blog\/wp-json\/wp\/v2\/categories?post=2093"},{"taxonomy":"post_tag","embeddable":true,"href":"https:\/\/www.acordocerto.com.br\/blog\/wp-json\/wp\/v2\/tags?post=2093"}],"curies":[{"name":"wp","href":"https:\/\/api.w.org\/{rel}","templated":true}]}}