{"id":4507,"date":"2022-08-12T17:26:21","date_gmt":"2022-08-12T20:26:21","guid":{"rendered":"https:\/\/www.acordocerto.com.br\/?p=4507"},"modified":"2025-08-25T11:53:46","modified_gmt":"2025-08-25T14:53:46","slug":"auxilio-taxista","status":"publish","type":"post","link":"https:\/\/www.acordocerto.com.br\/blog\/auxilio-taxista\/","title":{"rendered":"Aux\u00edlio Taxista 2025: Como Conseguir? Quem tem Direito?\u00a0"},"content":{"rendered":"\n<p>O Aux\u00edlio Taxista chegou como forma de suprir as necessidades dos trabalhadores e ajud\u00e1-los em um momento delicado, de grandes varia\u00e7\u00f5es dos pre\u00e7os da gasolina, \u00e1lcool e diesel. Ele foi implementado pela PEC Kamikaze, que decretou que o Brasil est\u00e1 em estado de emerg\u00eancia. &nbsp;<\/p>\n\n\n\n<div class=\"cta-btn-block\">\n  <a class=\"cta-btn\"\n     href=\"https:\/\/app.acordocerto.com.br\/login?utm_source=blog&amp;utm_medium=acordocerto&amp;utm_term=cta-post\"\n          target=\"_blank\">Consulte seu CPF<\/a>\n<\/div>\n\n\n\n<p>O Minist\u00e9rio do Trabalho e Previd\u00eancia, respons\u00e1vel por organizar o Auxilio Taxista, informou recentemente que mais de 300 mil motoristas j\u00e1 foram cadastrados para receber as parcelas do benef\u00edcio, que foram pagas em agosto de 2022.&nbsp;<\/p>\n\n\n\n<p>Siga a leitura para entender tudo sobre este benef\u00edcio e veja se voc\u00ea tem direito a receber.&nbsp;<\/p>\n\n\n\n\n\n<h2 class=\"wp-block-heading\"><strong>O que \u00e9 Aux\u00edlio Taxista<\/strong>?<\/h2>\n\n\n\n<p>Tamb\u00e9m conhecido como Benef\u00edcio Social para os Motoristas de T\u00e1xis (Bem-Taxista), o Aux\u00edlio Taxista \u00e9 mais um novo benef\u00edcio emergencial oferecido pelo Governo e tem como objetivo ajudar os motoristas durante o momento delicado do pa\u00eds: o valor vai ajudar taxistas a enfrentarem a eleva\u00e7\u00e3o imprevis\u00edvel do pre\u00e7o do petr\u00f3leo e combust\u00edveis.&nbsp;&nbsp;<\/p>\n\n\n\n<p>Ele foi aprovado em julho de 2022 e come\u00e7ar\u00e1 a ser pago em agosto de 2022. Ele j\u00e1 tem data de expira\u00e7\u00e3o tamb\u00e9m: os pagamentos acontecer\u00e3o at\u00e9 dezembro de 2022.&nbsp;<\/p>\n\n\n\n<h2 class=\"wp-block-heading\"><strong>Quem tem direito ao <strong>Aux\u00edlio Taxista<\/strong>?<\/strong><\/h2>\n\n\n\n<p>Os motoristas que t\u00eam direito ao Aux\u00edlio Taxista s\u00e3o aqueles que cumprem os seguintes requisitos: &nbsp;<\/p>\n\n\n\n<ul class=\"wp-block-list\">\n<li>Ter&nbsp;carteira de habilita\u00e7\u00e3o (<a href=\"https:\/\/www.acordocerto.com.br\/blog\/consultar-cnh-pelo-cpf\/\" target=\"_blank\" rel=\"noreferrer noopener\">CNH<\/a>) e <a href=\"https:\/\/www.acordocerto.com.br\/blog\/cpf-o-que-e\/\" target=\"_blank\" rel=\"noreferrer noopener\">CPF<\/a> v\u00e1lidos e regulares&nbsp;<\/li>\n\n\n\n<li>Ser motorista de t\u00e1xi com registro (alvar\u00e1) regular, emitido at\u00e9 31\/05\/2022&nbsp;<\/li>\n\n\n\n<li>Al\u00e9m de ter os documentos regulares, tamb\u00e9m \u00e9 necess\u00e1rio que os motoristas sejam titulares de concess\u00e3o, permiss\u00e3o, licen\u00e7a ou autoriza\u00e7\u00e3o emitida pelo poder p\u00fablico municipal ou distrital&nbsp;<\/li>\n\n\n\n<li>Ou que possuam autoriza\u00e7\u00e3o emitida pelo poder p\u00fablico municipal ou distrital.&nbsp;<\/li>\n<\/ul>\n\n\n\n<p><\/p>\n\n\n\n<p>Logo, os motoristas que precisam <a href=\"https:\/\/mcas-proxyweb.mcas.ms\/certificate-checker?login=false&amp;originalUrl=https%3A%2F%2Fblog.acordocerto.com.br.mcas.ms%2Fnews%2Fregularizar-o-cpf%2F%3FMcasTsid%3D20892&amp;McasCSRF=14af88909c7f14629445f28d77198fcfe703c38aee3e0f2e280afd3fa18c4f8e\" target=\"_blank\" rel=\"noreferrer noopener\">regularizar o CPF<\/a>, ou seja, aqueles que est\u00e3o com o documento cancelado, suspenso ou nulo, n\u00e3o tem direito de receber o Aux\u00edlio Taxista.&nbsp;<\/p>\n\n\n\n<h3 class=\"wp-block-heading\"><strong>Documentos necess\u00e1rios para conseguir o benef\u00edcio<\/strong><\/h3>\n\n\n\n<p>Os taxistas que t\u00eam direito ao aux\u00edlio n\u00e3o precisam apresentar nenhum documento para a prefeitura: quem est\u00e1 com os documentos regulares j\u00e1 ter\u00e1 direito automaticamente e j\u00e1 ser\u00e1 incluso no cadastro para o recebimento do Aux\u00edlio Taxista. &nbsp;<\/p>\n\n\n\n<h2 class=\"wp-block-heading\"><strong>Como ser\u00e1 feito o pagamento do Aux\u00edlio Taxista?<\/strong><\/h2>\n\n\n\n<p>O pagamento ser\u00e1 feito em 6 parcelas atrav\u00e9s da CAIXA Econ\u00f4mica Federal: os motoristas receber\u00e3o diretamente pelas contas da CAIXA e pelo aplicativo CAIXA Tem. &nbsp;<\/p>\n\n\n\n<div class=\"cta-btn-block\">\n  <a class=\"cta-btn\"\n     href=\"https:\/\/app.acordocerto.com.br\/login?utm_source=blog&amp;utm_medium=acordocerto&amp;utm_term=cta-post\"\n          target=\"_blank\">Consulte seu CPF<\/a>\n<\/div>\n\n\n\n<p>Ou seja, n\u00e3o ser\u00e1 necess\u00e1rio ir presencialmente fazer o saque do benef\u00edcio, ele poder\u00e1 ser usado e movimentado diretamente pela internet, pelos aplicativos oficiais da CAIXA. &nbsp;<\/p>\n\n\n\n<p>Os dep\u00f3sitos ser\u00e3o feitos de forma parcelada e seguir\u00e3o o calend\u00e1rio de pagamento do Aux\u00edlio Taxista descrito logo abaixo. &nbsp;<\/p>\n\n\n\n<p>O valor previsto \u00e9 de R$6.000,00 no total, divido em 6 parcelas de R$1.000, entretanto este valor pode ser alterado de acordo com a quantidade de motoristas de t\u00e1xi cadastrados. &nbsp;<\/p>\n\n\n\n<h2 class=\"wp-block-heading\"><strong>Calend\u00e1rio do Aux\u00edlio Taxista<\/strong><\/h2>\n\n\n\n<p>Confira o calend\u00e1rio do Aux\u00edlio Taxista e acompanhe o recebimento do seu benef\u00edcio:&nbsp;<\/p>\n\n\n\n<figure class=\"wp-block-table is-style-sort-table\"><table><thead><tr><th class=\"has-text-align-left\" data-align=\"left\"><strong>Parcela<\/strong>&nbsp;<\/th><th class=\"has-text-align-left\" data-align=\"left\"><strong>Data<\/strong>&nbsp;<\/th><\/tr><\/thead><tbody><tr><td class=\"has-text-align-left\" data-align=\"left\">1\u00aa e 2\u00aa parcela&nbsp;<\/td><td class=\"has-text-align-left\" data-align=\"left\">1\u00aa data: 16 de agosto de 2022&nbsp;&nbsp;<\/td><\/tr><tr><td class=\"has-text-align-left\" data-align=\"left\">1\u00aa e 2\u00aa parcela&nbsp;<\/td><td class=\"has-text-align-left\" data-align=\"left\">2\u00aa data*: 30 de agosto de 2022<\/td><\/tr><tr><td class=\"has-text-align-left\" data-align=\"left\">3\u00aa parcela&nbsp;<\/td><td class=\"has-text-align-left\" data-align=\"left\">24 de setembro de 2022&nbsp;<\/td><\/tr><tr><td class=\"has-text-align-left\" data-align=\"left\">4\u00aa parcela&nbsp;<\/td><td class=\"has-text-align-left\" data-align=\"left\">22 de outubro de 2022&nbsp;<\/td><\/tr><tr><td class=\"has-text-align-left\" data-align=\"left\">5\u00aa parcela&nbsp;<\/td><td class=\"has-text-align-left\" data-align=\"left\">26 de novembro de 2022&nbsp;<\/td><\/tr><tr><td class=\"has-text-align-left\" data-align=\"left\">6\u00aa parcela&nbsp;<\/td><td class=\"has-text-align-left\" data-align=\"left\">17 de dezembro de 2022&nbsp;<\/td><\/tr><\/tbody><\/table><\/figure>\n\n\n\n<p>*Data de repescagem: foi colocada esta data para atender os motoristas que foram cadastrados depois do dia 16 de agosto de 2022. &nbsp;<\/p>\n\n\n\n<h2 class=\"wp-block-heading\"><strong>Como dar entrada no Aux\u00edlio Taxista?<\/strong><\/h2>\n\n\n\n<p>Os motoristas de t\u00e1xi n\u00e3o precisam dar entrada no Aux\u00edlio Taxista, pois as prefeituras dos mun\u00edcipios e do Distrito Federal que cuidar\u00e3o das inscri\u00e7\u00f5es.&nbsp;<\/p>\n\n\n\n<div class=\"cta-btn-block\">\n  <a class=\"cta-btn\"\n     href=\"https:\/\/app.acordocerto.com.br\/login?utm_source=blog&amp;utm_medium=acordocerto&amp;utm_term=cta-post\"\n          target=\"_blank\">Consulte seu CPF<\/a>\n<\/div>\n\n\n\n<p>Elas ser\u00e3o reespos\u00e1veis por registrar cada taxista no Aux\u00edlio Taxista, e tamb\u00e9m v\u00e3o garantir a veracidade destas informa\u00e7\u00f5es durante o processo. &nbsp;<\/p>\n\n\n\n<h2 class=\"wp-block-heading\"><strong>Mas afinal, Aux\u00edlio Caminhoneiro e Taxista s\u00e3o&nbsp;a mesma coisa? <\/strong>&nbsp;<\/h2>\n\n\n\n<p>Na verdade, n\u00e3o: o Aux\u00edlio Caminhoneiro e o Aux\u00edlio Taxista s\u00e3o dois benef\u00edcios emergenciais diferente e destinados para dois tipos de trabalhadores: enquanto o Aux\u00edlio Caminhoneiro fica focado em ajudar transportadores aut\u00f4nomos de cargas, o Aux\u00edlio Taxista \u00e9 destinado para motoristas de t\u00e1xis que possuem a licen\u00e7a regular para presta\u00e7\u00e3o deste servi\u00e7o. &nbsp;<\/p>\n\n\n\n\n\n\n<p>O Benef\u00edcio Emergencial aos Transportadores Aut\u00f4nomos de Carga (BEm Caminhoneiro), assim como o Aux\u00edlio Taxista, tamb\u00e9m tem a miss\u00e3o de ajudar estes profissionais a compensarem as grandes e recorrentes varia\u00e7\u00f5es do pre\u00e7o dos combust\u00edveis. &nbsp;<\/p>\n\n\n\n<p>O Aux\u00edlio caminhoneiro tamb\u00e9m ser\u00e1 pago em parcelas de R$1.000,00 e seguir\u00e1 as datas abaixo:&nbsp;<\/p>\n\n\n\n<h3 class=\"wp-block-heading\"><strong>Calend\u00e1rio Aux\u00edlio Caminhoneiro<\/strong><\/h3>\n\n\n\n<figure class=\"wp-block-table is-style-sort-table\"><table><thead><tr><th class=\"has-text-align-left\" data-align=\"left\"><strong>Parcela<\/strong>&nbsp;<\/th><th class=\"has-text-align-left\" data-align=\"left\"><strong>Data<\/strong>&nbsp;<\/th><\/tr><\/thead><tbody><tr><td class=\"has-text-align-left\" data-align=\"left\">1\u00aa parcela&nbsp;<\/td><td class=\"has-text-align-left\" data-align=\"left\">09 de agosto de 2022&nbsp;<\/td><\/tr><tr><td class=\"has-text-align-left\" data-align=\"left\">2\u00aa parcela&nbsp;<\/td><td class=\"has-text-align-left\" data-align=\"left\">09 de agosto de 2022&nbsp;<\/td><\/tr><tr><td class=\"has-text-align-left\" data-align=\"left\">3\u00aa parcela&nbsp;<\/td><td class=\"has-text-align-left\" data-align=\"left\">24 de setembro de 2022&nbsp;<\/td><\/tr><tr><td class=\"has-text-align-left\" data-align=\"left\">4\u00aa parcela&nbsp;<\/td><td class=\"has-text-align-left\" data-align=\"left\">22 de outubro de 2022&nbsp;<\/td><\/tr><tr><td class=\"has-text-align-left\" data-align=\"left\">5\u00aa parcela&nbsp;<\/td><td class=\"has-text-align-left\" data-align=\"left\">26 de novembro de 2022&nbsp;<\/td><\/tr><tr><td class=\"has-text-align-left\" data-align=\"left\">6\u00aa parcela&nbsp;<\/td><td class=\"has-text-align-left\" data-align=\"left\">17 de dezembro de 2022&nbsp;<\/td><\/tr><\/tbody><\/table><\/figure>\n\n\n\n<p><strong>E para finalizar, veja dicas de como usar seu Aux\u00edlio Taxista ou Aux\u00edlio Caminhoneiro<\/strong>&nbsp;<\/p>\n\n\n\n<p>Os benef\u00edcios emergenciais que o Governo libera para os trabalhadores sempre vem em momentos dif\u00edceis e ajudam bastante principalmente no sustento de milhares de fam\u00edlias, como por exemplo foi o caso do <a href=\"https:\/\/www.acordocerto.com.br\/blog\/auxilio-emergencial-quem-tem-direito\/\" target=\"_blank\" rel=\"noreferrer noopener\">Aux\u00edlio Emergencial.<\/a><\/p>\n\n\n\n<p>Os benef\u00edcios tamb\u00e9m auxiliam estes trabalhadores a garantirem o pagamento das despesas b\u00e1sicas familiares, com alimenta\u00e7\u00e3o, sa\u00fade, moradia, transporte e educa\u00e7\u00e3o. &nbsp;<\/p>\n\n\n\n<p>Por isso, antes de fazer grandes planos com estes valores, foque em garantir o b\u00e1sico para voc\u00ea e sua fam\u00edlia. &nbsp;<\/p>\n\n\n\n<div class=\"cta-btn-block\">\n  <a class=\"cta-btn\"\n     href=\"https:\/\/app.acordocerto.com.br\/login?utm_source=blog&amp;utm_medium=acordocerto&amp;utm_term=cta-post\"\n          target=\"_blank\">Consulte seu CPF<\/a>\n<\/div>\n\n\n\n<p>Caso esses itens j\u00e1 estejam garantidos, foque em pagar d\u00edvidas atrav\u00e9s de <a href=\"https:\/\/www.acordocerto.com.br\/\" target=\"_blank\" rel=\"noreferrer noopener\">renegocia\u00e7\u00e3o<\/a>. Ao quitar uma d\u00edvida, voc\u00ea consegue <a href=\"https:\/\/www.acordocerto.com.br\/blog\/como-aumentar-o-score\/\" target=\"_blank\" rel=\"noreferrer noopener\">aumentar o score<\/a> e limpar nome sujo. Logo, ao fazer isso, mais op\u00e7\u00f5es de cr\u00e9ditos v\u00e3o aparecer para voc\u00ea, como empr\u00e9stimos e cart\u00f5es de cr\u00e9dito. \u00a0<\/p>\n\n\n\n<p>Por fim, se voc\u00ea n\u00e3o tem nenhuma pend\u00eancia no seu nome, ent\u00e3o foque em criar uma <a href=\"https:\/\/www.acordocerto.com.br\/blog\/reserva-de-emergencia-como-montar\/\" target=\"_blank\" rel=\"noreferrer noopener\">reserva de emerg\u00eancia<\/a> ou poupan\u00e7a para voc\u00ea e sua fam\u00edlia, pois assim voc\u00ea fica preparado para pr\u00f3ximas oscila\u00e7\u00f5es nos pre\u00e7os dos combust\u00edveis e tamb\u00e9m j\u00e1 se previne para situa\u00e7\u00f5es inesperadas, como ter que consertar uma pe\u00e7a do carro ou caminh\u00e3o. &nbsp;<\/p>\n\n\n\n<p>Para fechar, que tal uma lista resumida das prioridades do que fazer com seu Aux\u00edlio Taxista ou Aux\u00edlio Caminhoneiro? Vamos l\u00e1: <\/p>\n\n\n\n<ul class=\"wp-block-list\">\n<li>Prioridade 1: Garantir as despesas b\u00e1sicas de sobreviv\u00eancia para voc\u00ea e sua fam\u00edlia <\/li>\n\n\n\n<li>Prioridade 2: Quitar d\u00edvidas atrav\u00e9s de renegocia\u00e7\u00e3o. Voc\u00ea pode fazer um acordo no site da Acordo Certo<\/li>\n\n\n\n<li>Prioridade 3: Iniciar uma reserva de emerg\u00eancia ou poupan\u00e7a<\/li>\n<\/ul>\n\n\n\n<p><\/p>\n\n\n\n<p>Conte conosco para mais dicas!<\/p>\n\n\n\n<p><\/p>\n\n\n<ul class=\"wp-block-latest-posts__list wp-block-latest-posts\"><li><a class=\"wp-block-latest-posts__post-title\" href=\"https:\/\/www.acordocerto.com.br\/blog\/divida-pode-bloquear-ou-penhorar-salario\/\">D\u00edvida pode bloquear ou penhorar sal\u00e1rio? Entenda o que a lei permite<\/a><\/li>\n<li><a class=\"wp-block-latest-posts__post-title\" href=\"https:\/\/www.acordocerto.com.br\/blog\/cnh-pai-d-egua-para\/\">CNH Pai D\u2019\u00e9gua 2026: como funciona e quem pode se inscrever na CNH Social do Par\u00e1<\/a><\/li>\n<li><a class=\"wp-block-latest-posts__post-title\" href=\"https:\/\/www.acordocerto.com.br\/blog\/cnh-social-sergipe\/\">CNH Social Sergipe 2026: como funciona o programa de habilita\u00e7\u00e3o gratuita no estado<\/a><\/li>\n<li><a class=\"wp-block-latest-posts__post-title\" href=\"https:\/\/www.acordocerto.com.br\/blog\/cnh-social-bahia\/\">CNH Social Bahia 2026: tudo sobre o programa CNH da Gente e o impacto da nova lei federal<\/a><\/li>\n<li><a class=\"wp-block-latest-posts__post-title\" href=\"https:\/\/www.acordocerto.com.br\/blog\/cnh-social-go\/\">CNH Social GO 2026: como tirar sua primeira habilita\u00e7\u00e3o gratuita em Goi\u00e1s e o que muda com a nova lei federal<\/a><\/li>\n<\/ul>\n\n\n<p><strong>FAQ: Perguntas frequentes<\/strong>&nbsp;<\/p>\n\n\n<div id=\"rank-math-faq\" class=\"rank-math-block\">\n<div class=\"rank-math-list \">\n<div id=\"faq-question-1660335530142\" class=\"rank-math-list-item\">\n<h3 class=\"rank-math-question \"><strong>Quem tem direito ao Aux\u00edlio Taxista?\u00a0<\/strong>\u00a0<\/h3>\n<div class=\"rank-math-answer \">\n\n<p>Somente motoristas com o alvar\u00e1 e o CPF regularizados v\u00e3o receber o dinheiro do Aux\u00edlio Taxistas.\u00a0<\/p>\n\n<\/div>\n<\/div>\n<div id=\"faq-question-1660335534941\" class=\"rank-math-list-item\">\n<h3 class=\"rank-math-question \"><strong>Como ser\u00e1 feito o pagamento do <strong>Aux\u00edlio Taxista<\/strong>? <\/strong>\u00a0<\/h3>\n<div class=\"rank-math-answer \">\n\n<p>O pagamento ser\u00e1 feito a partir do dia 16 de agosto de 2022 atrav\u00e9s da CAIXA Econ\u00f4mica Federal. Ser\u00e3o 6 parcelas de aproximadamente R$1.000,00. \u00a0<\/p>\n\n<\/div>\n<\/div>\n<div id=\"faq-question-1660335535902\" class=\"rank-math-list-item\">\n<h3 class=\"rank-math-question \"><strong>Aux\u00edlio taxista ser\u00e1 pago pelo CAIXA Tem?<\/strong>\u00a0<\/h3>\n<div class=\"rank-math-answer \">\n\n<p>Sim, os dep\u00f3sitos do Aux\u00edlio Taxista come\u00e7ar\u00e3o a ser feitos no dia 16 de agosto de 2022 e ser\u00e3o enviados para as contas da CAIXA, que podem ser acessadas pelo aplicativo CAIXA Tem. \u00a0<\/p>\n\n<\/div>\n<\/div>\n<div id=\"faq-question-1660335550758\" class=\"rank-math-list-item\">\n<h3 class=\"rank-math-question \"><strong>Motoristas de aplicativo ter\u00e3o direito ao Aux\u00edlio Taxista?<\/strong>\u00a0<\/h3>\n<div class=\"rank-math-answer \">\n\n<p>N\u00e3o, infelizmente motoristas de aplicativo como Uber e 99 T\u00e1xi n\u00e3o ter\u00e3o direito a receberem o Aux\u00edlio Taxista. Somente profissionais com alvar\u00e1 de motorista de t\u00e1xi ter\u00e3o direito as parcelas do benef\u00edcio. \u00a0<\/p>\n\n<\/div>\n<\/div>\n<\/div>\n<\/div>\n\n\n<p><strong>Web stories<\/strong><\/p>\n\n\n\t\t<div class=\"web-stories-list alignnone has-archive-link is-view-type-carousel is-style-default is-carousel\" data-id=\"1\">\n\t\t\t<div\n\t\t\tclass=\"web-stories-list__inner-wrapper carousel-1\"\n\t\t\tstyle=\"--ws-story-max-width:185px\"\n\t\t\t>\n\t\t\t\t\t\t<div class=\"web-stories-list__archive-link\">\n\t\t\t<a href=\"https:\/\/www.acordocerto.com.br\/blog\/web-stories\/\">\n\t\t\t\tVisualizando todos Stories\t\t\t<\/a>\n\t\t<\/div>\n\t\t\t\t\t\t\t<div\n\t\t\t\t\tclass=\"web-stories-list__carousel carousel\"\n\t\t\t\t\tdata-id=\"carousel-1\"\n\t\t\t\t\tdata-prev=\"Voltar\"\n\t\t\t\t\tdata-next=\"Avan\u00e7ar\"\n\t\t\t\t\t>\n\t\t\t\t\t\t\t\t\t<div\n\t\t\t\tclass=\"web-stories-list__story\"\n\t\t\t\tdata-wp-interactive=\"web-stories-block\"\n\t\t\t\tdata-wp-context='{\"instanceId\":1}'\t\t\t\tdata-wp-on--click=\"actions.open\"\n\t\t\t\tdata-wp-on-window--popstate=\"actions.onPopstate\"\n\t\t\t\t>\n\t\t\t\t\t\t\t<div class=\"web-stories-list__story-poster\">\n\t\t\t\t<a href=\"https:\/\/www.acordocerto.com.br\/blog\/web-stories\/bloqueio-de-cnh-por-dividas\/\" >\n\t\t\t\t\t<img\n\t\t\t\t\t\tsrc=\"https:\/\/www.acordocerto.com.br\/blog\/wp-content\/uploads\/2023\/03\/cropped-CNH-8.jpg\"\n\t\t\t\t\t\talt=\"D\u00edvida alta? CNH e passaporte podem ser bloqueados\"\n\t\t\t\t\t\twidth=\"185\"\n\t\t\t\t\t\theight=\"308\"\n\t\t\t\t\t\t\t\t\t\t\t\t\tsrcset=\"https:\/\/www.acordocerto.com.br\/blog\/wp-content\/uploads\/2023\/03\/cropped-CNH-8.jpg 640w, https:\/\/www.acordocerto.com.br\/blog\/wp-content\/uploads\/2023\/03\/cropped-CNH-8-150x200.jpg 150w\"\n\t\t\t\t\t\t\t\t\t\t\t\t\t\t\t\t\t\t\tsizes=\"auto, (max-width: 640px) 100vw, 640px\"\n\t\t\t\t\t\t\t\t\t\t\t\tloading=\"lazy\"\n\t\t\t\t\t\tdecoding=\"async\"\n\t\t\t\t\t>\n\t\t\t\t<\/a>\n\t\t\t<\/div>\n\t\t\t\t\t<div class=\"web-stories-list__story-content-overlay\">\n\t\t\t\t\t\t\t<div class=\"story-content-overlay__title\">\n\t\t\t\t\tD\u00edvida alta? CNH e passaporte podem ser bloqueados\t\t\t\t<\/div>\n\t\t\t\n\t\t\t\n\t\t\t\n\t\t\t\t\t<\/div>\n\t\t\t\t\t<\/div>\n\t\t\t\t\t\t<div\n\t\t\t\tclass=\"web-stories-list__story\"\n\t\t\t\tdata-wp-interactive=\"web-stories-block\"\n\t\t\t\tdata-wp-context='{\"instanceId\":1}'\t\t\t\tdata-wp-on--click=\"actions.open\"\n\t\t\t\tdata-wp-on-window--popstate=\"actions.onPopstate\"\n\t\t\t\t>\n\t\t\t\t\t\t\t<div class=\"web-stories-list__story-poster\">\n\t\t\t\t<a href=\"https:\/\/www.acordocerto.com.br\/blog\/web-stories\/como-consultar-cnh-pelo-cpf\/\" >\n\t\t\t\t\t<img\n\t\t\t\t\t\tsrc=\"https:\/\/www.acordocerto.com.br\/blog\/wp-content\/uploads\/2022\/11\/cropped-07_-_Blog_pagar_IPVA_com_Cartao_de_Credito_1.png\"\n\t\t\t\t\t\talt=\"Habilita\u00e7\u00e3o vencida? Veja como consultar CNH pelo CPF\"\n\t\t\t\t\t\twidth=\"185\"\n\t\t\t\t\t\theight=\"308\"\n\t\t\t\t\t\t\t\t\t\t\t\t\tsrcset=\"https:\/\/www.acordocerto.com.br\/blog\/wp-content\/uploads\/2022\/11\/cropped-07_-_Blog_pagar_IPVA_com_Cartao_de_Credito_1.png 640w, https:\/\/www.acordocerto.com.br\/blog\/wp-content\/uploads\/2022\/11\/cropped-07_-_Blog_pagar_IPVA_com_Cartao_de_Credito_1-150x200.png 150w, https:\/\/www.acordocerto.com.br\/blog\/wp-content\/uploads\/2022\/11\/cropped-07_-_Blog_pagar_IPVA_com_Cartao_de_Credito_1-225x300.png 225w\"\n\t\t\t\t\t\t\t\t\t\t\t\t\t\t\t\t\t\t\tsizes=\"auto, (max-width: 640px) 100vw, 640px\"\n\t\t\t\t\t\t\t\t\t\t\t\tloading=\"lazy\"\n\t\t\t\t\t\tdecoding=\"async\"\n\t\t\t\t\t>\n\t\t\t\t<\/a>\n\t\t\t<\/div>\n\t\t\t\t\t<div class=\"web-stories-list__story-content-overlay\">\n\t\t\t\t\t\t\t<div class=\"story-content-overlay__title\">\n\t\t\t\t\tHabilita\u00e7\u00e3o vencida? Veja como consultar CNH pelo CPF\t\t\t\t<\/div>\n\t\t\t\n\t\t\t\n\t\t\t\n\t\t\t\t\t<\/div>\n\t\t\t\t\t<\/div>\n\t\t\t\t\t\t\t\t<\/div>\n\t\t\t\t\t<div tabindex=\"0\" aria-label=\"Voltar\" class=\"glider-prev\"><\/div>\n\t\t\t\t\t<div tabindex=\"0\" aria-label=\"Avan\u00e7ar\" class=\"glider-next\"><\/div>\n\t\t\t\t\t\t\t\t<\/div>\n\t\t<\/div>\n\t\t\n\n\n<p><\/p>\n\n\n\n<p><\/p>\n\n\n\n<p><\/p>\n\n\n\n<p><\/p>\n\n\n\n<p><\/p>\n<div style='text-align:center' class='yasr-auto-insert-visitor'><\/div>","protected":false},"excerpt":{"rendered":"<p>O novo benef\u00edcio Aux\u00edlio taxista 2023 ter\u00e1 6 parcelas de R$1.000 e come\u00e7a a ser pago dia 16 de agosto: veja como receber e o calend\u00e1rio de pagamento. <\/p>\n","protected":false},"author":10,"featured_media":4508,"comment_status":"open","ping_status":"open","sticky":false,"template":"","format":"standard","meta":{"_acf_changed":false,"inline_featured_image":false,"yasr_overall_rating":0,"yasr_post_is_review":"","yasr_auto_insert_disabled":"","yasr_review_type":"","footnotes":""},"categories":[33],"tags":[156],"class_list":["post-4507","post","type-post","status-publish","format-standard","has-post-thumbnail","hentry","category-direitos-e-beneficios","tag-beneficios"],"acf":[],"yasr_visitor_votes":{"stars_attributes":{"read_only":false,"span_bottom":false},"number_of_votes":1,"sum_votes":5},"_links":{"self":[{"href":"https:\/\/www.acordocerto.com.br\/blog\/wp-json\/wp\/v2\/posts\/4507","targetHints":{"allow":["GET"]}}],"collection":[{"href":"https:\/\/www.acordocerto.com.br\/blog\/wp-json\/wp\/v2\/posts"}],"about":[{"href":"https:\/\/www.acordocerto.com.br\/blog\/wp-json\/wp\/v2\/types\/post"}],"author":[{"embeddable":true,"href":"https:\/\/www.acordocerto.com.br\/blog\/wp-json\/wp\/v2\/users\/10"}],"replies":[{"embeddable":true,"href":"https:\/\/www.acordocerto.com.br\/blog\/wp-json\/wp\/v2\/comments?post=4507"}],"version-history":[{"count":14,"href":"https:\/\/www.acordocerto.com.br\/blog\/wp-json\/wp\/v2\/posts\/4507\/revisions"}],"predecessor-version":[{"id":19814,"href":"https:\/\/www.acordocerto.com.br\/blog\/wp-json\/wp\/v2\/posts\/4507\/revisions\/19814"}],"wp:featuredmedia":[{"embeddable":true,"href":"https:\/\/www.acordocerto.com.br\/blog\/wp-json\/wp\/v2\/media\/4508"}],"wp:attachment":[{"href":"https:\/\/www.acordocerto.com.br\/blog\/wp-json\/wp\/v2\/media?parent=4507"}],"wp:term":[{"taxonomy":"category","embeddable":true,"href":"https:\/\/www.acordocerto.com.br\/blog\/wp-json\/wp\/v2\/categories?post=4507"},{"taxonomy":"post_tag","embeddable":true,"href":"https:\/\/www.acordocerto.com.br\/blog\/wp-json\/wp\/v2\/tags?post=4507"}],"curies":[{"name":"wp","href":"https:\/\/api.w.org\/{rel}","templated":true}]}}