{"id":551,"date":"2021-02-08T17:09:52","date_gmt":"2021-02-08T20:09:52","guid":{"rendered":"https:\/\/www.acordocerto.com.br\/passo-a-passo-declarar-o-imposto-de-renda\/"},"modified":"2024-12-23T19:26:21","modified_gmt":"2024-12-23T22:26:21","slug":"passo-a-passo-declarar-o-imposto-de-renda","status":"publish","type":"post","link":"https:\/\/www.acordocerto.com.br\/blog\/passo-a-passo-declarar-o-imposto-de-renda\/","title":{"rendered":"Como Declarar o Imposto de Renda 2025? Passo a Passo"},"content":{"rendered":"\n<p>Assim como pagar IPTU e IPVA, uma das obriga\u00e7\u00f5es financeiras que mais assombra as pessoas \u00e9 o ato de declarar o Imposto de Renda. Sempre que se aproxima a data de fazer a declara\u00e7\u00e3o, cresce a busca por tutoriais e dicas sobre como realizar o procedimento.<\/p>\n\n\n\n<div class=\"cta-btn-block\">\n  <a class=\"cta-btn\" href=\"https:\/\/app.acordocerto.com.br\/login?utm_source=blog&amp;utm_medium=acordocerto&amp;utm_term=cta-post\" target=\"_blank\">Consulte seu CPF<\/a>\n<\/div>\n\n\n\n<p>\u201cDeclarar o Imposto de Renda \u00e9 uma obriga\u00e7\u00e3o para <strong>todas as pessoas que ganharam mais de R$ 28.559,70 no ano anterior<\/strong>\u201d, explica a contadora Marin\u00eas Quadros. Por isso, se voc\u00ea teve uma lucratividade maior do que esse valor no \u00faltimo ano, fique atento e siga a leitura deste artigo.<\/p>\n\n\n\n\n\n<h2 class=\"wp-block-heading\">Obrigatoriedade para declarar o IR 2025<\/h2>\n\n\n\n<p>Veja a seguir as exig\u00eancias de declara\u00e7\u00e3o obrigat\u00f3ria para o Imposto de Renda em 2025.<\/p>\n\n\n\n<ol class=\"wp-block-list\">\n<li>Obteve renda tribut\u00e1vel em 2023 superior a R$ 28.559,70;<\/li>\n\n\n\n<li>Recebeu receita bruta rural em 2023 superior a R$ 142.798,50;<\/li>\n\n\n\n<li>Recebeu renda n\u00e3o tribut\u00e1vel em 2023 superior a R$ 40.000,00;<\/li>\n\n\n\n<li>Encerrou 2023 com patrim\u00f4nio superior a R$ 300.000,00;<\/li>\n\n\n\n<li>Recebeu Aux\u00edlio Emergencial em qualquer valor, e outro rendimento tribut\u00e1vel superior a R$ 22.847,76;<\/li>\n\n\n\n<li>Teve ganho de capital com venda de bens, realizou opera\u00e7\u00f5es na Bolsa de Valores ou pretende compensar preju\u00edzo com atividade rural.<\/li>\n<\/ol>\n\n\n\n<p><\/p>\n\n\n\n<h2 class=\"wp-block-heading\">Novidades para o IRPF em 2025<\/h2>\n\n\n\n<p>As mudan\u00e7as feitas no funcionamento do IR 2022 e 2023 ainda s\u00e3o v\u00e1lidas para o IR 2025.<\/p>\n\n\n\n<h3 class=\"wp-block-heading\">Prazo prorrogado para entregar a declara\u00e7\u00e3o do Imposto de Renda<\/h3>\n\n\n\n<p>O prazo oficial para a entrega do Imposto de Renda de Pessoa F\u00edsica \u00e9 de <strong>1 de mar\u00e7o a 31 de maio de 2025<\/strong>. Inicialmente, o prazo seria at\u00e9 31 de abril mas, por conta das dificuldades impostas pela pandemia, o prazo de entrega da declara\u00e7\u00e3o foi prorrogado.<\/p>\n\n\n\n<div class=\"cta-btn-block\">\n  <a class=\"cta-btn\" href=\"https:\/\/app.acordocerto.com.br\/login?utm_source=blog&amp;utm_medium=acordocerto&amp;utm_term=cta-post\" target=\"_blank\">Consulte seu CPF<\/a>\n<\/div>\n\n\n\n<p>Por\u00e9m, isso n\u00e3o implica no calend\u00e1rio de restitui\u00e7\u00e3o, que permanece o mesmo. Ser\u00e3o cinco lotes pagos entre 31 de maio e 30 de setembro.<\/p>\n\n\n\n<p>Vale destacar que quanto antes for enviada a sua declara\u00e7\u00e3o, mais cedo voc\u00ea dever\u00e1 receber os valores restitu\u00eddos.<\/p>\n\n\n\n<h3 class=\"wp-block-heading\">Aux\u00edlio Emergencial<\/h3>\n\n\n\n<p>Quem recebeu o <a href=\"https:\/\/www.acordocerto.com.br\/blog\/auxilio-emergencial-quem-tem-direito\/\" target=\"_blank\" data-type=\"URL\" data-id=\"https:\/\/www.acordocerto.com.br\/blog\/auxilio-emergencial-quem-tem-direito\/\" rel=\"noreferrer noopener\">Aux\u00edlio Emergencial<\/a> em 2021 deve considerar todos os valores como rendimentos tribut\u00e1veis, que devem ser declarados na ficha <strong>Rendimentos Recebidos de Pessoa Jur\u00eddica<\/strong>.<\/p>\n\n\n\n<p>O contribuinte que recebeu rendimentos tribut\u00e1veis em valor superior a R$ 22.847,76 em 2021 deve devolver os valores recebidos (por ele e seus dependentes) no Aux\u00edlio Emergencial \u00e0 Receita. Voc\u00ea pode ler mais sobre como realizar a declara\u00e7\u00e3o e a devolu\u00e7\u00e3o destes valores no <a href=\"https:\/\/www.gov.br\/cidadania\/pt-br\/servicos\/auxilio-emergencial\" target=\"_blank\" rel=\"noreferrer noopener\" data-type=\"URL\" data-id=\"http:\/\/bit.ly\/2NEYLJk\">site do Governo Federal<\/a>.<\/p>\n\n\n\n<h3 class=\"wp-block-heading\">Novo recurso: auto regulariza\u00e7\u00e3o das malhas fiscais<\/h3>\n\n\n\n<p>Uma das novidades v\u00e1lidas 2023 \u00e9 que, se o contribuinte cair na malha fina, poder\u00e1 acessar o <em>status <\/em>da sua situa\u00e7\u00e3o pelo <a href=\"https:\/\/cav.receita.fazenda.gov.br\/autenticacao\/login\" data-type=\"URL\" data-id=\"http:\/\/bit.ly\/3bGQ2yC\" target=\"_blank\" rel=\"noreferrer noopener\">site do ECAC<\/a> e visualizar por quais raz\u00f5es e motivos a sua declara\u00e7\u00e3o entrou em malha fina.<\/p>\n\n\n\n<p>O objetivo dessa facilidade \u00e9 que um numero maior de contribuintes regularize a situa\u00e7\u00e3o mais r\u00e1pido.<\/p>\n\n\n\n<h3 class=\"wp-block-heading\">Op\u00e7\u00e3o declara\u00e7\u00e3o pr\u00e9-preenchida<\/h3>\n\n\n\n<p>Chamada pelo Minist\u00e9rio da Economia de &#8220;declara\u00e7\u00e3o do futuro&#8221;, esta op\u00e7\u00e3o \u00e9 como se fosse um rascunho que pode ser sempre acessado pelo contribuinte. Ele pode acessar o pr\u00e9 preenchimento para compor a declara\u00e7\u00e3o, para futuramente complementar, se necess\u00e1rio, as informa\u00e7\u00f5es que ainda faltam.<\/p>\n\n\n\n<div class=\"cta-btn-block\">\n  <a class=\"cta-btn\" href=\"https:\/\/app.acordocerto.com.br\/login?utm_source=blog&amp;utm_medium=acordocerto&amp;utm_term=cta-post\" target=\"_blank\">Consulte seu CPF<\/a>\n<\/div>\n\n\n\n<p>Essa op\u00e7\u00e3o pode facilitar o processo de declara\u00e7\u00e3o ao contribuinte &#8211; op\u00e7\u00e3o que traz benef\u00edcios tanto aos contribuintes quanto \u00e0 Receita, em rela\u00e7\u00e3o \u00e0 redu\u00e7\u00e3o de poss\u00edveis erros.<\/p>\n\n\n\n<h2 class=\"wp-block-heading\">Benef\u00edcios de declarar o Imposto de Renda<\/h2>\n\n\n\n<p>Apesar de n\u00e3o ser uma obriga\u00e7\u00e3o, as pessoas que ganharam menos do que o teto estabelecido [R$ 28.559,70] tamb\u00e9m podem declarar o Imposto de Renda \u2014 isso porque alguns benef\u00edcios s\u00e3o obtidos por quem faz a declara\u00e7\u00e3o.<\/p>\n\n\n\n<p>\u201cQuem declara o Imposto de Renda pode pedir restitui\u00e7\u00e3o de valores posteriormente. Isso acontece porque as empresas ret\u00eam um valor para essa finalidade no sal\u00e1rio dos funcion\u00e1rios. Se a pessoa provar que seus ganhos, deduzidos das despesas, foram menores que o valor m\u00ednimo exigido para pagar os impostos, o governo retorna parte do dinheiro\u201d, comenta Marin\u00eas Quadros.<\/p>\n\n\n\n<p>A contadora tamb\u00e9m explica que a declara\u00e7\u00e3o de Imposto de Renda tamb\u00e9m ajuda os contribuintes a conseguirem emitir passaporte ou visto para realizar viagens internacionais.<\/p>\n\n\n\n<h2 class=\"wp-block-heading\">Passo a passo: veja como declarar o IR 2025<\/h2>\n\n\n\n<p>Perguntamos \u00e0 contadora Marin\u00eas sobre a forma como o Imposto de Renda deve ser declarado. Com base em sua explica\u00e7\u00e3o, criamos um passo a passo simples e objetivo. Confira a seguir!<\/p>\n\n\n\n<h3 class=\"wp-block-heading\">1\u00ba passo | Baixe o programa da Receita Federal<\/h3>\n\n\n\n<p>A primeira coisa que deve ser feita \u00e9 <strong>baixar o programa da Receita Federal<\/strong>. Voc\u00ea pode fazer isso no seu computador, <em>smartphone<\/em> ou <em>tablet<\/em>.<\/p>\n\n\n\n<div class=\"cta-btn-block\">\n  <a class=\"cta-btn\" href=\"https:\/\/app.acordocerto.com.br\/login?utm_source=blog&amp;utm_medium=acordocerto&amp;utm_term=cta-post\" target=\"_blank\">Consulte seu CPF<\/a>\n<\/div>\n\n\n\n<p>O download \u00e9 disponibilizado de forma gratuita no site da Receita Federal. Depois de baixar o programa, basta acess\u00e1-lo e dar continuidade ao processo.<\/p>\n\n\n\n<h3 class=\"wp-block-heading\">2\u00ba passo | Providencie a documenta\u00e7\u00e3o necess\u00e1ria<\/h3>\n\n\n\n<p>Antes de come\u00e7ar a declarar o Imposto de Renda, voc\u00ea precisa separar todos os documentos necess\u00e1rios para isso.<\/p>\n\n\n\n<p>Separe todos os informes de seus rendimentos, como extratos dos bancos em que voc\u00ea tem conta, investimentos e folhas de pagamento. Pegue tamb\u00e9m os seus documentos pessoais, como RG, <a href=\"https:\/\/www.acordocerto.com.br\/blog\/regularizar-o-cpf\/\" data-type=\"URL\" target=\"_blank\" rel=\"noreferrer noopener\">CPF<\/a> e t\u00edtulo de eleitor.<\/p>\n\n\n\n<h3 class=\"wp-block-heading\">3\u00ba passo | Selecione o tipo de declara\u00e7\u00e3o<\/h3>\n\n\n\n<p>Agora voc\u00ea deve escolher o <strong>tipo de declara\u00e7\u00e3o<\/strong> que precisa fazer. Caso seja a primeira vez que voc\u00ea est\u00e1 declarando, \u00e9 bem prov\u00e1vel que precise selecionar a \u201cDeclara\u00e7\u00e3o de Ajuste Anual\u201d.<\/p>\n\n\n\n<p>A outra op\u00e7\u00e3o, \u201cRetificadora\u201d \u00e9 para as pessoas que erraram algum dado nas declara\u00e7\u00f5es anteriores e precisam corrigir.<\/p>\n\n\n\n<h3 class=\"wp-block-heading\">4\u00ba passo | Informe os seus dados e os dos seus dependentes<\/h3>\n\n\n\n<p>Nesse momento voc\u00ea deve preencher todos os dados pessoais solicitados pelo programa, como o seu endere\u00e7o e n\u00famero dos documentos.<\/p>\n\n\n\n<div class=\"cta-btn-block\">\n  <a class=\"cta-btn\" href=\"https:\/\/app.acordocerto.com.br\/login?utm_source=blog&amp;utm_medium=acordocerto&amp;utm_term=cta-post\" target=\"_blank\">Consulte seu CPF<\/a>\n<\/div>\n\n\n\n<p>Caso tenha dependentes, tamb\u00e9m precisa preencher os dados dessas pessoas.<\/p>\n\n\n\n<h3 class=\"wp-block-heading\">5\u00ba passo | Informe os seus rendimentos<\/h3>\n\n\n\n<p>Agora voc\u00ea precisa informar todos os seus rendimentos, que precisam ser revisados cuidadosamente. \u00c9 necess\u00e1rio que eles batam com o que foi informado pela fonte pagadora, caso contr\u00e1rio voc\u00ea pode cair na malha fina do Imposto de Renda.<\/p>\n\n\n\n<p>Se voc\u00ea tiver rendimentos n\u00e3o tribut\u00e1veis como bolsas de estudos, isso deve ser informado em uma aba espec\u00edfica.<\/p>\n\n\n\n\n\n\n<h3 class=\"wp-block-heading\">6\u00ba passo | Informe os seus bens e direitos<\/h3>\n\n\n\n<p>Aqui voc\u00ea precisa informar os seus bens e direitos, que s\u00e3o os valores que voc\u00ea possui na conta corrente ou poupan\u00e7a, por exemplo.<\/p>\n\n\n\n<p>Tamb\u00e9m \u00e9 aqui que devem ser informados os im\u00f3veis e ve\u00edculos que est\u00e3o no seu nome, caso possua.<\/p>\n\n\n\n<h3 class=\"wp-block-heading\">7\u00ba passo | Informe as despesas dedut\u00edveis<\/h3>\n\n\n\n<p>Agora voc\u00ea deve informar as despesas dedut\u00edveis, que s\u00e3o pagamentos realizados e que podem ser deduzidos no valor que pagar\u00e1 no Imposto de Renda.<\/p>\n\n\n\n<p>S\u00e3o consideradas&nbsp;despesas dedut\u00edveis os gastos com tratamentos de sa\u00fade e educa\u00e7\u00e3o. Para isso, deve informar o CNPJ ou CPF do prestador desse servi\u00e7o no programa.<\/p>\n\n\n\n<h3 class=\"wp-block-heading\">8\u00ba passo | Verifique as pend\u00eancias<\/h3>\n\n\n\n<p>No programa da Receita Federal, h\u00e1 um campo chamado \u201cVerificar pend\u00eancias\u201d. Ele faz alertas no caso de voc\u00ea esquecer de preencher algo. Conv\u00e9m verificar isso antes de submeter a sua declara\u00e7\u00e3o.<\/p>\n\n\n\n<h3 class=\"wp-block-heading\">9\u00ba passo | Escolha o modelo de tributa\u00e7\u00e3o<\/h3>\n\n\n\n<p>Finalizada a declara\u00e7\u00e3o, voc\u00ea precisa escolher o modelo de tributa\u00e7\u00e3o, que pode ser o completo ou o simplificado.<\/p>\n\n\n\n<div class=\"cta-btn-block\">\n  <a class=\"cta-btn\" href=\"https:\/\/app.acordocerto.com.br\/login?utm_source=blog&amp;utm_medium=acordocerto&amp;utm_term=cta-post\" target=\"_blank\">Consulte seu CPF<\/a>\n<\/div>\n\n\n\n<p>O pr\u00f3prio programa mostra qual \u00e9 a op\u00e7\u00e3o mais vantajosa para o seu caso, de acordo com as informa\u00e7\u00f5es apresentadas.<\/p>\n\n\n\n<h3 class=\"wp-block-heading\">10\u00ba passo | Informe a sua conta para restitui\u00e7\u00e3o<\/h3>\n\n\n\n<p>Depois disso, voc\u00ea precisa informar uma conta banc\u00e1ria no seu nome para que a Receita possa fazer a restitui\u00e7\u00e3o, caso voc\u00ea tenha direito.<\/p>\n\n\n\n<h3 class=\"wp-block-heading\">11\u00ba passo | Envie a declara\u00e7\u00e3o<\/h3>\n\n\n\n<p>Pronto! Sua declara\u00e7\u00e3o foi realizada e agora voc\u00ea s\u00f3 precisa clicar em \u201cOk\u201d para fazer o envio.&nbsp;<\/p>\n\n\n\n<p>Ainda n\u00e3o foi divulgado oficialmente, mas \u00e9 bem prov\u00e1vel que o prazo para declarar o Imposto de Renda, em 2021, seja entre 1\u00ba de mar\u00e7o e 30 de abril.<\/p>\n\n\n\n<h2 class=\"wp-block-heading\">Calend\u00e1rio de restitui\u00e7\u00e3o do IRPF 2025<\/h2>\n\n\n\n<p>Confira as datas oficiais para 2025:<\/p>\n\n\n\n<ul class=\"wp-block-list\">\n<li>1\u00ba lote &#8211; 31 de maio de 2025;<\/li>\n\n\n\n<li>2\u00ba lote &#8211; 30 de junho de 2025;<\/li>\n\n\n\n<li>3\u00ba lote &#8211; 29 de julho de 2025;<\/li>\n\n\n\n<li>4\u00ba lote &#8211; 31 de agosto de 2025;<\/li>\n\n\n\n<li>5\u00ba lote &#8211; 30 de setembro de 2025;<\/li>\n<\/ul>\n\n\n\n<p><\/p>\n\n\n\n<h2 class=\"wp-block-heading\">Como declarar d\u00edvidas no IR 2025<\/h2>\n\n\n\n<p>Todos os contribuintes com empr\u00e9stimo pessoal, financiamento ou saldo negativo na conta corrente (e com valores acima de R$ 5 mil), devem informar essas d\u00edvidas em sua declara\u00e7\u00e3o anual.<\/p>\n\n\n\n<div class=\"cta-btn-block\">\n  <a class=\"cta-btn\" href=\"https:\/\/app.acordocerto.com.br\/login?utm_source=blog&amp;utm_medium=acordocerto&amp;utm_term=cta-post\" target=\"_blank\">Consulte seu CPF<\/a>\n<\/div>\n\n\n\n<p>A inclus\u00e3o deve ser feita na <strong>aba \u201cD\u00edvidas e \u00d4nus\u201d<\/strong> do programa da Receita Federal. A declara\u00e7\u00e3o das d\u00edvidas deve ser feita separadamente, mesmo havendo mais de um d\u00e9bito com o mesmo banco. Veja todos os detalhes no nosso artigo que explica <a href=\"https:\/\/www.acordocerto.com.br\/blog\/como-declarar-dividas-no-imposto-de-renda\/\" target=\"_blank\" data-type=\"URL\" data-id=\"https:\/\/www.acordocerto.com.br\/blog\/como-declarar-dividas-no-imposto-de-renda\/\" rel=\"noreferrer noopener\">como declarar d\u00edvidas no Imposto de Renda<\/a>.<\/p>\n\n\n\n<p>Quer quitar suas d\u00edvidas e limpar seu nome de uma vez por todas? Acesse <a href=\"https:\/\/www.acordocerto.com.br\/\" target=\"_blank\" rel=\"noreferrer noopener\">nosso site<\/a> e consulte os acordos dispon\u00edveis para voc\u00ea! \u00c9 r\u00e1pido, f\u00e1cil e seguro. \ud83d\ude42<\/p>\n\n\n<ul class=\"wp-block-latest-posts__list wp-block-latest-posts\"><li><a class=\"wp-block-latest-posts__post-title\" href=\"https:\/\/www.acordocerto.com.br\/blog\/feirao-de-negociacao-de-dividas-em-campinas\/\">Feir\u00e3o de Negocia\u00e7\u00e3o de D\u00edvidas em Campinas: descubra como renegociar seus d\u00e9bitos com condi\u00e7\u00f5es facilitadas<\/a><\/li>\n<li><a class=\"wp-block-latest-posts__post-title\" href=\"https:\/\/www.acordocerto.com.br\/blog\/juros-abusivos\/\">Juros abusivos: como calcular e identificar quando uma cobran\u00e7a \u00e9 ilegal<\/a><\/li>\n<li><a class=\"wp-block-latest-posts__post-title\" href=\"https:\/\/www.acordocerto.com.br\/blog\/divida-caduca\/\">D\u00edvida Caduca: Como Funciona e o Que Acontece com Sua Pend\u00eancia<\/a><\/li>\n<li><a class=\"wp-block-latest-posts__post-title\" href=\"https:\/\/www.acordocerto.com.br\/blog\/inteligencia-artificial-para-financas-pessoais\/\">Intelig\u00eancia Artificial para finan\u00e7as pessoais: seu novo aliado para organizar e otimizar o dinheiro!<\/a><\/li>\n<li><a class=\"wp-block-latest-posts__post-title\" href=\"https:\/\/www.acordocerto.com.br\/blog\/ia-para-financas\/\">IA para Finan\u00e7as: um guia pr\u00e1tico para organizar gastos, planejar e investir com Intelig\u00eancia Artificial<\/a><\/li>\n<\/ul>\n\n\t\t<div class=\"web-stories-list alignnone is-view-type-grid columns-2 is-style-default\" data-id=\"1\">\n\t\t\t<div class=\"web-stories-list__inner-wrapper\" style=\"\">\n\t\t\t\t\t\t\t<div\n\t\t\t\tclass=\"web-stories-list__story\"\n\t\t\t\tdata-wp-interactive=\"web-stories-block\"\n\t\t\t\tdata-wp-context='{\"instanceId\":1}'\t\t\t\tdata-wp-on--click=\"actions.open\"\n\t\t\t\tdata-wp-on-window--popstate=\"actions.onPopstate\"\n\t\t\t\t>\n\t\t\t\t\t\t\t<div class=\"web-stories-list__story-poster\">\n\t\t\t\t<a href=\"https:\/\/www.acordocerto.com.br\/blog\/web-stories\/calendario-bolsa-familia-novembro\/\">\n\t\t\t\t\t<img\n\t\t\t\t\t\tsrc=\"https:\/\/www.acordocerto.com.br\/blog\/wp-content\/uploads\/2023\/07\/cropped-Calendario-bolsa-familia-agosto-2023.jpg\"\n\t\t\t\t\t\talt=\"Calend\u00e1rio Bolsa Fam\u00edlia Novembro 2024\"\n\t\t\t\t\t\twidth=\"185\"\n\t\t\t\t\t\theight=\"308\"\n\t\t\t\t\t\t\t\t\t\t\t\t\tsrcset=\"https:\/\/www.acordocerto.com.br\/blog\/wp-content\/uploads\/2023\/07\/cropped-Calendario-bolsa-familia-agosto-2023.jpg 640w, https:\/\/www.acordocerto.com.br\/blog\/wp-content\/uploads\/2023\/07\/cropped-Calendario-bolsa-familia-agosto-2023-150x200.jpg 150w\"\n\t\t\t\t\t\t\t\t\t\t\t\t\t\t\t\t\t\t\tsizes=\"auto, (max-width: 640px) 100vw, 640px\"\n\t\t\t\t\t\t\t\t\t\t\t\tloading=\"lazy\"\n\t\t\t\t\t\tdecoding=\"async\"\n\t\t\t\t\t>\n\t\t\t\t<\/a>\n\t\t\t<\/div>\n\t\t\t\t\t<div class=\"web-stories-list__story-content-overlay\">\n\t\t\t\t\t\t\t<div class=\"story-content-overlay__title\">\n\t\t\t\t\tCalend\u00e1rio Bolsa Fam\u00edlia Novembro 2024\t\t\t\t<\/div>\n\t\t\t\n\t\t\t\n\t\t\t\n\t\t\t\t\t<\/div>\n\t\t\t\t\t<\/div>\n\t\t\t\t\t\t<div\n\t\t\t\tclass=\"web-stories-list__story\"\n\t\t\t\tdata-wp-interactive=\"web-stories-block\"\n\t\t\t\tdata-wp-context='{\"instanceId\":1}'\t\t\t\tdata-wp-on--click=\"actions.open\"\n\t\t\t\tdata-wp-on-window--popstate=\"actions.onPopstate\"\n\t\t\t\t>\n\t\t\t\t\t\t\t<div class=\"web-stories-list__story-poster\">\n\t\t\t\t<a href=\"https:\/\/www.acordocerto.com.br\/blog\/web-stories\/quanto-rebeca-andrade-pagara-de-imposto\/\">\n\t\t\t\t\t<img\n\t\t\t\t\t\tsrc=\"https:\/\/www.acordocerto.com.br\/blog\/wp-content\/uploads\/2024\/08\/cropped-644541144-4509353-quanto-rebeca-andrade-ja-faturou-com-med-1400x823-2.webp\"\n\t\t\t\t\t\talt=\"Quanto Rebeca Andrade pagar\u00e1 de imposto por suas medalhas?\"\n\t\t\t\t\t\twidth=\"185\"\n\t\t\t\t\t\theight=\"308\"\n\t\t\t\t\t\t\t\t\t\t\t\t\tsrcset=\"https:\/\/www.acordocerto.com.br\/blog\/wp-content\/uploads\/2024\/08\/cropped-644541144-4509353-quanto-rebeca-andrade-ja-faturou-com-med-1400x823-2.webp 640w, https:\/\/www.acordocerto.com.br\/blog\/wp-content\/uploads\/2024\/08\/cropped-644541144-4509353-quanto-rebeca-andrade-ja-faturou-com-med-1400x823-2-150x200.webp 150w\"\n\t\t\t\t\t\t\t\t\t\t\t\t\t\t\t\t\t\t\tsizes=\"auto, (max-width: 640px) 100vw, 640px\"\n\t\t\t\t\t\t\t\t\t\t\t\tloading=\"lazy\"\n\t\t\t\t\t\tdecoding=\"async\"\n\t\t\t\t\t>\n\t\t\t\t<\/a>\n\t\t\t<\/div>\n\t\t\t\t\t<div class=\"web-stories-list__story-content-overlay\">\n\t\t\t\t\t\t\t<div class=\"story-content-overlay__title\">\n\t\t\t\t\tQuanto Rebeca Andrade pagar\u00e1 de imposto por suas medalhas?\t\t\t\t<\/div>\n\t\t\t\n\t\t\t\n\t\t\t\n\t\t\t\t\t<\/div>\n\t\t\t\t\t<\/div>\n\t\t\t\t\t\t<div\n\t\t\t\tclass=\"web-stories-list__story\"\n\t\t\t\tdata-wp-interactive=\"web-stories-block\"\n\t\t\t\tdata-wp-context='{\"instanceId\":1}'\t\t\t\tdata-wp-on--click=\"actions.open\"\n\t\t\t\tdata-wp-on-window--popstate=\"actions.onPopstate\"\n\t\t\t\t>\n\t\t\t\t\t\t\t<div class=\"web-stories-list__story-poster\">\n\t\t\t\t<a href=\"https:\/\/www.acordocerto.com.br\/blog\/web-stories\/simone-biles-e-influencers-brasileiras\/\">\n\t\t\t\t\t<img\n\t\t\t\t\t\tsrc=\"https:\/\/www.acordocerto.com.br\/blog\/wp-content\/uploads\/2024\/08\/cropped-simone-biles-medalha-de-ouro-olimpiada-e1722382998736.webp\"\n\t\t\t\t\t\talt=\"Simone Biles versus Influencers Brasileiras: Quem ganha mais?\"\n\t\t\t\t\t\twidth=\"185\"\n\t\t\t\t\t\theight=\"308\"\n\t\t\t\t\t\t\t\t\t\t\t\t\tsrcset=\"https:\/\/www.acordocerto.com.br\/blog\/wp-content\/uploads\/2024\/08\/cropped-simone-biles-medalha-de-ouro-olimpiada-e1722382998736.webp 640w, https:\/\/www.acordocerto.com.br\/blog\/wp-content\/uploads\/2024\/08\/cropped-simone-biles-medalha-de-ouro-olimpiada-e1722382998736-150x200.webp 150w\"\n\t\t\t\t\t\t\t\t\t\t\t\t\t\t\t\t\t\t\tsizes=\"auto, (max-width: 640px) 100vw, 640px\"\n\t\t\t\t\t\t\t\t\t\t\t\tloading=\"lazy\"\n\t\t\t\t\t\tdecoding=\"async\"\n\t\t\t\t\t>\n\t\t\t\t<\/a>\n\t\t\t<\/div>\n\t\t\t\t\t<div class=\"web-stories-list__story-content-overlay\">\n\t\t\t\t\t\t\t<div class=\"story-content-overlay__title\">\n\t\t\t\t\tSimone Biles versus Influencers Brasileiras: Quem ganha mais?\t\t\t\t<\/div>\n\t\t\t\n\t\t\t\n\t\t\t\n\t\t\t\t\t<\/div>\n\t\t\t\t\t<\/div>\n\t\t\t\t\t\t<div\n\t\t\t\tclass=\"web-stories-list__story\"\n\t\t\t\tdata-wp-interactive=\"web-stories-block\"\n\t\t\t\tdata-wp-context='{\"instanceId\":1}'\t\t\t\tdata-wp-on--click=\"actions.open\"\n\t\t\t\tdata-wp-on-window--popstate=\"actions.onPopstate\"\n\t\t\t\t>\n\t\t\t\t\t\t\t<div class=\"web-stories-list__story-poster\">\n\t\t\t\t<a href=\"https:\/\/www.acordocerto.com.br\/blog\/web-stories\/5-habitos-faceis-para-economizar-no-dia-a-dia\/\">\n\t\t\t\t\t<img\n\t\t\t\t\t\tsrc=\"https:\/\/www.acordocerto.com.br\/blog\/wp-content\/uploads\/2023\/08\/cropped-nubelson-fernandes-rfoH17_F7F8-unsplash-scaled-1.jpg\"\n\t\t\t\t\t\talt=\"5 H\u00e1bitos F\u00e1ceis para Economizar no Dia a Dia!\"\n\t\t\t\t\t\twidth=\"185\"\n\t\t\t\t\t\theight=\"308\"\n\t\t\t\t\t\t\t\t\t\t\t\t\tsrcset=\"https:\/\/www.acordocerto.com.br\/blog\/wp-content\/uploads\/2023\/08\/cropped-nubelson-fernandes-rfoH17_F7F8-unsplash-scaled-1.jpg 640w, https:\/\/www.acordocerto.com.br\/blog\/wp-content\/uploads\/2023\/08\/cropped-nubelson-fernandes-rfoH17_F7F8-unsplash-scaled-1-150x200.jpg 150w\"\n\t\t\t\t\t\t\t\t\t\t\t\t\t\t\t\t\t\t\tsizes=\"auto, (max-width: 640px) 100vw, 640px\"\n\t\t\t\t\t\t\t\t\t\t\t\tloading=\"lazy\"\n\t\t\t\t\t\tdecoding=\"async\"\n\t\t\t\t\t>\n\t\t\t\t<\/a>\n\t\t\t<\/div>\n\t\t\t\t\t<div class=\"web-stories-list__story-content-overlay\">\n\t\t\t\t\t\t\t<div class=\"story-content-overlay__title\">\n\t\t\t\t\t5 H\u00e1bitos F\u00e1ceis para Economizar no Dia a Dia!\t\t\t\t<\/div>\n\t\t\t\n\t\t\t\n\t\t\t\n\t\t\t\t\t<\/div>\n\t\t\t\t\t<\/div>\n\t\t\t\t\t\t<div\n\t\t\t\tclass=\"web-stories-list__story\"\n\t\t\t\tdata-wp-interactive=\"web-stories-block\"\n\t\t\t\tdata-wp-context='{\"instanceId\":1}'\t\t\t\tdata-wp-on--click=\"actions.open\"\n\t\t\t\tdata-wp-on-window--popstate=\"actions.onPopstate\"\n\t\t\t\t>\n\t\t\t\t\t\t\t<div class=\"web-stories-list__story-poster\">\n\t\t\t\t<a href=\"https:\/\/www.acordocerto.com.br\/blog\/web-stories\/afinal-quanto-o-futebol-solidario-arrecadou\/\">\n\t\t\t\t\t<img\n\t\t\t\t\t\tsrc=\"https:\/\/www.acordocerto.com.br\/blog\/wp-content\/uploads\/2024\/05\/cropped-futebol-solidario-2.jpg\"\n\t\t\t\t\t\talt=\"Afinal, quanto o Futebol Solid\u00e1rio arrecadou?\"\n\t\t\t\t\t\twidth=\"185\"\n\t\t\t\t\t\theight=\"308\"\n\t\t\t\t\t\t\t\t\t\t\t\t\tsrcset=\"https:\/\/www.acordocerto.com.br\/blog\/wp-content\/uploads\/2024\/05\/cropped-futebol-solidario-2.jpg 640w, https:\/\/www.acordocerto.com.br\/blog\/wp-content\/uploads\/2024\/05\/cropped-futebol-solidario-2-150x200.jpg 150w\"\n\t\t\t\t\t\t\t\t\t\t\t\t\t\t\t\t\t\t\tsizes=\"auto, (max-width: 640px) 100vw, 640px\"\n\t\t\t\t\t\t\t\t\t\t\t\tloading=\"lazy\"\n\t\t\t\t\t\tdecoding=\"async\"\n\t\t\t\t\t>\n\t\t\t\t<\/a>\n\t\t\t<\/div>\n\t\t\t\t\t<div class=\"web-stories-list__story-content-overlay\">\n\t\t\t\t\t\t\t<div class=\"story-content-overlay__title\">\n\t\t\t\t\tAfinal, quanto o Futebol Solid\u00e1rio arrecadou?\t\t\t\t<\/div>\n\t\t\t\n\t\t\t\n\t\t\t\n\t\t\t\t\t<\/div>\n\t\t\t\t\t<\/div>\n\t\t\t\t\t\t<\/div>\n\t\t<\/div>\n\t\t\n\n\n<p><strong>FAQ: Perguntas frequentes<\/strong><\/p>\n\n\n<div id=\"rank-math-faq\" class=\"rank-math-block\">\n<div class=\"rank-math-list \">\n<div id=\"faq-question-1703189444284\" class=\"rank-math-list-item\">\n<h3 class=\"rank-math-question \">Quando \u00e9 a declara\u00e7\u00e3o de Imposto de Renda 2025?<\/h3>\n<div class=\"rank-math-answer \">\n\n<p>Todos aqueles que s\u00e3o contribuintes poder\u00e3o entregar suas declara\u00e7\u00f5es do imposto de renda entre os meses de mar\u00e7o e abril de 2025. <\/p>\n\n<\/div>\n<\/div>\n<\/div>\n<\/div><div style='text-align:center' class='yasr-auto-insert-visitor'><\/div>","protected":false},"excerpt":{"rendered":"<p>Confira o passo a passo simples e objetivo sobre como declarar o Imposto de Renda. Esclare\u00e7a suas d\u00favidas para fazer sua declara\u00e7\u00e3o em 2025.<\/p>\n","protected":false},"author":2,"featured_media":14998,"comment_status":"open","ping_status":"open","sticky":false,"template":"","format":"standard","meta":{"_acf_changed":false,"inline_featured_image":false,"yasr_overall_rating":0,"yasr_post_is_review":"","yasr_auto_insert_disabled":"","yasr_review_type":"","footnotes":""},"categories":[20],"tags":[635],"class_list":["post-551","post","type-post","status-publish","format-standard","has-post-thumbnail","hentry","category-imposto-de-renda","tag-educacao-financeira"],"acf":[],"yasr_visitor_votes":{"stars_attributes":{"read_only":false,"span_bottom":false},"number_of_votes":36,"sum_votes":155},"_links":{"self":[{"href":"https:\/\/www.acordocerto.com.br\/blog\/wp-json\/wp\/v2\/posts\/551","targetHints":{"allow":["GET"]}}],"collection":[{"href":"https:\/\/www.acordocerto.com.br\/blog\/wp-json\/wp\/v2\/posts"}],"about":[{"href":"https:\/\/www.acordocerto.com.br\/blog\/wp-json\/wp\/v2\/types\/post"}],"author":[{"embeddable":true,"href":"https:\/\/www.acordocerto.com.br\/blog\/wp-json\/wp\/v2\/users\/2"}],"replies":[{"embeddable":true,"href":"https:\/\/www.acordocerto.com.br\/blog\/wp-json\/wp\/v2\/comments?post=551"}],"version-history":[{"count":27,"href":"https:\/\/www.acordocerto.com.br\/blog\/wp-json\/wp\/v2\/posts\/551\/revisions"}],"predecessor-version":[{"id":19114,"href":"https:\/\/www.acordocerto.com.br\/blog\/wp-json\/wp\/v2\/posts\/551\/revisions\/19114"}],"wp:featuredmedia":[{"embeddable":true,"href":"https:\/\/www.acordocerto.com.br\/blog\/wp-json\/wp\/v2\/media\/14998"}],"wp:attachment":[{"href":"https:\/\/www.acordocerto.com.br\/blog\/wp-json\/wp\/v2\/media?parent=551"}],"wp:term":[{"taxonomy":"category","embeddable":true,"href":"https:\/\/www.acordocerto.com.br\/blog\/wp-json\/wp\/v2\/categories?post=551"},{"taxonomy":"post_tag","embeddable":true,"href":"https:\/\/www.acordocerto.com.br\/blog\/wp-json\/wp\/v2\/tags?post=551"}],"curies":[{"name":"wp","href":"https:\/\/api.w.org\/{rel}","templated":true}]}}