{"id":7058,"date":"2023-01-13T12:18:33","date_gmt":"2023-01-13T15:18:33","guid":{"rendered":"https:\/\/www.acordocerto.com.br\/?p=7058"},"modified":"2026-04-06T17:38:58","modified_gmt":"2026-04-06T20:38:58","slug":"consulta-vale-gas-pelo-cpf","status":"publish","type":"post","link":"https:\/\/www.acordocerto.com.br\/blog\/consulta-vale-gas-pelo-cpf\/","title":{"rendered":"Consulta Vale G\u00e1s pelo CPF: como conferir seu cadastro\u00a0"},"content":{"rendered":"\n<p>Voc\u00ea com certeza j\u00e1 ouviu falar sobre o \u201cretorno do Vale G\u00e1s\u201d ou \u201cnovo calend\u00e1rio do Aux\u00edlio G\u00e1s\u201d em p\u00e1ginas de not\u00edcias sobre o Governo, certo?&nbsp;<\/p>\n\n\n\n<p>Este \u00e9 mais um dos benef\u00edcios que ajudam fam\u00edlias de baixa renda, e tem como objetivo auxiliar na compra do botij\u00e3o de g\u00e1s de cozinha (GLP 13 kg), que serve justamente para o preparo da alimenta\u00e7\u00e3o dessas fam\u00edlias.&nbsp;&nbsp;<\/p>\n\n\n\n<article class=\"cpf-form\">\n\t<div class=\"cpf-form__tag\">\n\t\t<img decoding=\"async\" src=\"https:\/\/www.acordocerto.com.br\/blog\/wp-content\/themes\/temaacordocerto\/assets\/img\/icons\/users.svg\" \/>\n\t\t\t<\/div>\n\t<h2 class=\"cpf-form__title\">Consulte seu CPF<\/h2>\n\n\t<form class=\"cpf-form__content\" id=\"cpf-form\">\n\t\t<div class=\"cpf-form__content-input-holder\">\n\t\t\t<input class=\"cpf-form__content-input\" id=\"cpf-input\" name=\"cpf\" type=\"text\" placeholder=\"Digite seu CPF\" required \/>\n\t\t\t<div class=\"cpf-form__error-message\" id=\"cpf-error-message\">\n\t\t\t\tOps, CPF inv\u00e1lido.\n\t\t\t<\/div>\n\t\t<\/div>\n\t\t<input class=\"cpf-form__content-button\" id=\"cpf-submit\" type=\"submit\" value=\"Consultar CPF Gr\u00e1tis\" \/>\n\t<\/form>\n<\/article>\n\n<script src=\"https:\/\/cdn.jsdelivr.net\/npm\/imask@6.4.0\/dist\/imask.min.js\"><\/script>\n\n<script>\n\twindow.cpRedline = window.cpRedline || {\n\t\ttrack: function(eventName, payload) {\n\t\t\tconsole.log('[TRACK DEBUG]', eventName, payload);\n\t\t}\n\t};\n\n\tfunction validateCPF(cpf) {\n\t\tcpf = cpf.replace(\/\\D\/g, '');\n\n\t\tif (!cpf || cpf.length !== 11) return false;\n\n\t\tif (\/^(\\d)\\1+$\/.test(cpf)) return false;\n\n\t\tlet sum = 0;\n\t\tlet rest;\n\n\t\tfor (let i = 1; i <= 9; i++)\n\t\t\tsum += parseInt(cpf.substring(i - 1, i)) * (11 - i);\n\n\t\trest = (sum * 10) % 11;\n\t\tif (rest === 10 || rest === 11) rest = 0;\n\t\tif (rest !== parseInt(cpf.substring(9, 10))) return false;\n\n\t\tsum = 0;\n\t\tfor (let i = 1; i <= 10; i++)\n\t\t\tsum += parseInt(cpf.substring(i - 1, i)) * (12 - i);\n\n\t\trest = (sum * 10) % 11;\n\t\tif (rest === 10 || rest === 11) rest = 0;\n\t\tif (rest !== parseInt(cpf.substring(10, 11))) return false;\n\n\t\treturn true;\n\t}\n\n\tconst cpfInput = document.getElementById('cpf-input');\n\tconst cpfForm = document.getElementById('cpf-form');\n\tconst submitButton = document.getElementById('cpf-submit');\n\tconst cpfErrorMessage = document.getElementById('cpf-error-message');\n\n\tIMask(cpfInput, {\n\t\tmask: '000.000.000-00'\n\t});\n\n\tfunction showCPFError() {\n\t\tcpfInput.classList.add('cpf-form__content-input--error');\n\t\tsubmitButton.classList.add('cpf-form__content-button--disabled');\n\t\tsubmitButton.disabled = true;\n\t\tcpfErrorMessage.style.display = 'block';\n\t}\n\n\tfunction clearCPFError() {\n\t\tcpfInput.classList.remove('cpf-form__content-input--error');\n\t\tsubmitButton.classList.remove('cpf-form__content-button--disabled');\n\t\tsubmitButton.disabled = false;\n\t\tcpfErrorMessage.style.display = 'none';\n\t}\n\n\tcpfInput.addEventListener('input', () => {\n\t\tif (validateCPF(cpfInput.value)) {\n\t\t\tclearCPFError();\n\t\t}\n\t});\n\n\tcpfForm.addEventListener('submit', function(event) {\n\t\tevent.preventDefault();\n\n\t\tconst cpf = cpfInput.value;\n\n\t\tif (!validateCPF(cpf)) {\n\t\t\tshowCPFError();\n\n\t\t\tif (window.cpRedline?.track) {\n\t\t\t\twindow.cpRedline.track('userTracking.ElementViewed.v1', {\n\t\t\t\t\twebElement: {\n\t\t\t\t\t\tname: 'CPF inv\u00e1lido',\n\t\t\t\t\t\telementType: 'content',\n\t\t\t\t\t\ttext: 'Ops, CPF inv\u00e1lido. Por favor, confira os d\u00edgitos do seu CPF e tente novamente.',\n\t\t\t\t\t\tlocation: window.location.href,\n\t\t\t\t\t}\n\t\t\t\t});\n\t\t\t}\n\n\t\t\treturn;\n\t\t}\n\n\t\tclearCPFError();\n\n\t\tconst cleanCpf = cpf.replace(\/\\D\/g, '');\n\t\tconst encodedCpf = btoa(cleanCpf);\n\t\tconst url = 'https:\/\/app.acordocerto.com.br\/login?c=' + encodeURIComponent(encodedCpf);\n\n\t\twindow.location.href = url;\n\t});\n<\/script>\n\n\n<p>E como o ano j\u00e1 virou, nada melhor do que acompanhar as pr\u00f3ximas datas de pagamento deste benef\u00edcio, quem tem direito, como fazer uma consulta Vale G\u00e1s pelo CPF e como se inscrever para receber o dinheiro a cada dois meses. Descubra TUDO a seguir!&nbsp;<\/p>\n\n\n\n\n\n<h2 class=\"wp-block-heading\"><strong>O que \u00e9 o Vale G\u00e1s?<\/strong><\/h2>\n\n\n\n<figure class=\"wp-block-embed is-type-video is-provider-youtube wp-block-embed-youtube wp-embed-aspect-16-9 wp-has-aspect-ratio\"><div class=\"wp-block-embed__wrapper\">\n<iframe title=\"G\u00e1s do Povo em 2026: Veja o Passo a Passo para Liberar seu Benef\u00edcio no App! - Acordo Certo\" width=\"500\" height=\"281\" src=\"https:\/\/www.youtube.com\/embed\/KcmoGGCutWk?feature=oembed\" frameborder=\"0\" allow=\"accelerometer; autoplay; clipboard-write; encrypted-media; gyroscope; picture-in-picture; web-share\" referrerpolicy=\"strict-origin-when-cross-origin\" allowfullscreen><\/iframe>\n<\/div><\/figure>\n\n\n\n<p>O Vale G\u00e1s, ou Aux\u00edlio G\u00e1s dos Brasileiros, \u00e9 um programa de benef\u00edcio que ajuda as fam\u00edlias de baixa renda do pa\u00eds a comprarem o g\u00e1s de cozinha, a cada dois meses.&nbsp;&nbsp;<\/p>\n\n\n\n<div class=\"cta-btn-block\">\n  <a class=\"cta-btn\" href=\"https:\/\/app.acordocerto.com.br\/login?utm_source=blog&amp;utm_medium=acordocerto&amp;utm_term=cta-post\" target=\"_blank\">Consulte seu CPF<\/a>\n<\/div>\n\n\n\n<p>Conhe\u00e7a fatos e informa\u00e7\u00f5es importantes sobre o Vale G\u00e1s:&nbsp;<\/p>\n\n\n\n<ul class=\"wp-block-list\">\n<li>Quem faz os pagamentos deste aux\u00edlio \u00e9 a CAIXA Econ\u00f4mica Federal&nbsp;<\/li>\n\n\n\n<li>\u00c9 o Minist\u00e9rio da Cidadania que \u00e9 respons\u00e1vel por administrar os recursos do programa&nbsp;<\/li>\n\n\n\n<li>\u00c9 a <a href=\"https:\/\/www.planalto.gov.br\/ccivil_03\/_ato2019-2022\/2021\/lei\/L14237.htm\" target=\"_blank\" rel=\"noreferrer noopener\">Lei n\u00ba 14.237<\/a>, de 19 de novembro de 2021, que guia as regras do programa&nbsp;&nbsp;<\/li>\n<\/ul>\n\n\n\n<p><\/p>\n\n\n\n<p>De acordo com dados do site oficial do Vale G\u00e1s, j\u00e1 s\u00e3o mais de 2 milh\u00f5es de pessoas beneficiadas pelo programa, o que equivale a 420 mil fam\u00edlias.&nbsp;&nbsp;<\/p>\n\n\n\n<p>Veja tamb\u00e9m: <a href=\"https:\/\/www.acordocerto.com.br\/blog\/cnh-social\/\" target=\"_blank\" rel=\"noreferrer noopener\">CNH Social: Saiba o que \u00e9, como se inscrever e quem tem direito \u00e0 CNH gratuita<\/a><\/p>\n\n\n\n<h2 class=\"wp-block-heading\"><strong>Quem tem direito ao Vale G\u00e1s<\/strong><\/h2>\n\n\n\n<p>Fam\u00edlias de baixa renda que j\u00e1 est\u00e3o inscritas no Cad\u00danico s\u00e3o aquelas que tem direito a receber o Vale G\u00e1s.&nbsp;&nbsp;<\/p>\n\n\n\n<p>De toda forma, \u00e9 preciso se enquadrar em mais alguns benef\u00edcios para poder receber o aux\u00edlio financeiro do programa social, como:&nbsp;&nbsp;&nbsp;<\/p>\n\n\n\n<ol class=\"wp-block-list\">\n<li>Ter a inscri\u00e7\u00e3o ativa no <a href=\"https:\/\/www.acordocerto.com.br\/blog\/o-que-e-cadastro-unico\/\" target=\"_blank\" rel=\"noreferrer noopener\">Cadastro \u00danico (Cad\u00danico)<\/a><\/li>\n\n\n\n<li>Ter <a href=\"https:\/\/www.acordocerto.com.br\/blog\/renda-familiar-per-capita\/\" target=\"_blank\" rel=\"noreferrer noopener\">renda familiar per capita<\/a> de at\u00e9 meio <a href=\"https:\/\/www.acordocerto.com.br\/blog\/salario-minimo\/\" target=\"_blank\" rel=\"noreferrer noopener\">sal\u00e1rio-m\u00ednimo<\/a> ou ter a renda total da fam\u00edlia de at\u00e9 3 sal\u00e1rios-m\u00ednimos&nbsp;<\/li>\n\n\n\n<li>J\u00e1 ser benefici\u00e1rio de outros benef\u00edcios do Governo, como o<a href=\"https:\/\/www.acordocerto.com.br\/blog\/consultar-bolsa-familia-pelo-cpf\/\" target=\"_blank\" rel=\"noreferrer noopener\"> Bolsa Fam\u00edlia<\/a>, Aux\u00edlio Brasil ou <a href=\"https:\/\/www.acordocerto.com.br\/blog\/beneficio-de-prestacao-continuada\/\" target=\"_blank\" rel=\"noreferrer noopener\">Benef\u00edcio de Presta\u00e7\u00e3o Continuada<\/a> (BPC)&nbsp;<\/li>\n\n\n\n<li>Ser uma mulher que \u00e9 a chefe de fam\u00edlia e que foi v\u00edtima de viol\u00eancia dom\u00e9stica: inclusive, elas t\u00eam atendimento preferencial e recebem o Vale G\u00e1s com prioridade&nbsp;<\/li>\n<\/ol>\n\n\n\n<p><\/p>\n\n\n\n<p>\u00c9 importante dizer que se voc\u00ea j\u00e1 recebe o <a href=\"https:\/\/www.acordocerto.com.br\/blog\/auxilio-brasil\/\" target=\"_blank\" rel=\"noreferrer noopener\">Aux\u00edlio Brasil<\/a>, ou se j\u00e1 tem o Cadastro \u00danico, isso n\u00e3o quer dizer que voc\u00ea j\u00e1 ter\u00e1 o Vale G\u00e1s garantido e aprovado: o Minist\u00e9rio da Cidadania avalia mensalmente os benefici\u00e1rios do Ca\u00danico e v\u00e3o fazendo a triagem e contemplando as fam\u00edlias aos poucos. &nbsp;<\/p>\n\n\n\n<div class=\"cta-btn-block\">\n  <a class=\"cta-btn\" href=\"https:\/\/app.acordocerto.com.br\/login?utm_source=blog&amp;utm_medium=acordocerto&amp;utm_term=cta-post\" target=\"_blank\">Consulte seu CPF<\/a>\n<\/div>\n\n\n\n<p>Por isso \u00e9 t\u00e3o importante manter os dados cadastrais atualizados no Cad\u00danico e sempre ajustar quando tiver mudan\u00e7as de renda mensal, novos integrantes na fam\u00edlia, mudan\u00e7a de endere\u00e7o, etc. &nbsp;<\/p>\n\n\n\n<h2 class=\"wp-block-heading\"><strong>Como fazer consulta Vale G\u00e1s pelo CPF?<\/strong>&nbsp;<\/h2>\n\n\n\n<p>Para fazer uma consulta Vale G\u00e1s pelo CPF e descobrir se voc\u00ea foi aprovado par receber, basta entrar na internet pelo seu celular e baixar um dos seguintes aplicativos: app Aux\u00edlio Brasil ou app CAIXA Tem. Tamb\u00e9m \u00e9 poss\u00edvel ligar e consultar no Atendimento CAIXA, no n\u00famero de telefone 111.&nbsp;&nbsp;<\/p>\n\n\n\n<h3 class=\"wp-block-heading\"><strong>1 &#8211; App Caixa Tem<\/strong>&nbsp;<\/h3>\n\n\n\n<p>Veja como consultar o Vale G\u00e1s pelo CPF atrav\u00e9s da internet, no aplicativo <a href=\"https:\/\/www.caixa.gov.br\/caixatem\/Paginas\/default.aspx\" target=\"_blank\" rel=\"noreferrer noopener\">CAIXA Tem<\/a>, da CAIXA Econ\u00f4mica Federal:&nbsp;&nbsp;<\/p>\n\n\n\n<ol class=\"wp-block-list\">\n<li>Fa\u00e7a o download do <a href=\"https:\/\/apps.apple.com\/br\/app\/caixa-tem\/id1485424267\" target=\"_blank\" rel=\"noreferrer noopener\">aplicativo CAIXA Tem<\/a> gratuitamente, que foi desenvolvido pela CAIXA Econ\u00f4mica Federal. Voc\u00ea conseguir\u00e1 ver essa informa\u00e7\u00e3o bem abaixo do nome do aplicativo, na lojinha de apps do seu celular&nbsp;&nbsp;<\/li>\n\n\n\n<li>Depois de baixar, abra o app e <a href=\"https:\/\/www.acordocerto.com.br\/consultar-o-cpf\" target=\"_blank\" rel=\"noreferrer noopener\">consulte seu CPF<\/a>, ou seja, fa\u00e7a login usando o n\u00famero do seu documento e a senha num\u00e9rica. Esse login \u00e9 o mesmo que voc\u00ea usa para entrar no site da CAIXA Econ\u00f4mica Federal&nbsp;<\/li>\n\n\n\n<li>Clique em \u201cn\u00e3o sou um rob\u00f4\u201d par validar a sua identidade&nbsp;&nbsp;<\/li>\n\n\n\n<li>J\u00e1 com o login feito, clique em \u201cExtrato\u201d e depois, digite na barra de pesquisa \u201cG\u00e1s\u201d&nbsp;&nbsp;<\/li>\n\n\n\n<li>Agora voc\u00ea j\u00e1 conseguir\u00e1 consultar as informa\u00e7\u00f5es do Vale G\u00e1s, como por exemplo ver o extrato dos \u00faltimos dep\u00f3sitos do benef\u00edcio.&nbsp;<\/li>\n<\/ol>\n\n\n\n<p><\/p>\n\n\n\n<h3 class=\"wp-block-heading\"><strong>2 &#8211; App Aux\u00edlio Brasil<\/strong>&nbsp;<\/h3>\n\n\n\n<p>Agora vamos ver o passo a passo para consultar valei g\u00e1s pelo CPF atrav\u00e9s do <strong>app Aux\u00edlio Brasil:<\/strong>&nbsp;<\/p>\n\n\n\n<ol class=\"wp-block-list\">\n<li>Baixe o app Aux\u00edlio Brasil, que tamb\u00e9m foi feito pela CAIXA<\/li>\n\n\n\n<li>Depois de baixar, abra o app e consulte seu CPF, ou seja, fa\u00e7a login usando o n\u00famero do seu documento e a senha. Esse login \u00e9 o mesmo que voc\u00ea usa para entrar no site da CAIXA Econ\u00f4mica Federal&nbsp;<\/li>\n\n\n\n<li>J\u00e1 com o login feito, clique em \u201cBenef\u00edcios\u201d e em seguida veja quais deles j\u00e1 est\u00e3o ativos e atrelados ao seu nome. Caso esteja tudo certo com o Vale G\u00e1s, ele vai aparecer nesta consulta. Caso n\u00e3o apare\u00e7a, quer dizer que o mesmo ainda n\u00e3o est\u00e1 ativo&nbsp;<\/li>\n<\/ol>\n\n\n\n<p><\/p>\n\n\n\n<h3 class=\"wp-block-heading\"><strong>3 &#8211; Telefones<\/strong>&nbsp;<\/h3>\n\n\n\n<p>Por fim, se voc\u00ea prefere fazer a consultar Vale G\u00e1s e saber a situa\u00e7\u00e3o do seu benef\u00edcio pelo telefone, tamb\u00e9m est\u00e1 tudo bem, pois existem n\u00fameros de telefone espec\u00edficos para isso! Veja abaixo:&nbsp;<\/p>\n\n\n\n<ol class=\"wp-block-list\">\n<li>Voc\u00ea pode entrar em contato pelo n\u00famero 111, que \u00e9 do pr\u00f3prio atendimento da CAIXA Econ\u00f4mica Federal.&nbsp;&nbsp;<\/li>\n\n\n\n<li>Ou ligar no n\u00famero 121, que \u00e9 do Minist\u00e9rio da Cidadania&nbsp;<\/li>\n\n\n\n<li>Ao ligar, ser\u00e1 necess\u00e1rio consultar a situa\u00e7\u00e3o do Vale G\u00e1s pelo seu CPF, ou ent\u00e3o <a href=\"https:\/\/www.acordocerto.com.br\/blog\/consultar-nis-pelo-cpf\/\" target=\"_blank\" rel=\"noreferrer noopener\">consultar pelo NIS<\/a>, logo, estes n\u00fameros ser\u00e3o pedidos durante a liga\u00e7\u00e3o&nbsp;<\/li>\n<\/ol>\n\n\n\n<p><\/p>\n\n\n\n<h2 class=\"wp-block-heading\"><strong>Como fazer para se cadastrar no benef\u00edcio Vale G\u00e1s<\/strong>&nbsp;<\/h2>\n\n\n\n<p>Para se cadastrar no Aux\u00edlio G\u00e1s e receber o benef\u00edcio, \u00e9 necess\u00e1rio ter a inscri\u00e7\u00e3o ativa e atualizada no Cad\u00danico. Caso voc\u00ea atenda aos requisitos do programa e seja escolhido, ent\u00e3o sua inscri\u00e7\u00e3o ser\u00e1 feita automaticamente.&nbsp;&nbsp;<\/p>\n\n\n\n<div class=\"cta-btn-block\">\n  <a class=\"cta-btn\" href=\"https:\/\/app.acordocerto.com.br\/login?utm_source=blog&amp;utm_medium=acordocerto&amp;utm_term=cta-post\" target=\"_blank\">Consulte seu CPF<\/a>\n<\/div>\n\n\n\n<p>Por isso \u00e9 essencial aprender a fazer a consulta Vale G\u00e1s pelo CPF, para poder acompanhar se voc\u00ea e sua fam\u00edlia foram selecionados e aprovados para receber o benef\u00edcio ou n\u00e3o.&nbsp;&nbsp;<\/p>\n\n\n\n<p>Ou seja, n\u00e3o existe um cadastro fixo para entrar no Vale G\u00e1s: o <a href=\"https:\/\/www.gov.br\/cidadania\/pt-br\" target=\"_blank\" rel=\"noreferrer noopener\">Minist\u00e9rio da Cidadania<\/a> avalia o cadastro das fam\u00edlias no Cad\u00danico e v\u00e3o contemplando-as aos poucos com o Vale G\u00e1s. &nbsp;<\/p>\n\n\n\n<h2 class=\"wp-block-heading\"><strong>Calend\u00e1rio Vale G\u00e1s&nbsp;2025<\/strong><\/h2>\n\n\n\n<figure class=\"wp-block-table is-style-stripes\"><table><thead><tr><th><strong>Final do n\u00famero NIS<\/strong><\/th><th><strong>Fevereiro 2025<\/strong><\/th><th><strong>Abril 2025<\/strong><\/th><th><strong>Junho 2025<\/strong><\/th><\/tr><\/thead><tbody><tr><td>1&nbsp;<\/td><td>17 de fevereiro de 2025<\/td><td>15 de abril de 2025<\/td><td>16 de junho de 2025<\/td><\/tr><tr><td>2&nbsp;<\/td><td>18 de fevereiro de 2025<\/td><td>16 de abril de 2025<\/td><td>17 de junho de 2025<\/td><\/tr><tr><td>3&nbsp;<\/td><td>19 de fevereiro de 2025<\/td><td>17 de abril de 2025<\/td><td>18 de junho de 2025<\/td><\/tr><tr><td>4&nbsp;<\/td><td>20  de fevereiro de 2025<\/td><td>22 de abril de 2025<\/td><td>20 de junho de 2025<\/td><\/tr><tr><td>5&nbsp;<\/td><td>21 de fevereiro de 2025<\/td><td>23 de abril de 2025<\/td><td>23 de junho de 2025<\/td><\/tr><tr><td>6&nbsp;<\/td><td>24 de fevereiro de 2025<\/td><td>24 de abril de 2025<\/td><td>24 de junho de 2025<\/td><\/tr><tr><td>7&nbsp;<\/td><td>25 de fevereiro de 2025<\/td><td>25 de abril de 2025<\/td><td>25 de junho de 2025<\/td><\/tr><tr><td>8&nbsp;<\/td><td>26 de fevereiro de 2025<\/td><td>28 de abril de 2025<\/td><td>26 de junho de 2025<\/td><\/tr><tr><td>9&nbsp;<\/td><td>27 de fevereiro de 2025<\/td><td>29 de abril de 2025<\/td><td>27 de junho de 2025<\/td><\/tr><tr><td>0&nbsp;<\/td><td>28 de fevereiro de 2025<\/td><td>30 de abril de 2025<\/td><td>30 de junho de 2025<\/td><\/tr><\/tbody><\/table><\/figure>\n\n\n\n<p><\/p>\n\n\n\n<h2 class=\"wp-block-heading\"><strong>Calend\u00e1rio Vale G\u00e1s&nbsp;2024<\/strong><\/h2>\n\n\n\n<figure class=\"wp-block-table is-style-stripes\"><table><tbody><tr><td><strong>Final do n\u00famero NIS<\/strong><\/td><td><strong>Fevereiro 2024<\/strong><\/td><td><strong>Abril 2024<\/strong><\/td><\/tr><tr><td>1&nbsp;<\/td><td>16 de fevereiro de 2024<\/td><td>17 de abril de 2024<\/td><\/tr><tr><td>2&nbsp;<\/td><td>19 de fevereiro de 2024<\/td><td>18 de abril de 2024<\/td><\/tr><tr><td>3&nbsp;<\/td><td>20 de fevereiro de 2024<\/td><td>19 de abril de 2024<\/td><\/tr><tr><td>4&nbsp;<\/td><td>21 de fevereiro de 2024<\/td><td>22 de abril de 2024<\/td><\/tr><tr><td>5&nbsp;<\/td><td>22 de fevereiro de 2024<\/td><td>23 de abril de 2024<\/td><\/tr><tr><td>6&nbsp;<\/td><td>23 de fevereiro de 2024<\/td><td>24 de abril de 2024<\/td><\/tr><tr><td>7&nbsp;<\/td><td>26 de fevereiro de 2024<\/td><td>25 de abril de 2024<\/td><\/tr><tr><td>8&nbsp;<\/td><td>27 de fevereiro de 2024<\/td><td>26 de abril de 2024<\/td><\/tr><tr><td>9&nbsp;<\/td><td>28 de fevereiro de 2024<\/td><td>29 de abril de 2024<\/td><\/tr><tr><td>0&nbsp;<\/td><td>29 de fevereiro de 2024<\/td><td>30 de abril de 2024<\/td><\/tr><\/tbody><\/table><\/figure>\n\n\n\n<p><\/p>\n\n\n\n<h2 class=\"wp-block-heading\"><strong>Qual \u00e9 o valor do Vale G\u00e1s 2023?<\/strong>&nbsp;<\/h2>\n\n\n\n<p>Em 2022, o Valor do Vale G\u00e1s bimestral foi de R$110 reais, pagos nos meses de agosto, outubro e dezembro, e em 2023 o Governo fiz que ir\u00e1 seguir pagando 100% do valor m\u00e9dio do botij\u00e3o de g\u00e1s, que segue neste valor por enquanto. &nbsp;<\/p>\n\n\n\n\n\n\n<h2 class=\"wp-block-heading\"><strong>Calend\u00e1rio Vale G\u00e1s&nbsp;2023<\/strong><\/h2>\n\n\n\n<p>Os pagamentos do Vale G\u00e1s acontecem de forma bimestral, ou seja, de dois em dois meses, e levam em considera\u00e7\u00e3o o calend\u00e1rio de pagamentos do Bolsa Fam\u00edlia e a numera\u00e7\u00e3o do seu documento NIS. Ou seja, caso n\u00e3o saiba, \u00e9 bom <a href=\"https:\/\/www.acordocerto.com.br\/blog\/consultar-nis-pelo-cpf\/\" target=\"_blank\" rel=\"noreferrer noopener\">consultar NIS pelo CPF<\/a> e ficar por dentro do seu n\u00famero, para saber o dia do pagamento do Vale G\u00e1s.&nbsp;&nbsp;<\/p>\n\n\n\n<p>Sendo assim, aqui est\u00e3o algumas datas passadas, de quando o pagamento aconteceu, e as datas para os pr\u00f3ximos pagamentos do Vale G\u00e1s 2023:&nbsp;<\/p>\n\n\n\n<h3 class=\"wp-block-heading\"><strong>Calend\u00e1rio Vale G\u00e1s de Fevereiro 2023<\/strong>&nbsp;<\/h3>\n\n\n\n<figure class=\"wp-block-table is-style-stripes\"><table><tbody><tr><td><strong>Final do n\u00famero NIS<\/strong>&nbsp;<\/td><td><strong>Pagamentos feitos em fevereiro de 2023<\/strong>&nbsp;<\/td><\/tr><tr><td>1&nbsp;<\/td><td>13 de fevereiro de 2023&nbsp;<\/td><\/tr><tr><td>2&nbsp;<\/td><td>14 de fevereiro de 2023&nbsp;<\/td><\/tr><tr><td>3&nbsp;<\/td><td>15 de fevereiro de 2023&nbsp;<\/td><\/tr><tr><td>4&nbsp;<\/td><td>16 de fevereiro de 2023&nbsp;<\/td><\/tr><tr><td>5&nbsp;<\/td><td>17 de fevereiro de 2023&nbsp;<\/td><\/tr><tr><td>6&nbsp;<\/td><td>22 de fevereiro de 2023&nbsp;<\/td><\/tr><tr><td>7&nbsp;<\/td><td>23 de fevereiro de 2023&nbsp;<\/td><\/tr><tr><td>8&nbsp;<\/td><td>24 de fevereiro de 2023&nbsp;<\/td><\/tr><tr><td>9&nbsp;<\/td><td>27 de fevereiro de 2023&nbsp;<\/td><\/tr><tr><td>0&nbsp;<\/td><td>28 de fevereiro de 2023&nbsp;<\/td><\/tr><\/tbody><\/table><\/figure>\n\n\n\n<p><\/p>\n\n\n\n<h3 class=\"wp-block-heading\"><strong>Calend\u00e1rio Vale G\u00e1s de Abril 2023<\/strong>&nbsp;<\/h3>\n\n\n\n<figure class=\"wp-block-table is-style-stripes\"><table><tbody><tr><td><strong>Final do n\u00famero NIS<\/strong>&nbsp;<\/td><td><strong>Pagamentos feitos em abril de 2023<\/strong>&nbsp;<\/td><\/tr><tr><td>1&nbsp;<\/td><td>14 de abril de 2023&nbsp;<\/td><\/tr><tr><td>2&nbsp;<\/td><td>17 de abril de 2023&nbsp;<\/td><\/tr><tr><td>3&nbsp;<\/td><td>18 de abril de 2023&nbsp;<\/td><\/tr><tr><td>4&nbsp;<\/td><td>19 de abril de 2023&nbsp;<\/td><\/tr><tr><td>5&nbsp;<\/td><td>20 de abril de 2023&nbsp;<\/td><\/tr><tr><td>6&nbsp;<\/td><td>24 de abril de 2023&nbsp;<\/td><\/tr><tr><td>7&nbsp;<\/td><td>25 de abril de 2023&nbsp;<\/td><\/tr><tr><td>8&nbsp;<\/td><td>26 de abril de 2023&nbsp;<\/td><\/tr><tr><td>9&nbsp;<\/td><td>27 de abril de 2023&nbsp;<\/td><\/tr><tr><td>0&nbsp;<\/td><td>28 de abril de 2023&nbsp;<\/td><\/tr><\/tbody><\/table><\/figure>\n\n\n\n<h3 class=\"wp-block-heading\"><strong>Calend\u00e1rio Vale G\u00e1s de Dezembro 2023&nbsp;&#8211; \u00daltima parcela 2023<\/strong><\/h3>\n\n\n\n<figure class=\"wp-block-table is-style-stripes\"><table><tbody><tr><td><strong>Final do n\u00famero NIS<\/strong>&nbsp;<\/td><td><strong>Pagamentos feitos em dezembro de 2023<\/strong>&nbsp;<\/td><\/tr><tr><td>1&nbsp;<\/td><td>11 de dezembro de 2023&nbsp;<\/td><\/tr><tr><td>2&nbsp;<\/td><td>12 de dezembro de 2023&nbsp;<\/td><\/tr><tr><td>3&nbsp;<\/td><td>13 de dezembro de 2023&nbsp;<\/td><\/tr><tr><td>4&nbsp;<\/td><td>14 de dezembro de 2023&nbsp;<\/td><\/tr><tr><td>5&nbsp;<\/td><td>15 de dezembro  de 2023&nbsp;<\/td><\/tr><tr><td>6&nbsp;<\/td><td>18 de dezembro de 2023&nbsp;<\/td><\/tr><tr><td>7&nbsp;<\/td><td>19  de dezembro  de 2023&nbsp;<\/td><\/tr><tr><td>8&nbsp;<\/td><td>20 de dezembro de 2023&nbsp;<\/td><\/tr><tr><td>9&nbsp;<\/td><td>21 de dezembro de 2023&nbsp;<\/td><\/tr><tr><td>0&nbsp;<\/td><td>22 de dezembro de 2023&nbsp;<\/td><\/tr><\/tbody><\/table><\/figure>\n\n\n\n<p><\/p>\n\n\n\n<h3 class=\"wp-block-heading\"><strong>Calend\u00e1rio Vale G\u00e1s de Outubro 2022<\/strong>&nbsp;<\/h3>\n\n\n\n<figure class=\"wp-block-table is-style-stripes\"><table><tbody><tr><td><strong>Final do n\u00famero NIS<\/strong>&nbsp;<\/td><td><strong>Pagamentos feitos em outubro de 2022<\/strong>&nbsp;<\/td><\/tr><tr><td>1&nbsp;<\/td><td>11 de outubro&nbsp;<\/td><\/tr><tr><td>2&nbsp;<\/td><td>13 de outubro&nbsp;<\/td><\/tr><tr><td>3&nbsp;<\/td><td>14 de outubro&nbsp;<\/td><\/tr><tr><td>4&nbsp;<\/td><td>17 de outubro&nbsp;<\/td><\/tr><tr><td>5&nbsp;<\/td><td>18 de outubro&nbsp;<\/td><\/tr><tr><td>6&nbsp;<\/td><td>19 de outubro&nbsp;<\/td><\/tr><tr><td>7&nbsp;<\/td><td>20 de outubro&nbsp;<\/td><\/tr><tr><td>8&nbsp;<\/td><td>21 de outubro&nbsp;<\/td><\/tr><tr><td>9&nbsp;<\/td><td>24 de outubro&nbsp;<\/td><\/tr><tr><td>0&nbsp;<\/td><td>25 de outubro&nbsp;<\/td><\/tr><\/tbody><\/table><\/figure>\n\n\n\n<div class=\"cta-btn-block\">\n  <a class=\"cta-btn\" href=\"https:\/\/app.acordocerto.com.br\/login?utm_source=blog&amp;utm_medium=acordocerto&amp;utm_term=cta-post\" target=\"_blank\">Consulte seu CPF<\/a>\n<\/div>\n\n\n\n<h3 class=\"wp-block-heading\"><strong>Calend\u00e1rio Vale G\u00e1s de Dezembro 2022<\/strong>&nbsp;<\/h3>\n\n\n\n<figure class=\"wp-block-table is-style-stripes\"><table><tbody><tr><td><strong>Final do n\u00famero NIS<\/strong>&nbsp;<\/td><td><strong>Pagamentos feitos em dezembro de 2022<\/strong>&nbsp;<\/td><\/tr><tr><td>1&nbsp;<\/td><td>12 de dezembro&nbsp;<\/td><\/tr><tr><td>2&nbsp;<\/td><td>13 de dezembro&nbsp;<\/td><\/tr><tr><td>3&nbsp;<\/td><td>14 de dezembro&nbsp;<\/td><\/tr><tr><td>4&nbsp;<\/td><td>15 de dezembro&nbsp;<\/td><\/tr><tr><td>5&nbsp;<\/td><td>16 de dezembro&nbsp;<\/td><\/tr><tr><td>6&nbsp;<\/td><td>19 de dezembro&nbsp;<\/td><\/tr><tr><td>7&nbsp;<\/td><td>20 de dezembro&nbsp;<\/td><\/tr><tr><td>8&nbsp;<\/td><td>21 de dezembro&nbsp;<\/td><\/tr><tr><td>9&nbsp;<\/td><td>22 de dezembro&nbsp;<\/td><\/tr><tr><td>0&nbsp;<\/td><td>23 de dezembro&nbsp;<\/td><\/tr><\/tbody><\/table><\/figure>\n\n\n\n<p><\/p>\n\n\n\n<h2 class=\"wp-block-heading\"><strong>Como fazer o saque do pagamento?<\/strong>&nbsp;<\/h2>\n\n\n\n<p>Os pagamentos do Vale G\u00e1s s\u00e3o feitos pela CAIXA Econ\u00f4mica Federal, e podem ser recebidos pelos benefici\u00e1rios atrav\u00e9s de saques nas ag\u00eancias CAIXA, em qualquer lot\u00e9rica, ou ainda de forma online, pelo aplicativo <a href=\"https:\/\/www.acordocerto.com.br\/blog\/poupanca-social-digital\/\" target=\"_blank\" rel=\"noreferrer noopener\">poupan\u00e7a social digital<\/a> do CAIXA Tem.&nbsp;<\/p>\n\n\n\n<div class=\"cta-btn-block\">\n  <a class=\"cta-btn\" href=\"https:\/\/app.acordocerto.com.br\/login?utm_source=blog&amp;utm_medium=acordocerto&amp;utm_term=cta-post\" target=\"_blank\">Consulte seu CPF<\/a>\n<\/div>\n\n\n\n<h2 class=\"wp-block-heading\"><strong>E para finalizar, segue nossa dica de ouro: Fa\u00e7a a consulta vale g\u00e1s pelo CPF e planeje suas finan\u00e7as se for contemplado pelo benef\u00edcio<\/strong>&nbsp;<\/h2>\n\n\n\n<p>Sabemos que todo <a href=\"https:\/\/www.acordocerto.com.br\/blog\/renda-extra\/\" target=\"_blank\" rel=\"noreferrer noopener\">dinheirinho extra<\/a> ajuda, n\u00e3o \u00e9 mesmo? Ent\u00e3o, se voc\u00ea atender os requisitos e for contemplado para receber o Vale G\u00e1s a cada dois meses, aproveite para organizar seu dinheiro e fazer um planejamento financeiro familiar. &nbsp;<\/p>\n\n\n\n<p>Sempre use esse valor para realmente garantir o botij\u00e3o de g\u00e1s da sua casa, e caso o benef\u00edcio seja depositado e o g\u00e1s ainda n\u00e3o tiver acabado, seguem algumas dicas:&nbsp;<\/p>\n\n\n\n<ol class=\"wp-block-list\">\n<li>Guarde o dinheiro para fazer a compra do botij\u00e3o&nbsp;<\/li>\n\n\n\n<li>Se voc\u00ea quiser, pode guardar esse valor da parcela em uma conta digital que faz o seu <a href=\"https:\/\/www.acordocerto.com.br\/blog\/como-fazer-o-dinheiro-render\/\" target=\"_blank\" rel=\"noreferrer noopener\">dinheiro render r\u00e1pido<\/a>, assim, quando tirar para comprar o g\u00e1s, pode ser que j\u00e1 tenha mais um dinheirinho que rendeu por l\u00e1 ? &nbsp;<\/li>\n\n\n\n<li>Se voc\u00ea j\u00e1 tinha separado o dinheiro para comprar o g\u00e1s, e foi contemplado pelo benef\u00edcio de forma inesperada, ent\u00e3o pegue esse valor e guarde-o tamb\u00e9m para poss\u00edveis imprevistos ou urg\u00eancias, quase como uma <a href=\"https:\/\/www.acordocerto.com.br\/blog\/reserva-de-emergencia-como-montar\/\" target=\"_blank\" rel=\"noreferrer noopener\">reserva de emerg\u00eancia<\/a> &nbsp;<\/li>\n<\/ol>\n\n\n\n<p><\/p>\n\n\n\n<p>Conte conosco para melhorar seu bem-estar financeiro!&nbsp;<\/p>\n\n\n\n<p>Para conhecer todos os detalhes do programa, <a href=\"https:\/\/www.valegas.sp.gov.br\/\" target=\"_blank\" rel=\"noreferrer noopener\">acesse o site oficial do Vale G\u00e1s.<\/a><\/p>\n\n\n<ul class=\"wp-block-latest-posts__list wp-block-latest-posts\"><li><a class=\"wp-block-latest-posts__post-title\" href=\"https:\/\/www.acordocerto.com.br\/blog\/divida-pode-bloquear-ou-penhorar-salario\/\">D\u00edvida pode bloquear ou penhorar sal\u00e1rio? Entenda o que a lei permite<\/a><\/li>\n<li><a class=\"wp-block-latest-posts__post-title\" href=\"https:\/\/www.acordocerto.com.br\/blog\/cnh-pai-d-egua-para\/\">CNH Pai D\u2019\u00e9gua 2026: como funciona e quem pode se inscrever na CNH Social do Par\u00e1<\/a><\/li>\n<li><a class=\"wp-block-latest-posts__post-title\" href=\"https:\/\/www.acordocerto.com.br\/blog\/cnh-social-sergipe\/\">CNH Social Sergipe 2026: como funciona o programa de habilita\u00e7\u00e3o gratuita no estado<\/a><\/li>\n<li><a class=\"wp-block-latest-posts__post-title\" href=\"https:\/\/www.acordocerto.com.br\/blog\/cnh-social-bahia\/\">CNH Social Bahia 2026: tudo sobre o programa CNH da Gente e o impacto da nova lei federal<\/a><\/li>\n<li><a class=\"wp-block-latest-posts__post-title\" href=\"https:\/\/www.acordocerto.com.br\/blog\/cnh-social-go\/\">CNH Social GO 2026: como tirar sua primeira habilita\u00e7\u00e3o gratuita em Goi\u00e1s e o que muda com a nova lei federal<\/a><\/li>\n<\/ul>\n\n\n<p><strong>FAQ: Perguntas frequentes<\/strong>&nbsp;<\/p>\n\n\n<div id=\"rank-math-faq\" class=\"rank-math-block\">\n<div class=\"rank-math-list \">\n<div id=\"faq-question-1673621974091\" class=\"rank-math-list-item\">\n<h4 class=\"rank-math-question \"><strong>Como receber o Vale G\u00e1s\u00a0<\/strong>\u00a0<\/h4>\n<div class=\"rank-math-answer \">\n\n<p>Para receber o Vale G\u00e1s, \u00e9 preciso atender aos requisitos do programa, como ter cadastro ativo e atualizado no Cad\u00danico e ter a renda mensal de at\u00e9 meio sal\u00e1rio-m\u00ednimo por pessoa do n\u00facleo familiar.\u00a0<\/p>\n\n<\/div>\n<\/div>\n<div id=\"faq-question-1673621977649\" class=\"rank-math-list-item\">\n<h4 class=\"rank-math-question \"><strong>Como se cadastrar no Vale G\u00e1s<\/strong>\u00a0<\/h4>\n<div class=\"rank-math-answer \">\n\n<p>Para se cadastrar no Vale G\u00e1s, \u00e9 preciso se cadastrar no Cad\u00danico, pois a partir deste \u00e9 que os recursos do Vale G\u00e1s s\u00e3o distribu\u00eddos. As pessoas que ganham o benef\u00edcio do Vale G\u00e1s s\u00e3o escolhidas e cadastradas automaticamente.\u00a0<\/p>\n\n<\/div>\n<\/div>\n<div id=\"faq-question-1673621978249\" class=\"rank-math-list-item\">\n<h4 class=\"rank-math-question \"><strong>Como saber se tenho direito ao Vale G\u00e1s?<\/strong>\u00a0<\/h4>\n<div class=\"rank-math-answer \">\n\n<p>Voc\u00ea tem direito se atender a todos os requisitos do programa e se j\u00e1 estiver inscrito no Cad\u00danico. E para ver a lista dos benefici\u00e1rios do Vale G\u00e1s e ver se voc\u00ea foi contemplado, \u00e9 preciso fazer uma consulta em um dos apps: CAIXA Tem ou Aux\u00edlio Brasil.\u00a0<\/p>\n\n<\/div>\n<\/div>\n<div id=\"faq-question-1673621993353\" class=\"rank-math-list-item\">\n<h4 class=\"rank-math-question \"><strong>Quando cai o dinheiro do Vale G\u00e1s?<\/strong>\u00a0<\/h4>\n<div class=\"rank-math-answer \">\n\n<p>O dinheiro do Vale G\u00e1s cai de dois em dois meses, e os pr\u00f3ximos dep\u00f3sitos est\u00e3o previstos para fevereiro de 2025 e abril de 2025. Para saber a data exata, voc\u00ea precisa consultar o n\u00famero final do seu NIS. \u00a0<\/p>\n\n<\/div>\n<\/div>\n<div id=\"faq-question-1673621993873\" class=\"rank-math-list-item\">\n<h4 class=\"rank-math-question \"><strong>Quem recebe o Aux\u00edlio Brasil tem direito ao Vale G\u00e1s?<\/strong>\u00a0<\/h4>\n<div class=\"rank-math-answer \">\n\n<p>Sim, quem j\u00e1 recebe o benef\u00edcio do Aux\u00edlio Brasil pode receber tamb\u00e9m o Vale G\u00e1s, entretanto, isso n\u00e3o significa que s\u00f3 por voc\u00ea j\u00e1 receber um benef\u00edcio, voc\u00ea j\u00e1 vai garantir o outro. Para ser completando pelo vale G\u00e1s, \u00e9 preciso atender todos os requisitos e aguardar a entrada neste programa. <\/p>\n\n<\/div>\n<\/div>\n<div id=\"faq-question-1673622009071\" class=\"rank-math-list-item\">\n<h4 class=\"rank-math-question \"><strong>Como ver o saldo do Vale G\u00e1s bolsa do Povo?<\/strong>\u00a0<\/h4>\n<div class=\"rank-math-answer \">\n\n<p>Para ver o saldo, basta fazer uma consulta Vale G\u00e1s pelo CPF atrav\u00e9s dos aplicativos Aux\u00edlio brasil ou CAIXA Tem. Por l\u00e1 voc\u00ea vai ver se for comtemplado pelo benef\u00edcio e detalhes de recebimento e saldo.\u00a0<\/p>\n\n<\/div>\n<\/div>\n<div id=\"faq-question-1673622010141\" class=\"rank-math-list-item\">\n<h4 class=\"rank-math-question \"><strong>Quantas parcelas do Vale G\u00e1s bolsa do Povo?<\/strong>\u00a0<\/h4>\n<div class=\"rank-math-answer \">\n\n<p>Em 2022, foram 3 parcelas de R$110, totalizando R$330,00 de Vale G\u00e1s <a href=\"https:\/\/www.acordocerto.com.br\/blog\/bolsa-do-povo\/\" target=\"_blank\" rel=\"noreferrer noopener\">Bolsa do Povo<\/a>.\u00a0<\/p>\n\n<\/div>\n<\/div>\n<\/div>\n<\/div>\n\n\n<p><\/p>\n\n\n\n<p>Web stories<\/p>\n\n\n\t\t<div class=\"web-stories-list alignnone has-archive-link is-view-type-carousel is-style-default is-carousel\" data-id=\"1\">\n\t\t\t<div\n\t\t\tclass=\"web-stories-list__inner-wrapper carousel-1\"\n\t\t\tstyle=\"--ws-story-max-width:185px\"\n\t\t\t>\n\t\t\t\t\t\t<div class=\"web-stories-list__archive-link\">\n\t\t\t<a href=\"https:\/\/www.acordocerto.com.br\/blog\/web-stories\/\">\n\t\t\t\tVisualizando todos Stories\t\t\t<\/a>\n\t\t<\/div>\n\t\t\t\t\t\t\t<div\n\t\t\t\t\tclass=\"web-stories-list__carousel carousel\"\n\t\t\t\t\tdata-id=\"carousel-1\"\n\t\t\t\t\tdata-prev=\"Voltar\"\n\t\t\t\t\tdata-next=\"Avan\u00e7ar\"\n\t\t\t\t\t>\n\t\t\t\t\t\t\t\t\t<div\n\t\t\t\tclass=\"web-stories-list__story\"\n\t\t\t\tdata-wp-interactive=\"web-stories-block\"\n\t\t\t\tdata-wp-context='{\"instanceId\":1}'\t\t\t\tdata-wp-on--click=\"actions.open\"\n\t\t\t\tdata-wp-on-window--popstate=\"actions.onPopstate\"\n\t\t\t\t>\n\t\t\t\t\t\t\t<div class=\"web-stories-list__story-poster\">\n\t\t\t\t<a href=\"https:\/\/www.acordocerto.com.br\/blog\/web-stories\/calendario-bolsa-familia-novembro\/\">\n\t\t\t\t\t<img\n\t\t\t\t\t\tsrc=\"https:\/\/www.acordocerto.com.br\/blog\/wp-content\/uploads\/2023\/07\/cropped-Calendario-bolsa-familia-agosto-2023.jpg\"\n\t\t\t\t\t\talt=\"Calend\u00e1rio Bolsa Fam\u00edlia Novembro 2024\"\n\t\t\t\t\t\twidth=\"185\"\n\t\t\t\t\t\theight=\"308\"\n\t\t\t\t\t\t\t\t\t\t\t\t\tsrcset=\"https:\/\/www.acordocerto.com.br\/blog\/wp-content\/uploads\/2023\/07\/cropped-Calendario-bolsa-familia-agosto-2023.jpg 640w, https:\/\/www.acordocerto.com.br\/blog\/wp-content\/uploads\/2023\/07\/cropped-Calendario-bolsa-familia-agosto-2023-150x200.jpg 150w\"\n\t\t\t\t\t\t\t\t\t\t\t\t\t\t\t\t\t\t\tsizes=\"auto, (max-width: 640px) 100vw, 640px\"\n\t\t\t\t\t\t\t\t\t\t\t\tloading=\"lazy\"\n\t\t\t\t\t\tdecoding=\"async\"\n\t\t\t\t\t>\n\t\t\t\t<\/a>\n\t\t\t<\/div>\n\t\t\t\t\t<div class=\"web-stories-list__story-content-overlay\">\n\t\t\t\t\t\t\t<div class=\"story-content-overlay__title\">\n\t\t\t\t\tCalend\u00e1rio Bolsa Fam\u00edlia Novembro 2024\t\t\t\t<\/div>\n\t\t\t\n\t\t\t\n\t\t\t\n\t\t\t\t\t<\/div>\n\t\t\t\t\t<\/div>\n\t\t\t\t\t\t<div\n\t\t\t\tclass=\"web-stories-list__story\"\n\t\t\t\tdata-wp-interactive=\"web-stories-block\"\n\t\t\t\tdata-wp-context='{\"instanceId\":1}'\t\t\t\tdata-wp-on--click=\"actions.open\"\n\t\t\t\tdata-wp-on-window--popstate=\"actions.onPopstate\"\n\t\t\t\t>\n\t\t\t\t\t\t\t<div class=\"web-stories-list__story-poster\">\n\t\t\t\t<a href=\"https:\/\/www.acordocerto.com.br\/blog\/web-stories\/quanto-rebeca-andrade-pagara-de-imposto\/\">\n\t\t\t\t\t<img\n\t\t\t\t\t\tsrc=\"https:\/\/www.acordocerto.com.br\/blog\/wp-content\/uploads\/2024\/08\/cropped-644541144-4509353-quanto-rebeca-andrade-ja-faturou-com-med-1400x823-2.webp\"\n\t\t\t\t\t\talt=\"Quanto Rebeca Andrade pagar\u00e1 de imposto por suas medalhas?\"\n\t\t\t\t\t\twidth=\"185\"\n\t\t\t\t\t\theight=\"308\"\n\t\t\t\t\t\t\t\t\t\t\t\t\tsrcset=\"https:\/\/www.acordocerto.com.br\/blog\/wp-content\/uploads\/2024\/08\/cropped-644541144-4509353-quanto-rebeca-andrade-ja-faturou-com-med-1400x823-2.webp 640w, https:\/\/www.acordocerto.com.br\/blog\/wp-content\/uploads\/2024\/08\/cropped-644541144-4509353-quanto-rebeca-andrade-ja-faturou-com-med-1400x823-2-150x200.webp 150w\"\n\t\t\t\t\t\t\t\t\t\t\t\t\t\t\t\t\t\t\tsizes=\"auto, (max-width: 640px) 100vw, 640px\"\n\t\t\t\t\t\t\t\t\t\t\t\tloading=\"lazy\"\n\t\t\t\t\t\tdecoding=\"async\"\n\t\t\t\t\t>\n\t\t\t\t<\/a>\n\t\t\t<\/div>\n\t\t\t\t\t<div class=\"web-stories-list__story-content-overlay\">\n\t\t\t\t\t\t\t<div class=\"story-content-overlay__title\">\n\t\t\t\t\tQuanto Rebeca Andrade pagar\u00e1 de imposto por suas medalhas?\t\t\t\t<\/div>\n\t\t\t\n\t\t\t\n\t\t\t\n\t\t\t\t\t<\/div>\n\t\t\t\t\t<\/div>\n\t\t\t\t\t\t<div\n\t\t\t\tclass=\"web-stories-list__story\"\n\t\t\t\tdata-wp-interactive=\"web-stories-block\"\n\t\t\t\tdata-wp-context='{\"instanceId\":1}'\t\t\t\tdata-wp-on--click=\"actions.open\"\n\t\t\t\tdata-wp-on-window--popstate=\"actions.onPopstate\"\n\t\t\t\t>\n\t\t\t\t\t\t\t<div class=\"web-stories-list__story-poster\">\n\t\t\t\t<a href=\"https:\/\/www.acordocerto.com.br\/blog\/web-stories\/simone-biles-e-influencers-brasileiras\/\">\n\t\t\t\t\t<img\n\t\t\t\t\t\tsrc=\"https:\/\/www.acordocerto.com.br\/blog\/wp-content\/uploads\/2024\/08\/cropped-simone-biles-medalha-de-ouro-olimpiada-e1722382998736.webp\"\n\t\t\t\t\t\talt=\"Simone Biles versus Influencers Brasileiras: Quem ganha mais?\"\n\t\t\t\t\t\twidth=\"185\"\n\t\t\t\t\t\theight=\"308\"\n\t\t\t\t\t\t\t\t\t\t\t\t\tsrcset=\"https:\/\/www.acordocerto.com.br\/blog\/wp-content\/uploads\/2024\/08\/cropped-simone-biles-medalha-de-ouro-olimpiada-e1722382998736.webp 640w, https:\/\/www.acordocerto.com.br\/blog\/wp-content\/uploads\/2024\/08\/cropped-simone-biles-medalha-de-ouro-olimpiada-e1722382998736-150x200.webp 150w\"\n\t\t\t\t\t\t\t\t\t\t\t\t\t\t\t\t\t\t\tsizes=\"auto, (max-width: 640px) 100vw, 640px\"\n\t\t\t\t\t\t\t\t\t\t\t\tloading=\"lazy\"\n\t\t\t\t\t\tdecoding=\"async\"\n\t\t\t\t\t>\n\t\t\t\t<\/a>\n\t\t\t<\/div>\n\t\t\t\t\t<div class=\"web-stories-list__story-content-overlay\">\n\t\t\t\t\t\t\t<div class=\"story-content-overlay__title\">\n\t\t\t\t\tSimone Biles versus Influencers Brasileiras: Quem ganha mais?\t\t\t\t<\/div>\n\t\t\t\n\t\t\t\n\t\t\t\n\t\t\t\t\t<\/div>\n\t\t\t\t\t<\/div>\n\t\t\t\t\t\t<div\n\t\t\t\tclass=\"web-stories-list__story\"\n\t\t\t\tdata-wp-interactive=\"web-stories-block\"\n\t\t\t\tdata-wp-context='{\"instanceId\":1}'\t\t\t\tdata-wp-on--click=\"actions.open\"\n\t\t\t\tdata-wp-on-window--popstate=\"actions.onPopstate\"\n\t\t\t\t>\n\t\t\t\t\t\t\t<div class=\"web-stories-list__story-poster\">\n\t\t\t\t<a href=\"https:\/\/www.acordocerto.com.br\/blog\/web-stories\/5-habitos-faceis-para-economizar-no-dia-a-dia\/\">\n\t\t\t\t\t<img\n\t\t\t\t\t\tsrc=\"https:\/\/www.acordocerto.com.br\/blog\/wp-content\/uploads\/2023\/08\/cropped-nubelson-fernandes-rfoH17_F7F8-unsplash-scaled-1.jpg\"\n\t\t\t\t\t\talt=\"5 H\u00e1bitos F\u00e1ceis para Economizar no Dia a Dia!\"\n\t\t\t\t\t\twidth=\"185\"\n\t\t\t\t\t\theight=\"308\"\n\t\t\t\t\t\t\t\t\t\t\t\t\tsrcset=\"https:\/\/www.acordocerto.com.br\/blog\/wp-content\/uploads\/2023\/08\/cropped-nubelson-fernandes-rfoH17_F7F8-unsplash-scaled-1.jpg 640w, https:\/\/www.acordocerto.com.br\/blog\/wp-content\/uploads\/2023\/08\/cropped-nubelson-fernandes-rfoH17_F7F8-unsplash-scaled-1-150x200.jpg 150w\"\n\t\t\t\t\t\t\t\t\t\t\t\t\t\t\t\t\t\t\tsizes=\"auto, (max-width: 640px) 100vw, 640px\"\n\t\t\t\t\t\t\t\t\t\t\t\tloading=\"lazy\"\n\t\t\t\t\t\tdecoding=\"async\"\n\t\t\t\t\t>\n\t\t\t\t<\/a>\n\t\t\t<\/div>\n\t\t\t\t\t<div class=\"web-stories-list__story-content-overlay\">\n\t\t\t\t\t\t\t<div class=\"story-content-overlay__title\">\n\t\t\t\t\t5 H\u00e1bitos F\u00e1ceis para Economizar no Dia a Dia!\t\t\t\t<\/div>\n\t\t\t\n\t\t\t\n\t\t\t\n\t\t\t\t\t<\/div>\n\t\t\t\t\t<\/div>\n\t\t\t\t\t\t<div\n\t\t\t\tclass=\"web-stories-list__story\"\n\t\t\t\tdata-wp-interactive=\"web-stories-block\"\n\t\t\t\tdata-wp-context='{\"instanceId\":1}'\t\t\t\tdata-wp-on--click=\"actions.open\"\n\t\t\t\tdata-wp-on-window--popstate=\"actions.onPopstate\"\n\t\t\t\t>\n\t\t\t\t\t\t\t<div class=\"web-stories-list__story-poster\">\n\t\t\t\t<a href=\"https:\/\/www.acordocerto.com.br\/blog\/web-stories\/afinal-quanto-o-futebol-solidario-arrecadou\/\">\n\t\t\t\t\t<img\n\t\t\t\t\t\tsrc=\"https:\/\/www.acordocerto.com.br\/blog\/wp-content\/uploads\/2024\/05\/cropped-futebol-solidario-2.jpg\"\n\t\t\t\t\t\talt=\"Afinal, quanto o Futebol Solid\u00e1rio arrecadou?\"\n\t\t\t\t\t\twidth=\"185\"\n\t\t\t\t\t\theight=\"308\"\n\t\t\t\t\t\t\t\t\t\t\t\t\tsrcset=\"https:\/\/www.acordocerto.com.br\/blog\/wp-content\/uploads\/2024\/05\/cropped-futebol-solidario-2.jpg 640w, https:\/\/www.acordocerto.com.br\/blog\/wp-content\/uploads\/2024\/05\/cropped-futebol-solidario-2-150x200.jpg 150w\"\n\t\t\t\t\t\t\t\t\t\t\t\t\t\t\t\t\t\t\tsizes=\"auto, (max-width: 640px) 100vw, 640px\"\n\t\t\t\t\t\t\t\t\t\t\t\tloading=\"lazy\"\n\t\t\t\t\t\tdecoding=\"async\"\n\t\t\t\t\t>\n\t\t\t\t<\/a>\n\t\t\t<\/div>\n\t\t\t\t\t<div class=\"web-stories-list__story-content-overlay\">\n\t\t\t\t\t\t\t<div class=\"story-content-overlay__title\">\n\t\t\t\t\tAfinal, quanto o Futebol Solid\u00e1rio arrecadou?\t\t\t\t<\/div>\n\t\t\t\n\t\t\t\n\t\t\t\n\t\t\t\t\t<\/div>\n\t\t\t\t\t<\/div>\n\t\t\t\t\t\t\t\t<\/div>\n\t\t\t\t\t<div tabindex=\"0\" aria-label=\"Voltar\" class=\"glider-prev\"><\/div>\n\t\t\t\t\t<div tabindex=\"0\" aria-label=\"Avan\u00e7ar\" class=\"glider-next\"><\/div>\n\t\t\t\t\t\t\t\t<\/div>\n\t\t<\/div>\n\t\t<div style='text-align:center' class='yasr-auto-insert-visitor'><\/div>","protected":false},"excerpt":{"rendered":"<p>Consulte agora mesmo pela internet ou telefone e descubra se voc\u00ea vai receber as parcelas do Vale G\u00e1s a cada dois meses e garantir o botij\u00e3o para sua fam\u00edlia.<\/p>\n","protected":false},"author":10,"featured_media":7060,"comment_status":"open","ping_status":"open","sticky":false,"template":"","format":"standard","meta":{"_acf_changed":false,"inline_featured_image":false,"yasr_overall_rating":0,"yasr_post_is_review":"","yasr_auto_insert_disabled":"","yasr_review_type":"","footnotes":""},"categories":[33],"tags":[627],"class_list":["post-7058","post","type-post","status-publish","format-standard","has-post-thumbnail","hentry","category-direitos-e-beneficios","tag-auxilio-do-governo"],"acf":[],"yasr_visitor_votes":{"stars_attributes":{"read_only":false,"span_bottom":false},"number_of_votes":6,"sum_votes":21},"_links":{"self":[{"href":"https:\/\/www.acordocerto.com.br\/blog\/wp-json\/wp\/v2\/posts\/7058","targetHints":{"allow":["GET"]}}],"collection":[{"href":"https:\/\/www.acordocerto.com.br\/blog\/wp-json\/wp\/v2\/posts"}],"about":[{"href":"https:\/\/www.acordocerto.com.br\/blog\/wp-json\/wp\/v2\/types\/post"}],"author":[{"embeddable":true,"href":"https:\/\/www.acordocerto.com.br\/blog\/wp-json\/wp\/v2\/users\/10"}],"replies":[{"embeddable":true,"href":"https:\/\/www.acordocerto.com.br\/blog\/wp-json\/wp\/v2\/comments?post=7058"}],"version-history":[{"count":15,"href":"https:\/\/www.acordocerto.com.br\/blog\/wp-json\/wp\/v2\/posts\/7058\/revisions"}],"predecessor-version":[{"id":20703,"href":"https:\/\/www.acordocerto.com.br\/blog\/wp-json\/wp\/v2\/posts\/7058\/revisions\/20703"}],"wp:featuredmedia":[{"embeddable":true,"href":"https:\/\/www.acordocerto.com.br\/blog\/wp-json\/wp\/v2\/media\/7060"}],"wp:attachment":[{"href":"https:\/\/www.acordocerto.com.br\/blog\/wp-json\/wp\/v2\/media?parent=7058"}],"wp:term":[{"taxonomy":"category","embeddable":true,"href":"https:\/\/www.acordocerto.com.br\/blog\/wp-json\/wp\/v2\/categories?post=7058"},{"taxonomy":"post_tag","embeddable":true,"href":"https:\/\/www.acordocerto.com.br\/blog\/wp-json\/wp\/v2\/tags?post=7058"}],"curies":[{"name":"wp","href":"https:\/\/api.w.org\/{rel}","templated":true}]}}