{"id":8121,"date":"2020-03-16T10:42:00","date_gmt":"2020-03-16T13:42:00","guid":{"rendered":"https:\/\/www.acordocerto.com.br\/?p=8121"},"modified":"2024-05-15T15:23:36","modified_gmt":"2024-05-15T18:23:36","slug":"compra-do-material-escolar","status":"publish","type":"post","link":"https:\/\/www.acordocerto.com.br\/blog\/compra-do-material-escolar\/","title":{"rendered":"Compra do material escolar: dicas para economizar"},"content":{"rendered":"\n<p>Basta virar o ano para que os pais comecem a se preocupar com a lista de material escolar dos filhos.<\/p>\n\n\n\n<p>Diante deste cen\u00e1rio um tanto quanto complicado financeiramente que o mundo todo atravessa, a palavra de ordem \u00e9 economizar no que for preciso. E isso inclui a lista de material escolar!<\/p>\n\n\n\n<div class=\"cta-btn-block\">\n  <a class=\"cta-btn\"\n     href=\"https:\/\/app.acordocerto.com.br\/login?utm_source=blog&amp;utm_medium=acordocerto&amp;utm_term=cta-post\"\n          target=\"_blank\">Consulte seu CPF<\/a>\n<\/div>\n\n\n\n<p>Mas como fazer isso se, al\u00e9m da falta de dinheiro, os pre\u00e7os dos itens escolares, conforme previs\u00e3o, ser\u00e3o reajustados em cerca de 18% neste ano?<\/p>\n\n\n\n<p>Pois saiba que as pr\u00f3prias escolas est\u00e3o enviando aos pais listas mais enxutas e os aconselhando a usar o material que sobrou no ano passado. Isso porque durante 2020 quase n\u00e3o houve aula presencial, e muito material escolar adquirido no in\u00edcio do ano passado acabou nem sendo usado.<\/p>\n\n\n\n<p>Mas al\u00e9m disso, temos outras dicas. Veja abaixo!<\/p>\n\n\n\n\n\n<h2 class=\"wp-block-heading\"><strong>Compras coletivas<\/strong><\/h2>\n\n\n\n<p>Para aqueles materiais escolares cuja compra ser\u00e1 imprescind\u00edvel. a dica \u00e9 a compra coletiva.<\/p>\n\n\n\n<p>O processo \u00e9 f\u00e1cil e simples: basta apenas que um dos pais se responsabilize pela organiza\u00e7\u00e3o da lista de todos os alunos de uma mesma sala e, claro, fa\u00e7a as compras. Depois que a lista foi elaborada, deve-se procurar, de prefer\u00eancia, atacados, cujos pre\u00e7os j\u00e1 s\u00e3o mais baixos.<\/p>\n\n\n\n<div class=\"cta-btn-block\">\n  <a class=\"cta-btn\"\n     href=\"https:\/\/app.acordocerto.com.br\/login?utm_source=blog&amp;utm_medium=acordocerto&amp;utm_term=cta-post\"\n          target=\"_blank\">Consulte seu CPF<\/a>\n<\/div>\n\n\n\n<p>Comprando em grande quantidade os materiais comuns h\u00e1 boas chances de grandes descontos. Especialistas comentam que a redu\u00e7\u00e3o dos pre\u00e7os pode chegar a 20% na compara\u00e7\u00e3o do valor que se pagaria numa papelaria.<\/p>\n\n\n\n<p>Esta a\u00e7\u00e3o, a princ\u00edpio, ainda, ajuda a evitar aglomera\u00e7\u00f5es nas lojas, fundamental para a n\u00e3o dissemina\u00e7\u00e3o do coronav\u00edrus.<\/p>\n\n\n\n<h2 class=\"wp-block-heading\"><strong>Pesquisa de pre\u00e7os<\/strong><\/h2>\n\n\n\n<p>Por\u00e9m, antes de sair \u00e0s compras do material escolar \u00e9 necess\u00e1ria uma boa pesquisa de pre\u00e7os. A internet \u00e9 um \u00f3timo caminho.&nbsp; Outra possibilidade \u00e9 acompanhar as publica\u00e7\u00f5es dos Procons e de outras entidades de defesa do consumidor que costumam fazer levantamento de pre\u00e7os.<\/p>\n\n\n\n<p>Caso opte em comprar pela internet, n\u00e3o esque\u00e7a de incluir o valor do frete para saber se realmente o item sair\u00e1 mais barato do que em uma loja f\u00edsica.<\/p>\n\n\n\n<h2 class=\"wp-block-heading\"><strong>Descontos e barganhas<\/strong><\/h2>\n\n\n\n<p>N\u00e3o tenha vergonha de dar aquela \u2018chorada\u2019 nos pre\u00e7os nas lojas ou mesmo nas escolas, principalmente se for pagar \u00e0 vista. Entretanto, se a compra for parcelada, opte por uma quantidade de parcelas que n\u00e3o inclua juros. Negocie o valor total quando for levar mais de um item em uma loja.<\/p>\n\n\n\n<h2 class=\"wp-block-heading\"><strong>Grupos de troca<\/strong><\/h2>\n\n\n\n<p>Atualmente, no in\u00edcio do ano letivo criam-se grupos de troca de material escolar nas redes sociais. Quem tem livros (em bom estado) coloca o t\u00edtulo no grupo. Quem tiver interesse entra em contato e negocia a troca com outro livro.<\/p>\n\n\n\n<div class=\"cta-btn-block\">\n  <a class=\"cta-btn\"\n     href=\"https:\/\/app.acordocerto.com.br\/login?utm_source=blog&amp;utm_medium=acordocerto&amp;utm_term=cta-post\"\n          target=\"_blank\">Consulte seu CPF<\/a>\n<\/div>\n\n\n\n<p>O custo nesta transa\u00e7\u00e3o \u00e9 quase zero. Se as resid\u00eancias entre quem est\u00e1 trocando os livros for longe, o \u00fanico gasto ser\u00e1 com as despesas de Correios ou outro tipo de transporte.<\/p>\n\n\n\n<h2 class=\"wp-block-heading\"><strong>Compra e venda de livros usados<\/strong><\/h2>\n\n\n\n<p>Outra possibilidade de economizar na lista de material escolar \u00e9 comprar (e vender) os livros usados pelos alunos nos anos letivos anteriores.<\/p>\n\n\n\n<p>Do mesmo modo que os grupos de troca, as redes sociais t\u00eam sido utilizadas para este fim.<\/p>\n\n\n\n<p>Basta entrar nestes grupos ou at\u00e9 mesmo nos sites que vendem livros usados e procurar o t\u00edtulo do livro, ver as fotos das condi\u00e7\u00f5es e que ele est\u00e1 e fechar o neg\u00f3cio. Pode-se aproveitar e colocar para a venda os livros que os filhos n\u00e3o usar\u00e3o mais. Assim, al\u00e9m de comprar mais barato, voc\u00ea poder\u00e1 pagar as compras com o valor obtido com a venda dos seus livros.<\/p>\n\n\n\n<h2 class=\"wp-block-heading\"><strong>Reaproveitamento de material<\/strong><\/h2>\n\n\n\n<p>Mochilas, lancheiras, estojos, toalhinhas de m\u00e3o, tabuada, dicion\u00e1rio, avental, tesouras, r\u00e9guas e cadernos que quase n\u00e3o foram utilizados no ano passado podem (e devem) ser reaproveitados. <\/p>\n\n\n\n<p>Assim como os pais ou respons\u00e1veis pelos alunos devem checar se l\u00e1pis, l\u00e1pis de cor, caneta, borracha e outros itens t\u00eam ainda condi\u00e7\u00f5es de uso, evitando comprar coisas que j\u00e1 se possua em bom estado.<\/p>\n\n\n\n<div class=\"cta-btn-block\">\n  <a class=\"cta-btn\"\n     href=\"https:\/\/app.acordocerto.com.br\/login?utm_source=blog&amp;utm_medium=acordocerto&amp;utm_term=cta-post\"\n          target=\"_blank\">Consulte seu CPF<\/a>\n<\/div>\n\n\n\n<p>Com o reaproveitamento se consegue uma boa economia ou, no pelo menos, adiar para os pr\u00f3ximos meses a compra de alguns itens, deixando assim o or\u00e7amento financeiro mais equilibrado no momento.<\/p>\n\n\n\n<h2 class=\"wp-block-heading\"><strong>Itens n\u00e3o urgentes<\/strong><\/h2>\n\n\n\n<p>Ali\u00e1s, nem sempre h\u00e1 necessidade de comprar toda a lista de material escolar de imediato. Converse com a escola para saber quais ser\u00e3o utilizados no primeiro semestre e priorize a aquisi\u00e7\u00e3o deles. Com esta atitude, \u00e9 poss\u00edvel evitar a eleva\u00e7\u00e3o dos pre\u00e7os nos meses de janeiro e fevereiro.<\/p>\n\n\n\n<h2 class=\"wp-block-heading\"><strong>Evite marcas e personagens<\/strong><\/h2>\n\n\n\n<p>Se voc\u00ea quiser ficar dentro do valor estimado para as compras do material escolar, evite comprar produtos de personagens e marcas. Costumam ser bem mais caros.<\/p>\n\n\n\n<p>Mas se a crian\u00e7a bater o p\u00e9, voc\u00ea pode negociar com ela a compra de um ou dois itens do personagem favorito.<\/p>\n\n\n\n<h2 class=\"wp-block-heading\">Parcele o m\u00ednimo poss\u00edvel e cuidado: o barato sai caro<\/h2>\n\n\n\n<p>O passo seguinte \u00e9 partir para a pesquisa de pre\u00e7os. Veja em algumas lojas f\u00edsicas e tamb\u00e9m na internet e anote os valores de cada produto. Antes de pegar o mais barato, analise todo o custo-benef\u00edcio. \u00c0s vezes, um produto que \u00e9 um pouco mais caro mas com boa qualidade pode durar muito mais do que o mais barato, o que pode gerar mais economia no longo prazo.<\/p>\n\n\n\n<h3 class=\"wp-block-heading\">Negocie e pe\u00e7a desconto do jeito certo<\/h3>\n\n\n\n<p>Antes de fechar as compras, negocie o valor total. Pe\u00e7a desconto do jeito certo e consiga aqueles 10% que a maioria das lojas concede para quem paga \u00e0 vista. Se voc\u00ea pagar em dinheiro, pe\u00e7a pelo menos o desconto referente ao custo que a loja tem por usar a m\u00e1quina de cart\u00e3o de cr\u00e9dito.&nbsp;<\/p>\n\n\n\n\n\n\n<p>\u201cSe voc\u00ea s\u00f3 conseguir comprar a prazo, fa\u00e7a o m\u00ednimo de parcelas poss\u00edvel de acordo com o seu or\u00e7amento, pois as parcelas podem se acumular com gastos futuros e gerar um valor de fatura maior do que o seu or\u00e7amento atual\u201d, aconselha Camila Siqueira Oliveira, assessora de investimentos e s\u00f3cia no escrit\u00f3rio Ikedo Investimentos.<\/p>\n\n\n\n<h2 class=\"wp-block-heading\"><strong>Reaproveitamento de uniforme<\/strong><\/h2>\n\n\n\n<p>Para n\u00e3o gastar com uniformes (se as aulas presenciais retornarem) pode-se aproveitar o comprado no ano anterior. Mas se a roupa n\u00e3o servir mais na crian\u00e7a, talvez ela possa ser usada por um irm\u00e3o (ou irm\u00e3) mais novo e at\u00e9 mesmo repass\u00e1-la para outro aluno da mesma escola.<\/p>\n\n\n\n<div class=\"cta-btn-block\">\n  <a class=\"cta-btn\"\n     href=\"https:\/\/app.acordocerto.com.br\/login?utm_source=blog&amp;utm_medium=acordocerto&amp;utm_term=cta-post\"\n          target=\"_blank\">Consulte seu CPF<\/a>\n<\/div>\n\n\n\n<p>H\u00e1 tamb\u00e9m grupos de trocas de uniformes nas redes sociais. Portanto, veja, ent\u00e3o, se na escola que seus filhos estudam foi formado algum grupo e aproveite para trocar, comprar ou vender uniformes usados. Com certeza, far\u00e1 muito bem para o seu bolso, al\u00e9m de ajudar outros pais e alunos.<\/p>\n\n\n\n<h2 class=\"wp-block-heading\"><strong>Lista n\u00e3o pode conter\u2026<\/strong><\/h2>\n\n\n\n<p>De acordo com os \u00f3rg\u00e3os de defesa do consumidor as escolas n\u00e3o podem incluir na lista de material escolar itens de uso coletivo, produtos de limpeza e higiene, itens administrativos, rem\u00e9dios, copos e talheres descart\u00e1veis.&nbsp; As escolas n\u00e3o podem tamb\u00e9m marcar lojas ou livrarias para a compra dos materiais. Sobretudo, isso configura venda casada e \u00e9 proibida pelo C\u00f3digo de Defesa do Consumidor. As exce\u00e7\u00f5es ficam por conta apenas de artigos que n\u00e3o s\u00e3o vendidos no com\u00e9rcio, como apostilas pr\u00f3prias.<\/p>\n\n\n\n<p>Se na lista tiver os itens acima ou for determinado o local para a compra, os pais devem denunciar a escola no Procon de sua cidade.<\/p>\n\n\n<ul class=\"wp-block-latest-posts__list wp-block-latest-posts\"><li><a class=\"wp-block-latest-posts__post-title\" href=\"https:\/\/www.acordocerto.com.br\/blog\/feirao-de-negociacao-de-dividas-em-campinas\/\">Feir\u00e3o de Negocia\u00e7\u00e3o de D\u00edvidas em Campinas: descubra como renegociar seus d\u00e9bitos com condi\u00e7\u00f5es facilitadas<\/a><\/li>\n<li><a class=\"wp-block-latest-posts__post-title\" href=\"https:\/\/www.acordocerto.com.br\/blog\/juros-abusivos\/\">Juros abusivos: como calcular e identificar quando uma cobran\u00e7a \u00e9 ilegal<\/a><\/li>\n<li><a class=\"wp-block-latest-posts__post-title\" href=\"https:\/\/www.acordocerto.com.br\/blog\/divida-caduca\/\">D\u00edvida Caduca: Como Funciona e o Que Acontece com Sua Pend\u00eancia<\/a><\/li>\n<li><a class=\"wp-block-latest-posts__post-title\" href=\"https:\/\/www.acordocerto.com.br\/blog\/inteligencia-artificial-para-financas-pessoais\/\">Intelig\u00eancia Artificial para finan\u00e7as pessoais: seu novo aliado para organizar e otimizar o dinheiro!<\/a><\/li>\n<li><a class=\"wp-block-latest-posts__post-title\" href=\"https:\/\/www.acordocerto.com.br\/blog\/ia-para-financas\/\">IA para Finan\u00e7as: um guia pr\u00e1tico para organizar gastos, planejar e investir com Intelig\u00eancia Artificial<\/a><\/li>\n<\/ul>\n\n<div id=\"rank-math-faq\" class=\"rank-math-block\">\n<div class=\"rank-math-list \">\n<div id=\"faq-question-1700762191175\" class=\"rank-math-list-item\">\n<h3 class=\"rank-math-question \">Qual \u00e9 o melhor m\u00eas para comprar material escolar?<\/h3>\n<div class=\"rank-math-answer \">\n\n<p>Uma dica bacana para as m\u00e3es e pais que est\u00e3o cuidando da volta \u00e0s aulas \u00e9 j\u00e1 come\u00e7ar a pensar nas compras l\u00e1 por agosto ou setembro, mais ou menos. Sabemos que nessa \u00e9poca as escolas ainda n\u00e3o soltaram a lista completa do que vai ser usado, mas d\u00e1 para garantir algumas coisas b\u00e1sicas que a gente j\u00e1 sabe que sempre vai precisar, como l\u00e1pis, borracha, canetas, cadernos, mochila e estojo. <\/p>\n\n<\/div>\n<\/div>\n<\/div>\n<\/div>\n\n\t\t<div class=\"web-stories-list alignnone has-archive-link is-view-type-carousel is-style-default is-carousel\" data-id=\"1\">\n\t\t\t<div\n\t\t\tclass=\"web-stories-list__inner-wrapper carousel-1\"\n\t\t\tstyle=\"--ws-story-max-width:185px\"\n\t\t\t>\n\t\t\t\t\t\t<div class=\"web-stories-list__archive-link\">\n\t\t\t<a href=\"https:\/\/www.acordocerto.com.br\/blog\/web-stories\/\">\n\t\t\t\tVisualizando todos Stories\t\t\t<\/a>\n\t\t<\/div>\n\t\t\t\t\t\t\t<div\n\t\t\t\t\tclass=\"web-stories-list__carousel carousel\"\n\t\t\t\t\tdata-id=\"carousel-1\"\n\t\t\t\t\tdata-prev=\"Voltar\"\n\t\t\t\t\tdata-next=\"Avan\u00e7ar\"\n\t\t\t\t\t>\n\t\t\t\t\t\t\t\t\t<div\n\t\t\t\tclass=\"web-stories-list__story\"\n\t\t\t\tdata-wp-interactive=\"web-stories-block\"\n\t\t\t\tdata-wp-context='{\"instanceId\":1}'\t\t\t\tdata-wp-on--click=\"actions.open\"\n\t\t\t\tdata-wp-on-window--popstate=\"actions.onPopstate\"\n\t\t\t\t>\n\t\t\t\t\t\t\t<div class=\"web-stories-list__story-poster\">\n\t\t\t\t<a href=\"https:\/\/www.acordocerto.com.br\/blog\/web-stories\/6-dicas-economizar-material-escolar\/\" >\n\t\t\t\t\t<img\n\t\t\t\t\t\tsrc=\"https:\/\/www.acordocerto.com.br\/blog\/wp-content\/uploads\/2023\/01\/cropped-material-escolar.jpg\"\n\t\t\t\t\t\talt=\"6 dicas para economizar na compra de material escolar\"\n\t\t\t\t\t\twidth=\"185\"\n\t\t\t\t\t\theight=\"308\"\n\t\t\t\t\t\t\t\t\t\t\t\t\tsrcset=\"https:\/\/www.acordocerto.com.br\/blog\/wp-content\/uploads\/2023\/01\/cropped-material-escolar.jpg 640w, https:\/\/www.acordocerto.com.br\/blog\/wp-content\/uploads\/2023\/01\/cropped-material-escolar-150x200.jpg 150w, https:\/\/www.acordocerto.com.br\/blog\/wp-content\/uploads\/2023\/01\/cropped-material-escolar-225x300.jpg 225w\"\n\t\t\t\t\t\t\t\t\t\t\t\t\t\t\t\t\t\t\tsizes=\"auto, (max-width: 640px) 100vw, 640px\"\n\t\t\t\t\t\t\t\t\t\t\t\tloading=\"lazy\"\n\t\t\t\t\t\tdecoding=\"async\"\n\t\t\t\t\t>\n\t\t\t\t<\/a>\n\t\t\t<\/div>\n\t\t\t\t\t<div class=\"web-stories-list__story-content-overlay\">\n\t\t\t\t\t\t\t<div class=\"story-content-overlay__title\">\n\t\t\t\t\t6 dicas para economizar na compra de material escolar\t\t\t\t<\/div>\n\t\t\t\n\t\t\t\n\t\t\t\n\t\t\t\t\t<\/div>\n\t\t\t\t\t<\/div>\n\t\t\t\t\t\t<div\n\t\t\t\tclass=\"web-stories-list__story\"\n\t\t\t\tdata-wp-interactive=\"web-stories-block\"\n\t\t\t\tdata-wp-context='{\"instanceId\":1}'\t\t\t\tdata-wp-on--click=\"actions.open\"\n\t\t\t\tdata-wp-on-window--popstate=\"actions.onPopstate\"\n\t\t\t\t>\n\t\t\t\t\t\t\t<div class=\"web-stories-list__story-poster\">\n\t\t\t\t<a href=\"https:\/\/www.acordocerto.com.br\/blog\/web-stories\/taxa-rosa-mulheres-pagam-mais\/\" >\n\t\t\t\t\t<img\n\t\t\t\t\t\tsrc=\"https:\/\/www.acordocerto.com.br\/blog\/wp-content\/uploads\/2023\/03\/cropped-taxa-rosa3-1.jpg\"\n\t\t\t\t\t\talt=\"Por que Mulheres Pagam Mais? Conhe\u00e7a a Taxa Rosa!\"\n\t\t\t\t\t\twidth=\"185\"\n\t\t\t\t\t\theight=\"308\"\n\t\t\t\t\t\t\t\t\t\t\t\t\tsrcset=\"https:\/\/www.acordocerto.com.br\/blog\/wp-content\/uploads\/2023\/03\/cropped-taxa-rosa3-1.jpg 640w, https:\/\/www.acordocerto.com.br\/blog\/wp-content\/uploads\/2023\/03\/cropped-taxa-rosa3-1-150x200.jpg 150w\"\n\t\t\t\t\t\t\t\t\t\t\t\t\t\t\t\t\t\t\tsizes=\"auto, (max-width: 640px) 100vw, 640px\"\n\t\t\t\t\t\t\t\t\t\t\t\tloading=\"lazy\"\n\t\t\t\t\t\tdecoding=\"async\"\n\t\t\t\t\t>\n\t\t\t\t<\/a>\n\t\t\t<\/div>\n\t\t\t\t\t<div class=\"web-stories-list__story-content-overlay\">\n\t\t\t\t\t\t\t<div class=\"story-content-overlay__title\">\n\t\t\t\t\tPor que Mulheres Pagam Mais? Conhe\u00e7a a Taxa Rosa!\t\t\t\t<\/div>\n\t\t\t\n\t\t\t\n\t\t\t\n\t\t\t\t\t<\/div>\n\t\t\t\t\t<\/div>\n\t\t\t\t\t\t\t\t<\/div>\n\t\t\t\t\t<div tabindex=\"0\" aria-label=\"Voltar\" class=\"glider-prev\"><\/div>\n\t\t\t\t\t<div tabindex=\"0\" aria-label=\"Avan\u00e7ar\" class=\"glider-next\"><\/div>\n\t\t\t\t\t\t\t\t<\/div>\n\t\t<\/div>\n\t\t<div style='text-align:center' class='yasr-auto-insert-visitor'><\/div>","protected":false},"excerpt":{"rendered":"<p>Quem tem filho sempre precisa lembrar que no come\u00e7o do ano existem mais gastos, os com materiais escolares. Confira aqui dicas de como lidar!<\/p>\n","protected":false},"author":10,"featured_media":14843,"comment_status":"open","ping_status":"open","sticky":false,"template":"","format":"standard","meta":{"_acf_changed":false,"inline_featured_image":false,"yasr_overall_rating":0,"yasr_post_is_review":"","yasr_auto_insert_disabled":"","yasr_review_type":"","footnotes":""},"categories":[15],"tags":[635],"class_list":["post-8121","post","type-post","status-publish","format-standard","has-post-thumbnail","hentry","category-financas-pessoais","tag-educacao-financeira"],"acf":[],"yasr_visitor_votes":{"stars_attributes":{"read_only":false,"span_bottom":false},"number_of_votes":0,"sum_votes":0},"_links":{"self":[{"href":"https:\/\/www.acordocerto.com.br\/blog\/wp-json\/wp\/v2\/posts\/8121","targetHints":{"allow":["GET"]}}],"collection":[{"href":"https:\/\/www.acordocerto.com.br\/blog\/wp-json\/wp\/v2\/posts"}],"about":[{"href":"https:\/\/www.acordocerto.com.br\/blog\/wp-json\/wp\/v2\/types\/post"}],"author":[{"embeddable":true,"href":"https:\/\/www.acordocerto.com.br\/blog\/wp-json\/wp\/v2\/users\/10"}],"replies":[{"embeddable":true,"href":"https:\/\/www.acordocerto.com.br\/blog\/wp-json\/wp\/v2\/comments?post=8121"}],"version-history":[{"count":4,"href":"https:\/\/www.acordocerto.com.br\/blog\/wp-json\/wp\/v2\/posts\/8121\/revisions"}],"predecessor-version":[{"id":14440,"href":"https:\/\/www.acordocerto.com.br\/blog\/wp-json\/wp\/v2\/posts\/8121\/revisions\/14440"}],"wp:featuredmedia":[{"embeddable":true,"href":"https:\/\/www.acordocerto.com.br\/blog\/wp-json\/wp\/v2\/media\/14843"}],"wp:attachment":[{"href":"https:\/\/www.acordocerto.com.br\/blog\/wp-json\/wp\/v2\/media?parent=8121"}],"wp:term":[{"taxonomy":"category","embeddable":true,"href":"https:\/\/www.acordocerto.com.br\/blog\/wp-json\/wp\/v2\/categories?post=8121"},{"taxonomy":"post_tag","embeddable":true,"href":"https:\/\/www.acordocerto.com.br\/blog\/wp-json\/wp\/v2\/tags?post=8121"}],"curies":[{"name":"wp","href":"https:\/\/api.w.org\/{rel}","templated":true}]}}