{"id":9183,"date":"2023-04-26T15:08:46","date_gmt":"2023-04-26T18:08:46","guid":{"rendered":"https:\/\/www.acordocerto.com.br\/?p=9183"},"modified":"2025-08-25T11:41:04","modified_gmt":"2025-08-25T14:41:04","slug":"14-salario","status":"publish","type":"post","link":"https:\/\/www.acordocerto.com.br\/blog\/14-salario\/","title":{"rendered":"14 sal\u00e1rio dos aposentados: confira quem tem direito e quando receber\u00a0"},"content":{"rendered":"\n<p>Uma das melhores not\u00edcias que podemos receber \u00e9 saber que temos direito a um dinheiro extra que n\u00e3o est\u00e1vamos esperando, n\u00e3o \u00e9 verdade? &nbsp;<\/p>\n\n\n\n<div class=\"cta-btn-block\">\n  <a class=\"cta-btn\" href=\"https:\/\/app.acordocerto.com.br\/login?utm_source=blog&amp;utm_medium=acordocerto&amp;utm_term=cta-post\" target=\"_blank\">Consulte seu CPF<\/a>\n<\/div>\n\n\n\n<p>\u00c9 o caso do 14\u00ba sal\u00e1rio: muitos brasileiros, especialmente os aposentados, est\u00e3o na expectativa de receber esse benef\u00edcio, mas ainda h\u00e1 muitas d\u00favidas sobre quem tem direito e como funciona o recebimento.<\/p>\n\n\n\n<p>E \u00e9 claro que vamos esclarecer todas as suas d\u00favidas sobre o 14\u00ba sal\u00e1rio dos aposentados aqui! Continue a leitura para discutir como garantir este b\u00f4nus no seu benef\u00edcio.<\/p>\n\n\n\n\n\n<h2 class=\"wp-block-heading\"><strong>O que \u00e9 o d\u00e9cimo quarto sal\u00e1rio dos aposentados?<\/strong>&nbsp;<\/h2>\n\n\n\n<p>O d\u00e9cimo quarto sal\u00e1rio \u00e9 um benef\u00edcio que foi proposto para ser pago anualmente aos aposentados e pensionistas do <a href=\"https:\/\/www.acordocerto.com.br\/blog\/o-que-e-inss\/\" target=\"_blank\" rel=\"noreferrer noopener\">INSS<\/a>. Esse benef\u00edcio seria um <a href=\"https:\/\/www.acordocerto.com.br\/blog\/abono-salarial\/\" target=\"_blank\" rel=\"noreferrer noopener\">abono<\/a> anual em dobro, ou seja, al\u00e9m do <a href=\"https:\/\/www.acordocerto.com.br\/blog\/decimo-terceiro\/\" target=\"_blank\" rel=\"noreferrer noopener\">d\u00e9cimo terceiro<\/a> sal\u00e1rio, o aposentado ou pensionista receberia mais uma parcela do benef\u00edcio no final do ano.&nbsp;<\/p>\n\n\n\n<div class=\"cta-btn-block\">\n  <a class=\"cta-btn\" href=\"https:\/\/app.acordocerto.com.br\/login?utm_source=blog&amp;utm_medium=acordocerto&amp;utm_term=cta-post\" target=\"_blank\">Consulte seu CPF<\/a>\n<\/div>\n\n\n\n<p>Na verdade, este benef\u00edcio ainda \u00e9 um projeto de Lei, que segue em tramita\u00e7\u00e3o na C\u00e2mara dos Deputados e no Plen\u00e1rio do Senado Federal desde 2020, ano em que iniciou a pandemia devido o coronav\u00edrus.&nbsp;<\/p>\n\n\n\n<p>Sua proposta \u00e9 simples: pagar um sal\u00e1rio extra aos benefici\u00e1rios, para suprir e cobrir o adiantamento do d\u00e9cimo terceiro que foi feito na \u00e9poca da pandemia. &nbsp;<\/p>\n\n\n\n<p>Estes s\u00e3o os projetos de Lei que falam sobre este benef\u00edcio:&nbsp; &nbsp;<\/p>\n\n\n\n<ol class=\"wp-block-list\">\n<li><a href=\"https:\/\/www.camara.leg.br\/proposicoesWeb\/fichadetramitacao?idProposicao=2261044\" target=\"_blank\" rel=\"noreferrer noopener\">Projeto de Lei n\u00ba 4.367\/2020, do Senador Pompeo de Mattos<\/a>&nbsp;<\/li>\n\n\n\n<li><a href=\"https:\/\/www.camara.leg.br\/proposicoesWeb\/fichadetramitacao?idProposicao=2261044\" target=\"_blank\" rel=\"noreferrer noopener\">Projeto de Lei n\u00ba 3.657\/2020, do Senador Paulo Paim<\/a><\/li>\n<\/ol>\n\n\n\n<p><\/p>\n\n\n\n<h2 class=\"wp-block-heading\"><strong>Quem tem direito ao d\u00e9cimo quarto sal\u00e1rio do INSS?&nbsp;<\/strong><\/h2>\n\n\n\n<p>At\u00e9 o momento, o d\u00e9cimo quarto sal\u00e1rio daqueles que tem <a href=\"https:\/\/www.acordocerto.com.br\/blog\/aposentadoria\/\" target=\"_blank\" rel=\"noreferrer noopener\">aposentadoria<\/a> ainda n\u00e3o foi aprovado pelo Governo, mas se for, todos os aposentados e pensionistas do INSS com renda de at\u00e9 dois<a href=\"https:\/\/www.acordocerto.com.br\/blog\/salario-minimo\/\" target=\"_blank\" rel=\"noreferrer noopener\"> sal\u00e1rios-m\u00ednimos<\/a> ter\u00e3o direito ao 14\u00ba sal\u00e1rio. &nbsp;<\/p>\n\n\n\n<p>Veja a lista de quem tem direito: <\/p>\n\n\n\n<ol class=\"wp-block-list\">\n<li>Aposentados&nbsp;<\/li>\n\n\n\n<li>Pensionistas&nbsp;<\/li>\n\n\n\n<li>Pessoas que recebem outros benef\u00edcios, como o aux\u00edlio-doen\u00e7a, aux\u00edlio reclus\u00e3o, <a href=\"https:\/\/www.acordocerto.com.br\/blog\/auxilio-maternidade\/\" target=\"_blank\" rel=\"noreferrer noopener\">auxilio maternidade<\/a>, aux\u00edlio creche e pens\u00e3o por morte<\/li>\n<\/ol>\n\n\n\n<p><\/p>\n\n\n\n<p>E este \u00e9 o grupo que N\u00c3O ter\u00e1 direito ao 14 sal\u00e1rio:&nbsp;<\/p>\n\n\n\n<ol class=\"wp-block-list\">\n<li>Pessoas que recebem o BPC (<a href=\"https:\/\/www.acordocerto.com.br\/blog\/beneficio-de-prestacao-continuada\/\" target=\"_blank\" rel=\"noreferrer noopener\">Benef\u00edcio de presta\u00e7\u00e3o continuada<\/a>) &nbsp;<\/li>\n\n\n\n<li>Pensionistas mensais vital\u00edcios <\/li>\n\n\n\n<li>Pessoas que recebem os seguintes benef\u00edcios:&nbsp; aux\u00edlio suplementar por acidente de trabalho, amparo previdenci\u00e1rio por invalidez do trabalhador rural &nbsp;<\/li>\n<\/ol>\n\n\n\n<p><\/p>\n\n\n\n<h2 class=\"wp-block-heading\"><strong>Como funciona o recebimento do 14\u00ba sal\u00e1rio?&nbsp;<\/strong><\/h2>\n\n\n\n<p>Caso o projeto de lei seja aprovado, o 14\u00ba sal\u00e1rio dos aposentados seria pago da mesma forma que o d\u00e9cimo terceiro sal\u00e1rio, atrav\u00e9s de um dep\u00f3sito feito diretamente na conta do benefici\u00e1rio, onde \u00e9 poss\u00edvel sacar ou transferir para outras contas. &nbsp;<\/p>\n\n\n<ul class=\"wp-block-latest-posts__list wp-block-latest-posts\"><li><a class=\"wp-block-latest-posts__post-title\" href=\"https:\/\/www.acordocerto.com.br\/blog\/divida-pode-bloquear-ou-penhorar-salario\/\">D\u00edvida pode bloquear ou penhorar sal\u00e1rio? Entenda o que a lei permite<\/a><\/li>\n<li><a class=\"wp-block-latest-posts__post-title\" href=\"https:\/\/www.acordocerto.com.br\/blog\/cnh-pai-d-egua-para\/\">CNH Pai D\u2019\u00e9gua 2026: como funciona e quem pode se inscrever na CNH Social do Par\u00e1<\/a><\/li>\n<li><a class=\"wp-block-latest-posts__post-title\" href=\"https:\/\/www.acordocerto.com.br\/blog\/cnh-social-sergipe\/\">CNH Social Sergipe 2026: como funciona o programa de habilita\u00e7\u00e3o gratuita no estado<\/a><\/li>\n<li><a class=\"wp-block-latest-posts__post-title\" href=\"https:\/\/www.acordocerto.com.br\/blog\/cnh-social-bahia\/\">CNH Social Bahia 2026: tudo sobre o programa CNH da Gente e o impacto da nova lei federal<\/a><\/li>\n<\/ul>\n\n\n<p><\/p>\n\n\n\n<h2 class=\"wp-block-heading\"><strong>Quando ser\u00e1 pago o d\u00e9cimo quarto em 2023&nbsp;<\/strong><\/h2>\n\n\n\n<p>Como os projetos relacionados ao 14\u00ba sal\u00e1rio ainda n\u00e3o foram aprovados, ent\u00e3o ainda n\u00e3o existe uma data prevista para o pagamento do benef\u00edcio em 2023.<\/p>\n\n\n\n<div class=\"cta-btn-block\">\n  <a class=\"cta-btn\" href=\"https:\/\/app.acordocerto.com.br\/login?utm_source=blog&amp;utm_medium=acordocerto&amp;utm_term=cta-post\" target=\"_blank\">Consulte seu CPF<\/a>\n<\/div>\n\n\n\n<p>Assim que houver mais informa\u00e7\u00f5es sobre o assunto, divulgaremos aqui neste mesmo conte\u00fado, na \u00e1rea de \u201c\u00faltimas not\u00edcias\u201d no final. &nbsp;<\/p>\n\n\n\n<p>De toda forma, vamos deixar abaixo a tabela com o calend\u00e1rio geral de pagamentos do INSS em 2023 para voc\u00ea ficar de olho.&nbsp;<\/p>\n\n\n\n\n\n\n<h2 class=\"wp-block-heading\"><strong>Sal\u00e1rio INSS: Tabela de pagamento&nbsp;<\/strong><\/h2>\n\n\n\n<p>A tabela de pagamento do INSS \u00e9 um calend\u00e1rio que informa as datas de pagamento dos benef\u00edcios previdenci\u00e1rios. Confira a seguir:&nbsp;<\/p>\n\n\n\n<h3 class=\"wp-block-heading\"><strong>Tabela de pagamento sal\u00e1rio INSS: Calend\u00e1rio de janeiro, fevereiro, mar\u00e7o, abril, maio e junho de 2025<\/strong><\/h3>\n\n\n\n<figure class=\"wp-block-table is-style-stripes\"><table><tbody><tr><td><strong>Final do NIS&nbsp;&nbsp;<\/strong><\/td><td><strong>Janeiro<\/strong><br><strong>2025<\/strong><\/td><td><strong>Fevereiro <\/strong><br><strong>2025<\/strong><\/td><td><strong>Mar\u00e7o<\/strong><br><strong>2025<\/strong><\/td><td><strong>Abril<\/strong><br><strong>2025<\/strong><\/td><td><strong>Maio<\/strong><br><strong>2025<\/strong><\/td><td><strong>Junho<\/strong><br><strong>2025<\/strong><\/td><\/tr><tr><td>1&nbsp;&nbsp;<\/td><td>27\/jan<\/td><td>24\/fev<\/td><td>25\/mar<\/td><td>24\/abr<\/td><td>26\/mai<\/td><td>24\/jun<\/td><\/tr><tr><td>2&nbsp;&nbsp;<\/td><td>28\/jan<\/td><td>25\/fev<\/td><td>26\/mar<\/td><td>25\/abr<\/td><td>27\/mai<\/td><td>25\/jun<\/td><\/tr><tr><td>3&nbsp;&nbsp;<\/td><td>29\/jan<\/td><td>26\/fev<\/td><td>27\/mar&nbsp;<\/td><td>28\/abr<\/td><td>28\/mai<\/td><td>26\/jun<\/td><\/tr><tr><td>4&nbsp;&nbsp;<\/td><td>30\/jan<\/td><td>27\/fev<\/td><td>28\/mar&nbsp;<\/td><td>29\/abr<\/td><td>29\/mai<\/td><td>27\/jun<\/td><\/tr><tr><td>5&nbsp;&nbsp;<\/td><td>31\/jan<\/td><td>28\/fev <\/td><td>31\/mar&nbsp;<\/td><td>30\/abr<\/td><td>30\/mai<\/td><td>30\/jun<\/td><\/tr><tr><td>6&nbsp;&nbsp;<\/td><td>03\/fev<\/td><td>06\/mar<\/td><td>01\/abr<\/td><td>02\/mai<\/td><td>02\/jun<\/td><td>01\/jul<\/td><\/tr><tr><td>7&nbsp;&nbsp;<\/td><td>04\/fev<\/td><td>07\/mar&nbsp;<\/td><td>02\/abr<\/td><td>05\/mai<\/td><td>03\/jun<\/td><td>02\/jul<\/td><\/tr><tr><td>8&nbsp;&nbsp;<\/td><td>05\/fev<\/td><td>10\/mar&nbsp;<\/td><td>03\/abr<\/td><td>06\/mai<\/td><td>04\/jun<\/td><td>03\/jul<\/td><\/tr><tr><td>9&nbsp;&nbsp;<\/td><td>06\/fev<\/td><td>11\/mar<\/td><td>04\/abr<\/td><td>07\/mai<\/td><td>05\/jun<\/td><td>04\/jul<\/td><\/tr><tr><td>0&nbsp;&nbsp;<\/td><td>07\/fev<\/td><td>12\/mar&nbsp;<\/td><td>07\/abr<\/td><td>08\/mai<\/td><td>06\/jun<\/td><td>07\/jul<\/td><\/tr><\/tbody><\/table><\/figure>\n\n\n\n<h3 class=\"wp-block-heading\"><strong>Tabela de pagamento sal\u00e1rio INSS: Calend\u00e1rio de julho, agosto, setembro, outubro, novembro e dezembro de 2025<\/strong><\/h3>\n\n\n\n<figure class=\"wp-block-table is-style-stripes\"><table><tbody><tr><td><strong>Final do NIS&nbsp;&nbsp;<\/strong><\/td><td><strong>Julho<\/strong><br><strong>2025<\/strong><\/td><td><strong>Agosto<\/strong><br><strong>2025<\/strong><\/td><td><strong>Setembro<\/strong><br><strong>2025<\/strong><\/td><td><strong>Outubro<\/strong><br><strong>2025<\/strong><\/td><td><strong>Novembro<\/strong><br><strong>2025<\/strong><\/td><td><strong>Dezembro<\/strong><br><strong>2025<\/strong><\/td><\/tr><tr><td>1&nbsp;&nbsp;<\/td><td>25\/jul<\/td><td>25\/ago<\/td><td>24\/set<\/td><td>27\/out<\/td><td>24\/nov<\/td><td>22\/dez<\/td><\/tr><tr><td>2&nbsp;&nbsp;<\/td><td>28\/jul<\/td><td>26\/ago<\/td><td>25\/set<\/td><td>28\/out<\/td><td>25\/nov<\/td><td>23\/dez<\/td><\/tr><tr><td>3&nbsp;&nbsp;<\/td><td>29\/jul<\/td><td>27\/ago<\/td><td>26\/set<\/td><td>29\/out<\/td><td>26\/nov<\/td><td>26\/dez<\/td><\/tr><tr><td>4&nbsp;&nbsp;<\/td><td>30\/jul<\/td><td>28\/ago<\/td><td>29\/set<\/td><td>30\/out<\/td><td>27\/nov<\/td><td>29\/dez<\/td><\/tr><tr><td>5&nbsp;&nbsp;<\/td><td>31\/jul<\/td><td>29\/ago<\/td><td>30\/set<\/td><td>31\/out<\/td><td>28\/nov<\/td><td>30\/dez<\/td><\/tr><tr><td>6&nbsp;&nbsp;<\/td><td>01\/ago<\/td><td>01\/set<\/td><td>01\/out<\/td><td>03\/nov<\/td><td>01\/dez<\/td><td>02\/jan\/2026<\/td><\/tr><tr><td>7&nbsp;&nbsp;<\/td><td>04\/ago<\/td><td>02\/set<\/td><td>02\/out<\/td><td>04\/nov<\/td><td>02\/dez<\/td><td>05\/jan\/2026<\/td><\/tr><tr><td>8&nbsp;&nbsp;<\/td><td>05\/ago<\/td><td>03\/set<\/td><td>03\/out<\/td><td>05\/nov<\/td><td>03\/dez<\/td><td>06\/jan\/2026<\/td><\/tr><tr><td>9&nbsp;&nbsp;<\/td><td>06\/ago<\/td><td>04\/set<\/td><td>06\/out<\/td><td>06\/nov<\/td><td>04\/dez<\/td><td>07\/jan\/2026<\/td><\/tr><tr><td>0&nbsp;&nbsp;<\/td><td>07\/ago<\/td><td>05\/set<\/td><td>07\/out<\/td><td>07\/nov<\/td><td>05\/dez<\/td><td>08\/jan\/2026<\/td><\/tr><\/tbody><\/table><\/figure>\n\n\n\n<p><\/p>\n\n\n\n<h3 class=\"wp-block-heading\"><strong>Tabela de pagamento sal\u00e1rio INSS: Calend\u00e1rio de janeiro, fevereiro, mar\u00e7o, abril, maio e junho de 2024<\/strong><\/h3>\n\n\n\n<figure class=\"wp-block-table is-style-stripes\"><table><tbody><tr><td><strong>Final do NIS&nbsp;&nbsp;<\/strong><\/td><td><strong>Janeiro<\/strong><br><strong>2024<\/strong><\/td><td><strong>Fevereiro <\/strong><br><strong>2024<\/strong><\/td><td><strong>Mar\u00e7o<\/strong><br><strong>2024<\/strong><\/td><td><strong>Abril<\/strong><br><strong>2024&nbsp;<\/strong><\/td><td><strong>Maio<\/strong><br><strong>2024<\/strong><\/td><td><strong>Junho<\/strong><br><strong>2024<\/strong><\/td><\/tr><tr><td>1&nbsp;&nbsp;<\/td><td>25\/jan<\/td><td>23\/fev<\/td><td>22\/mar&nbsp;<\/td><td>24\/abr<\/td><td>24\/mai<\/td><td>24\/jun<\/td><\/tr><tr><td>2&nbsp;&nbsp;<\/td><td>26\/jan<\/td><td>26\/fev<\/td><td>25\/mar&nbsp;<\/td><td>25\/abr<\/td><td>27\/mai<\/td><td>25\/jun<\/td><\/tr><tr><td>3&nbsp;&nbsp;<\/td><td>29\/jan<\/td><td>27\/fev<\/td><td>26\/mar&nbsp;<\/td><td>26\/abr<\/td><td>28\/mai<\/td><td>26\/jun<\/td><\/tr><tr><td>4&nbsp;&nbsp;<\/td><td>30\/jan<\/td><td>28\/fev<\/td><td>27\/mar&nbsp;<\/td><td>29\/abr<\/td><td>29\/mai<\/td><td>27\/jun<\/td><\/tr><tr><td>5&nbsp;&nbsp;<\/td><td>31\/jan<\/td><td>29\/fev <\/td><td>28\/mar&nbsp;<\/td><td>30\/abr<\/td><td>31\/mai<\/td><td>28\/jun<\/td><\/tr><tr><td>6&nbsp;&nbsp;<\/td><td>01\/jan<\/td><td>01\/mar<\/td><td>01\/abr<\/td><td>02\/mai<\/td><td>03\/jun<\/td><td>01\/jul<\/td><\/tr><tr><td>7&nbsp;&nbsp;<\/td><td>02\/jan<\/td><td>04\/mar&nbsp;<\/td><td>02\/abr<\/td><td>03\/mai<\/td><td>04\/jun<\/td><td>02\/jul<\/td><\/tr><tr><td>8&nbsp;&nbsp;<\/td><td>05\/jan<\/td><td>05\/mar&nbsp;<\/td><td>03\/abr<\/td><td>06\/mai<\/td><td>05\/jun<\/td><td>03\/jul<\/td><\/tr><tr><td>9&nbsp;&nbsp;<\/td><td>06\/jan<\/td><td>06\/mar<\/td><td>04\/abr<\/td><td>07\/mai<\/td><td>06\/jun<\/td><td>04\/jul<\/td><\/tr><tr><td>0&nbsp;&nbsp;<\/td><td>07\/jan<\/td><td>07\/mar&nbsp;<\/td><td>05\/abr<\/td><td>08\/mai<\/td><td>07\/jun<\/td><td>05\/jul<\/td><\/tr><\/tbody><\/table><\/figure>\n\n\n\n<h3 class=\"wp-block-heading\"><strong>Tabela de pagamento sal\u00e1rio INSS: Calend\u00e1rio de julho, agosto, setembro, outubro, novembro e dezembro de 2024<\/strong><\/h3>\n\n\n\n<figure class=\"wp-block-table is-style-stripes\"><table><tbody><tr><td><strong>Final do NIS&nbsp;&nbsp;<\/strong><\/td><td><strong>Julho<\/strong><br><strong>2024<\/strong><\/td><td><strong>Agosto<\/strong><br><strong>2024<\/strong><\/td><td><strong>Setembro<\/strong><br><strong>2024<\/strong><\/td><td><strong>Outubro<\/strong><br><strong>2024&nbsp;<\/strong><\/td><td><strong>Novembro<\/strong><br><strong>2024<\/strong><\/td><td><strong>Dezembro<\/strong><br><strong>2024<\/strong><\/td><\/tr><tr><td>1&nbsp;&nbsp;<\/td><td>25\/jul<\/td><td>26\/ago<\/td><td>24\/set<\/td><td>25\/out<\/td><td>25\/nov<\/td><td>20\/dez<\/td><\/tr><tr><td>2&nbsp;&nbsp;<\/td><td>26\/jul<\/td><td>27\/ago<\/td><td>25\/set<\/td><td>28\/out<\/td><td>26\/nov<\/td><td>23\/dez<\/td><\/tr><tr><td>3&nbsp;&nbsp;<\/td><td>29\/jul<\/td><td>28\/ago<\/td><td>26\/set<\/td><td>29\/out<\/td><td>27\/nov<\/td><td>26\/dez<\/td><\/tr><tr><td>4&nbsp;&nbsp;<\/td><td>30\/jul<\/td><td>29\/ago<\/td><td>27\/set<\/td><td>30\/out<\/td><td>28\/nov<\/td><td>27\/dez<\/td><\/tr><tr><td>5&nbsp;&nbsp;<\/td><td>31\/jul<\/td><td>30\/ago<\/td><td>30\/set<\/td><td>31\/out<\/td><td>29\/nov<\/td><td>30\/dez<\/td><\/tr><tr><td>6&nbsp;&nbsp;<\/td><td>01\/ago<\/td><td>02\/set<\/td><td>01\/out<\/td><td>01\/nov<\/td><td>02\/dez<\/td><td>02\/jan\/2025<\/td><\/tr><tr><td>7&nbsp;&nbsp;<\/td><td>02\/ago<\/td><td>03\/set<\/td><td>02\/out<\/td><td>04\/nov<\/td><td>03\/dez<\/td><td>03\/jan\/2025<\/td><\/tr><tr><td>8&nbsp;&nbsp;<\/td><td>05\/ago<\/td><td>04\/set<\/td><td>03\/out<\/td><td>05\/nov<\/td><td>04\/dez<\/td><td>06\/jan\/2025<\/td><\/tr><tr><td>9&nbsp;&nbsp;<\/td><td>06\/ago<\/td><td>05\/set<\/td><td>04\/out<\/td><td>06\/nov<\/td><td>05\/dez<\/td><td>07\/jan\/2025<\/td><\/tr><tr><td>0&nbsp;&nbsp;<\/td><td>07\/ago<\/td><td>06\/set<\/td><td>07\/out<\/td><td>07\/nov<\/td><td>06\/dez<\/td><td>08\/jan\/2025<\/td><\/tr><\/tbody><\/table><\/figure>\n\n\n\n<p><\/p>\n\n\n\n<h3 class=\"wp-block-heading\"><strong>Tabela de pagamento sal\u00e1rio INSS: Calend\u00e1rio de janeiro, fevereiro e mar\u00e7o de 2023 <\/strong>&nbsp;<\/h3>\n\n\n\n<figure class=\"wp-block-table is-style-stripes\"><table><tbody><tr><td><strong>Final do NIS&nbsp;&nbsp;<\/strong><\/td><td><strong>Sal\u00e1rio INSS Janeiro 2023&nbsp;&nbsp;&nbsp;<\/strong><\/td><td><strong>Sal\u00e1rio INSS&nbsp;Fevereiro 2023&nbsp;&nbsp;<\/strong><\/td><td><strong>Sal\u00e1rio INSS&nbsp;Mar\u00e7o 2023&nbsp;&nbsp;<\/strong><\/td><\/tr><tr><td>1&nbsp;&nbsp;<\/td><td>25 de janeiro de 2023&nbsp;&nbsp;<\/td><td>17 de fevereiro de 2023&nbsp;&nbsp;<\/td><td>27 de mar\u00e7o de 2023&nbsp;&nbsp;<\/td><\/tr><tr><td>2&nbsp;&nbsp;<\/td><td>26 de janeiro de 2023&nbsp;&nbsp;<\/td><td>23 de fevereiro de 2023&nbsp;&nbsp;<\/td><td>28 de mar\u00e7o de 2023&nbsp;&nbsp;<\/td><\/tr><tr><td>3&nbsp;&nbsp;<\/td><td>27 de janeiro de 2023&nbsp;&nbsp;<\/td><td>24 de fevereiro de 2023&nbsp;&nbsp;<\/td><td>29 de mar\u00e7o de 2023&nbsp;&nbsp;<\/td><\/tr><tr><td>4&nbsp;&nbsp;<\/td><td>30 de janeiro de 2023&nbsp;&nbsp;<\/td><td>27 de fevereiro de 2023&nbsp;&nbsp;<\/td><td>30 de mar\u00e7o de 2023&nbsp;&nbsp;<\/td><\/tr><tr><td>5&nbsp;&nbsp;<\/td><td>31 de janeiro de 2023&nbsp;&nbsp;<\/td><td>28 de fevereiro de 2023&nbsp;&nbsp;<\/td><td>31 de mar\u00e7o de 2023&nbsp;&nbsp;<\/td><\/tr><tr><td>6&nbsp;&nbsp;<\/td><td>01 de fevereiro de 2023&nbsp;&nbsp;<\/td><td>01 de mar\u00e7o de 2023&nbsp;&nbsp;<\/td><td>03 de abril de 2023&nbsp;&nbsp;<\/td><\/tr><tr><td>7&nbsp;&nbsp;<\/td><td>02 de fevereiro de 2023&nbsp;&nbsp;<\/td><td>02 de mar\u00e7o de 2023&nbsp;&nbsp;<\/td><td>04 de abril de 2023&nbsp;&nbsp;<\/td><\/tr><tr><td>8&nbsp;&nbsp;<\/td><td>03 de fevereiro de 2023&nbsp;&nbsp;<\/td><td>03 de mar\u00e7o de 2023&nbsp;&nbsp;<\/td><td>05 de abril de 2023&nbsp;&nbsp;<\/td><\/tr><tr><td>9&nbsp;&nbsp;<\/td><td>06 de fevereiro de 2023&nbsp;&nbsp;<\/td><td>06 de mar\u00e7o de 2023&nbsp;&nbsp;<\/td><td>06 de abril de 2023&nbsp;&nbsp;<\/td><\/tr><tr><td>0&nbsp;&nbsp;<\/td><td>07 de fevereiro de 2023&nbsp;&nbsp;<\/td><td>07 de mar\u00e7o de 2023&nbsp;&nbsp;<\/td><td>10 de abril de 2023&nbsp;<\/td><\/tr><\/tbody><\/table><\/figure>\n\n\n\n<h3 class=\"wp-block-heading\"><strong>Tabela de pagamento sal\u00e1rio INSS: Calend\u00e1rio de abril, maio e junho de 2023<\/strong>&nbsp;<\/h3>\n\n\n\n<figure class=\"wp-block-table is-style-stripes\"><table><tbody><tr><td><strong>Final do NIS&nbsp;&nbsp;<\/strong><\/td><td><strong>Sal\u00e1rio INSS Abril 2023&nbsp;&nbsp;&nbsp;<\/strong><\/td><td><strong>Sal\u00e1rio INSS&nbsp;Maio 2023&nbsp;&nbsp;<\/strong><\/td><td><strong>Sal\u00e1rio INSS&nbsp;Junho 2023&nbsp;&nbsp;<\/strong><\/td><\/tr><tr><td>1&nbsp;&nbsp;<\/td><td>24 de abril de 2023&nbsp;&nbsp;<\/td><td>25 de maio de 2023&nbsp;&nbsp;<\/td><td>26 de junho de 2023&nbsp;&nbsp;<\/td><\/tr><tr><td>2&nbsp;&nbsp;<\/td><td>25 de abril de 2023&nbsp;&nbsp;<\/td><td>26 de maio de 2023&nbsp;&nbsp;<\/td><td>27 de junho de 2023&nbsp;&nbsp;<\/td><\/tr><tr><td>3&nbsp;&nbsp;<\/td><td>26 de abril de 2023&nbsp;&nbsp;<\/td><td>29 de maio de 2023&nbsp;&nbsp;<\/td><td>28 de junho de 2023&nbsp;&nbsp;<\/td><\/tr><tr><td>4&nbsp;&nbsp;<\/td><td>27 de abril de 2023&nbsp;&nbsp;<\/td><td>30 de maio de 2023&nbsp;&nbsp;<\/td><td>29 de junho de 2023&nbsp;&nbsp;<\/td><\/tr><tr><td>5&nbsp;&nbsp;<\/td><td>28 de abril de 2023&nbsp;&nbsp;<\/td><td>31 de maio de 2023&nbsp;&nbsp;<\/td><td>30 de junho de 2023&nbsp;&nbsp;<\/td><\/tr><tr><td>6&nbsp;&nbsp;<\/td><td>02 de maio de 2023&nbsp;&nbsp;<\/td><td>01 de junho de 2023&nbsp;&nbsp;<\/td><td>03 de julho de 2023&nbsp;&nbsp;<\/td><\/tr><tr><td>7&nbsp;&nbsp;<\/td><td>03 de maio de 2023&nbsp;&nbsp;<\/td><td>02 de junho de 2023&nbsp;&nbsp;<\/td><td>04 de julho de 2023&nbsp;&nbsp;<\/td><\/tr><tr><td>8&nbsp;&nbsp;<\/td><td>04 de maio de 2023&nbsp;&nbsp;<\/td><td>05 de junho de 2023&nbsp;&nbsp;<\/td><td>05 de julho de 2023&nbsp;&nbsp;<\/td><\/tr><tr><td>9&nbsp;&nbsp;<\/td><td>05 de maio de 2023&nbsp;&nbsp;<\/td><td>06 de junho de 2023&nbsp;&nbsp;<\/td><td>06 de julho de 2023&nbsp;&nbsp;<\/td><\/tr><tr><td>0&nbsp;&nbsp;<\/td><td>08 de maio de 2023&nbsp;&nbsp;<\/td><td>07 de junho de 2023&nbsp;&nbsp;<\/td><td>07 de julho de 2023&nbsp;&nbsp;<\/td><\/tr><\/tbody><\/table><\/figure>\n\n\n\n<div class=\"cta-btn-block\">\n  <a class=\"cta-btn\" href=\"https:\/\/app.acordocerto.com.br\/login?utm_source=blog&amp;utm_medium=acordocerto&amp;utm_term=cta-post\" target=\"_blank\">Consulte seu CPF<\/a>\n<\/div>\n\n\n\n<h3 class=\"wp-block-heading\"><strong>Tabela de pagamento sal\u00e1rio INSS: Calend\u00e1rio de julho, agosto e setembro de 2023<\/strong>&nbsp;<\/h3>\n\n\n\n<figure class=\"wp-block-table is-style-stripes\"><table><tbody><tr><td><strong>Final do NIS&nbsp;&nbsp;<\/strong><\/td><td><strong>Sal\u00e1rio INSS Julho 2023&nbsp;&nbsp;&nbsp;<\/strong><\/td><td><strong>Sal\u00e1rio INSS&nbsp;Agosto 2023&nbsp;&nbsp;<\/strong><\/td><td><strong>Sal\u00e1rio INSS&nbsp;Setembro 2023&nbsp;&nbsp;<\/strong><\/td><\/tr><tr><td>1&nbsp;&nbsp;<\/td><td>25 de julho de 2023&nbsp;&nbsp;<\/td><td>25 de agosto de 2023&nbsp;&nbsp;<\/td><td>25 de setembro de 2023&nbsp;&nbsp;<\/td><\/tr><tr><td>2&nbsp;&nbsp;<\/td><td>26 de julho de 2023&nbsp;&nbsp;<\/td><td>28 de agosto de 2023&nbsp;&nbsp;<\/td><td>26 de setembro de 2023&nbsp;&nbsp;<\/td><\/tr><tr><td>3&nbsp;&nbsp;<\/td><td>27 de julho de 2023&nbsp;&nbsp;<\/td><td>29 de agosto de 2023&nbsp;&nbsp;<\/td><td>27 de setembro de 2023&nbsp;&nbsp;<\/td><\/tr><tr><td>4&nbsp;&nbsp;<\/td><td>28 de julho de 2023&nbsp;&nbsp;<\/td><td>30 de agosto de 2023&nbsp;&nbsp;<\/td><td>28 de setembro de 2023&nbsp;&nbsp;<\/td><\/tr><tr><td>5&nbsp;&nbsp;<\/td><td>31 de julho de 2023&nbsp;&nbsp;<\/td><td>31 de agosto de 2023&nbsp;&nbsp;<\/td><td>29 de setembro de 2023&nbsp;&nbsp;<\/td><\/tr><tr><td>6&nbsp;&nbsp;<\/td><td>01 de agosto de 2023&nbsp;&nbsp;<\/td><td>01 de setembro de 2023&nbsp;&nbsp;<\/td><td>02 de outubro de 2023&nbsp;&nbsp;<\/td><\/tr><tr><td>7&nbsp;&nbsp;<\/td><td>02 de agosto de 2023&nbsp;&nbsp;<\/td><td>04 de setembro de 2023&nbsp;&nbsp;<\/td><td>03 de outubro de 2023&nbsp;&nbsp;<\/td><\/tr><tr><td>8&nbsp;&nbsp;<\/td><td>03 de agosto de 2023&nbsp;&nbsp;<\/td><td>05 de setembro de 2023&nbsp;&nbsp;<\/td><td>04 de outubro de 2023&nbsp;&nbsp;<\/td><\/tr><tr><td>9&nbsp;&nbsp;<\/td><td>04 de agosto de 2023&nbsp;&nbsp;<\/td><td>06 de setembro de 2023&nbsp;&nbsp;<\/td><td>05 de outubro de 2023&nbsp;&nbsp;<\/td><\/tr><tr><td>0&nbsp;<\/td><td>07 de agosto de 2023&nbsp;&nbsp;<\/td><td>08 de setembro de 2023&nbsp;&nbsp;<\/td><td>06 de outubro de 2023&nbsp;&nbsp;<\/td><\/tr><\/tbody><\/table><\/figure>\n\n\n\n<h3 class=\"wp-block-heading\"><strong>Tabela de pagamento sal\u00e1rio INSS: Calend\u00e1rio de outubro, novembro e dezembro de 2023<\/strong>&nbsp;<\/h3>\n\n\n\n<figure class=\"wp-block-table is-style-stripes\"><table><tbody><tr><td><strong>Final do NIS&nbsp;&nbsp;<\/strong><\/td><td><strong>Sal\u00e1rio INSS Outubro 2023&nbsp;&nbsp;&nbsp;<\/strong><\/td><td><strong>Sal\u00e1rio INSS&nbsp;Novembro 2023&nbsp;&nbsp;<\/strong><\/td><td><strong>Sal\u00e1rio INSS&nbsp;Dezembro 2023&nbsp;&nbsp;<\/strong><\/td><\/tr><tr><td>1&nbsp;&nbsp;<\/td><td>25 de outubro de 2023&nbsp;&nbsp;<\/td><td>24 de novembro de 2023&nbsp;&nbsp;<\/td><td>21 de dezembro de 2023&nbsp;&nbsp;<\/td><\/tr><tr><td>2&nbsp;&nbsp;<\/td><td>26 de outubro de 2023&nbsp;&nbsp;<\/td><td>27 de novembro de 2023&nbsp;&nbsp;<\/td><td>22 de dezembro de 2023&nbsp;&nbsp;<\/td><\/tr><tr><td>3&nbsp;&nbsp;<\/td><td>27 de outubro de 2023&nbsp;&nbsp;<\/td><td>28 de novembro de 2023&nbsp;&nbsp;<\/td><td>26 de dezembro de 2023&nbsp;&nbsp;<\/td><\/tr><tr><td>4&nbsp;&nbsp;<\/td><td>30 de outubro de 2023&nbsp;&nbsp;<\/td><td>29 de novembro de 2023&nbsp;&nbsp;<\/td><td>27 de dezembro de 2023&nbsp;&nbsp;<\/td><\/tr><tr><td>5&nbsp;&nbsp;<\/td><td>31 de outubro de 2023&nbsp;&nbsp;<\/td><td>30 de novembro de 2023&nbsp;&nbsp;<\/td><td>28 de dezembro de 2023&nbsp;&nbsp;<\/td><\/tr><tr><td>6&nbsp;&nbsp;<\/td><td>01 de novembro de 2023&nbsp;&nbsp;<\/td><td>01 de dezembro de 2023&nbsp;&nbsp;<\/td><td>02 de janeiro de 2024&nbsp;<\/td><\/tr><tr><td>7&nbsp;&nbsp;<\/td><td>03 de novembro de 2023&nbsp;&nbsp;<\/td><td>04 de dezembro de 2023&nbsp;&nbsp;<\/td><td>03 de janeiro de 2024&nbsp;<\/td><\/tr><tr><td>8&nbsp;&nbsp;<\/td><td>06 de novembro de 2023&nbsp;&nbsp;<\/td><td>05 de dezembro de 2023&nbsp;&nbsp;<\/td><td>04 de janeiro de 2024&nbsp;<\/td><\/tr><tr><td>9&nbsp;&nbsp;<\/td><td>07 de novembro de 2023&nbsp;&nbsp;<\/td><td>06 de dezembro de 2023&nbsp;&nbsp;<\/td><td>05 de janeiro de 2024&nbsp;<\/td><\/tr><tr><td>0&nbsp;&nbsp;<\/td><td>08 de novembro de 2023&nbsp;&nbsp;<\/td><td>07 de dezembro de 2023&nbsp;&nbsp;<\/td><td>08 de janeiro de 2024&nbsp;<\/td><\/tr><\/tbody><\/table><\/figure>\n\n\n\n<p>\u00c9 importante ficar de olho nestas tabelas de pagamento para saber quando ser\u00e1 o recebimento dos pagamentos mensais e dos extras como d\u00e9cimo terceiro e, caso aprovado, do 14\u00ba sal\u00e1rio.&nbsp;<\/p>\n\n\n\n<p>N\u00e3o sabe sua numera\u00e7\u00e3o NIS? Aprenda a <a href=\"https:\/\/www.acordocerto.com.br\/blog\/consultar-nis-pelo-cpf\/\" target=\"_blank\" rel=\"noreferrer noopener\">consultar NIS pelo CPF<\/a>.<\/p>\n\n\n\n<h2 class=\"wp-block-heading\"><strong>\u00c9 poss\u00edvel fazer consulta do 14\u00ba sal\u00e1rio do INSS?<\/strong>&nbsp;<\/h2>\n\n\n\n<p>Como o d\u00e9cimo quarto sal\u00e1rio ainda n\u00e3o foi aprovado pelo governo federal, n\u00e3o \u00e9 poss\u00edvel fazer consulta sobre esse benef\u00edcio. &nbsp;<\/p>\n\n\n\n<p>De toda forma, \u00e9 poss\u00edvel fazer a consulta benef\u00edcio INSS pelo CPF (parcelas e d\u00e9cimo terceiro sal\u00e1rio) diretamente no site ou aplicativo Meu INSS.&nbsp;<\/p>\n\n\n\n<h2 class=\"wp-block-heading\"><strong>14 sal\u00e1rio foi aprovado? \u00daltimas not\u00edcias<\/strong>&nbsp;<\/h2>\n\n\n\n<p>At\u00e9 o momento da escrita deste conte\u00fado (abril de 2023), ainda n\u00e3o foi aprovado oficialmente o d\u00e9cimo quarto sal\u00e1rio para aposentados e pensionistas do INSS. Para lembrar: este projeto de lei foi apresentado em 2020.&nbsp;<\/p>\n\n\n\n<p>No entanto, h\u00e1 boas not\u00edcias para os aposentados e pensionistas. O projeto de lei foi aprovado na Comiss\u00e3o de Seguridade Social e Fam\u00edlia em agosto de 2021, o que significa que ele est\u00e1 mais pr\u00f3ximo de se tornar lei. Agora, o texto precisa ser analisado e aprovado em outras comiss\u00f5es da C\u00e2mara dos Deputados antes de ser votado em plen\u00e1rio.&nbsp;<\/p>\n\n\n\n<div class=\"cta-btn-block\">\n  <a class=\"cta-btn\" href=\"https:\/\/app.acordocerto.com.br\/login?utm_source=blog&amp;utm_medium=acordocerto&amp;utm_term=cta-post\" target=\"_blank\">Consulte seu CPF<\/a>\n<\/div>\n\n\n\n<p>\u00c9 importante ressaltar que a aprova\u00e7\u00e3o do d\u00e9cimo quarto sal\u00e1rio para aposentados e pensionistas ainda n\u00e3o \u00e9 garantida. De toda forma, a proposta tem sido bem recebida pela popula\u00e7\u00e3o e por diversas entidades representativas dos aposentados e pensionistas, que acreditam que o este dinheiro extra pode trazer mais dignidade e qualidade de vida para essas pessoas al\u00e9m de reduzir d\u00edvidas, <a href=\"https:\/\/www.acordocerto.com.br\/blog\/inadimplencia-o-que-e\/\" target=\"_blank\" rel=\"noreferrer noopener\">inadimpl\u00eancias<\/a> e nome sujo dos benefici\u00e1rios. \u00a0<\/p>\n\n\n\n<p>Por fim, se voc\u00ea est\u00e1 entre os aposentados e pensionistas que s\u00e3o benefici\u00e1rios do INSS, fique de olho \u00e0s not\u00edcias sobre o andamento do projeto de lei e se informe sobre as possibilidades de receber o 14\u00ba sal\u00e1rio, ok? ?<\/p>\n\n\n\n<p><\/p>\n\n\n\n<h3 class=\"wp-block-heading\"><strong>FAQ: Perguntas frequentes<\/strong><\/h3>\n\n\n<div id=\"rank-math-faq\" class=\"rank-math-block\">\n<div class=\"rank-math-list \">\n<div id=\"faq-question-1680723276120\" class=\"rank-math-list-item\">\n<h3 class=\"rank-math-question \"><strong>Vai ter algum abono para os aposentados<\/strong>?<\/h3>\n<div class=\"rank-math-answer \">\n\n<p>Atualmente, n\u00e3o h\u00e1 previs\u00e3o oficial do sal\u00e1rio extra para os aposentados, mas o projeto de lei que prev\u00ea o 14\u00ba para aposentados e pensionistas est\u00e1 em tramita\u00e7\u00e3o na C\u00e2mara dos Deputados.\u00a0<\/p>\n\n<\/div>\n<\/div>\n<div id=\"faq-question-1680723279284\" class=\"rank-math-list-item\">\n<h3 class=\"rank-math-question \"><strong>\u00c9 verdade que o INSS vai pagar o d\u00e9cimo quarto sal\u00e1rio?\u00a0<\/strong><\/h3>\n<div class=\"rank-math-answer \">\n\n<p>Ainda n\u00e3o \u00e9 poss\u00edvel afirmar com certeza se o INSS vai pagar o d\u00e9cimo quarto sal\u00e1rio, pois o projeto de lei que prev\u00ea o abono anual em dobro ainda est\u00e1 em tramita\u00e7\u00e3o na C\u00e2mara dos Deputados.\u00a0<\/p>\n\n<\/div>\n<\/div>\n<div id=\"faq-question-1680723280484\" class=\"rank-math-list-item\">\n<h3 class=\"rank-math-question \"><strong>Quando vai ser pago o d\u00e9cimo quarto sal\u00e1rio dos aposentados e pensionistas?\u00a0<\/strong><\/h3>\n<div class=\"rank-math-answer \">\n\n<p>Ainda n\u00e3o h\u00e1 uma data definida para o pagamento do d\u00e9cimo quarto sal\u00e1rio dos aposentados e pensionistas, pois o projeto de lei que prev\u00ea o abono anual em dobro ainda est\u00e1 em tramita\u00e7\u00e3o na C\u00e2mara dos Deputados.\u00a0<\/p>\n\n<\/div>\n<\/div>\n<\/div>\n<\/div>\n\n\n<h3 class=\"wp-block-heading\"><strong>Web Stories<\/strong><\/h3>\n\n\n\t\t<div class=\"web-stories-list alignnone has-archive-link is-view-type-carousel is-style-default is-carousel\" data-id=\"1\">\n\t\t\t<div\n\t\t\tclass=\"web-stories-list__inner-wrapper carousel-1\"\n\t\t\tstyle=\"--ws-story-max-width:185px\"\n\t\t\t>\n\t\t\t\t\t\t<div class=\"web-stories-list__archive-link\">\n\t\t\t<a href=\"https:\/\/www.acordocerto.com.br\/blog\/web-stories\/\">\n\t\t\t\tVisualizando todos Stories\t\t\t<\/a>\n\t\t<\/div>\n\t\t\t\t\t\t\t<div\n\t\t\t\t\tclass=\"web-stories-list__carousel carousel\"\n\t\t\t\t\tdata-id=\"carousel-1\"\n\t\t\t\t\tdata-prev=\"Voltar\"\n\t\t\t\t\tdata-next=\"Avan\u00e7ar\"\n\t\t\t\t\t>\n\t\t\t\t\t\t\t\t\t<div\n\t\t\t\tclass=\"web-stories-list__story\"\n\t\t\t\tdata-wp-interactive=\"web-stories-block\"\n\t\t\t\tdata-wp-context='{\"instanceId\":1}'\t\t\t\tdata-wp-on--click=\"actions.open\"\n\t\t\t\tdata-wp-on-window--popstate=\"actions.onPopstate\"\n\t\t\t\t>\n\t\t\t\t\t\t\t<div class=\"web-stories-list__story-poster\">\n\t\t\t\t<a href=\"https:\/\/www.acordocerto.com.br\/blog\/web-stories\/calendario-bolsa-familia-novembro\/\">\n\t\t\t\t\t<img\n\t\t\t\t\t\tsrc=\"https:\/\/www.acordocerto.com.br\/blog\/wp-content\/uploads\/2023\/07\/cropped-Calendario-bolsa-familia-agosto-2023.jpg\"\n\t\t\t\t\t\talt=\"Calend\u00e1rio Bolsa Fam\u00edlia Novembro 2024\"\n\t\t\t\t\t\twidth=\"185\"\n\t\t\t\t\t\theight=\"308\"\n\t\t\t\t\t\t\t\t\t\t\t\t\tsrcset=\"https:\/\/www.acordocerto.com.br\/blog\/wp-content\/uploads\/2023\/07\/cropped-Calendario-bolsa-familia-agosto-2023.jpg 640w, https:\/\/www.acordocerto.com.br\/blog\/wp-content\/uploads\/2023\/07\/cropped-Calendario-bolsa-familia-agosto-2023-150x200.jpg 150w\"\n\t\t\t\t\t\t\t\t\t\t\t\t\t\t\t\t\t\t\tsizes=\"auto, (max-width: 640px) 100vw, 640px\"\n\t\t\t\t\t\t\t\t\t\t\t\tloading=\"lazy\"\n\t\t\t\t\t\tdecoding=\"async\"\n\t\t\t\t\t>\n\t\t\t\t<\/a>\n\t\t\t<\/div>\n\t\t\t\t\t<div class=\"web-stories-list__story-content-overlay\">\n\t\t\t\t\t\t\t<div class=\"story-content-overlay__title\">\n\t\t\t\t\tCalend\u00e1rio Bolsa Fam\u00edlia Novembro 2024\t\t\t\t<\/div>\n\t\t\t\n\t\t\t\n\t\t\t\n\t\t\t\t\t<\/div>\n\t\t\t\t\t<\/div>\n\t\t\t\t\t\t<div\n\t\t\t\tclass=\"web-stories-list__story\"\n\t\t\t\tdata-wp-interactive=\"web-stories-block\"\n\t\t\t\tdata-wp-context='{\"instanceId\":1}'\t\t\t\tdata-wp-on--click=\"actions.open\"\n\t\t\t\tdata-wp-on-window--popstate=\"actions.onPopstate\"\n\t\t\t\t>\n\t\t\t\t\t\t\t<div class=\"web-stories-list__story-poster\">\n\t\t\t\t<a href=\"https:\/\/www.acordocerto.com.br\/blog\/web-stories\/quanto-rebeca-andrade-pagara-de-imposto\/\">\n\t\t\t\t\t<img\n\t\t\t\t\t\tsrc=\"https:\/\/www.acordocerto.com.br\/blog\/wp-content\/uploads\/2024\/08\/cropped-644541144-4509353-quanto-rebeca-andrade-ja-faturou-com-med-1400x823-2.webp\"\n\t\t\t\t\t\talt=\"Quanto Rebeca Andrade pagar\u00e1 de imposto por suas medalhas?\"\n\t\t\t\t\t\twidth=\"185\"\n\t\t\t\t\t\theight=\"308\"\n\t\t\t\t\t\t\t\t\t\t\t\t\tsrcset=\"https:\/\/www.acordocerto.com.br\/blog\/wp-content\/uploads\/2024\/08\/cropped-644541144-4509353-quanto-rebeca-andrade-ja-faturou-com-med-1400x823-2.webp 640w, https:\/\/www.acordocerto.com.br\/blog\/wp-content\/uploads\/2024\/08\/cropped-644541144-4509353-quanto-rebeca-andrade-ja-faturou-com-med-1400x823-2-150x200.webp 150w\"\n\t\t\t\t\t\t\t\t\t\t\t\t\t\t\t\t\t\t\tsizes=\"auto, (max-width: 640px) 100vw, 640px\"\n\t\t\t\t\t\t\t\t\t\t\t\tloading=\"lazy\"\n\t\t\t\t\t\tdecoding=\"async\"\n\t\t\t\t\t>\n\t\t\t\t<\/a>\n\t\t\t<\/div>\n\t\t\t\t\t<div class=\"web-stories-list__story-content-overlay\">\n\t\t\t\t\t\t\t<div class=\"story-content-overlay__title\">\n\t\t\t\t\tQuanto Rebeca Andrade pagar\u00e1 de imposto por suas medalhas?\t\t\t\t<\/div>\n\t\t\t\n\t\t\t\n\t\t\t\n\t\t\t\t\t<\/div>\n\t\t\t\t\t<\/div>\n\t\t\t\t\t\t<div\n\t\t\t\tclass=\"web-stories-list__story\"\n\t\t\t\tdata-wp-interactive=\"web-stories-block\"\n\t\t\t\tdata-wp-context='{\"instanceId\":1}'\t\t\t\tdata-wp-on--click=\"actions.open\"\n\t\t\t\tdata-wp-on-window--popstate=\"actions.onPopstate\"\n\t\t\t\t>\n\t\t\t\t\t\t\t<div class=\"web-stories-list__story-poster\">\n\t\t\t\t<a href=\"https:\/\/www.acordocerto.com.br\/blog\/web-stories\/simone-biles-e-influencers-brasileiras\/\">\n\t\t\t\t\t<img\n\t\t\t\t\t\tsrc=\"https:\/\/www.acordocerto.com.br\/blog\/wp-content\/uploads\/2024\/08\/cropped-simone-biles-medalha-de-ouro-olimpiada-e1722382998736.webp\"\n\t\t\t\t\t\talt=\"Simone Biles versus Influencers Brasileiras: Quem ganha mais?\"\n\t\t\t\t\t\twidth=\"185\"\n\t\t\t\t\t\theight=\"308\"\n\t\t\t\t\t\t\t\t\t\t\t\t\tsrcset=\"https:\/\/www.acordocerto.com.br\/blog\/wp-content\/uploads\/2024\/08\/cropped-simone-biles-medalha-de-ouro-olimpiada-e1722382998736.webp 640w, https:\/\/www.acordocerto.com.br\/blog\/wp-content\/uploads\/2024\/08\/cropped-simone-biles-medalha-de-ouro-olimpiada-e1722382998736-150x200.webp 150w\"\n\t\t\t\t\t\t\t\t\t\t\t\t\t\t\t\t\t\t\tsizes=\"auto, (max-width: 640px) 100vw, 640px\"\n\t\t\t\t\t\t\t\t\t\t\t\tloading=\"lazy\"\n\t\t\t\t\t\tdecoding=\"async\"\n\t\t\t\t\t>\n\t\t\t\t<\/a>\n\t\t\t<\/div>\n\t\t\t\t\t<div class=\"web-stories-list__story-content-overlay\">\n\t\t\t\t\t\t\t<div class=\"story-content-overlay__title\">\n\t\t\t\t\tSimone Biles versus Influencers Brasileiras: Quem ganha mais?\t\t\t\t<\/div>\n\t\t\t\n\t\t\t\n\t\t\t\n\t\t\t\t\t<\/div>\n\t\t\t\t\t<\/div>\n\t\t\t\t\t\t<div\n\t\t\t\tclass=\"web-stories-list__story\"\n\t\t\t\tdata-wp-interactive=\"web-stories-block\"\n\t\t\t\tdata-wp-context='{\"instanceId\":1}'\t\t\t\tdata-wp-on--click=\"actions.open\"\n\t\t\t\tdata-wp-on-window--popstate=\"actions.onPopstate\"\n\t\t\t\t>\n\t\t\t\t\t\t\t<div class=\"web-stories-list__story-poster\">\n\t\t\t\t<a href=\"https:\/\/www.acordocerto.com.br\/blog\/web-stories\/5-habitos-faceis-para-economizar-no-dia-a-dia\/\">\n\t\t\t\t\t<img\n\t\t\t\t\t\tsrc=\"https:\/\/www.acordocerto.com.br\/blog\/wp-content\/uploads\/2023\/08\/cropped-nubelson-fernandes-rfoH17_F7F8-unsplash-scaled-1.jpg\"\n\t\t\t\t\t\talt=\"5 H\u00e1bitos F\u00e1ceis para Economizar no Dia a Dia!\"\n\t\t\t\t\t\twidth=\"185\"\n\t\t\t\t\t\theight=\"308\"\n\t\t\t\t\t\t\t\t\t\t\t\t\tsrcset=\"https:\/\/www.acordocerto.com.br\/blog\/wp-content\/uploads\/2023\/08\/cropped-nubelson-fernandes-rfoH17_F7F8-unsplash-scaled-1.jpg 640w, https:\/\/www.acordocerto.com.br\/blog\/wp-content\/uploads\/2023\/08\/cropped-nubelson-fernandes-rfoH17_F7F8-unsplash-scaled-1-150x200.jpg 150w\"\n\t\t\t\t\t\t\t\t\t\t\t\t\t\t\t\t\t\t\tsizes=\"auto, (max-width: 640px) 100vw, 640px\"\n\t\t\t\t\t\t\t\t\t\t\t\tloading=\"lazy\"\n\t\t\t\t\t\tdecoding=\"async\"\n\t\t\t\t\t>\n\t\t\t\t<\/a>\n\t\t\t<\/div>\n\t\t\t\t\t<div class=\"web-stories-list__story-content-overlay\">\n\t\t\t\t\t\t\t<div class=\"story-content-overlay__title\">\n\t\t\t\t\t5 H\u00e1bitos F\u00e1ceis para Economizar no Dia a Dia!\t\t\t\t<\/div>\n\t\t\t\n\t\t\t\n\t\t\t\n\t\t\t\t\t<\/div>\n\t\t\t\t\t<\/div>\n\t\t\t\t\t\t<div\n\t\t\t\tclass=\"web-stories-list__story\"\n\t\t\t\tdata-wp-interactive=\"web-stories-block\"\n\t\t\t\tdata-wp-context='{\"instanceId\":1}'\t\t\t\tdata-wp-on--click=\"actions.open\"\n\t\t\t\tdata-wp-on-window--popstate=\"actions.onPopstate\"\n\t\t\t\t>\n\t\t\t\t\t\t\t<div class=\"web-stories-list__story-poster\">\n\t\t\t\t<a href=\"https:\/\/www.acordocerto.com.br\/blog\/web-stories\/afinal-quanto-o-futebol-solidario-arrecadou\/\">\n\t\t\t\t\t<img\n\t\t\t\t\t\tsrc=\"https:\/\/www.acordocerto.com.br\/blog\/wp-content\/uploads\/2024\/05\/cropped-futebol-solidario-2.jpg\"\n\t\t\t\t\t\talt=\"Afinal, quanto o Futebol Solid\u00e1rio arrecadou?\"\n\t\t\t\t\t\twidth=\"185\"\n\t\t\t\t\t\theight=\"308\"\n\t\t\t\t\t\t\t\t\t\t\t\t\tsrcset=\"https:\/\/www.acordocerto.com.br\/blog\/wp-content\/uploads\/2024\/05\/cropped-futebol-solidario-2.jpg 640w, https:\/\/www.acordocerto.com.br\/blog\/wp-content\/uploads\/2024\/05\/cropped-futebol-solidario-2-150x200.jpg 150w\"\n\t\t\t\t\t\t\t\t\t\t\t\t\t\t\t\t\t\t\tsizes=\"auto, (max-width: 640px) 100vw, 640px\"\n\t\t\t\t\t\t\t\t\t\t\t\tloading=\"lazy\"\n\t\t\t\t\t\tdecoding=\"async\"\n\t\t\t\t\t>\n\t\t\t\t<\/a>\n\t\t\t<\/div>\n\t\t\t\t\t<div class=\"web-stories-list__story-content-overlay\">\n\t\t\t\t\t\t\t<div class=\"story-content-overlay__title\">\n\t\t\t\t\tAfinal, quanto o Futebol Solid\u00e1rio arrecadou?\t\t\t\t<\/div>\n\t\t\t\n\t\t\t\n\t\t\t\n\t\t\t\t\t<\/div>\n\t\t\t\t\t<\/div>\n\t\t\t\t\t\t\t\t<\/div>\n\t\t\t\t\t<div tabindex=\"0\" aria-label=\"Voltar\" class=\"glider-prev\"><\/div>\n\t\t\t\t\t<div tabindex=\"0\" aria-label=\"Avan\u00e7ar\" class=\"glider-next\"><\/div>\n\t\t\t\t\t\t\t\t<\/div>\n\t\t<\/div>\n\t\t<div style='text-align:center' class='yasr-auto-insert-visitor'><\/div>","protected":false},"excerpt":{"rendered":"<p>Quem tem direito ao 14\u00ba sal\u00e1rio? Saiba quais s\u00e3o as condi\u00e7\u00f5es e regras para receber o abono. <\/p>\n","protected":false},"author":10,"featured_media":9225,"comment_status":"open","ping_status":"open","sticky":false,"template":"","format":"standard","meta":{"_acf_changed":false,"inline_featured_image":false,"yasr_overall_rating":0,"yasr_post_is_review":"","yasr_auto_insert_disabled":"","yasr_review_type":"","footnotes":""},"categories":[33],"tags":[],"class_list":["post-9183","post","type-post","status-publish","format-standard","has-post-thumbnail","hentry","category-direitos-e-beneficios"],"acf":[],"yasr_visitor_votes":{"stars_attributes":{"read_only":false,"span_bottom":false},"number_of_votes":11,"sum_votes":45},"_links":{"self":[{"href":"https:\/\/www.acordocerto.com.br\/blog\/wp-json\/wp\/v2\/posts\/9183","targetHints":{"allow":["GET"]}}],"collection":[{"href":"https:\/\/www.acordocerto.com.br\/blog\/wp-json\/wp\/v2\/posts"}],"about":[{"href":"https:\/\/www.acordocerto.com.br\/blog\/wp-json\/wp\/v2\/types\/post"}],"author":[{"embeddable":true,"href":"https:\/\/www.acordocerto.com.br\/blog\/wp-json\/wp\/v2\/users\/10"}],"replies":[{"embeddable":true,"href":"https:\/\/www.acordocerto.com.br\/blog\/wp-json\/wp\/v2\/comments?post=9183"}],"version-history":[{"count":14,"href":"https:\/\/www.acordocerto.com.br\/blog\/wp-json\/wp\/v2\/posts\/9183\/revisions"}],"predecessor-version":[{"id":19807,"href":"https:\/\/www.acordocerto.com.br\/blog\/wp-json\/wp\/v2\/posts\/9183\/revisions\/19807"}],"wp:featuredmedia":[{"embeddable":true,"href":"https:\/\/www.acordocerto.com.br\/blog\/wp-json\/wp\/v2\/media\/9225"}],"wp:attachment":[{"href":"https:\/\/www.acordocerto.com.br\/blog\/wp-json\/wp\/v2\/media?parent=9183"}],"wp:term":[{"taxonomy":"category","embeddable":true,"href":"https:\/\/www.acordocerto.com.br\/blog\/wp-json\/wp\/v2\/categories?post=9183"},{"taxonomy":"post_tag","embeddable":true,"href":"https:\/\/www.acordocerto.com.br\/blog\/wp-json\/wp\/v2\/tags?post=9183"}],"curies":[{"name":"wp","href":"https:\/\/api.w.org\/{rel}","templated":true}]}}