{"id":9837,"date":"2023-05-24T18:10:48","date_gmt":"2023-05-24T21:10:48","guid":{"rendered":"https:\/\/www.acordocerto.com.br\/?p=9837"},"modified":"2024-01-22T14:11:21","modified_gmt":"2024-01-22T17:11:21","slug":"abono-pecuniario","status":"publish","type":"post","link":"https:\/\/www.acordocerto.com.br\/blog\/abono-pecuniario\/","title":{"rendered":"Abono Pecuni\u00e1rio: O que \u00e9, quem tem direito e como calcular"},"content":{"rendered":"\n<p>Descansar ou receber um dinheiro extra: qual voc\u00ea escolheria? &nbsp;<\/p>\n\n\n\n<p>No trabalho, existem benef\u00edcios e direitos que podem ajudar os colaboradores. Um desses benef\u00edcios \u00e9 o Abono Pecuni\u00e1rio, que permite ao funcion\u00e1rio converter seus dias de descanso em um valor extra. Parece bom, n\u00e9? &nbsp;<\/p>\n\n\n\n<div class=\"cta-btn-block\">\n  <a class=\"cta-btn\" href=\"https:\/\/app.acordocerto.com.br\/login?utm_source=blog&amp;utm_medium=acordocerto&amp;utm_term=cta-post\" target=\"_blank\">Consulte seu CPF<\/a>\n<\/div>\n\n\n\n<p>Neste conte\u00fado vamos explicar o que \u00e9 o Abono Pecuni\u00e1rio, quem tem direito de receber, como funciona, quais s\u00e3o as vantagens e como calcular o seu. Continue a leitura! &nbsp;<\/p>\n\n\n\n\n\n<h2 class=\"wp-block-heading\"><strong>O que \u00e9 o Abono Pecuni\u00e1rio?\u00a0<\/strong><\/h2>\n\n\n\n<figure class=\"wp-block-embed is-type-video is-provider-youtube wp-block-embed-youtube wp-embed-aspect-16-9 wp-has-aspect-ratio\"><div class=\"wp-block-embed__wrapper\">\n<iframe title=\"Calculadora de F\u00e9rias: Como Calcular 1\/3 de F\u00e9rias, F\u00e9rias Proporcionais e Mais - Acordo Certo\" width=\"500\" height=\"281\" src=\"https:\/\/www.youtube.com\/embed\/X8bFlHEZf4Q?feature=oembed\" frameborder=\"0\" allow=\"accelerometer; autoplay; clipboard-write; encrypted-media; gyroscope; picture-in-picture; web-share\" referrerpolicy=\"strict-origin-when-cross-origin\" allowfullscreen><\/iframe>\n<\/div><\/figure>\n\n\n\n<p>O Abono Pecuni\u00e1rio \u00e9 o direito de \u201cvender\u201d alguns dias das suas f\u00e9rias e receber um valor a mais no seu sal\u00e1rio. \u00c9 uma forma de ter um dinheiro extra em troca de abrir m\u00e3o de parte do per\u00edodo de descanso.<\/p>\n\n\n\n<div class=\"cta-btn-block\">\n  <a class=\"cta-btn\" href=\"https:\/\/app.acordocerto.com.br\/login?utm_source=blog&amp;utm_medium=acordocerto&amp;utm_term=cta-post\" target=\"_blank\">Consulte seu CPF<\/a>\n<\/div>\n\n\n\n<p class=\"has-text-align-center\"><\/p>\n\n\n\n<p>&nbsp;<\/p>\n\n\n\n<p>Esta venda dos dias de f\u00e9rias \u00e9 garantida pelo <a href=\"https:\/\/www.planalto.gov.br\/ccivil_03\/decreto-lei\/del1535.htm#:~:text=reajustamentos%20salariais%20supervenientes.-,Art.,do%20t%C3%A9rmino%20do%20per%C3%ADodo%20aquisitivo.\" target=\"_blank\" rel=\"noreferrer noopener\">artigo 143 da Lei Trabalhista CLT<\/a>, e ela ajuda quem est\u00e1 precisando de uma renda extra, afinal, voc\u00ea consegue trocar um ter\u00e7o dos dias de descanso pelo valor em dinheiro na sua folha de pagamento. &nbsp;<\/p>\n\n\n\n<h2 class=\"wp-block-heading\"><strong>Quem tem direito ao Abono Pecuni\u00e1rio?<\/strong>&nbsp;<\/h2>\n\n\n\n<p>Qualquer pessoa que trabalha com<a href=\"https:\/\/www.acordocerto.com.br\/blog\/consultar-carteira-de-trabalho-pelo-cpf\/\" target=\"_blank\" rel=\"noreferrer noopener\"> carteira de trabalho<\/a> assinada CLT pode receber o abono pecuni\u00e1rio, desde que j\u00e1 tenha cumprido o per\u00edodo aquisitivo de f\u00e9rias e que opte por vender estes dias. &nbsp;<\/p>\n\n\n\n<p>Isso significa que ap\u00f3s completar um ano de trabalho, o trabalhador tem o direito de fazer essa escolha pessoal, de acordo com suas pr\u00f3prias necessidades e interesses: tirar as f\u00e9rias normalmente e descansar ou ent\u00e3o vender parte desses dias.&nbsp;<\/p>\n\n\n\n<p><\/p>\n\n\n\n<h2 class=\"wp-block-heading\"><strong>Como funciona o Abono Pecuni\u00e1rio<\/strong>&nbsp;<\/h2>\n\n\n\n<p>Funciona como uma convers\u00e3o de dias de descanso em dinheiro: depois de conquistar o direito de tirar 30 dias de f\u00e9rias, voc\u00ea trabalhador escolhe se quer vender estes dias, e caso opte pela venda, ent\u00e3o ser\u00e1 necess\u00e1rio comunicar sua empresa. &nbsp;<\/p>\n\n\n\n<p>Depois de avisar, os respons\u00e1veis pelo departamento pessoal e recursos humanos da sua empresa ir\u00e3o conferir seus dias de f\u00e9rias e ent\u00e3o calcular qual ser\u00e1 valor do seu abono pecuni\u00e1rio. Por fim, o valor ser\u00e1 adicionado no seu pr\u00f3ximo sal\u00e1rio e voc\u00ea seguir\u00e1 trabalhando normalmente, pois abriu m\u00e3o dos dias de descanso. &nbsp;<\/p>\n\n\n\n<div class=\"cta-btn-block\">\n  <a class=\"cta-btn\" href=\"https:\/\/app.acordocerto.com.br\/login?utm_source=blog&amp;utm_medium=acordocerto&amp;utm_term=cta-post\" target=\"_blank\">Consulte seu CPF<\/a>\n<\/div>\n\n\n\n<p class=\"has-text-align-center\"><\/p>\n\n\n\n<p>Refor\u00e7ando: a escolha de utilizar o Abono Pecuni\u00e1rio \u00e9 sua. Voc\u00ea pode decidir se prefere tirar os dias das f\u00e9rias para de fato descansar ou ent\u00e3o vender parte delas para receber um dinheiro extra no sal\u00e1rio.&nbsp;<\/p>\n\n\n\n<h2 class=\"wp-block-heading\"><strong>Vantagens do Abono Pecuni\u00e1rio&nbsp;<\/strong>&nbsp;<\/h2>\n\n\n\n<h3 class=\"wp-block-heading\"><strong>Para o colaborador<\/strong>&nbsp;<\/h3>\n\n\n\n<p>A vantagem principal do Abono Pecuni\u00e1rio para o colaborador \u00e9 ter uma <a href=\"https:\/\/www.acordocerto.com.br\/blog\/renda-extra\/\" target=\"_blank\" rel=\"noreferrer noopener\">renda extra<\/a> em determinado momento. &nbsp;<\/p>\n\n\n\n<p>Esse dinheiro adicional pode ser usado para diversas coisas, como: &nbsp;<\/p>\n\n\n\n<ol class=\"wp-block-list\">\n<li><a href=\"https:\/\/www.acordocerto.com.br\/blog\/por-que-negociar-suas-dividas-online\/\" target=\"_blank\" rel=\"noreferrer noopener\">Negociar d\u00edvidas online<\/a> para limpar o nome<\/li>\n\n\n\n<li>Criar a <a href=\"https:\/\/www.acordocerto.com.br\/blog\/reserva-de-emergencia-como-montar\/\" target=\"_blank\" rel=\"noreferrer noopener\">reserva de emerg\u00eancia<\/a><\/li>\n\n\n\n<li>Resolver uma urg\u00eancia<\/li>\n\n\n\n<li>Realizar um sonho, como fazer uma viagem<\/li>\n\n\n\n<li>Investir em um projeto pessoal ou at\u00e9 numa pequena empresa <a href=\"https:\/\/www.acordocerto.com.br\/blog\/o-que-e-mei\/\" target=\"_blank\" rel=\"noreferrer noopener\">MEI<\/a><\/li>\n\n\n\n<li>Dar entrada em um bem, como um carro ou moto<\/li>\n<\/ol>\n\n\n\n<p><\/p>\n\n\n\n<p>Ou seja, al\u00e9m de receber seu sal\u00e1rio normalmente, voc\u00ea ainda recebe o valor extra do abono, que pode servir de grande ajuda em um m\u00eas que as contas est\u00e3o mais altas e as finan\u00e7as est\u00e3o mais apertadas. &nbsp;<\/p>\n\n\n\n\n\n\n<h3 class=\"wp-block-heading\"><strong>Para a empresa<\/strong>&nbsp;<\/h3>\n\n\n\n<p>A empresa tamb\u00e9m se beneficia do Abono Pecuni\u00e1rio, pois ao oferecer essa op\u00e7\u00e3o, ela demonstra flexibilidade e preocupa\u00e7\u00e3o com o bem-estar da equipe. Isso contribui para a satisfa\u00e7\u00e3o dos funcion\u00e1rios e para criar um ambiente de trabalho mais saud\u00e1vel e motivador. &nbsp;<\/p>\n\n\n\n<p>Outra vantagem \u00e9 que a empresa n\u00e3o precisar\u00e1 se preocupar em alocar outro funcion\u00e1rio para cobrir as atividades da pessoa que entraria de f\u00e9rias, pois ao vender os dias de f\u00e9rias, o funcion\u00e1rio segue trabalhando normalmente.&nbsp;<\/p>\n\n\n\n<p>Al\u00e9m disso, o pagamento do Abono Pecuni\u00e1rio n\u00e3o impacta negativamente as finan\u00e7as da empresa, pois o per\u00edodo de f\u00e9rias e o abono j\u00e1 \u00e9 um direito garantido da CLT. &nbsp;<\/p>\n\n\n\n<h2 class=\"wp-block-heading\"><strong>Qual o prazo para solicita\u00e7\u00e3o do Abono Pecuni\u00e1rio<\/strong>&nbsp;<\/h2>\n\n\n\n<p>Voc\u00ea tem at\u00e9 15 dias antes do t\u00e9rmino do per\u00edodo aquisitivo para pedir o abono pecuni\u00e1rio para sua empresa, de acordo com o artigo 43 da CLT. &nbsp;<\/p>\n\n\n\n<p>E o que isso significa? &nbsp;<\/p>\n\n\n\n<p>Vamos supor que voc\u00ea come\u00e7ou a trabalhar em uma empresa no dia 1 de maio de 2022, ent\u00e3o voc\u00ea poder\u00e1 tirar f\u00e9rias a partir do dia 01 de maio de 2023, que s\u00e3o 12 meses depois da sua contrata\u00e7\u00e3o. Logo, se voc\u00ea quiser vender suas f\u00e9rias e pedir o abono pecuni\u00e1rio, ser\u00e1 necess\u00e1rio avisar a empresa at\u00e9 o dia 16 de abril de 2023, data que d\u00e1 exatamente 15 dias antes de voc\u00ea completar 1 ano de empresa. &nbsp;<\/p>\n\n\n\n<div class=\"cta-btn-block\">\n  <a class=\"cta-btn\" href=\"https:\/\/app.acordocerto.com.br\/login?utm_source=blog&amp;utm_medium=acordocerto&amp;utm_term=cta-post\" target=\"_blank\">Consulte seu CPF<\/a>\n<\/div>\n\n\n\n<p>Por isso, anote a\u00ed: \u00e9 comum que a solicita\u00e7\u00e3o seja feita com anteced\u00eancia, permitindo que a empresa fa\u00e7a o devido planejamento, ent\u00e3o se programe e avise o quanto antes seus l\u00edderes e o seu RH, ok? &nbsp;<\/p>\n\n\n\n<h2 class=\"wp-block-heading\"><strong>Como calcular o abono pecuni\u00e1rio<\/strong>&nbsp;<\/h2>\n\n\n\n<p>Voc\u00ea pode vender at\u00e9 1\/3 das suas f\u00e9rias, ent\u00e3o, para calcular o abono pecuni\u00e1rio, voc\u00ea precisar\u00e1 pegar o valor do seu sal\u00e1rio bruto e dividi-lo por 3. Depois de fazer esta divis\u00e3o, voc\u00ea ainda tem que adicionar mais um ter\u00e7o do abono pecuni\u00e1rio. Por exemplo, se o seu sal\u00e1rio bruto for R$3.000 reais, ent\u00e3o um ter\u00e7o dele \u00e9 R$1.000, e um ter\u00e7o de 1.000 \u00e9 333,33. Somando tudo, o valor do abono pecuni\u00e1rio ficaria 1.000 + 333,33, totalizando R$1.333,33.&nbsp;<\/p>\n\n\n\n<p>\u00c9 claro que esta \u00e9 uma vers\u00e3o bem simplificada de como <a href=\"https:\/\/www.acordocerto.com.br\/blog\/calcular-ferias\/\" target=\"_blank\" rel=\"noreferrer noopener\">calcular f\u00e9rias<\/a> e o abono pecuni\u00e1rio, pois \u00e9 necess\u00e1rio levar em considera\u00e7\u00e3o mais pontos e regras, como por exemplo: &nbsp;<\/p>\n\n\n\n<ol class=\"wp-block-list\">\n<li>Somar seu sal\u00e1rio bruto com horas extras e adicionais que recebeu no per\u00edodo&nbsp;<\/li>\n\n\n\n<li>Conferir se voc\u00ea tem direito aos 30 dias comuns ou se s\u00e3o menos dias&nbsp;<\/li>\n\n\n\n<li>Calcular o valor completo das f\u00e9rias e fazer os descontos de <a href=\"https:\/\/www.acordocerto.com.br\/blog\/o-que-e-inss\/\" target=\"_blank\" rel=\"noreferrer noopener\">INSS<\/a> e IRRF&nbsp;<\/li>\n\n\n\n<li>Ajustar a quantidade de dias que voc\u00ea ir\u00e1 vender&nbsp;<\/li>\n<\/ol>\n\n\n\n<p><\/p>\n\n\n\n<p>Tudo isso deve ser conversado diretamente com a sua empresa, ent\u00e3o n\u00e3o deixe de tirar d\u00favidas e esclarecer tudo com eles. &nbsp;<\/p>\n\n\n\n<p>Para facilitar, voc\u00ea pode usar nossa calculadora de f\u00e9rias logo abaixo. Aproveite, ela \u00e9 gratuita!&nbsp;<\/p>\n\n\n\n<article class=\"calculator-container vacation-calculator my-5 mx-auto px-0\">\n  <h2 class=\"text-center mb-4\">Calculadora de F\u00e9rias<\/h2>\n\n  <div class=\"form-row\">\n    <div class=\"form-group col col-md-6 col-lg-4\">\n      <label>Sal\u00e1rio bruto<\/label>\n      <input class=\"input-form currency required\" id=\"gross-salary\" type=\"text\" placeholder=\"R$ 0,00\">\n      <div class=\"error-msg\"><\/div>\n    <\/div>\n    <div class=\"form-group col col-md-6 col-lg-4\">\n      <label>Dias de f\u00e9rias<\/label>\n      <input class=\"input-form\" id=\"vacation-days\" type=\"number\" min=\"0\" value=\"30\" placeholder=\"Dias de f\u00e9rias\">\n    <\/div>\n    <div class=\"form-group col-12 col-lg-4\">\n      <label>Valor m\u00e9dio de horas extras mensais<\/label>\n      <input class=\"input-form currency\" id=\"monthly-overtime\" type=\"text\" placeholder=\"R$ 0,00\">\n    <\/div>\n  <\/div>\n  <div class=\"form-row\">\n    <div class=\"form-group col-12 col-lg-4\">\n      <label>N\u00famero de dependentes<\/label>\n      <input class=\"input-form\" id=\"dependents\" type=\"number\" min=\"0\" value=\"0\" placeholder=\"0\">\n    <\/div>\n    <div class=\"form-group col-12 col-md-6 col-lg-4\">\n      <label>Vender as f\u00e9rias (Abono pecuni\u00e1rio)<\/label>\n      <label class=\"radio-inline radio-style d-inline-flex align-items-center mb-0 ml-3\">\n        <input class=\"mr-3\" type=\"radio\" name=\"allowance\" id=\"allowanceYes\" value=\"yes\"> Sim\n      <\/label>\n      <label class=\"radio-inline radio-style d-inline-flex align-items-center mb-0 ml-4\">\n        <input class=\"mr-3\" type=\"radio\" name=\"allowance\" id=\"allowanceNo\" value=\"no\" checked> N\u00e3o\n      <\/label>\n    <\/div>\n    <div class=\"form-group col-12 col-md-6 col-lg-4\">\n      <label>Adiantar a 1\u00aa parcela do 13\u00ba<\/label>\n      <label class=\"radio-inline radio-style d-inline-flex align-items-center mb-0 ml-3\">\n        <input class=\"mr-3\" type=\"radio\" name=\"advance\" id=\"advanceYes\" value=\"yes\"> Sim\n      <\/label>\n      <label class=\"radio-inline radio-style d-inline-flex align-items-center mb-0 ml-4\">\n        <input class=\"mr-3\" type=\"radio\" name=\"advance\" id=\"advanceNo\" value=\"no\" checked> N\u00e3o\n      <\/label>\n    <\/div>\n  <\/div>\n\n  <button class=\"button calculate\"\n          id=\"btn-calculadora-ferias\"\n          type=\"button\">\n    Calcular\n  <\/button>\n\n  <div class=\"table-responsive\">\n    <table class=\"table table-fixed mt-4\">\n      <thead>\n        <tr>\n          <th>Eventos<\/th>\n          <th>Al\u00edquota real<\/th>\n          <th>Proventos<\/th>\n          <th>Descontos<\/th>\n        <\/tr>\n      <\/thead>\n      <tbody>\n        <tr>\n          <td>Sal\u00e1rio \/ F\u00e9rias<\/td>\n          <td><\/td>\n          <td>\n            <div id=\"salary\">R$ 0,00<\/div>\n          <\/td>\n          <td><\/td>\n        <\/tr>\n        <tr>\n          <td>1\/3 f\u00e9rias<\/td>\n          <td><\/td>\n          <td>\n            <div id=\"thirteenth\">R$ 0,00<\/div>\n          <\/td>\n          <td><\/td>\n        <\/tr>\n        <tr id=\"cash-allowance-tr\">\n          <td>Abono pecuni\u00e1rio<\/td>\n          <td><\/td>\n          <td>\n            <div id=\"cash-allowance\">R$ 0,00<\/div>\n          <\/td>\n          <td><\/td>\n        <\/tr>\n        <tr id=\"one-third-cash-allowance-tr\">\n          <td>1\/3 Abono pecuni\u00e1rio<\/td>\n          <td><\/td>\n          <td>\n            <div id=\"one-third-cash-allowance\">R$ 0,00<\/div>\n          <\/td>\n          <td><\/td>\n        <\/tr>\n        <tr id=\"advance-tr\">\n          <td>Adiantamento 1\u00aa Parcela 13\u00ba<\/td>\n          <td><\/td>\n          <td>\n            <div id=\"advance\"><\/div>\n          <\/td>\n          <td><\/td>\n        <\/tr>\n        <tr>\n          <td>INSS<\/td>\n          <td>\n            <div id=\"inss-percent\">0%<\/div>\n          <\/td>\n          <td><\/td>\n          <td>\n            <div id=\"inss-value\">R$ 0,00<\/div>\n          <\/td>\n        <\/tr>\n        <tr>\n          <td>IRRF<\/td>\n          <td>\n            <div id=\"irrf-percent\">0%<\/div>\n          <\/td>\n          <td><\/td>\n          <td>\n            <div id=\"irrf-value\">R$ 0,00<\/div>\n          <\/td>\n        <\/tr>\n        <tr>\n          <td colspan=\"2\">Total<\/td>\n          <td>\n            <div id=\"total\">R$ 0,00<\/div>\n          <\/td>\n          <td>\n            <div id=\"total-discount\">R$ 0,00<\/div>\n          <\/td>\n        <\/tr>\n      <\/tbody>\n      <tfoot>\n        <tr>\n          <td class=\"c-blue font-weight-bold\" colspan=\"2\">Valor l\u00edquido a receber<\/td>\n          <td class=\"c-blue\" colspan=\"2\">\n            <strong id=\"net-value\">R$ 0,00<\/strong>\n          <\/td>\n        <\/tr>\n      <\/tfoot>\n    <\/table>\n  <\/div>\n<\/article>\n\n<script type=\"text\/javascript\">\n  var valuePerDependent = 189.59;\n<\/script>\n\n\n\n<h2 class=\"wp-block-heading\"><strong>Abono pecuni\u00e1rio de f\u00e9rias: como converter f\u00e9rias em dinheiro<\/strong>&nbsp;<\/h2>\n\n\n\n<p>A op\u00e7\u00e3o de fazer a convers\u00e3o das f\u00e9rias em dinheiro \u00e9 uma escolha do colaborador, que pode vender um ter\u00e7o dos seus dias de f\u00e9rias. A convers\u00e3o \u00e9 simples: voc\u00ea ir\u00e1 trabalhar no per\u00edodo que deveria descansar, mas em troca a empresa te paga estes dias trabalhados neste formato chamado de abono pecuni\u00e1rio. &nbsp;<\/p>\n\n\n\n<div class=\"cta-btn-block\">\n  <a class=\"cta-btn\" href=\"https:\/\/app.acordocerto.com.br\/login?utm_source=blog&amp;utm_medium=acordocerto&amp;utm_term=cta-post\" target=\"_blank\">Consulte seu CPF<\/a>\n<\/div>\n\n\n\n<p class=\"has-text-align-center\"><\/p>\n\n\n\n<p>\u00c9 importante lembrar que a empresa n\u00e3o pode negar esse direito ao funcion\u00e1rio. Ap\u00f3s a comunica\u00e7\u00e3o, a empresa realizar\u00e1 o pagamento do valor correspondente ao Abono Pecuni\u00e1rio junto com o sal\u00e1rio mensal.&nbsp;<\/p>\n\n\n\n<p>\u00c9 fundamental que tanto o colaborador quanto a empresa estejam cientes dos direitos e obriga\u00e7\u00f5es relacionados ao Abono Pecuni\u00e1rio, para que o processo seja realizado de forma transparente e dentro das normas legais.&nbsp;<\/p>\n\n\n<ul class=\"wp-block-latest-posts__list wp-block-latest-posts\"><li><a class=\"wp-block-latest-posts__post-title\" href=\"https:\/\/www.acordocerto.com.br\/blog\/divida-pode-bloquear-ou-penhorar-salario\/\">D\u00edvida pode bloquear ou penhorar sal\u00e1rio? Entenda o que a lei permite<\/a><\/li>\n<li><a class=\"wp-block-latest-posts__post-title\" href=\"https:\/\/www.acordocerto.com.br\/blog\/cnh-pai-d-egua-para\/\">CNH Pai D\u2019\u00e9gua 2026: como funciona e quem pode se inscrever na CNH Social do Par\u00e1<\/a><\/li>\n<li><a class=\"wp-block-latest-posts__post-title\" href=\"https:\/\/www.acordocerto.com.br\/blog\/cnh-social-sergipe\/\">CNH Social Sergipe 2026: como funciona o programa de habilita\u00e7\u00e3o gratuita no estado<\/a><\/li>\n<li><a class=\"wp-block-latest-posts__post-title\" href=\"https:\/\/www.acordocerto.com.br\/blog\/cnh-social-bahia\/\">CNH Social Bahia 2026: tudo sobre o programa CNH da Gente e o impacto da nova lei federal<\/a><\/li>\n<li><a class=\"wp-block-latest-posts__post-title\" href=\"https:\/\/www.acordocerto.com.br\/blog\/cnh-social-go\/\">CNH Social GO 2026: como tirar sua primeira habilita\u00e7\u00e3o gratuita em Goi\u00e1s e o que muda com a nova lei federal<\/a><\/li>\n<\/ul>\n\n\n<h2 class=\"wp-block-heading\"><strong>E nossa \u00faltima dica \u00e9: reflita bastante antes de pedir o abono pecuni\u00e1rio<\/strong><\/h2>\n\n\n\n<p>Resumidamente, o&nbsp;Abono Pecuni\u00e1rio \u00e9 uma op\u00e7\u00e3o interessante para os trabalhadores que desejam aproveitar de uma pausa no trabalho, mas tamb\u00e9m t\u00eam a necessidade de receber uma quantia em dinheiro. &nbsp;<\/p>\n\n\n\n<p>Com este direito, \u00e9 poss\u00edvel vender parte das f\u00e9rias e ter uma renda extra, sem abrir m\u00e3o do sal\u00e1rio. No entanto, \u00e9 importante lembrar que o Abono Pecuni\u00e1rio segue regras espec\u00edficas e prazos determinados. Por isso, \u00e9 recomendado consultar a legisla\u00e7\u00e3o ou o setor de recursos humanos da sua empresa para ter informa\u00e7\u00f5es atualizadas sobre o assunto.&nbsp;<\/p>\n\n\n\n<p>Ent\u00e3o, antes de pedir, reflita: &nbsp;<\/p>\n\n\n\n<ol class=\"wp-block-list\">\n<li>Voc\u00ea est\u00e1 num momento da vida que precisa deste dinheiro extra?<\/li>\n\n\n\n<li>Voc\u00ea tem d\u00edvidas que est\u00e3o com juros altos, por isso precisam ser pagas o quanto antes? &nbsp;<\/li>\n\n\n\n<li>Quando foi a \u00faltima vez que voc\u00ea tirou f\u00e9rias ou um descanso do trabalho? &nbsp;<\/li>\n\n\n\n<li>Voc\u00ea n\u00e3o vai sentir falta destes dias de f\u00e9rias depois? &nbsp;<\/li>\n<\/ol>\n\n\n\n<div class=\"cta-btn-block\">\n  <a class=\"cta-btn\" href=\"https:\/\/app.acordocerto.com.br\/login?utm_source=blog&amp;utm_medium=acordocerto&amp;utm_term=cta-post\" target=\"_blank\">Consulte seu CPF<\/a>\n<\/div>\n\n\n\n<p>Pense em todas estas quest\u00f5es e lembre-se de valorizar seu bem-estar por completo, tanto financeiro, quanto pessoal, profissional, familiar, etc. ? &nbsp;<\/p>\n\n\n\n<h3 class=\"wp-block-heading\"><strong>FAQ: Perguntas frequentes<\/strong><\/h3>\n\n\n<div id=\"rank-math-faq\" class=\"rank-math-block\">\n<div class=\"rank-math-list \">\n<div id=\"faq-question-1680723276120\" class=\"rank-math-list-item\">\n<h3 class=\"rank-math-question \"><strong>A empresa pode obrigar o funcion\u00e1rio a vender f\u00e9rias?<\/strong>\u00a0<\/h3>\n<div class=\"rank-math-answer \">\n\n<p>N\u00e3o, a empresa n\u00e3o pode obrigar o funcion\u00e1rio a vender suas f\u00e9rias. A decis\u00e3o de utilizar o Abono Pecuni\u00e1rio \u00e9 sempre do colaborador, e ele tem o direito de escolher se deseja vender parte das suas f\u00e9rias ou aproveit\u00e1-las integralmente.\u00a0<\/p>\n\n<\/div>\n<\/div>\n<div id=\"faq-question-1680723279284\" class=\"rank-math-list-item\">\n<h3 class=\"rank-math-question \"><strong>Qual a diferen\u00e7a de abono de f\u00e9rias e abono pecuni\u00e1rio?<\/strong>\u00a0<\/h3>\n<div class=\"rank-math-answer \">\n\n<p>A diferen\u00e7a entre abono de f\u00e9rias e abono pecuni\u00e1rio est\u00e1 relacionada ao seu objetivo. O abono de f\u00e9rias refere-se a um valor adicional pago ao colaborador no momento em que ele tira suas f\u00e9rias. J\u00e1 o abono pecuni\u00e1rio \u00e9 a op\u00e7\u00e3o de vender parte das f\u00e9rias e receber o valor correspondente em dinheiro, permitindo que o colaborador tenha uma renda extra sem tirar um per\u00edodo de descanso integral. Em resumo, enquanto o abono de f\u00e9rias \u00e9 um valor extra durante as f\u00e9rias, o abono pecuni\u00e1rio \u00e9 a convers\u00e3o de f\u00e9rias em dinheiro.\u00a0<\/p>\n\n<\/div>\n<\/div>\n<\/div>\n<\/div>\n\n\n<h3 class=\"wp-block-heading\"><strong>Web Stories<\/strong><\/h3>\n\n\n\t\t<div class=\"web-stories-list alignnone has-archive-link is-view-type-carousel is-style-default is-carousel\" data-id=\"1\">\n\t\t\t<div\n\t\t\tclass=\"web-stories-list__inner-wrapper carousel-1\"\n\t\t\tstyle=\"--ws-story-max-width:185px\"\n\t\t\t>\n\t\t\t\t\t\t<div class=\"web-stories-list__archive-link\">\n\t\t\t<a href=\"https:\/\/www.acordocerto.com.br\/blog\/web-stories\/\">\n\t\t\t\tVisualizando todos Stories\t\t\t<\/a>\n\t\t<\/div>\n\t\t\t\t\t\t\t<div\n\t\t\t\t\tclass=\"web-stories-list__carousel carousel\"\n\t\t\t\t\tdata-id=\"carousel-1\"\n\t\t\t\t\tdata-prev=\"Voltar\"\n\t\t\t\t\tdata-next=\"Avan\u00e7ar\"\n\t\t\t\t\t>\n\t\t\t\t\t\t\t\t\t<div\n\t\t\t\tclass=\"web-stories-list__story\"\n\t\t\t\tdata-wp-interactive=\"web-stories-block\"\n\t\t\t\tdata-wp-context='{\"instanceId\":1}'\t\t\t\tdata-wp-on--click=\"actions.open\"\n\t\t\t\tdata-wp-on-window--popstate=\"actions.onPopstate\"\n\t\t\t\t>\n\t\t\t\t\t\t\t<div class=\"web-stories-list__story-poster\">\n\t\t\t\t<a href=\"https:\/\/www.acordocerto.com.br\/blog\/web-stories\/descubra-se-voce-tem-direito-ao-abono-salarial\/\">\n\t\t\t\t\t<img\n\t\t\t\t\t\tsrc=\"https:\/\/www.acordocerto.com.br\/blog\/wp-content\/uploads\/2023\/03\/cropped-CLT3-1.jpg\"\n\t\t\t\t\t\talt=\"Descubra se voc\u00ea tem direito ao abono salarial!\"\n\t\t\t\t\t\twidth=\"185\"\n\t\t\t\t\t\theight=\"308\"\n\t\t\t\t\t\t\t\t\t\t\t\t\tsrcset=\"https:\/\/www.acordocerto.com.br\/blog\/wp-content\/uploads\/2023\/03\/cropped-CLT3-1.jpg 640w, https:\/\/www.acordocerto.com.br\/blog\/wp-content\/uploads\/2023\/03\/cropped-CLT3-1-150x200.jpg 150w\"\n\t\t\t\t\t\t\t\t\t\t\t\t\t\t\t\t\t\t\tsizes=\"auto, (max-width: 640px) 100vw, 640px\"\n\t\t\t\t\t\t\t\t\t\t\t\tloading=\"lazy\"\n\t\t\t\t\t\tdecoding=\"async\"\n\t\t\t\t\t>\n\t\t\t\t<\/a>\n\t\t\t<\/div>\n\t\t\t\t\t<div class=\"web-stories-list__story-content-overlay\">\n\t\t\t\t\t\t\t<div class=\"story-content-overlay__title\">\n\t\t\t\t\tDescubra se voc\u00ea tem direito ao abono salarial!\t\t\t\t<\/div>\n\t\t\t\n\t\t\t\n\t\t\t\n\t\t\t\t\t<\/div>\n\t\t\t\t\t<\/div>\n\t\t\t\t\t\t<div\n\t\t\t\tclass=\"web-stories-list__story\"\n\t\t\t\tdata-wp-interactive=\"web-stories-block\"\n\t\t\t\tdata-wp-context='{\"instanceId\":1}'\t\t\t\tdata-wp-on--click=\"actions.open\"\n\t\t\t\tdata-wp-on-window--popstate=\"actions.onPopstate\"\n\t\t\t\t>\n\t\t\t\t\t\t\t<div class=\"web-stories-list__story-poster\">\n\t\t\t\t<a href=\"https:\/\/www.acordocerto.com.br\/blog\/web-stories\/como-limpar-o-nome\/\">\n\t\t\t\t\t<img\n\t\t\t\t\t\tsrc=\"https:\/\/www.acordocerto.com.br\/blog\/wp-content\/uploads\/2022\/11\/cropped-boleto_vencido-1.png\"\n\t\t\t\t\t\talt=\"Se livre das d\u00edvidas: 5 passos simples para limpar seu nome\"\n\t\t\t\t\t\twidth=\"185\"\n\t\t\t\t\t\theight=\"308\"\n\t\t\t\t\t\t\t\t\t\t\t\t\tsrcset=\"https:\/\/www.acordocerto.com.br\/blog\/wp-content\/uploads\/2022\/11\/cropped-boleto_vencido-1.png 640w, https:\/\/www.acordocerto.com.br\/blog\/wp-content\/uploads\/2022\/11\/cropped-boleto_vencido-1-150x200.png 150w\"\n\t\t\t\t\t\t\t\t\t\t\t\t\t\t\t\t\t\t\tsizes=\"auto, (max-width: 640px) 100vw, 640px\"\n\t\t\t\t\t\t\t\t\t\t\t\tloading=\"lazy\"\n\t\t\t\t\t\tdecoding=\"async\"\n\t\t\t\t\t>\n\t\t\t\t<\/a>\n\t\t\t<\/div>\n\t\t\t\t\t<div class=\"web-stories-list__story-content-overlay\">\n\t\t\t\t\t\t\t<div class=\"story-content-overlay__title\">\n\t\t\t\t\tSe livre das d\u00edvidas: 5 passos simples para limpar seu nome\t\t\t\t<\/div>\n\t\t\t\n\t\t\t\n\t\t\t\n\t\t\t\t\t<\/div>\n\t\t\t\t\t<\/div>\n\t\t\t\t\t\t<div\n\t\t\t\tclass=\"web-stories-list__story\"\n\t\t\t\tdata-wp-interactive=\"web-stories-block\"\n\t\t\t\tdata-wp-context='{\"instanceId\":1}'\t\t\t\tdata-wp-on--click=\"actions.open\"\n\t\t\t\tdata-wp-on-window--popstate=\"actions.onPopstate\"\n\t\t\t\t>\n\t\t\t\t\t\t\t<div class=\"web-stories-list__story-poster\">\n\t\t\t\t<a href=\"https:\/\/www.acordocerto.com.br\/blog\/web-stories\/posso-ter-dois-empregos-clt\/\">\n\t\t\t\t\t<img\n\t\t\t\t\t\tsrc=\"https:\/\/www.acordocerto.com.br\/blog\/wp-content\/uploads\/2023\/03\/cropped-CLT3.jpg\"\n\t\t\t\t\t\talt=\"Posso ter dois empregos CLT?\"\n\t\t\t\t\t\twidth=\"185\"\n\t\t\t\t\t\theight=\"308\"\n\t\t\t\t\t\t\t\t\t\t\t\t\tsrcset=\"https:\/\/www.acordocerto.com.br\/blog\/wp-content\/uploads\/2023\/03\/cropped-CLT3.jpg 640w, https:\/\/www.acordocerto.com.br\/blog\/wp-content\/uploads\/2023\/03\/cropped-CLT3-150x200.jpg 150w\"\n\t\t\t\t\t\t\t\t\t\t\t\t\t\t\t\t\t\t\tsizes=\"auto, (max-width: 640px) 100vw, 640px\"\n\t\t\t\t\t\t\t\t\t\t\t\tloading=\"lazy\"\n\t\t\t\t\t\tdecoding=\"async\"\n\t\t\t\t\t>\n\t\t\t\t<\/a>\n\t\t\t<\/div>\n\t\t\t\t\t<div class=\"web-stories-list__story-content-overlay\">\n\t\t\t\t\t\t\t<div class=\"story-content-overlay__title\">\n\t\t\t\t\tPosso ter dois empregos CLT?\t\t\t\t<\/div>\n\t\t\t\n\t\t\t\n\t\t\t\n\t\t\t\t\t<\/div>\n\t\t\t\t\t<\/div>\n\t\t\t\t\t\t<div\n\t\t\t\tclass=\"web-stories-list__story\"\n\t\t\t\tdata-wp-interactive=\"web-stories-block\"\n\t\t\t\tdata-wp-context='{\"instanceId\":1}'\t\t\t\tdata-wp-on--click=\"actions.open\"\n\t\t\t\tdata-wp-on-window--popstate=\"actions.onPopstate\"\n\t\t\t\t>\n\t\t\t\t\t\t\t<div class=\"web-stories-list__story-poster\">\n\t\t\t\t<a href=\"https:\/\/www.acordocerto.com.br\/blog\/web-stories\/400-mil-pessoas-nao-sacaram-o-pis-pasep\/\">\n\t\t\t\t\t<img\n\t\t\t\t\t\tsrc=\"https:\/\/www.acordocerto.com.br\/blog\/wp-content\/uploads\/2023\/03\/cropped-saque_pis_pasep-1050x480.png.jpg\"\n\t\t\t\t\t\talt=\"400MIL pessoas n\u00e3o sacaram o PIS\/PASEP: saque agora!\"\n\t\t\t\t\t\twidth=\"185\"\n\t\t\t\t\t\theight=\"308\"\n\t\t\t\t\t\t\t\t\t\t\t\t\tsrcset=\"https:\/\/www.acordocerto.com.br\/blog\/wp-content\/uploads\/2023\/03\/cropped-saque_pis_pasep-1050x480.png.jpg 640w, https:\/\/www.acordocerto.com.br\/blog\/wp-content\/uploads\/2023\/03\/cropped-saque_pis_pasep-1050x480.png-150x200.jpg 150w\"\n\t\t\t\t\t\t\t\t\t\t\t\t\t\t\t\t\t\t\tsizes=\"auto, (max-width: 640px) 100vw, 640px\"\n\t\t\t\t\t\t\t\t\t\t\t\tloading=\"lazy\"\n\t\t\t\t\t\tdecoding=\"async\"\n\t\t\t\t\t>\n\t\t\t\t<\/a>\n\t\t\t<\/div>\n\t\t\t\t\t<div class=\"web-stories-list__story-content-overlay\">\n\t\t\t\t\t\t\t<div class=\"story-content-overlay__title\">\n\t\t\t\t\t400MIL pessoas n\u00e3o sacaram o PIS\/PASEP: saque agora!\t\t\t\t<\/div>\n\t\t\t\n\t\t\t\n\t\t\t\n\t\t\t\t\t<\/div>\n\t\t\t\t\t<\/div>\n\t\t\t\t\t\t<div\n\t\t\t\tclass=\"web-stories-list__story\"\n\t\t\t\tdata-wp-interactive=\"web-stories-block\"\n\t\t\t\tdata-wp-context='{\"instanceId\":1}'\t\t\t\tdata-wp-on--click=\"actions.open\"\n\t\t\t\tdata-wp-on-window--popstate=\"actions.onPopstate\"\n\t\t\t\t>\n\t\t\t\t\t\t\t<div class=\"web-stories-list__story-poster\">\n\t\t\t\t<a href=\"https:\/\/www.acordocerto.com.br\/blog\/web-stories\/como-consultar-nis-pelo-cpf\/\">\n\t\t\t\t\t<img\n\t\t\t\t\t\tsrc=\"https:\/\/www.acordocerto.com.br\/blog\/wp-content\/uploads\/2023\/04\/cropped-Carteira-de-Trabalho.jpg\"\n\t\t\t\t\t\talt=\"Como consultar NIS pelo CPF?\"\n\t\t\t\t\t\twidth=\"185\"\n\t\t\t\t\t\theight=\"308\"\n\t\t\t\t\t\t\t\t\t\t\t\t\tsrcset=\"https:\/\/www.acordocerto.com.br\/blog\/wp-content\/uploads\/2023\/04\/cropped-Carteira-de-Trabalho.jpg 640w, https:\/\/www.acordocerto.com.br\/blog\/wp-content\/uploads\/2023\/04\/cropped-Carteira-de-Trabalho-150x200.jpg 150w\"\n\t\t\t\t\t\t\t\t\t\t\t\t\t\t\t\t\t\t\tsizes=\"auto, (max-width: 640px) 100vw, 640px\"\n\t\t\t\t\t\t\t\t\t\t\t\tloading=\"lazy\"\n\t\t\t\t\t\tdecoding=\"async\"\n\t\t\t\t\t>\n\t\t\t\t<\/a>\n\t\t\t<\/div>\n\t\t\t\t\t<div class=\"web-stories-list__story-content-overlay\">\n\t\t\t\t\t\t\t<div class=\"story-content-overlay__title\">\n\t\t\t\t\tComo consultar NIS pelo CPF?\t\t\t\t<\/div>\n\t\t\t\n\t\t\t\n\t\t\t\n\t\t\t\t\t<\/div>\n\t\t\t\t\t<\/div>\n\t\t\t\t\t\t<div\n\t\t\t\tclass=\"web-stories-list__story\"\n\t\t\t\tdata-wp-interactive=\"web-stories-block\"\n\t\t\t\tdata-wp-context='{\"instanceId\":1}'\t\t\t\tdata-wp-on--click=\"actions.open\"\n\t\t\t\tdata-wp-on-window--popstate=\"actions.onPopstate\"\n\t\t\t\t>\n\t\t\t\t\t\t\t<div class=\"web-stories-list__story-poster\">\n\t\t\t\t<a href=\"https:\/\/www.acordocerto.com.br\/blog\/web-stories\/pis-pasep-2023-descubra-como-sacar-o-seu\/\">\n\t\t\t\t\t<img\n\t\t\t\t\t\tsrc=\"https:\/\/www.acordocerto.com.br\/blog\/wp-content\/uploads\/2023\/03\/cropped-saque_pis_pasep-1050x480.png.jpg\"\n\t\t\t\t\t\talt=\"PIS\/PASEP 2023: descubra como sacar o seu\"\n\t\t\t\t\t\twidth=\"185\"\n\t\t\t\t\t\theight=\"308\"\n\t\t\t\t\t\t\t\t\t\t\t\t\tsrcset=\"https:\/\/www.acordocerto.com.br\/blog\/wp-content\/uploads\/2023\/03\/cropped-saque_pis_pasep-1050x480.png.jpg 640w, https:\/\/www.acordocerto.com.br\/blog\/wp-content\/uploads\/2023\/03\/cropped-saque_pis_pasep-1050x480.png-150x200.jpg 150w\"\n\t\t\t\t\t\t\t\t\t\t\t\t\t\t\t\t\t\t\tsizes=\"auto, (max-width: 640px) 100vw, 640px\"\n\t\t\t\t\t\t\t\t\t\t\t\tloading=\"lazy\"\n\t\t\t\t\t\tdecoding=\"async\"\n\t\t\t\t\t>\n\t\t\t\t<\/a>\n\t\t\t<\/div>\n\t\t\t\t\t<div class=\"web-stories-list__story-content-overlay\">\n\t\t\t\t\t\t\t<div class=\"story-content-overlay__title\">\n\t\t\t\t\tPIS\/PASEP 2023: descubra como sacar o seu\t\t\t\t<\/div>\n\t\t\t\n\t\t\t\n\t\t\t\n\t\t\t\t\t<\/div>\n\t\t\t\t\t<\/div>\n\t\t\t\t\t\t\t\t<\/div>\n\t\t\t\t\t<div tabindex=\"0\" aria-label=\"Voltar\" class=\"glider-prev\"><\/div>\n\t\t\t\t\t<div tabindex=\"0\" aria-label=\"Avan\u00e7ar\" class=\"glider-next\"><\/div>\n\t\t\t\t\t\t\t\t<\/div>\n\t\t<\/div>\n\t\t<div style='text-align:center' class='yasr-auto-insert-visitor'><\/div>","protected":false},"excerpt":{"rendered":"<p>Guia completo do Abono Pecuni\u00e1rio: veja como usar este direito trabalhista e converter at\u00e9 1\/3 dos seus dias de descanso em dinheiro! <\/p>\n","protected":false},"author":10,"featured_media":9838,"comment_status":"open","ping_status":"open","sticky":false,"template":"","format":"standard","meta":{"_acf_changed":false,"inline_featured_image":false,"yasr_overall_rating":0,"yasr_post_is_review":"","yasr_auto_insert_disabled":"","yasr_review_type":"","footnotes":""},"categories":[33],"tags":[],"class_list":["post-9837","post","type-post","status-publish","format-standard","has-post-thumbnail","hentry","category-direitos-e-beneficios"],"acf":[],"yasr_visitor_votes":{"stars_attributes":{"read_only":false,"span_bottom":false},"number_of_votes":0,"sum_votes":0},"_links":{"self":[{"href":"https:\/\/www.acordocerto.com.br\/blog\/wp-json\/wp\/v2\/posts\/9837","targetHints":{"allow":["GET"]}}],"collection":[{"href":"https:\/\/www.acordocerto.com.br\/blog\/wp-json\/wp\/v2\/posts"}],"about":[{"href":"https:\/\/www.acordocerto.com.br\/blog\/wp-json\/wp\/v2\/types\/post"}],"author":[{"embeddable":true,"href":"https:\/\/www.acordocerto.com.br\/blog\/wp-json\/wp\/v2\/users\/10"}],"replies":[{"embeddable":true,"href":"https:\/\/www.acordocerto.com.br\/blog\/wp-json\/wp\/v2\/comments?post=9837"}],"version-history":[{"count":5,"href":"https:\/\/www.acordocerto.com.br\/blog\/wp-json\/wp\/v2\/posts\/9837\/revisions"}],"predecessor-version":[{"id":15320,"href":"https:\/\/www.acordocerto.com.br\/blog\/wp-json\/wp\/v2\/posts\/9837\/revisions\/15320"}],"wp:featuredmedia":[{"embeddable":true,"href":"https:\/\/www.acordocerto.com.br\/blog\/wp-json\/wp\/v2\/media\/9838"}],"wp:attachment":[{"href":"https:\/\/www.acordocerto.com.br\/blog\/wp-json\/wp\/v2\/media?parent=9837"}],"wp:term":[{"taxonomy":"category","embeddable":true,"href":"https:\/\/www.acordocerto.com.br\/blog\/wp-json\/wp\/v2\/categories?post=9837"},{"taxonomy":"post_tag","embeddable":true,"href":"https:\/\/www.acordocerto.com.br\/blog\/wp-json\/wp\/v2\/tags?post=9837"}],"curies":[{"name":"wp","href":"https:\/\/api.w.org\/{rel}","templated":true}]}}